{"id":47342,"date":"2020-04-02T22:43:55","date_gmt":"2020-04-03T04:43:55","guid":{"rendered":"http:\/\/www.grieta.org.mx\/?p=47342"},"modified":"2020-04-06T22:51:43","modified_gmt":"2020-04-07T03:51:43","slug":"realizan-paro-en-la-clinica-51-del-imss-en-san-buenaventura-coahuila-no-tienen-insumos","status":"publish","type":"post","link":"https:\/\/www.grieta.org.mx\/index.php\/2020\/04\/02\/realizan-paro-en-la-clinica-51-del-imss-en-san-buenaventura-coahuila-no-tienen-insumos\/","title":{"rendered":"Realizan paro en la cl\u00ednica 51 del IMSS en San Buenaventura, Coahuila; no tienen insumos"},"content":{"rendered":"<figure id=\"attachment_47343\" aria-describedby=\"caption-attachment-47343\" style=\"width: 800px\" class=\"wp-caption aligncenter\"><img loading=\"lazy\" decoding=\"async\" data-attachment-id=\"47343\" data-permalink=\"https:\/\/www.grieta.org.mx\/index.php\/2020\/04\/02\/realizan-paro-en-la-clinica-51-del-imss-en-san-buenaventura-coahuila-no-tienen-insumos\/unnamed_315\/\" data-orig-file=\"https:\/\/www.grieta.org.mx\/wp-content\/uploads\/2020\/04\/unnamed_315.jpg\" data-orig-size=\"980,735\" data-comments-opened=\"0\" data-image-meta=\"{&quot;aperture&quot;:&quot;0&quot;,&quot;credit&quot;:&quot;&quot;,&quot;camera&quot;:&quot;&quot;,&quot;caption&quot;:&quot;&quot;,&quot;created_timestamp&quot;:&quot;0&quot;,&quot;copyright&quot;:&quot;&quot;,&quot;focal_length&quot;:&quot;0&quot;,&quot;iso&quot;:&quot;0&quot;,&quot;shutter_speed&quot;:&quot;0&quot;,&quot;title&quot;:&quot;&quot;,&quot;orientation&quot;:&quot;0&quot;}\" data-image-title=\"unnamed_315\" data-image-description=\"\" data-image-caption=\"&lt;p&gt;Foto: Vanguardia\/Lidiet Mexicano&lt;\/p&gt;\n\" data-medium-file=\"https:\/\/www.grieta.org.mx\/wp-content\/uploads\/2020\/04\/unnamed_315-300x225.jpg\" data-large-file=\"https:\/\/www.grieta.org.mx\/wp-content\/uploads\/2020\/04\/unnamed_315.jpg\" class=\"wp-image-47343\" src=\"http:\/\/www.grieta.org.mx\/wp-content\/uploads\/2020\/04\/unnamed_315.jpg\" alt=\"\" width=\"800\" height=\"600\" srcset=\"https:\/\/www.grieta.org.mx\/wp-content\/uploads\/2020\/04\/unnamed_315.jpg 980w, https:\/\/www.grieta.org.mx\/wp-content\/uploads\/2020\/04\/unnamed_315-300x225.jpg 300w, https:\/\/www.grieta.org.mx\/wp-content\/uploads\/2020\/04\/unnamed_315-768x576.jpg 768w, https:\/\/www.grieta.org.mx\/wp-content\/uploads\/2020\/04\/unnamed_315-667x500.jpg 667w\" sizes=\"auto, (max-width: 800px) 100vw, 800px\" \/><figcaption id=\"caption-attachment-47343\" class=\"wp-caption-text\">Foto: Vanguardia\/Lidiet Mexicano<\/figcaption><\/figure>\n<p><strong>La cl\u00ednica 51 cuenta con una plantilla laboral de 150 personas, entre m\u00e9dicos, enfermeras, asistentes, personal de servicios generales y transportes.<\/strong><\/p>\n<p>Lidiet Mexicano\/ VANGUARDIA MX<\/p>\n<p>Al tiempo en que trabajadores de la cl\u00ednica 7 del IMSS en Monclova se manifestaron por la falta de insumos para atender a pacientes con COVID-19, en la cl\u00ednica 51 de San Buenaventura los m\u00e9dicos y enfermeras pararon labores por la misma problem\u00e1tica dejando sin servicio m\u00e9dico a decenas de derechohabientes.<\/p>\n<p>Al abrir sus puertas a consulta a las 7:00 horas, comenzaron el paro, bloquearon el acceso a los pacientes citados como forma de protesta ante las autoridades que les mantienen sin cubrebocas, guantes, ni equipo profesional para protegerse de un contagio de coronavirus.<\/p>\n<p>Aseguraron que temen porque en virus se propague al igual que en la cl\u00ednica 7 de Monclova donde los infectados son 42 derivados del contagio comunitario que se origino en el mismo nosocomio originando la muerte de uno de los m\u00e9dicos con una trayectoria amplia en la instituci\u00f3n. <\/p>\n<figure id=\"attachment_47344\" aria-describedby=\"caption-attachment-47344\" style=\"width: 980px\" class=\"wp-caption aligncenter\"><img loading=\"lazy\" decoding=\"async\" data-attachment-id=\"47344\" data-permalink=\"https:\/\/www.grieta.org.mx\/index.php\/2020\/04\/02\/realizan-paro-en-la-clinica-51-del-imss-en-san-buenaventura-coahuila-no-tienen-insumos\/unnamed_1_135\/\" data-orig-file=\"https:\/\/www.grieta.org.mx\/wp-content\/uploads\/2020\/04\/unnamed_1_135.jpg\" data-orig-size=\"980,735\" data-comments-opened=\"0\" data-image-meta=\"{&quot;aperture&quot;:&quot;0&quot;,&quot;credit&quot;:&quot;&quot;,&quot;camera&quot;:&quot;&quot;,&quot;caption&quot;:&quot;&quot;,&quot;created_timestamp&quot;:&quot;0&quot;,&quot;copyright&quot;:&quot;&quot;,&quot;focal_length&quot;:&quot;0&quot;,&quot;iso&quot;:&quot;0&quot;,&quot;shutter_speed&quot;:&quot;0&quot;,&quot;title&quot;:&quot;&quot;,&quot;orientation&quot;:&quot;0&quot;}\" data-image-title=\"unnamed_1_135\" data-image-description=\"\" data-image-caption=\"&lt;p&gt;Foto: Tomada de Internet&lt;\/p&gt;\n\" data-medium-file=\"https:\/\/www.grieta.org.mx\/wp-content\/uploads\/2020\/04\/unnamed_1_135-300x225.jpg\" data-large-file=\"https:\/\/www.grieta.org.mx\/wp-content\/uploads\/2020\/04\/unnamed_1_135.jpg\" src=\"http:\/\/www.grieta.org.mx\/wp-content\/uploads\/2020\/04\/unnamed_1_135.jpg\" alt=\"\" width=\"980\" height=\"735\" class=\"size-full wp-image-47344\" srcset=\"https:\/\/www.grieta.org.mx\/wp-content\/uploads\/2020\/04\/unnamed_1_135.jpg 980w, https:\/\/www.grieta.org.mx\/wp-content\/uploads\/2020\/04\/unnamed_1_135-300x225.jpg 300w, https:\/\/www.grieta.org.mx\/wp-content\/uploads\/2020\/04\/unnamed_1_135-768x576.jpg 768w, https:\/\/www.grieta.org.mx\/wp-content\/uploads\/2020\/04\/unnamed_1_135-667x500.jpg 667w\" sizes=\"auto, (max-width: 980px) 100vw, 980px\" \/><figcaption id=\"caption-attachment-47344\" class=\"wp-caption-text\">Foto: Tomada de Internet<\/figcaption><\/figure>\n<p>Todo el personal se reuni\u00f3 en las salas de espera del nosocomio hasta que el delegado de la Regi\u00f3n centro del Sindicato de Trabajadores del Seguro Social arrib\u00f3 a dialogar con los directivos del nosocomio. <\/p>\n<p>Al respecto Gualberto Garc\u00eda Pecina, representante sindical, se\u00f1al\u00f3 que por \u00f3rdenes del Secretario General del Sindicato de Trabajadores del Seguri Social en la Secci\u00f3n XII, Alejandro Cantu, se presentaron en la clinica para hablar con los empleados, sobre la contingencia y falta de insumos.<\/p>\n<p>\u201cExiste desinformaci\u00f3n por ello el acercamiento, habia necesidad de darles explicaci\u00f3n que tipo de insumos necesitan en cada categor\u00eda y tomen medidas de prevenci\u00f3n.<\/p>\n<p>Neg\u00f3 que se tratar\u00e1 de un paro laboral, pues solo estuvieron dado le pl\u00e1ticas al personal,  aclar\u00f3 que a diario se dota de insumos y estos por ende se agotan por lo que se pidi\u00f3 a la direcci\u00f3n que se encarguen de la correcta distribuci\u00f3n. Aclar\u00f3 que se acondicion\u00f3 en el nosocomio un Triage ventilatorio as\u00ed como en la cl\u00ednica 7 y en otras cl\u00ednicas por la contingencia sanitaria.<\/p>\n<p>El personal de esta \u00e1rea , debe usar guantes, cubrebocas especial, gorro, guantes, botas y careta si es necesario. <\/p>\n<p><a href=\"https:\/\/vanguardia.com.mx\/articulo\/realizan-paro-en-la-clinica-51-del-imss-en-san-buenaventura-coahuila-no-tienen-insumos\" rel=\"noopener noreferrer\" target=\"_blank\">https:\/\/vanguardia.com.mx\/articulo\/realizan-paro-en-la-clinica-51-del-imss-en-san-buenaventura-coahuila-no-tienen-insumos<\/a><\/p>\n","protected":false},"excerpt":{"rendered":"<p>La cl\u00ednica 51 cuenta con una plantilla laboral de 150 personas, entre m\u00e9dicos, enfermeras, asistentes, personal de servicios generales y transportes. Lidiet Mexicano\/ VANGUARDIA MX Al tiempo en que trabajadores &hellip; <a href=\"https:\/\/www.grieta.org.mx\/index.php\/2020\/04\/02\/realizan-paro-en-la-clinica-51-del-imss-en-san-buenaventura-coahuila-no-tienen-insumos\/\" class=\"more-link\">Leer m\u00e1s<\/a><\/p>\n","protected":false},"author":2,"featured_media":47343,"comment_status":"closed","ping_status":"closed","sticky":false,"template":"","format":"standard","meta":{"ngg_post_thumbnail":0,"_jetpack_newsletter_access":"","_jetpack_dont_email_post_to_subs":false,"_jetpack_newsletter_tier_id":0,"_jetpack_memberships_contains_paywalled_content":false,"_jetpack_memberships_contains_paid_content":false,"footnotes":""},"categories":[80,419,3240,2],"tags":[3241,617,3247,640,3265,530],"class_list":["post-47342","post","type-post","status-publish","format-standard","has-post-thumbnail","hentry","category-cintillo","category-coahuila","category-covid-19-en-coahuila","category-noticias-nacionales","tag-covid-19","tag-enfermeras","tag-falta-de-insumos-medicos","tag-medicos","tag-protestas-de-medicos-y-enfermeras","tag-trabajadores-de-la-salud","entry"],"jetpack_featured_media_url":"https:\/\/www.grieta.org.mx\/wp-content\/uploads\/2020\/04\/unnamed_315.jpg","jetpack_sharing_enabled":true,"jetpack_shortlink":"https:\/\/wp.me\/p7ZJR4-cjA","jetpack_likes_enabled":false,"jetpack-related-posts":[{"id":47244,"url":"https:\/\/www.grieta.org.mx\/index.php\/2020\/04\/03\/combatiran-especialistas-contagio-de-coronasvirus-en-la-clinica-7-del-imss-de-monclova-coahuila\/","url_meta":{"origin":47342,"position":0},"title":"Combatir\u00e1n especialistas contagio de coronasvirus en la Cl\u00ednica 7 del IMSS de Monclova (Coahuila)","author":"grieta","date":"3 abril, 2020","format":false,"excerpt":"Lidiet Mexicano\/ VANGUARDIA MX El nosocomio tiene a m\u00e1s de 30 m\u00e9dicos y enfermeras infectados Equipos de m\u00e9dicos especializados, arribar\u00e1n a la cl\u00ednica 7 del IMSS en Monclova para hacer frente al contagio comunitario que se inici\u00f3 al interior del nosocomio y que al momento tiene a m\u00e1s de 30\u2026","rel":"","context":"En &quot;CINTILLO&quot;","block_context":{"text":"CINTILLO","link":"https:\/\/www.grieta.org.mx\/index.php\/category\/cintillo\/"},"img":{"alt_text":"","src":"https:\/\/i0.wp.com\/www.grieta.org.mx\/wp-content\/uploads\/2018\/03\/14524434_1106112876131411_958039263622046936_o.jpg?resize=350%2C200&ssl=1","width":350,"height":200,"srcset":"https:\/\/i0.wp.com\/www.grieta.org.mx\/wp-content\/uploads\/2018\/03\/14524434_1106112876131411_958039263622046936_o.jpg?resize=350%2C200&ssl=1 1x, https:\/\/i0.wp.com\/www.grieta.org.mx\/wp-content\/uploads\/2018\/03\/14524434_1106112876131411_958039263622046936_o.jpg?resize=525%2C300&ssl=1 1.5x, https:\/\/i0.wp.com\/www.grieta.org.mx\/wp-content\/uploads\/2018\/03\/14524434_1106112876131411_958039263622046936_o.jpg?resize=700%2C400&ssl=1 2x"},"classes":[]},{"id":47996,"url":"https:\/\/www.grieta.org.mx\/index.php\/2020\/04\/17\/discriminan-a-medicos-y-enfermeros-de-la-clinica-7-de-monclova-por-covid-19-coahuila\/","url_meta":{"origin":47342,"position":1},"title":"Discriminan a m\u00e9dicos y enfermeros de la cl\u00ednica 7 de Monclova por COVID-19 (Coahuila)","author":"grieta","date":"17 abril, 2020","format":false,"excerpt":"Lidiet Mexicano\/ VANGUARDIA MX Les niegan servicios y acceso a ciertos puntos de la regi\u00f3n M\u00e9dicos y enfermeros de la cl\u00ednica 7 del IMSS de Monclova, donde se atiende a pacientes positivos de COVID-19 han sido discriminados y a trav\u00e9s de redes han denunciado los comentarios y tratos que reciben\u2026","rel":"","context":"En &quot;CINTILLO&quot;","block_context":{"text":"CINTILLO","link":"https:\/\/www.grieta.org.mx\/index.php\/category\/cintillo\/"},"img":{"alt_text":"","src":"https:\/\/i0.wp.com\/www.grieta.org.mx\/wp-content\/uploads\/2020\/04\/234_9.jpg?resize=350%2C200&ssl=1","width":350,"height":200,"srcset":"https:\/\/i0.wp.com\/www.grieta.org.mx\/wp-content\/uploads\/2020\/04\/234_9.jpg?resize=350%2C200&ssl=1 1x, https:\/\/i0.wp.com\/www.grieta.org.mx\/wp-content\/uploads\/2020\/04\/234_9.jpg?resize=525%2C300&ssl=1 1.5x, https:\/\/i0.wp.com\/www.grieta.org.mx\/wp-content\/uploads\/2020\/04\/234_9.jpg?resize=700%2C400&ssl=1 2x"},"classes":[]},{"id":47992,"url":"https:\/\/www.grieta.org.mx\/index.php\/2020\/04\/19\/policias-de-san-buenaventura-acosan-golpean-y-detienen-a-medico-de-monclova-coahuila\/","url_meta":{"origin":47342,"position":2},"title":"Polic\u00edas de San Buenaventura acosan, golpean y detienen a m\u00e9dico de Monclova (Coahuila)","author":"grieta","date":"19 abril, 2020","format":false,"excerpt":"Lidiet Mexicano\/ VANGUARDIA MX Este ser\u00eda el tercer caso de discriminaci\u00f3n que se ha registrado hacia los m\u00e9dicos y enfermeras que operan en nosocomios de Monclova en una semana Otro caso de discriminaci\u00f3n se registr\u00f3 hacia los trabajadores de salud de Monclova que atienden a pacientes con COVID-19, ahora los\u2026","rel":"","context":"En &quot;CINTILLO&quot;","block_context":{"text":"CINTILLO","link":"https:\/\/www.grieta.org.mx\/index.php\/category\/cintillo\/"},"img":{"alt_text":"","src":"https:\/\/i0.wp.com\/www.grieta.org.mx\/wp-content\/uploads\/2020\/04\/image_96.jpeg?resize=350%2C200&ssl=1","width":350,"height":200,"srcset":"https:\/\/i0.wp.com\/www.grieta.org.mx\/wp-content\/uploads\/2020\/04\/image_96.jpeg?resize=350%2C200&ssl=1 1x, https:\/\/i0.wp.com\/www.grieta.org.mx\/wp-content\/uploads\/2020\/04\/image_96.jpeg?resize=525%2C300&ssl=1 1.5x, https:\/\/i0.wp.com\/www.grieta.org.mx\/wp-content\/uploads\/2020\/04\/image_96.jpeg?resize=700%2C400&ssl=1 2x"},"classes":[]},{"id":47028,"url":"https:\/\/www.grieta.org.mx\/index.php\/2020\/03\/29\/8-medicos-y-8-enfermeras-han-dado-positivo-en-pruebas-de-coronavirus-en-monclova-coahuila\/","url_meta":{"origin":47342,"position":3},"title":"8 m\u00e9dicos y 8 enfermeras han dado positivo en pruebas de coronavirus en Monclova, Coahuila","author":"grieta","date":"29 marzo, 2020","format":false,"excerpt":"En Coahuila se han registrado 33 casos de COVID-19, de los cuales 20 han sido en la ciudad de Monclova. \u00a0 ANIMAL POL\u00cdTICO El gobernador de Coahuila, Miguel \u00c1ngel Riquelme, detall\u00f3 este domingo que de los 20 casos de COVID-19 que se han dado en el municipio de Monclova, 8\u2026","rel":"","context":"En &quot;CINTILLO&quot;","block_context":{"text":"CINTILLO","link":"https:\/\/www.grieta.org.mx\/index.php\/category\/cintillo\/"},"img":{"alt_text":"","src":"https:\/\/i0.wp.com\/www.grieta.org.mx\/wp-content\/uploads\/2018\/03\/14524434_1106112876131411_958039263622046936_o.jpg?resize=350%2C200&ssl=1","width":350,"height":200,"srcset":"https:\/\/i0.wp.com\/www.grieta.org.mx\/wp-content\/uploads\/2018\/03\/14524434_1106112876131411_958039263622046936_o.jpg?resize=350%2C200&ssl=1 1x, https:\/\/i0.wp.com\/www.grieta.org.mx\/wp-content\/uploads\/2018\/03\/14524434_1106112876131411_958039263622046936_o.jpg?resize=525%2C300&ssl=1 1.5x, https:\/\/i0.wp.com\/www.grieta.org.mx\/wp-content\/uploads\/2018\/03\/14524434_1106112876131411_958039263622046936_o.jpg?resize=700%2C400&ssl=1 2x"},"classes":[]},{"id":47369,"url":"https:\/\/www.grieta.org.mx\/index.php\/2020\/04\/06\/medicos-del-pais-en-riesgo-y-bajo-protesta-por-la-falta-de-insumos\/","url_meta":{"origin":47342,"position":4},"title":"M\u00e9dicos del pa\u00eds, en riesgo y bajo protesta por la falta de insumos","author":"Admin","date":"6 abril, 2020","format":false,"excerpt":"Redacci\u00f3n \/ La silla rota Desde el pasado 17 de marzo, comenzaron a desatarse las protestas por parte del personal de salud m\u00e9dico y enfermer\u00eda en distintas partes del pa\u00eds, quienes en varias ocasiones han reclamado la falta de insumos y medidas de protecciones para hacer frente a la pandemia\u2026","rel":"","context":"En &quot;CINTILLO&quot;","block_context":{"text":"CINTILLO","link":"https:\/\/www.grieta.org.mx\/index.php\/category\/cintillo\/"},"img":{"alt_text":"","src":"https:\/\/i0.wp.com\/www.grieta.org.mx\/wp-content\/uploads\/2020\/04\/Screenshot_2020-04-07-M%C3%A9dicos-del-pa%C3%ADs-en-riesgo-y-bajo-protesta-por-la-falta-de-insumos.png?resize=350%2C200&ssl=1","width":350,"height":200,"srcset":"https:\/\/i0.wp.com\/www.grieta.org.mx\/wp-content\/uploads\/2020\/04\/Screenshot_2020-04-07-M%C3%A9dicos-del-pa%C3%ADs-en-riesgo-y-bajo-protesta-por-la-falta-de-insumos.png?resize=350%2C200&ssl=1 1x, https:\/\/i0.wp.com\/www.grieta.org.mx\/wp-content\/uploads\/2020\/04\/Screenshot_2020-04-07-M%C3%A9dicos-del-pa%C3%ADs-en-riesgo-y-bajo-protesta-por-la-falta-de-insumos.png?resize=525%2C300&ssl=1 1.5x, https:\/\/i0.wp.com\/www.grieta.org.mx\/wp-content\/uploads\/2020\/04\/Screenshot_2020-04-07-M%C3%A9dicos-del-pa%C3%ADs-en-riesgo-y-bajo-protesta-por-la-falta-de-insumos.png?resize=700%2C400&ssl=1 2x, https:\/\/i0.wp.com\/www.grieta.org.mx\/wp-content\/uploads\/2020\/04\/Screenshot_2020-04-07-M%C3%A9dicos-del-pa%C3%ADs-en-riesgo-y-bajo-protesta-por-la-falta-de-insumos.png?resize=1050%2C600&ssl=1 3x"},"classes":[]},{"id":47336,"url":"https:\/\/www.grieta.org.mx\/index.php\/2020\/04\/01\/remueven-a-director-de-la-clinica-7-del-imss-coahuila\/","url_meta":{"origin":47342,"position":5},"title":"Remueven a director de la cl\u00ednica 7 del IMSS (Coahuila)","author":"grieta","date":"1 abril, 2020","format":false,"excerpt":"Personal m\u00e9dico y de enfermer\u00eda lo culparon del contagio comunitario que hay en el hospital Lidiet Mexicano\/ VANGUARDIA MX Por no aplicar los protocolos y brindar los elementos requeridos al personal m\u00e9dico y de enfermer\u00eda ante la presencia de COVID-19 en la Clinica 7 del IMSS, el director Ulises Mendoza\u2026","rel":"","context":"En &quot;CINTILLO&quot;","block_context":{"text":"CINTILLO","link":"https:\/\/www.grieta.org.mx\/index.php\/category\/cintillo\/"},"img":{"alt_text":"","src":"https:\/\/i0.wp.com\/www.grieta.org.mx\/wp-content\/uploads\/2020\/04\/unnamed_1_134.jpg?resize=350%2C200&ssl=1","width":350,"height":200,"srcset":"https:\/\/i0.wp.com\/www.grieta.org.mx\/wp-content\/uploads\/2020\/04\/unnamed_1_134.jpg?resize=350%2C200&ssl=1 1x, https:\/\/i0.wp.com\/www.grieta.org.mx\/wp-content\/uploads\/2020\/04\/unnamed_1_134.jpg?resize=525%2C300&ssl=1 1.5x, https:\/\/i0.wp.com\/www.grieta.org.mx\/wp-content\/uploads\/2020\/04\/unnamed_1_134.jpg?resize=700%2C400&ssl=1 2x"},"classes":[]}],"_links":{"self":[{"href":"https:\/\/www.grieta.org.mx\/index.php\/wp-json\/wp\/v2\/posts\/47342","targetHints":{"allow":["GET"]}}],"collection":[{"href":"https:\/\/www.grieta.org.mx\/index.php\/wp-json\/wp\/v2\/posts"}],"about":[{"href":"https:\/\/www.grieta.org.mx\/index.php\/wp-json\/wp\/v2\/types\/post"}],"author":[{"embeddable":true,"href":"https:\/\/www.grieta.org.mx\/index.php\/wp-json\/wp\/v2\/users\/2"}],"replies":[{"embeddable":true,"href":"https:\/\/www.grieta.org.mx\/index.php\/wp-json\/wp\/v2\/comments?post=47342"}],"version-history":[{"count":1,"href":"https:\/\/www.grieta.org.mx\/index.php\/wp-json\/wp\/v2\/posts\/47342\/revisions"}],"predecessor-version":[{"id":47345,"href":"https:\/\/www.grieta.org.mx\/index.php\/wp-json\/wp\/v2\/posts\/47342\/revisions\/47345"}],"wp:featuredmedia":[{"embeddable":true,"href":"https:\/\/www.grieta.org.mx\/index.php\/wp-json\/wp\/v2\/media\/47343"}],"wp:attachment":[{"href":"https:\/\/www.grieta.org.mx\/index.php\/wp-json\/wp\/v2\/media?parent=47342"}],"wp:term":[{"taxonomy":"category","embeddable":true,"href":"https:\/\/www.grieta.org.mx\/index.php\/wp-json\/wp\/v2\/categories?post=47342"},{"taxonomy":"post_tag","embeddable":true,"href":"https:\/\/www.grieta.org.mx\/index.php\/wp-json\/wp\/v2\/tags?post=47342"}],"curies":[{"name":"wp","href":"https:\/\/api.w.org\/{rel}","templated":true}]}}