{"id":47328,"date":"2020-04-05T19:51:30","date_gmt":"2020-04-06T00:51:30","guid":{"rendered":"http:\/\/www.grieta.org.mx\/?p=47328"},"modified":"2020-04-06T19:57:00","modified_gmt":"2020-04-07T00:57:00","slug":"chofer-evita-levantar-medicos-difunden-mensajes-de-odio-contra-personal-del-imss-por-miedo-al-covid-19-veracruz","status":"publish","type":"post","link":"https:\/\/www.grieta.org.mx\/index.php\/2020\/04\/05\/chofer-evita-levantar-medicos-difunden-mensajes-de-odio-contra-personal-del-imss-por-miedo-al-covid-19-veracruz\/","title":{"rendered":"\u201cChofer, evita levantar m\u00e9dicos\u201d: Difunden mensajes de odio contra personal del IMSS por miedo al COVID-19 (Veracruz)"},"content":{"rendered":"<p><a href=\"http:\/\/www.grieta.org.mx\/wp-content\/uploads\/2020\/04\/Screenshot_2020-04-06-Chofer-evita-levantar-m\u00e9dicos-Difunden-mensajes-de-odio-contra-personal-del-IMSS-por-miedo-al-COVID....png\"><img loading=\"lazy\" decoding=\"async\" data-attachment-id=\"47329\" data-permalink=\"https:\/\/www.grieta.org.mx\/index.php\/2020\/04\/05\/chofer-evita-levantar-medicos-difunden-mensajes-de-odio-contra-personal-del-imss-por-miedo-al-covid-19-veracruz\/screenshot_2020-04-06-chofer-evita-levantar-medicos-difunden-mensajes-de-odio-contra-personal-del-imss-por-miedo-al-covid\/\" data-orig-file=\"https:\/\/www.grieta.org.mx\/wp-content\/uploads\/2020\/04\/Screenshot_2020-04-06-Chofer-evita-levantar-m\u00e9dicos-Difunden-mensajes-de-odio-contra-personal-del-IMSS-por-miedo-al-COVID....png\" data-orig-size=\"962,539\" data-comments-opened=\"0\" data-image-meta=\"{&quot;aperture&quot;:&quot;0&quot;,&quot;credit&quot;:&quot;&quot;,&quot;camera&quot;:&quot;&quot;,&quot;caption&quot;:&quot;&quot;,&quot;created_timestamp&quot;:&quot;0&quot;,&quot;copyright&quot;:&quot;&quot;,&quot;focal_length&quot;:&quot;0&quot;,&quot;iso&quot;:&quot;0&quot;,&quot;shutter_speed&quot;:&quot;0&quot;,&quot;title&quot;:&quot;&quot;,&quot;orientation&quot;:&quot;0&quot;}\" data-image-title=\"Screenshot_2020-04-06 Chofer, evita levantar m\u00e9dicos Difunden mensajes de odio contra personal del IMSS por miedo al COVID[&amp;#8230;]\" data-image-description=\"\" data-image-caption=\"\" data-medium-file=\"https:\/\/www.grieta.org.mx\/wp-content\/uploads\/2020\/04\/Screenshot_2020-04-06-Chofer-evita-levantar-m\u00e9dicos-Difunden-mensajes-de-odio-contra-personal-del-IMSS-por-miedo-al-COVID...-300x168.png\" data-large-file=\"https:\/\/www.grieta.org.mx\/wp-content\/uploads\/2020\/04\/Screenshot_2020-04-06-Chofer-evita-levantar-m\u00e9dicos-Difunden-mensajes-de-odio-contra-personal-del-IMSS-por-miedo-al-COVID....png\" class=\"aligncenter wp-image-47329\" src=\"http:\/\/www.grieta.org.mx\/wp-content\/uploads\/2020\/04\/Screenshot_2020-04-06-Chofer-evita-levantar-m\u00e9dicos-Difunden-mensajes-de-odio-contra-personal-del-IMSS-por-miedo-al-COVID....png\" alt=\"\" width=\"800\" height=\"448\" srcset=\"https:\/\/www.grieta.org.mx\/wp-content\/uploads\/2020\/04\/Screenshot_2020-04-06-Chofer-evita-levantar-m\u00e9dicos-Difunden-mensajes-de-odio-contra-personal-del-IMSS-por-miedo-al-COVID....png 962w, https:\/\/www.grieta.org.mx\/wp-content\/uploads\/2020\/04\/Screenshot_2020-04-06-Chofer-evita-levantar-m\u00e9dicos-Difunden-mensajes-de-odio-contra-personal-del-IMSS-por-miedo-al-COVID...-300x168.png 300w, https:\/\/www.grieta.org.mx\/wp-content\/uploads\/2020\/04\/Screenshot_2020-04-06-Chofer-evita-levantar-m\u00e9dicos-Difunden-mensajes-de-odio-contra-personal-del-IMSS-por-miedo-al-COVID...-768x430.png 768w, https:\/\/www.grieta.org.mx\/wp-content\/uploads\/2020\/04\/Screenshot_2020-04-06-Chofer-evita-levantar-m\u00e9dicos-Difunden-mensajes-de-odio-contra-personal-del-IMSS-por-miedo-al-COVID...-892x500.png 892w\" sizes=\"auto, (max-width: 800px) 100vw, 800px\" \/><\/a><\/p>\n<p>Personal del sector salud que atienden a pacientes coronavirus en Chihuahua, Jalisco y Veracruz est\u00e1n en alerta debido a que circulan mensajes en redes sociales que incitan a la poblaci\u00f3n rechazar, discriminar e incluso agredir a enfermeras y m\u00e9dicos.<\/p>\n<p>En un perfil falso de Facebook publicaron un mensaje que exhorta a choferes del transporte p\u00fablico a bajar de sus veh\u00edculos a trabajadores de la salud, pues se\u00f1ala que \u201clas enfermeras y doctores portan la peste china\u201d, y a quienes se nieguen a hacerlo, deben ser golpeados por los usuarios.<\/p>\n<p>El usuario de la cuenta que tiene como foto de perfil a la muerte tambi\u00e9n pide a due\u00f1os y empleados de establecimientos negar la entrada a personal de la salud.<\/p>\n<p><a href=\"http:\/\/www.grieta.org.mx\/wp-content\/uploads\/2020\/04\/Screenshot_2020-04-06-Chofer-evita-levantar-m\u00e9dicos-Difunden-mensajes-de-odio-contra-personal-del-IMSS-por-miedo-al-COVID...1.png\"><img loading=\"lazy\" decoding=\"async\" data-attachment-id=\"47330\" data-permalink=\"https:\/\/www.grieta.org.mx\/index.php\/2020\/04\/05\/chofer-evita-levantar-medicos-difunden-mensajes-de-odio-contra-personal-del-imss-por-miedo-al-covid-19-veracruz\/screenshot_2020-04-06-chofer-evita-levantar-medicos-difunden-mensajes-de-odio-contra-personal-del-imss-por-miedo-al-covid-1\/\" data-orig-file=\"https:\/\/www.grieta.org.mx\/wp-content\/uploads\/2020\/04\/Screenshot_2020-04-06-Chofer-evita-levantar-m\u00e9dicos-Difunden-mensajes-de-odio-contra-personal-del-IMSS-por-miedo-al-COVID...1.png\" data-orig-size=\"718,850\" data-comments-opened=\"0\" data-image-meta=\"{&quot;aperture&quot;:&quot;0&quot;,&quot;credit&quot;:&quot;&quot;,&quot;camera&quot;:&quot;&quot;,&quot;caption&quot;:&quot;&quot;,&quot;created_timestamp&quot;:&quot;0&quot;,&quot;copyright&quot;:&quot;&quot;,&quot;focal_length&quot;:&quot;0&quot;,&quot;iso&quot;:&quot;0&quot;,&quot;shutter_speed&quot;:&quot;0&quot;,&quot;title&quot;:&quot;&quot;,&quot;orientation&quot;:&quot;0&quot;}\" data-image-title=\"Screenshot_2020-04-06 Chofer, evita levantar m\u00e9dicos Difunden mensajes de odio contra personal del IMSS por miedo al COVID[&amp;#8230;](1)\" data-image-description=\"\" data-image-caption=\"\" data-medium-file=\"https:\/\/www.grieta.org.mx\/wp-content\/uploads\/2020\/04\/Screenshot_2020-04-06-Chofer-evita-levantar-m\u00e9dicos-Difunden-mensajes-de-odio-contra-personal-del-IMSS-por-miedo-al-COVID...1-253x300.png\" data-large-file=\"https:\/\/www.grieta.org.mx\/wp-content\/uploads\/2020\/04\/Screenshot_2020-04-06-Chofer-evita-levantar-m\u00e9dicos-Difunden-mensajes-de-odio-contra-personal-del-IMSS-por-miedo-al-COVID...1.png\" class=\"aligncenter wp-image-47330 size-full\" src=\"http:\/\/www.grieta.org.mx\/wp-content\/uploads\/2020\/04\/Screenshot_2020-04-06-Chofer-evita-levantar-m\u00e9dicos-Difunden-mensajes-de-odio-contra-personal-del-IMSS-por-miedo-al-COVID...1.png\" alt=\"\" width=\"718\" height=\"850\" srcset=\"https:\/\/www.grieta.org.mx\/wp-content\/uploads\/2020\/04\/Screenshot_2020-04-06-Chofer-evita-levantar-m\u00e9dicos-Difunden-mensajes-de-odio-contra-personal-del-IMSS-por-miedo-al-COVID...1.png 718w, https:\/\/www.grieta.org.mx\/wp-content\/uploads\/2020\/04\/Screenshot_2020-04-06-Chofer-evita-levantar-m\u00e9dicos-Difunden-mensajes-de-odio-contra-personal-del-IMSS-por-miedo-al-COVID...1-253x300.png 253w, https:\/\/www.grieta.org.mx\/wp-content\/uploads\/2020\/04\/Screenshot_2020-04-06-Chofer-evita-levantar-m\u00e9dicos-Difunden-mensajes-de-odio-contra-personal-del-IMSS-por-miedo-al-COVID...1-422x500.png 422w\" sizes=\"auto, (max-width: 718px) 100vw, 718px\" \/><\/a><\/p>\n<p>Donde se han registrado casos de rechazos es en el Puerto de Veracruz, donde una tienda de abarrotes coloc\u00f3 un letrero en la entrada, el cual se\u00f1ala que no da a servicio a personal del IMSS.<\/p>\n<p>    \u201cPor seguridad no atendemos a nadie del IMSS\u201d, se lee en el anuncio.<\/p>\n<p>Para evitar ser discriminados, enfermeras, enfermeros y m\u00e9dicos han implementado medidas como no portar el uniforme en las calles.<\/p>\n<p>    \u201cEs triste porque durante mucho tiempo hemos usado nuestros uniformes de una manera orgullosa, de una manera en la que sabemos que nuestra entidad es parte de nuestro uniforme, y es dif\u00edcil que ahora, por ignorancia y miedo de la gente, no podamos usarlo\u201d, dijo Patricia Cervantes, quien se ha desempe\u00f1ado como enfermera desde hace 20 a\u00f1os.<\/p>\n<p><a href=\"https:\/\/www.radioformula.com.mx\/noticias\/20200405\/enfermeras-medicos-mensajes-odio-chihuahua-jalisco-veracruz\/\">https:\/\/www.radioformula.com.mx\/noticias\/20200405\/enfermeras-medicos-mensajes-odio-chihuahua-jalisco-veracruz\/<\/a><\/p>\n","protected":false},"excerpt":{"rendered":"<p>Personal del sector salud que atienden a pacientes coronavirus en Chihuahua, Jalisco y Veracruz est\u00e1n en alerta debido a que circulan mensajes en redes sociales que incitan a la poblaci\u00f3n &hellip; <a href=\"https:\/\/www.grieta.org.mx\/index.php\/2020\/04\/05\/chofer-evita-levantar-medicos-difunden-mensajes-de-odio-contra-personal-del-imss-por-miedo-al-covid-19-veracruz\/\" class=\"more-link\">Leer m\u00e1s<\/a><\/p>\n","protected":false},"author":1,"featured_media":47329,"comment_status":"closed","ping_status":"closed","sticky":false,"template":"","format":"standard","meta":{"ngg_post_thumbnail":0,"_jetpack_newsletter_access":"","_jetpack_dont_email_post_to_subs":false,"_jetpack_newsletter_tier_id":0,"_jetpack_memberships_contains_paywalled_content":false,"_jetpack_memberships_contains_paid_content":false,"footnotes":""},"categories":[80,3261,2,35],"tags":[3241,3133],"class_list":["post-47328","post","type-post","status-publish","format-standard","has-post-thumbnail","hentry","category-cintillo","category-covid-19-en-veracruz","category-noticias-nacionales","category-veracruz","tag-covid-19","tag-crisis-del-sector-salud","entry"],"jetpack_featured_media_url":"https:\/\/www.grieta.org.mx\/wp-content\/uploads\/2020\/04\/Screenshot_2020-04-06-Chofer-evita-levantar-m\u00e9dicos-Difunden-mensajes-de-odio-contra-personal-del-IMSS-por-miedo-al-COVID....png","jetpack_sharing_enabled":true,"jetpack_shortlink":"https:\/\/wp.me\/p7ZJR4-cjm","jetpack_likes_enabled":false,"jetpack-related-posts":[{"id":50637,"url":"https:\/\/www.grieta.org.mx\/index.php\/2020\/05\/20\/personal-de-salud-en-veracruz-denuncia-que-no-recibio-proteccion\/","url_meta":{"origin":47328,"position":0},"title":"Personal de Salud en Veracruz denuncia que no recibi\u00f3 protecci\u00f3n","author":"grieta","date":"20 mayo, 2020","format":false,"excerpt":"Trabajadores del sector Salud en Veracruz denunciaron que las autoridades nunca entregaron los equipos especializados para su protecci\u00f3n, que fueron donados por grandes empresas, a pesar de que se encuentran en Fase 3. De acuerdo con los m\u00e9dicos y enfermeras del Hospital de Alta Especialidad de Veracruz como de Boca\u2026","rel":"","context":"En &quot;CINTILLO&quot;","block_context":{"text":"CINTILLO","link":"https:\/\/www.grieta.org.mx\/index.php\/category\/cintillo\/"},"img":{"alt_text":"","src":"https:\/\/i0.wp.com\/www.grieta.org.mx\/wp-content\/uploads\/2020\/06\/032251000ea34be79cb4ca4a02f0b663-focus-0-0-983-557.jpg?resize=350%2C200&ssl=1","width":350,"height":200,"srcset":"https:\/\/i0.wp.com\/www.grieta.org.mx\/wp-content\/uploads\/2020\/06\/032251000ea34be79cb4ca4a02f0b663-focus-0-0-983-557.jpg?resize=350%2C200&ssl=1 1x, https:\/\/i0.wp.com\/www.grieta.org.mx\/wp-content\/uploads\/2020\/06\/032251000ea34be79cb4ca4a02f0b663-focus-0-0-983-557.jpg?resize=525%2C300&ssl=1 1.5x, https:\/\/i0.wp.com\/www.grieta.org.mx\/wp-content\/uploads\/2020\/06\/032251000ea34be79cb4ca4a02f0b663-focus-0-0-983-557.jpg?resize=700%2C400&ssl=1 2x"},"classes":[]},{"id":47350,"url":"https:\/\/www.grieta.org.mx\/index.php\/2020\/04\/05\/medicos-y-enfermeras-de-cerro-azul-temen-contagiarse-de-covid-19-veracruz\/","url_meta":{"origin":47328,"position":1},"title":"M\u00e9dicos y enfermeras de Cerro Azul temen contagiarse de COVID-19 (Veracruz)","author":"Admin","date":"5 abril, 2020","format":false,"excerpt":"Redacci\u00f3n \/ Vanguardia Cerro Azul, Ver.- Fuerte inconformidad se registr\u00f3 este domingo, entre la base trabajadora del hospital de esta comunidad, debido a que no cuentan con los insumos m\u00e9dicos necesarios de seguridad para enfrentar la pandemia en este nosocomio, por lo que alzaron la voz en contra de las\u2026","rel":"","context":"En &quot;CINTILLO&quot;","block_context":{"text":"CINTILLO","link":"https:\/\/www.grieta.org.mx\/index.php\/category\/cintillo\/"},"img":{"alt_text":"","src":"https:\/\/i0.wp.com\/www.grieta.org.mx\/wp-content\/uploads\/2020\/04\/Screenshot_2020-04-06-M%C3%A9dicos-y-enfermeras-de-Cerro-Azul-temen-contagiarse-de-COVID-19.png?resize=350%2C200&ssl=1","width":350,"height":200,"srcset":"https:\/\/i0.wp.com\/www.grieta.org.mx\/wp-content\/uploads\/2020\/04\/Screenshot_2020-04-06-M%C3%A9dicos-y-enfermeras-de-Cerro-Azul-temen-contagiarse-de-COVID-19.png?resize=350%2C200&ssl=1 1x, https:\/\/i0.wp.com\/www.grieta.org.mx\/wp-content\/uploads\/2020\/04\/Screenshot_2020-04-06-M%C3%A9dicos-y-enfermeras-de-Cerro-Azul-temen-contagiarse-de-COVID-19.png?resize=525%2C300&ssl=1 1.5x, https:\/\/i0.wp.com\/www.grieta.org.mx\/wp-content\/uploads\/2020\/04\/Screenshot_2020-04-06-M%C3%A9dicos-y-enfermeras-de-Cerro-Azul-temen-contagiarse-de-COVID-19.png?resize=700%2C400&ssl=1 2x"},"classes":[]},{"id":14747,"url":"https:\/\/www.grieta.org.mx\/index.php\/2016\/08\/17\/movilizaciones-contra-la-reforma-al-sector-salud-en-veracruz\/","url_meta":{"origin":47328,"position":2},"title":"Movilizaciones del sector salud en Veracruz","author":"grieta","date":"17 agosto, 2016","format":false,"excerpt":"17\/08\/16. Empleados Salud de Veracruz protestan porque no les pagan desde hace 2 meses Plumas Libres 23\/06\/16. Protestan m\u00e9dicos contra inseguridad y universalizaci\u00f3n de la salud Diario Xalapa 22\/06\/16. M\u00e9dicos y enfermeras protestan en siete ciudades de Veracruz E-consulta","rel":"","context":"En &quot;NOTICIAS NACIONALES&quot;","block_context":{"text":"NOTICIAS NACIONALES","link":"https:\/\/www.grieta.org.mx\/index.php\/category\/noticias-nacionales\/"},"img":{"alt_text":"","src":"https:\/\/i0.wp.com\/www.grieta.org.mx\/wp-content\/uploads\/2018\/03\/14524434_1106112876131411_958039263622046936_o.jpg?resize=350%2C200&ssl=1","width":350,"height":200,"srcset":"https:\/\/i0.wp.com\/www.grieta.org.mx\/wp-content\/uploads\/2018\/03\/14524434_1106112876131411_958039263622046936_o.jpg?resize=350%2C200&ssl=1 1x, https:\/\/i0.wp.com\/www.grieta.org.mx\/wp-content\/uploads\/2018\/03\/14524434_1106112876131411_958039263622046936_o.jpg?resize=525%2C300&ssl=1 1.5x, https:\/\/i0.wp.com\/www.grieta.org.mx\/wp-content\/uploads\/2018\/03\/14524434_1106112876131411_958039263622046936_o.jpg?resize=700%2C400&ssl=1 2x"},"classes":[]},{"id":49735,"url":"https:\/\/www.grieta.org.mx\/index.php\/2020\/05\/19\/suman-11-mil-394-casos-acumulados-de-covid-19-en-personal-de-salud\/","url_meta":{"origin":47328,"position":3},"title":"Suman 11 mil 394 casos acumulados de COVID-19 en personal de salud","author":"grieta","date":"19 mayo, 2020","format":false,"excerpt":"Foto: Notimex Diego Santiago \/ Radio F\u00f3rmula De acuerdo con la Secretar\u00eda de Salud, hasta este martes, 149 trabajadores sanitarios fallecieron por complicaciones de la COVID-19 en M\u00e9xico. Hasta este lunes, se han acumulado 11 mil 394 casos de COVID-19 en personal de salud y 149 perdieron la vida. As\u00ed\u2026","rel":"","context":"En &quot;CINTILLO&quot;","block_context":{"text":"CINTILLO","link":"https:\/\/www.grieta.org.mx\/index.php\/category\/cintillo\/"},"img":{"alt_text":"","src":"https:\/\/i0.wp.com\/www.grieta.org.mx\/wp-content\/uploads\/2020\/05\/Suman-11-mil-394-casos-acumulados-de-COVID-19-en-personal-de-salud-salud-may.jpg?resize=350%2C200&ssl=1","width":350,"height":200,"srcset":"https:\/\/i0.wp.com\/www.grieta.org.mx\/wp-content\/uploads\/2020\/05\/Suman-11-mil-394-casos-acumulados-de-COVID-19-en-personal-de-salud-salud-may.jpg?resize=350%2C200&ssl=1 1x, https:\/\/i0.wp.com\/www.grieta.org.mx\/wp-content\/uploads\/2020\/05\/Suman-11-mil-394-casos-acumulados-de-COVID-19-en-personal-de-salud-salud-may.jpg?resize=525%2C300&ssl=1 1.5x"},"classes":[]},{"id":50815,"url":"https:\/\/www.grieta.org.mx\/index.php\/2020\/06\/09\/enfermeras-y-doctores-exigen-mejores-insumos-medicos-queretaro\/","url_meta":{"origin":47328,"position":4},"title":"Enfermeras y Doctores exigen mejores insumos m\u00e9dicos (Quer\u00e9taro)","author":"grieta","date":"9 junio, 2020","format":false,"excerpt":"Foto: www.facebook.com\/InboxPolitico Inbox Pol\u00edtico Este martes se llevaron acabo dos manifestaciones -en la capital del Estado de Quer\u00e9taro- ambas integradas por personal m\u00e9dico. En la primera, Enfermeras del Hospital de Especialidades del Ni\u00f1o y la Mujer, en Plaza de Armas, exigieron insumos de calidad para atender a pacientes Covid. En\u2026","rel":"","context":"En &quot;CINTILLO&quot;","block_context":{"text":"CINTILLO","link":"https:\/\/www.grieta.org.mx\/index.php\/category\/cintillo\/"},"img":{"alt_text":"","src":"https:\/\/i0.wp.com\/www.grieta.org.mx\/wp-content\/uploads\/2020\/06\/Enfermeras-y-Doctores-exigen-mejores-insumos-m%C3%A9dicos-qro-jun.jpg?resize=350%2C200&ssl=1","width":350,"height":200,"srcset":"https:\/\/i0.wp.com\/www.grieta.org.mx\/wp-content\/uploads\/2020\/06\/Enfermeras-y-Doctores-exigen-mejores-insumos-m%C3%A9dicos-qro-jun.jpg?resize=350%2C200&ssl=1 1x, https:\/\/i0.wp.com\/www.grieta.org.mx\/wp-content\/uploads\/2020\/06\/Enfermeras-y-Doctores-exigen-mejores-insumos-m%C3%A9dicos-qro-jun.jpg?resize=525%2C300&ssl=1 1.5x, https:\/\/i0.wp.com\/www.grieta.org.mx\/wp-content\/uploads\/2020\/06\/Enfermeras-y-Doctores-exigen-mejores-insumos-m%C3%A9dicos-qro-jun.jpg?resize=700%2C400&ssl=1 2x"},"classes":[]},{"id":47369,"url":"https:\/\/www.grieta.org.mx\/index.php\/2020\/04\/06\/medicos-del-pais-en-riesgo-y-bajo-protesta-por-la-falta-de-insumos\/","url_meta":{"origin":47328,"position":5},"title":"M\u00e9dicos del pa\u00eds, en riesgo y bajo protesta por la falta de insumos","author":"Admin","date":"6 abril, 2020","format":false,"excerpt":"Redacci\u00f3n \/ La silla rota Desde el pasado 17 de marzo, comenzaron a desatarse las protestas por parte del personal de salud m\u00e9dico y enfermer\u00eda en distintas partes del pa\u00eds, quienes en varias ocasiones han reclamado la falta de insumos y medidas de protecciones para hacer frente a la pandemia\u2026","rel":"","context":"En &quot;CINTILLO&quot;","block_context":{"text":"CINTILLO","link":"https:\/\/www.grieta.org.mx\/index.php\/category\/cintillo\/"},"img":{"alt_text":"","src":"https:\/\/i0.wp.com\/www.grieta.org.mx\/wp-content\/uploads\/2020\/04\/Screenshot_2020-04-07-M%C3%A9dicos-del-pa%C3%ADs-en-riesgo-y-bajo-protesta-por-la-falta-de-insumos.png?resize=350%2C200&ssl=1","width":350,"height":200,"srcset":"https:\/\/i0.wp.com\/www.grieta.org.mx\/wp-content\/uploads\/2020\/04\/Screenshot_2020-04-07-M%C3%A9dicos-del-pa%C3%ADs-en-riesgo-y-bajo-protesta-por-la-falta-de-insumos.png?resize=350%2C200&ssl=1 1x, https:\/\/i0.wp.com\/www.grieta.org.mx\/wp-content\/uploads\/2020\/04\/Screenshot_2020-04-07-M%C3%A9dicos-del-pa%C3%ADs-en-riesgo-y-bajo-protesta-por-la-falta-de-insumos.png?resize=525%2C300&ssl=1 1.5x, https:\/\/i0.wp.com\/www.grieta.org.mx\/wp-content\/uploads\/2020\/04\/Screenshot_2020-04-07-M%C3%A9dicos-del-pa%C3%ADs-en-riesgo-y-bajo-protesta-por-la-falta-de-insumos.png?resize=700%2C400&ssl=1 2x, https:\/\/i0.wp.com\/www.grieta.org.mx\/wp-content\/uploads\/2020\/04\/Screenshot_2020-04-07-M%C3%A9dicos-del-pa%C3%ADs-en-riesgo-y-bajo-protesta-por-la-falta-de-insumos.png?resize=1050%2C600&ssl=1 3x"},"classes":[]}],"_links":{"self":[{"href":"https:\/\/www.grieta.org.mx\/index.php\/wp-json\/wp\/v2\/posts\/47328","targetHints":{"allow":["GET"]}}],"collection":[{"href":"https:\/\/www.grieta.org.mx\/index.php\/wp-json\/wp\/v2\/posts"}],"about":[{"href":"https:\/\/www.grieta.org.mx\/index.php\/wp-json\/wp\/v2\/types\/post"}],"author":[{"embeddable":true,"href":"https:\/\/www.grieta.org.mx\/index.php\/wp-json\/wp\/v2\/users\/1"}],"replies":[{"embeddable":true,"href":"https:\/\/www.grieta.org.mx\/index.php\/wp-json\/wp\/v2\/comments?post=47328"}],"version-history":[{"count":1,"href":"https:\/\/www.grieta.org.mx\/index.php\/wp-json\/wp\/v2\/posts\/47328\/revisions"}],"predecessor-version":[{"id":47331,"href":"https:\/\/www.grieta.org.mx\/index.php\/wp-json\/wp\/v2\/posts\/47328\/revisions\/47331"}],"wp:featuredmedia":[{"embeddable":true,"href":"https:\/\/www.grieta.org.mx\/index.php\/wp-json\/wp\/v2\/media\/47329"}],"wp:attachment":[{"href":"https:\/\/www.grieta.org.mx\/index.php\/wp-json\/wp\/v2\/media?parent=47328"}],"wp:term":[{"taxonomy":"category","embeddable":true,"href":"https:\/\/www.grieta.org.mx\/index.php\/wp-json\/wp\/v2\/categories?post=47328"},{"taxonomy":"post_tag","embeddable":true,"href":"https:\/\/www.grieta.org.mx\/index.php\/wp-json\/wp\/v2\/tags?post=47328"}],"curies":[{"name":"wp","href":"https:\/\/api.w.org\/{rel}","templated":true}]}}