{"id":47304,"date":"2020-04-01T18:07:17","date_gmt":"2020-04-02T00:07:17","guid":{"rendered":"http:\/\/www.grieta.org.mx\/?p=47304"},"modified":"2020-04-06T18:44:07","modified_gmt":"2020-04-06T23:44:07","slug":"fernanda-acosta-vocera-de-brujas-del-mar-no-necesitamos-un-permiso-para-exigir-que-se-acabe-con-la-violencia-machista-veracruz","status":"publish","type":"post","link":"https:\/\/www.grieta.org.mx\/index.php\/2020\/04\/01\/fernanda-acosta-vocera-de-brujas-del-mar-no-necesitamos-un-permiso-para-exigir-que-se-acabe-con-la-violencia-machista-veracruz\/","title":{"rendered":"Fernanda Acosta, vocera de &#8216;Brujas del Mar&#8217;: \u201cNo necesitamos un permiso para exigir que se acabe con la violencia machista\u201d (Veracruz)"},"content":{"rendered":"<figure id=\"attachment_47305\" aria-describedby=\"caption-attachment-47305\" style=\"width: 750px\" class=\"wp-caption aligncenter\"><a href=\"http:\/\/www.grieta.org.mx\/wp-content\/uploads\/2020\/04\/2020033120142232731.jpg\"><img loading=\"lazy\" decoding=\"async\" data-attachment-id=\"47305\" data-permalink=\"https:\/\/www.grieta.org.mx\/index.php\/2020\/04\/01\/fernanda-acosta-vocera-de-brujas-del-mar-no-necesitamos-un-permiso-para-exigir-que-se-acabe-con-la-violencia-machista-veracruz\/attachment\/2020033120142232731\/\" data-orig-file=\"https:\/\/www.grieta.org.mx\/wp-content\/uploads\/2020\/04\/2020033120142232731.jpg\" data-orig-size=\"750,470\" data-comments-opened=\"0\" data-image-meta=\"{&quot;aperture&quot;:&quot;0&quot;,&quot;credit&quot;:&quot;&quot;,&quot;camera&quot;:&quot;&quot;,&quot;caption&quot;:&quot;&quot;,&quot;created_timestamp&quot;:&quot;0&quot;,&quot;copyright&quot;:&quot;&quot;,&quot;focal_length&quot;:&quot;0&quot;,&quot;iso&quot;:&quot;0&quot;,&quot;shutter_speed&quot;:&quot;0&quot;,&quot;title&quot;:&quot;&quot;,&quot;orientation&quot;:&quot;0&quot;}\" data-image-title=\"2020033120142232731\" data-image-description=\"\" data-image-caption=\"&lt;p&gt; Fernanda Acosta, vocera del Colectivo \u201cBrujas del Mar\u201d. Imagen cedida por el colectivo &lt;\/p&gt;\n\" data-medium-file=\"https:\/\/www.grieta.org.mx\/wp-content\/uploads\/2020\/04\/2020033120142232731-300x188.jpg\" data-large-file=\"https:\/\/www.grieta.org.mx\/wp-content\/uploads\/2020\/04\/2020033120142232731.jpg\" class=\"size-full wp-image-47305\" src=\"http:\/\/www.grieta.org.mx\/wp-content\/uploads\/2020\/04\/2020033120142232731.jpg\" alt=\"\" width=\"750\" height=\"470\" srcset=\"https:\/\/www.grieta.org.mx\/wp-content\/uploads\/2020\/04\/2020033120142232731.jpg 750w, https:\/\/www.grieta.org.mx\/wp-content\/uploads\/2020\/04\/2020033120142232731-300x188.jpg 300w\" sizes=\"auto, (max-width: 750px) 100vw, 750px\" \/><\/a><figcaption id=\"caption-attachment-47305\" class=\"wp-caption-text\">Fernanda Acosta, vocera del Colectivo \u201cBrujas del Mar\u201d. Imagen cedida por el colectivo<\/figcaption><\/figure>\n<p>Jos\u00e9 An. Montero \/ Nuevatribuna<\/p>\n<p>Una entrevista de Dulce Moctezuma y Jos\u00e9 An. Montero | Si la situaci\u00f3n mexicana es grave, la del estado de Veracruz puede considerarse atroz. Los 147 feminicidios de 2019, para una poblaci\u00f3n de algo m\u00e1s de ocho millones, han obligado al estado de Veracruz a emitir dos alertas de g\u00e9nero, un mecanismo de alarma para generar pol\u00edticas p\u00fablicas de prevenci\u00f3n y de acceso a la justicia.<\/p>\n<p>Un colectivo de mujeres de Veracruz, un estado situado al este de M\u00e9xico cuya capital del mismo nombre apenas sobrepasa las cuatrocientas mil personas, se ha convertido en el epicentro de la lucha por los derechos de las mujeres convocando Paro Nacional de Mujeres para el pasado 9 de Marzo, d\u00eda al que han denominado \u201cUn d\u00eda sin nosotras\u201d.<\/p>\n<p>\u201cBrujas del Mar\u201d naci\u00f3 hace menos de un a\u00f1o entre un peque\u00f1o grupo de mujeres conectadas a trav\u00e9s de las redes sociales. Desde ese foro decidieron decir basta a la violencia machista y ponerse en marcha convocando con el hashtag #UnD\u00edaSinNosotras una convocatoria para el ahora ya hist\u00f3rico Paro Nacional de Mujeres. Una convocatoria realizada con apenas veinte d\u00edas que consigui\u00f3 unir a las mujeres mexicanas en una invitaci\u00f3n para que ese d\u00eda ni se trabajara, ni se consumiera, ni se usar las redes sociales para exigir un cambio radical en la sociedad y en las autoridades mexicanas.<\/p>\n<blockquote><p>&#8220;El principal objetivo del colectivo es acabar con el asesinato de m\u00e1s mujeres&#8221;<\/p><\/blockquote>\n<p>Siempre ha habido convocatorias feministas en M\u00e9xico, pero nunca han llegado a este grado de convocatoria, ni han alcanzado este nivel de repercusi\u00f3n social, traspasando las fronteras de M\u00e9xico para atraer la atenci\u00f3n global sobre la situaci\u00f3n de la mujer en todo el mundo. Fernanda Acosta, vocera del colectivo \u201cBrujas del Mar\u201d, nos habla de la situaci\u00f3n del grado de furia con que las mujeres han salido a la calle a reclamar pol\u00edticas de igualdad y de justicia o el fin de la revictimizaci\u00f3n de las mujeres.<\/p>\n<figure id=\"attachment_47306\" aria-describedby=\"caption-attachment-47306\" style=\"width: 800px\" class=\"wp-caption aligncenter\"><a href=\"http:\/\/www.grieta.org.mx\/wp-content\/uploads\/2020\/04\/https-_www.nuevatribuna.es_media_nuevatribuna_images_2020_03_31_2020033120131067711.jpg\"><img loading=\"lazy\" decoding=\"async\" data-attachment-id=\"47306\" data-permalink=\"https:\/\/www.grieta.org.mx\/index.php\/2020\/04\/01\/fernanda-acosta-vocera-de-brujas-del-mar-no-necesitamos-un-permiso-para-exigir-que-se-acabe-con-la-violencia-machista-veracruz\/https-_www-nuevatribuna-es_media_nuevatribuna_images_2020_03_31_2020033120131067711\/\" data-orig-file=\"https:\/\/www.grieta.org.mx\/wp-content\/uploads\/2020\/04\/https-_www.nuevatribuna.es_media_nuevatribuna_images_2020_03_31_2020033120131067711.jpg\" data-orig-size=\"750,395\" data-comments-opened=\"0\" data-image-meta=\"{&quot;aperture&quot;:&quot;0&quot;,&quot;credit&quot;:&quot;&quot;,&quot;camera&quot;:&quot;&quot;,&quot;caption&quot;:&quot;&quot;,&quot;created_timestamp&quot;:&quot;0&quot;,&quot;copyright&quot;:&quot;&quot;,&quot;focal_length&quot;:&quot;0&quot;,&quot;iso&quot;:&quot;0&quot;,&quot;shutter_speed&quot;:&quot;0&quot;,&quot;title&quot;:&quot;&quot;,&quot;orientation&quot;:&quot;0&quot;}\" data-image-title=\"https _www.nuevatribuna.es_media_nuevatribuna_images_2020_03_31_2020033120131067711\" data-image-description=\"\" data-image-caption=\"&lt;p&gt;Colectivo \u201cBrujas del Mar\u201d de Veracruz&lt;\/p&gt;\n\" data-medium-file=\"https:\/\/www.grieta.org.mx\/wp-content\/uploads\/2020\/04\/https-_www.nuevatribuna.es_media_nuevatribuna_images_2020_03_31_2020033120131067711-300x158.jpg\" data-large-file=\"https:\/\/www.grieta.org.mx\/wp-content\/uploads\/2020\/04\/https-_www.nuevatribuna.es_media_nuevatribuna_images_2020_03_31_2020033120131067711.jpg\" class=\"wp-image-47306\" src=\"http:\/\/www.grieta.org.mx\/wp-content\/uploads\/2020\/04\/https-_www.nuevatribuna.es_media_nuevatribuna_images_2020_03_31_2020033120131067711.jpg\" alt=\"\" width=\"800\" height=\"421\" srcset=\"https:\/\/www.grieta.org.mx\/wp-content\/uploads\/2020\/04\/https-_www.nuevatribuna.es_media_nuevatribuna_images_2020_03_31_2020033120131067711.jpg 750w, https:\/\/www.grieta.org.mx\/wp-content\/uploads\/2020\/04\/https-_www.nuevatribuna.es_media_nuevatribuna_images_2020_03_31_2020033120131067711-300x158.jpg 300w\" sizes=\"auto, (max-width: 800px) 100vw, 800px\" \/><\/a><figcaption id=\"caption-attachment-47306\" class=\"wp-caption-text\">Colectivo \u201cBrujas del Mar\u201d de Veracruz<\/figcaption><\/figure>\n<p>Moctezuma y Montero: \u201cUn d\u00eda sin nosotras\u201d detuvo la econom\u00eda del pa\u00eds por un d\u00eda. \u00bfPor qu\u00e9 elegir esta forma de resistencia?<\/p>\n<p>Fernanda: Vivimos en un sistema capitalista y patriarcal, entonces la mujer representa un vuelo econ\u00f3mico. Lo que m\u00e1s le duele a este sistema es que la mujer no produzca. Parar labores se ve reflejado en la econom\u00eda pues los resultados del paro son una p\u00e9rdida aproximada de 37 millones de pesos. Aunque no solamente es una cuesti\u00f3n econ\u00f3mica, sino social. Cuando se anunci\u00f3 el paro, muchos empresario salieron a dar permiso. No necesitamos un permiso, esto era un paro, no un d\u00eda de asueto. Nosotras quer\u00edamos reflejar la importancia del rol de la mujer en todos los \u00e1mbitos, tanto pol\u00edtico, empresario, espacios p\u00fablicos, etc. El hecho de sumarse al paro, no solamente es darnos el d\u00eda. Nos enteramos que dentro de algunas empresas que dec\u00edan apoyarlo les quer\u00edan descontar el d\u00eda o hacerlas reponer las horas. Manifestarse a favor del Paro no debe ser solamente una campa\u00f1a de marketing para las empresas, tienen que revisar desde dentro de las organizaciones si cumplen con los requisitos para que no exista una brecha entre hombres y mujeres.<\/p>\n<blockquote><p>&#8220;Necesitamos escuelas que se enfoquen en el bienestar de sus estudiantes, porque el prestigio se pierde cuando sigues encubriendo a los abusadores&#8221;<\/p><\/blockquote>\n<p>Moctezuma y Montero: \u00bfCu\u00e1les son las particularidades del estado de Veracruz?<\/p>\n<p>Fernanda: Somos el estado mexicano con mayor \u00edndice de feminicidios a nivel nacional, y tenemos una doble alerta de g\u00e9nero por violencia, aparte aqu\u00ed operan 7 c\u00e1rteles del narcotr\u00e1fico. Claramente en toda la Rep\u00fablica hay una emergencia nacional porque no existe un estado que no sufra de violencia y feminicidios, sin embargo, a nivel nacional, Veracruz tiene el primer lugar.<\/p>\n<p>Moctezuma y Montero: \u00bfTienen apoyo institucional?<\/p>\n<p>Fernanda: Tenemos el Instituto de la Mujer, sin embargo, yo creo que no existe todav\u00eda un mecanismo para que las mujeres sepan los pasos que deben de seguir cuando les sucede algo. Las mujeres no saben a qui\u00e9n dirigirse. Faltan protocolos que den a conocer la existencia de este tipo de Institutos.<\/p>\n<p>Moctezuma y Montero: Despu\u00e9s del Paro Nacional, \u00bfc\u00f3mo perciben su repercusi\u00f3n?<\/p>\n<p>Fernanda: Principalmente veo a muchas chicas m\u00e1s animadas, m\u00e1s fuertes y cada vez con m\u00e1s ganas de encarar a sus acosadores. Ayer lograron despedir a un doctor que trabajaba en una preparatoria p\u00fablica aqu\u00ed en Veracruz. Llevaba 10 a\u00f1os acosando a las alumnas, y todas se unieron para rebelarse haciendo denuncias p\u00fablicas en la escuela. Yo creo que desde ah\u00ed ya tenemos una respuesta muy alta. No necesitamos escuelas que encubran a acosadores o violadores. No necesitamos eso. Necesitamos escuelas que se enfoquen en el bienestar de sus estudiantes, porque el prestigio se pierde cuando sigues encubriendo a los abusadores.<\/p>\n<figure id=\"attachment_47307\" aria-describedby=\"caption-attachment-47307\" style=\"width: 800px\" class=\"wp-caption aligncenter\"><a href=\"http:\/\/www.grieta.org.mx\/wp-content\/uploads\/2020\/04\/2020033120165454838.jpg\"><img loading=\"lazy\" decoding=\"async\" data-attachment-id=\"47307\" data-permalink=\"https:\/\/www.grieta.org.mx\/index.php\/2020\/04\/01\/fernanda-acosta-vocera-de-brujas-del-mar-no-necesitamos-un-permiso-para-exigir-que-se-acabe-con-la-violencia-machista-veracruz\/attachment\/2020033120165454838\/\" data-orig-file=\"https:\/\/www.grieta.org.mx\/wp-content\/uploads\/2020\/04\/2020033120165454838.jpg\" data-orig-size=\"750,475\" data-comments-opened=\"0\" data-image-meta=\"{&quot;aperture&quot;:&quot;0&quot;,&quot;credit&quot;:&quot;&quot;,&quot;camera&quot;:&quot;&quot;,&quot;caption&quot;:&quot;&quot;,&quot;created_timestamp&quot;:&quot;0&quot;,&quot;copyright&quot;:&quot;&quot;,&quot;focal_length&quot;:&quot;0&quot;,&quot;iso&quot;:&quot;0&quot;,&quot;shutter_speed&quot;:&quot;0&quot;,&quot;title&quot;:&quot;&quot;,&quot;orientation&quot;:&quot;0&quot;}\" data-image-title=\"2020033120165454838\" data-image-description=\"\" data-image-caption=\"&lt;p&gt;Manifestaciones feministas en M\u00e9xico. Imagen cedida por el colectivo \u201cBrujas del Mar\u201d&lt;\/p&gt;\n\" data-medium-file=\"https:\/\/www.grieta.org.mx\/wp-content\/uploads\/2020\/04\/2020033120165454838-300x190.jpg\" data-large-file=\"https:\/\/www.grieta.org.mx\/wp-content\/uploads\/2020\/04\/2020033120165454838.jpg\" class=\"wp-image-47307\" src=\"http:\/\/www.grieta.org.mx\/wp-content\/uploads\/2020\/04\/2020033120165454838.jpg\" alt=\"\" width=\"800\" height=\"507\" srcset=\"https:\/\/www.grieta.org.mx\/wp-content\/uploads\/2020\/04\/2020033120165454838.jpg 750w, https:\/\/www.grieta.org.mx\/wp-content\/uploads\/2020\/04\/2020033120165454838-300x190.jpg 300w\" sizes=\"auto, (max-width: 800px) 100vw, 800px\" \/><\/a><figcaption id=\"caption-attachment-47307\" class=\"wp-caption-text\">Manifestaciones feministas en M\u00e9xico. Imagen cedida por el colectivo \u201cBrujas del Mar\u201d<\/figcaption><\/figure>\n<p>Moctezuma y Montero: \u00bfEs un movimiento que viene para quedarse?<\/p>\n<p>Fernanda: Esto no es de solo un d\u00eda. Lo que nosotras queremos, tanto en pa\u00edses extranjeros como en M\u00e9xico, es recordarle al gobierno que tiene una deuda con las mujeres. Las instituciones y las fiscal\u00edas no est\u00e1n preparadas para ayudarnos a trabajar en estos casos. Pedimos la creaci\u00f3n de fiscal\u00edas especializadas para atender los cr\u00edmenes de odio, que las mujeres tengan los mismos derechos y la legalizaci\u00f3n del aborto en todo el pa\u00eds, no \u00fanicamente en algunos estados. Tambi\u00e9n queremos dar talleres y pl\u00e1ticas para dar una mayor concientizaci\u00f3n del tema.<\/p>\n<p>La diferencia principal con M\u00e9xico es que tenemos una emergencia nacional debido a los cr\u00edmenes de odio que son de 10 a 12 feminicidios al d\u00eda, lo que ha hecho que las mujeres estemos cansadas. Hasta la fecha, no ha habido un gobierno que hasta la fecha pueda poner un alto o ponga protocolos e institutos que de verdad funcione para frenar la violencia. <\/p>\n<p>Moctezuma y Montero: \u00bfCu\u00e1les son los objetivos de esta lucha feminista?<br \/>\nFernanda: Principalmente, acabar con el asesinato de m\u00e1s mujeres. Tambi\u00e9n que no existiera una revictimizaci\u00f3n por parte de las autoridades y que tuvi\u00e9ramos la libertad de poder caminar por las calles, de poder caminar, de poder vestirnos como queramos sin ser acosadas en la v\u00eda p\u00fablica. Tambi\u00e9n pedir\u00eda que tuvi\u00e9ramos el derecho a decidir sobre nuestros cuerpos, sobre nuestras decisiones y lo que queremos hacer como mujeres. Es muy importante crear una Fiscal\u00eda especializada para tratar este tipo de cr\u00edmenes, porque cuando no sabemos separar y metemos todo a la misma bolsa, no visualizamos qu\u00e9 tipo de violencia existe, no podemos confundir un feminicidio con un homicidio porque el feminicidio tiene una particularidad.<\/p>\n<p><a href=\"https:\/\/www.nuevatribuna.es\/articulo\/sociedad\/mexico-violenciamachista-violenciadegenero-undiasinnosotras-machismomata\/20200331200823172932.html\">https:\/\/www.nuevatribuna.es\/articulo\/sociedad\/mexico-violenciamachista-violenciadegenero-undiasinnosotras-machismomata\/20200331200823172932.html<\/a><\/p>\n","protected":false},"excerpt":{"rendered":"<p>Jos\u00e9 An. Montero \/ Nuevatribuna Una entrevista de Dulce Moctezuma y Jos\u00e9 An. Montero | Si la situaci\u00f3n mexicana es grave, la del estado de Veracruz puede considerarse atroz. Los &hellip; <a href=\"https:\/\/www.grieta.org.mx\/index.php\/2020\/04\/01\/fernanda-acosta-vocera-de-brujas-del-mar-no-necesitamos-un-permiso-para-exigir-que-se-acabe-con-la-violencia-machista-veracruz\/\" class=\"more-link\">Leer m\u00e1s<\/a><\/p>\n","protected":false},"author":1,"featured_media":47306,"comment_status":"closed","ping_status":"closed","sticky":false,"template":"","format":"standard","meta":{"ngg_post_thumbnail":0,"_jetpack_newsletter_access":"","_jetpack_dont_email_post_to_subs":false,"_jetpack_newsletter_tier_id":0,"_jetpack_memberships_contains_paywalled_content":false,"_jetpack_memberships_contains_paid_content":false,"footnotes":""},"categories":[80,3257,2,35],"tags":[3209,2248,2317],"class_list":["post-47304","post","type-post","status-publish","format-standard","has-post-thumbnail","hentry","category-cintillo","category-luchas-de-las-mujeres-en-veracruz","category-noticias-nacionales","category-veracruz","tag-lucha-contra-la-violencia-contra-las-mujeres","tag-luchas-de-las-mujeres","tag-manifestaciones-de-mujeres","entry"],"jetpack_featured_media_url":"https:\/\/www.grieta.org.mx\/wp-content\/uploads\/2020\/04\/https-_www.nuevatribuna.es_media_nuevatribuna_images_2020_03_31_2020033120131067711.jpg","jetpack_sharing_enabled":true,"jetpack_shortlink":"https:\/\/wp.me\/p7ZJR4-ciY","jetpack_likes_enabled":false,"jetpack-related-posts":[{"id":43699,"url":"https:\/\/www.grieta.org.mx\/index.php\/2020\/01\/26\/brujas-del-mar-exigen-justicia-por-asesinato-de-activistas-veracruz\/","url_meta":{"origin":47304,"position":0},"title":"Brujas del Mar exigen justicia por asesinato de activistas (Veracruz)","author":"grieta","date":"26 enero, 2020","format":false,"excerpt":"Andr\u00e9s Salom\u00f3n \/ Vanguardia Veracruz, Ver.- Con mantas y algunas cruces en color rosa, el colectivo Brujas del Mar realiz\u00f3 una protesta pac\u00edfica en el z\u00f3calo de la ciudad, para exigir justicia en apoyo a la movilizaci\u00f3n nacional por los feminicidios de dos activistas, asegur\u00f3 Arussi Unda, vocera del colectivo.\u2026","rel":"","context":"En &quot;Asesinato de activistas en Veracruz&quot;","block_context":{"text":"Asesinato de activistas en Veracruz","link":"https:\/\/www.grieta.org.mx\/index.php\/category\/noticias-nacionales\/veracruz\/asesinato-de-activistas-en-veracruz\/"},"img":{"alt_text":"","src":"https:\/\/i0.wp.com\/www.grieta.org.mx\/wp-content\/uploads\/2020\/01\/https-_www.vanguardiaveracruz.mx_wp-content_uploads_2020_01_ver-brujas.jpg?resize=350%2C200&ssl=1","width":350,"height":200,"srcset":"https:\/\/i0.wp.com\/www.grieta.org.mx\/wp-content\/uploads\/2020\/01\/https-_www.vanguardiaveracruz.mx_wp-content_uploads_2020_01_ver-brujas.jpg?resize=350%2C200&ssl=1 1x, https:\/\/i0.wp.com\/www.grieta.org.mx\/wp-content\/uploads\/2020\/01\/https-_www.vanguardiaveracruz.mx_wp-content_uploads_2020_01_ver-brujas.jpg?resize=525%2C300&ssl=1 1.5x, https:\/\/i0.wp.com\/www.grieta.org.mx\/wp-content\/uploads\/2020\/01\/https-_www.vanguardiaveracruz.mx_wp-content_uploads_2020_01_ver-brujas.jpg?resize=700%2C400&ssl=1 2x, https:\/\/i0.wp.com\/www.grieta.org.mx\/wp-content\/uploads\/2020\/01\/https-_www.vanguardiaveracruz.mx_wp-content_uploads_2020_01_ver-brujas.jpg?resize=1050%2C600&ssl=1 3x"},"classes":[]},{"id":53386,"url":"https:\/\/www.grieta.org.mx\/index.php\/2020\/09\/11\/convocan-a-marcha-a-favor-del-aborto-seguro-en-xalapa-veracruz\/","url_meta":{"origin":47304,"position":1},"title":"Convocan a marcha a favor del aborto seguro, en Xalapa (Veracruz)","author":"grieta","date":"11 septiembre, 2020","format":false,"excerpt":"Fernanda Malpica \/ La silla rota Colectivas de defensoras organizan protesta a pie para el lunes 28 de septiembre; exhortan vestir de negro y portar pa\u00f1uelo verde Xalapa, Ver.- En el marco del D\u00eda de Acci\u00f3n Global por un Aborto Legal, Seguro y Gratuito, este 28 de septiembre, la colectiva\u2026","rel":"","context":"En &quot;CINTILLO&quot;","block_context":{"text":"CINTILLO","link":"https:\/\/www.grieta.org.mx\/index.php\/category\/cintillo\/"},"img":{"alt_text":"","src":"https:\/\/i0.wp.com\/www.grieta.org.mx\/wp-content\/uploads\/2020\/09\/7803f7126b4d47bca65bd19236e81847-focus-0-0-983-557.jpg?resize=350%2C200&ssl=1","width":350,"height":200,"srcset":"https:\/\/i0.wp.com\/www.grieta.org.mx\/wp-content\/uploads\/2020\/09\/7803f7126b4d47bca65bd19236e81847-focus-0-0-983-557.jpg?resize=350%2C200&ssl=1 1x, https:\/\/i0.wp.com\/www.grieta.org.mx\/wp-content\/uploads\/2020\/09\/7803f7126b4d47bca65bd19236e81847-focus-0-0-983-557.jpg?resize=525%2C300&ssl=1 1.5x, https:\/\/i0.wp.com\/www.grieta.org.mx\/wp-content\/uploads\/2020\/09\/7803f7126b4d47bca65bd19236e81847-focus-0-0-983-557.jpg?resize=700%2C400&ssl=1 2x"},"classes":[]},{"id":53692,"url":"https:\/\/www.grieta.org.mx\/index.php\/2020\/09\/16\/feministas-realizan-el-antigrita-en-el-zocalo-de-veracruz\/","url_meta":{"origin":47304,"position":2},"title":"Feministas realizan el &#8220;antigrita&#8221; en el Z\u00f3calo de Veracruz","author":"Admin","date":"16 septiembre, 2020","format":false,"excerpt":"Lorena Garc\u00eda \/ La silla rota Veracruz En manifestaci\u00f3n portaron banderas de M\u00e9xico y quemaron un mu\u00f1eco de tela que representaba al Presidente de la Rep\u00fablica Andr\u00e9s Manuel L\u00f3pez Obrador Veracruz, Ver.- Congregadas en el Z\u00f3calo de Veracruz, activistas de los derechos de las mujeres realizaron el \"antigrita\", para protestar\u2026","rel":"","context":"En &quot;CINTILLO&quot;","block_context":{"text":"CINTILLO","link":"https:\/\/www.grieta.org.mx\/index.php\/category\/cintillo\/"},"img":{"alt_text":"","src":"https:\/\/i0.wp.com\/www.grieta.org.mx\/wp-content\/uploads\/2020\/09\/d6413029ef4f4db3b663ee5187826e5a-focus-0-0-983-557.jpg?resize=350%2C200&ssl=1","width":350,"height":200,"srcset":"https:\/\/i0.wp.com\/www.grieta.org.mx\/wp-content\/uploads\/2020\/09\/d6413029ef4f4db3b663ee5187826e5a-focus-0-0-983-557.jpg?resize=350%2C200&ssl=1 1x, https:\/\/i0.wp.com\/www.grieta.org.mx\/wp-content\/uploads\/2020\/09\/d6413029ef4f4db3b663ee5187826e5a-focus-0-0-983-557.jpg?resize=525%2C300&ssl=1 1.5x, https:\/\/i0.wp.com\/www.grieta.org.mx\/wp-content\/uploads\/2020\/09\/d6413029ef4f4db3b663ee5187826e5a-focus-0-0-983-557.jpg?resize=700%2C400&ssl=1 2x"},"classes":[]},{"id":53389,"url":"https:\/\/www.grieta.org.mx\/index.php\/2020\/09\/10\/feministas-realizan-toma-simbolica-de-oficinas-de-cndh-en-veracruz\/","url_meta":{"origin":47304,"position":3},"title":"Feministas realizan toma simb\u00f3lica de oficinas de CNDH en Veracruz","author":"grieta","date":"10 septiembre, 2020","format":false,"excerpt":"V\u00cdCTOR M. TORIZ \/ La silla rota Veracruz, Ver.- Feministas de Veracruz protestaron en las oficinas de la delegaci\u00f3n de la Comisi\u00f3n Nacional de Derechos Humanos (CNDH) en la ciudad de Veracruz, en apoyo a la protesta que familiares de v\u00edctimas de feminicidio y asociaciones civiles llevan a cabo en\u2026","rel":"","context":"En &quot;CINTILLO&quot;","block_context":{"text":"CINTILLO","link":"https:\/\/www.grieta.org.mx\/index.php\/category\/cintillo\/"},"img":{"alt_text":"","src":"https:\/\/i0.wp.com\/www.grieta.org.mx\/wp-content\/uploads\/2020\/09\/Screenshot_2020-09-17-Feministas-realizan-toma-simbolica-de-oficinas-de-CNDH-en-Veracruz.jpg?resize=350%2C200&ssl=1","width":350,"height":200,"srcset":"https:\/\/i0.wp.com\/www.grieta.org.mx\/wp-content\/uploads\/2020\/09\/Screenshot_2020-09-17-Feministas-realizan-toma-simbolica-de-oficinas-de-CNDH-en-Veracruz.jpg?resize=350%2C200&ssl=1 1x, https:\/\/i0.wp.com\/www.grieta.org.mx\/wp-content\/uploads\/2020\/09\/Screenshot_2020-09-17-Feministas-realizan-toma-simbolica-de-oficinas-de-CNDH-en-Veracruz.jpg?resize=525%2C300&ssl=1 1.5x, https:\/\/i0.wp.com\/www.grieta.org.mx\/wp-content\/uploads\/2020\/09\/Screenshot_2020-09-17-Feministas-realizan-toma-simbolica-de-oficinas-de-CNDH-en-Veracruz.jpg?resize=700%2C400&ssl=1 2x, https:\/\/i0.wp.com\/www.grieta.org.mx\/wp-content\/uploads\/2020\/09\/Screenshot_2020-09-17-Feministas-realizan-toma-simbolica-de-oficinas-de-CNDH-en-Veracruz.jpg?resize=1050%2C600&ssl=1 3x"},"classes":[]},{"id":43324,"url":"https:\/\/www.grieta.org.mx\/index.php\/2019\/11\/03\/alcalde-de-veracruz-deja-plantadas-a-feministas-en-reunion-para-atender-casos-de-violaciones\/","url_meta":{"origin":47304,"position":4},"title":"Alcalde de Veracruz deja plantadas a feministas en reuni\u00f3n para atender casos de violaciones","author":"grieta","date":"3 noviembre, 2019","format":false,"excerpt":"Cynthia Z\u00fa\u00f1iga \/ Al calor pol\u00edtico El alcalde Fernando Yunes M\u00e1rquez plant\u00f3 a colectivos de mujeres que buscaba platicar sobre el mapeo de zonas de riesgo para las f\u00e9minas, esto debido a los 14 casos de violaciones sexuales ocurridas durante octubre en la conurbaci\u00f3n. Al respecto, Kary Hern\u00e1ndez quien forma\u2026","rel":"","context":"En &quot;CINTILLO&quot;","block_context":{"text":"CINTILLO","link":"https:\/\/www.grieta.org.mx\/index.php\/category\/cintillo\/"},"img":{"alt_text":"","src":"https:\/\/i0.wp.com\/www.grieta.org.mx\/wp-content\/uploads\/2020\/01\/133752plantadas_1_2.jpg?resize=350%2C200&ssl=1","width":350,"height":200,"srcset":"https:\/\/i0.wp.com\/www.grieta.org.mx\/wp-content\/uploads\/2020\/01\/133752plantadas_1_2.jpg?resize=350%2C200&ssl=1 1x, https:\/\/i0.wp.com\/www.grieta.org.mx\/wp-content\/uploads\/2020\/01\/133752plantadas_1_2.jpg?resize=525%2C300&ssl=1 1.5x"},"classes":[]},{"id":47278,"url":"https:\/\/www.grieta.org.mx\/index.php\/2020\/03\/25\/activistas-temen-violencia-contra-mujeres-en-cuarentena-veracruz\/","url_meta":{"origin":47304,"position":5},"title":"Activistas temen violencia contra mujeres en cuarentena (Veracruz)","author":"Admin","date":"25 marzo, 2020","format":false,"excerpt":"Abigail Montoya \/ Al calor pol\u00edtico La cuarentena por coronavirus deja vulnerables a las mujeres que viven violencia familiar, afirm\u00f3 la vocera de la Colectiva \u201cColmena Verde\u201d, Nancy Torres, quien afirm\u00f3 que han recibido 7 solicitudes de apoyo por agresiones. Explic\u00f3 que la violencia psicol\u00f3gica y verbal, es com\u00fan pero\u2026","rel":"","context":"En &quot;CINTILLO&quot;","block_context":{"text":"CINTILLO","link":"https:\/\/www.grieta.org.mx\/index.php\/category\/cintillo\/"},"img":{"alt_text":"","src":"https:\/\/i0.wp.com\/www.grieta.org.mx\/wp-content\/uploads\/2020\/04\/144330nancy_torres1.jpg?resize=350%2C200&ssl=1","width":350,"height":200,"srcset":"https:\/\/i0.wp.com\/www.grieta.org.mx\/wp-content\/uploads\/2020\/04\/144330nancy_torres1.jpg?resize=350%2C200&ssl=1 1x, https:\/\/i0.wp.com\/www.grieta.org.mx\/wp-content\/uploads\/2020\/04\/144330nancy_torres1.jpg?resize=525%2C300&ssl=1 1.5x"},"classes":[]}],"_links":{"self":[{"href":"https:\/\/www.grieta.org.mx\/index.php\/wp-json\/wp\/v2\/posts\/47304","targetHints":{"allow":["GET"]}}],"collection":[{"href":"https:\/\/www.grieta.org.mx\/index.php\/wp-json\/wp\/v2\/posts"}],"about":[{"href":"https:\/\/www.grieta.org.mx\/index.php\/wp-json\/wp\/v2\/types\/post"}],"author":[{"embeddable":true,"href":"https:\/\/www.grieta.org.mx\/index.php\/wp-json\/wp\/v2\/users\/1"}],"replies":[{"embeddable":true,"href":"https:\/\/www.grieta.org.mx\/index.php\/wp-json\/wp\/v2\/comments?post=47304"}],"version-history":[{"count":1,"href":"https:\/\/www.grieta.org.mx\/index.php\/wp-json\/wp\/v2\/posts\/47304\/revisions"}],"predecessor-version":[{"id":47308,"href":"https:\/\/www.grieta.org.mx\/index.php\/wp-json\/wp\/v2\/posts\/47304\/revisions\/47308"}],"wp:featuredmedia":[{"embeddable":true,"href":"https:\/\/www.grieta.org.mx\/index.php\/wp-json\/wp\/v2\/media\/47306"}],"wp:attachment":[{"href":"https:\/\/www.grieta.org.mx\/index.php\/wp-json\/wp\/v2\/media?parent=47304"}],"wp:term":[{"taxonomy":"category","embeddable":true,"href":"https:\/\/www.grieta.org.mx\/index.php\/wp-json\/wp\/v2\/categories?post=47304"},{"taxonomy":"post_tag","embeddable":true,"href":"https:\/\/www.grieta.org.mx\/index.php\/wp-json\/wp\/v2\/tags?post=47304"}],"curies":[{"name":"wp","href":"https:\/\/api.w.org\/{rel}","templated":true}]}}