{"id":47292,"date":"2020-03-12T17:42:20","date_gmt":"2020-03-12T23:42:20","guid":{"rendered":"http:\/\/www.grieta.org.mx\/?p=47292"},"modified":"2020-04-06T17:48:08","modified_gmt":"2020-04-06T22:48:08","slug":"gobierno-de-amlo-aumento-presupuesto-para-el-sector-salud-pero-lo-redujo-para-vigilancia-epidemiologica","status":"publish","type":"post","link":"https:\/\/www.grieta.org.mx\/index.php\/2020\/03\/12\/gobierno-de-amlo-aumento-presupuesto-para-el-sector-salud-pero-lo-redujo-para-vigilancia-epidemiologica\/","title":{"rendered":"Gobierno de AMLO aument\u00f3 presupuesto para el sector salud, pero lo redujo para vigilancia epidemiol\u00f3gica"},"content":{"rendered":"<blockquote><p>Para este a\u00f1o recort\u00f3 casi 57 millones de pesos a la Direcci\u00f3n General de Epidemiolog\u00eda<\/p><\/blockquote>\n<p>Infobae<\/p>\n<p>El gobierno del presidente Andr\u00e9s Manuel L\u00f3pez Obrador propuso en el Presupuesto de Egresos de la Federaci\u00f3n (PEF) un aumento de 0.18% en t\u00e9rminos reales al sector salud para 2020.<\/p>\n<p>El pleno de la C\u00e1mara de Diputados aprob\u00f3 el Paquete Econ\u00f3mico para este a\u00f1o con lo que otorg\u00f3 a la Secretar\u00eda de Salud un incremento de 4,332 millones de pesos, con respecto a lo que obtuvo en el 2019. Sin embargo, los recursos para combatir epidemias como la actual del coronavirus sufrieron un recorte.<\/p>\n<p>El presupuesto para el sector salud pas\u00f3 de 124 mil 266 millones 865,116 pesos el a\u00f1o pasado a 128 mil 826 millones 414, 373 pesos en este 2020.<\/p>\n<p>A finales de octubre, la C\u00e1mara de Diputados aprob\u00f3 la creaci\u00f3n del Instituto de Salud para el Bienestar (Insabi) que sustituy\u00f3 al Seguro Popular. En este 2020, su primer a\u00f1o de operaci\u00f3n, tendr\u00e1 un presupuesto de 112 mil 538.3 millones de pesos, pues los recursos humanos, financieros y materiales asignados a la Comisi\u00f3n Nacional de Protecci\u00f3n Social en Salud \u2013con los que se atend\u00eda el Seguro Popular\u2013 ser\u00e1n transferidos al nuevo organismo.<\/p>\n<p>Adem\u00e1s, se asignaron 72,538 millones de pesos a este rubro, a los que se suman 40,000 millones del Fideicomiso del Sistema de Protecci\u00f3n Social en Salud, que tambi\u00e9n ser\u00e1n transferidos al Insabi.<\/p>\n<p>El Senado tambi\u00e9n dio luz verde a la creaci\u00f3n del Insabi y de acuerdo con el decreto para su creaci\u00f3n, publicado en el Diario Oficial de la Federaci\u00f3n el pasado 29 de noviembre, el Instituto tiene por objetivo proveer y garantizar la prestaci\u00f3n gratuita del servicio de salud y medicamentos a personas sin seguridad social.<\/p>\n<p>El Instituto Mexicano del Seguro Social (IMSS), bajo la direcci\u00f3n de Zo\u00e9 Robledo, y el Instituto de Seguridad y Servicios Sociales de los Trabajadores del Estado (ISSSTE), a cargo de Luis Antonio Ram\u00edrez Pineda, fueron beneficiados en este ejercicio fiscal 2020.<\/p>\n<p>El presupuesto del IMSS pas\u00f3 de los 755 mil 440 millones a 834 mil 044 millones de pesos, es decir, 78,603 millones m\u00e1s que en 2019. Mientras que el ISSSTE tuvo un aumento de 26,120 millones de pesos.<\/p>\n<p>En contraste, la Direcci\u00f3n General de Epidemiolog\u00eda de la Secretar\u00eda de Salud tuvo una reducci\u00f3n de casi 57 millones de pesos en su presupuesto para este a\u00f1o, al pasar de m\u00e1s de 601millones a m\u00e1s de 544 millones de pesos,<\/p>\n<p>Esta direcci\u00f3n es de suma importancia en plena crisis global por la pandemia del coronavirus, ya que es responsable de la vigilancia epidemiol\u00f3gica y tiene a su cargo al Instituto Nacional de Diagn\u00f3stico y Referencia Epidemiol\u00f3gica (INDRE) que procesa los casos sospechosos de Covid-19 que aparezcan en el pa\u00eds.<\/p>\n<p>En ese contexto, a finales de febrero, la Confederaci\u00f3n Patronal de la Rep\u00fablica Mexicana (Coparmex), un organismo privado cr\u00edtico del gobierno federal, lament\u00f3 que, en plena contingencia mundial por el coronavirus, la Direcci\u00f3n General de Epidemiolog\u00eda opere con menos recursos que el a\u00f1o pasado.<\/p>\n<p>Por ello, hizo un llamado a las autoridades sanitarias mexicanas a poner en marcha protocolos de actuaci\u00f3n m\u00e1s estrictos e implementar las medidas pertinentes para contener la crisis sanitaria.<\/p>\n<p>Gustavo de Hoyos, presidente del organismo empresarial, detall\u00f3 que con los recortes presupuestales que el gobierno de Andr\u00e9s Manuel L\u00f3pez Obrador ha hecho, el sistema de salud del pa\u00eds se encuentra d\u00e9bil y menos preparado.<\/p>\n<p>&#8220;En la Coparmex hacemos un llamado al gobierno federal para establecer las acciones, asignaciones de presupuesto y protocolos necesarios, que nos permitan enfrentar con responsabilidad la llegada del virus a nuestro pa\u00eds, y a velar por la salud de los mexicanos\u201d.<\/p>\n<p>El subsecretario de Hacienda, Gabriel Sorio, asegur\u00f3 que la dependencia contempla brindarle un presupuesto adecuado a la Secretar\u00eda de Salud para que pueda hacerle frente a un posible avance del coronavirus en el pa\u00eds. Se pretende que el sector cuente con suficientes pruebas, diagn\u00f3sticos y equipo m\u00e9dico adecuado para afrontar esta emergencia.<\/p>\n<p><a href=\"https:\/\/www.infobae.com\/america\/mexico\/2020\/03\/13\/gobierno-de-amlo-aumento-presupuesto-para-el-sector-salud-pero-lo-redujo-para-vigilancia-epidemiologica\/\" target=\"_blank\" rel=\"noopener noreferrer\">https:\/\/www.infobae.com\/america\/mexico\/2020\/03\/13\/gobierno-de-amlo-aumento-presupuesto-para-el-sector-salud-pero-lo-redujo-para-vigilancia-epidemiologica\/<\/a><\/p>\n","protected":false},"excerpt":{"rendered":"<p>Para este a\u00f1o recort\u00f3 casi 57 millones de pesos a la Direcci\u00f3n General de Epidemiolog\u00eda Infobae El gobierno del presidente Andr\u00e9s Manuel L\u00f3pez Obrador propuso en el Presupuesto de Egresos &hellip; <a href=\"https:\/\/www.grieta.org.mx\/index.php\/2020\/03\/12\/gobierno-de-amlo-aumento-presupuesto-para-el-sector-salud-pero-lo-redujo-para-vigilancia-epidemiologica\/\" class=\"more-link\">Leer m\u00e1s<\/a><\/p>\n","protected":false},"author":2,"featured_media":21928,"comment_status":"closed","ping_status":"closed","sticky":false,"template":"","format":"standard","meta":{"ngg_post_thumbnail":0,"_jetpack_newsletter_access":"","_jetpack_dont_email_post_to_subs":false,"_jetpack_newsletter_tier_id":0,"_jetpack_memberships_contains_paywalled_content":false,"_jetpack_memberships_contains_paid_content":false,"footnotes":""},"categories":[80,918,83],"tags":[2367],"class_list":["post-47292","post","type-post","status-publish","format-standard","has-post-thumbnail","hentry","category-cintillo","category-privatizacion-del-sector-salud","category-temas-nacionales","tag-crisis-en-el-sector-salud","entry"],"jetpack_featured_media_url":"https:\/\/www.grieta.org.mx\/wp-content\/uploads\/2018\/03\/14524434_1106112876131411_958039263622046936_o.jpg","jetpack_sharing_enabled":true,"jetpack_shortlink":"https:\/\/wp.me\/p7ZJR4-ciM","jetpack_likes_enabled":false,"jetpack-related-posts":[{"id":49696,"url":"https:\/\/www.grieta.org.mx\/index.php\/2020\/05\/22\/alfaro-sugiere-recorte-de-presupuesto-a-salud-y-seguridad-deja-intacto-publicidad-jalisco\/","url_meta":{"origin":47292,"position":0},"title":"Alfaro sugiere recorte de presupuesto a salud y seguridad; deja intacto publicidad (Jalisco)","author":"grieta","date":"22 mayo, 2020","format":false,"excerpt":"Foto: Noticias ZMG Con informaci\u00f3n de Proceso \/ Noticias ZMG En la propuesta de 73 p\u00e1ginas, enviada el martes 19, Alfaro menciona que, con la pandemia, dependencias y entidades realizaron transferencias de recursos para dotar la partida \u201cayuda para erogaciones imprevistas\u201d, que excedieron los porcentajes establecidos en la Ley de\u2026","rel":"","context":"En &quot;CINTILLO&quot;","block_context":{"text":"CINTILLO","link":"https:\/\/www.grieta.org.mx\/index.php\/category\/cintillo\/"},"img":{"alt_text":"","src":"https:\/\/i0.wp.com\/www.grieta.org.mx\/wp-content\/uploads\/2020\/05\/bloggif_5ec7d115e6725.jpeg?resize=350%2C200&ssl=1","width":350,"height":200,"srcset":"https:\/\/i0.wp.com\/www.grieta.org.mx\/wp-content\/uploads\/2020\/05\/bloggif_5ec7d115e6725.jpeg?resize=350%2C200&ssl=1 1x, https:\/\/i0.wp.com\/www.grieta.org.mx\/wp-content\/uploads\/2020\/05\/bloggif_5ec7d115e6725.jpeg?resize=525%2C300&ssl=1 1.5x, https:\/\/i0.wp.com\/www.grieta.org.mx\/wp-content\/uploads\/2020\/05\/bloggif_5ec7d115e6725.jpeg?resize=700%2C400&ssl=1 2x"},"classes":[]},{"id":51899,"url":"https:\/\/www.grieta.org.mx\/index.php\/2020\/07\/15\/gobernador-roba-52-millones-de-pesos-a-trabajadores-de-la-salud-en-nayarit-denuncian\/","url_meta":{"origin":47292,"position":1},"title":"Gobernador roba 52 millones de pesos a trabajadores de la salud en Nayarit, denuncian","author":"grieta","date":"15 julio, 2020","format":false,"excerpt":"Foto: Realidades de Nayarit Denuncian trabajadores del sector salud que el gobernador panista, Antonio Echevarr\u00eda en contubernio con el Secretario de Salud, Ra\u00fal Santiago L\u00f3pez D\u00edaz, les quit\u00f3 a lo descarado de su cheque 52 millones 800 mil pesos presuntamente para las campa\u00f1as pol\u00edticas Servio Tulio Berumen \/ Realiades de\u2026","rel":"","context":"En &quot;CINTILLO&quot;","block_context":{"text":"CINTILLO","link":"https:\/\/www.grieta.org.mx\/index.php\/category\/cintillo\/"},"img":{"alt_text":"","src":"https:\/\/i0.wp.com\/www.grieta.org.mx\/wp-content\/uploads\/2018\/03\/14524434_1106112876131411_958039263622046936_o.jpg?resize=350%2C200&ssl=1","width":350,"height":200,"srcset":"https:\/\/i0.wp.com\/www.grieta.org.mx\/wp-content\/uploads\/2018\/03\/14524434_1106112876131411_958039263622046936_o.jpg?resize=350%2C200&ssl=1 1x, https:\/\/i0.wp.com\/www.grieta.org.mx\/wp-content\/uploads\/2018\/03\/14524434_1106112876131411_958039263622046936_o.jpg?resize=525%2C300&ssl=1 1.5x, https:\/\/i0.wp.com\/www.grieta.org.mx\/wp-content\/uploads\/2018\/03\/14524434_1106112876131411_958039263622046936_o.jpg?resize=700%2C400&ssl=1 2x"},"classes":[]},{"id":47289,"url":"https:\/\/www.grieta.org.mx\/index.php\/2019\/11\/27\/meten-tijeretazo-de-4-mil-mdp-para-2020-a-cancerologia-cardiologia-hospital-infantil\/","url_meta":{"origin":47292,"position":2},"title":"Meten &#8220;tijeretazo&#8221; de 4 mil mdp para 2020 a Cancerolog\u00eda, Cardiolog\u00eda, Hospital Infantil\u2026","author":"grieta","date":"27 noviembre, 2019","format":false,"excerpt":"En el PEF 2020 hubo s\u00f3lo cuatro centros m\u00e9dicos de alta especialidad que se vieron beneficiados con un incremento de recursos (Especial) Mariluz Rold\u00e1n \/ La Silla Rota El Instituto Nacional de Cancerolog\u00eda ser\u00e1 el m\u00e1s afectado, ya que se le asign\u00f3 un presupuesto de mil 409 millones 991 mil\u2026","rel":"","context":"En &quot;CINTILLO&quot;","block_context":{"text":"CINTILLO","link":"https:\/\/www.grieta.org.mx\/index.php\/category\/cintillo\/"},"img":{"alt_text":"","src":"https:\/\/i0.wp.com\/www.grieta.org.mx\/wp-content\/uploads\/2020\/04\/Meten-tijeretazo-de-4-mil-mdp-cdmx-abr.jpg?resize=350%2C200","width":350,"height":200},"classes":[]},{"id":33832,"url":"https:\/\/www.grieta.org.mx\/index.php\/2019\/05\/21\/mas-de-cien-trabajadores-del-sector-quedan-fuera-del-aumento-en-sinaloa\/","url_meta":{"origin":47292,"position":3},"title":"M\u00e1s de cien trabajadores del sector quedan fuera del aumento en Sinaloa","author":"grieta","date":"21 mayo, 2019","format":false,"excerpt":"Estefan\u00eda L\u00f3pez Corral \/ El Debate Culiac\u00e1n, Sinaloa.- Poco m\u00e1s de 100 trabajadores del sector de la salud quedaron fuera del incremento salarial pagado el pasado 15 de mayo con la reasignaci\u00f3n de 200 millones de pesos en el Presupuesto de Egresos 2019, por lo que se hicieron presentes en\u2026","rel":"","context":"En &quot;CINTILLO&quot;","block_context":{"text":"CINTILLO","link":"https:\/\/www.grieta.org.mx\/index.php\/category\/cintillo\/"},"img":{"alt_text":"","src":"https:\/\/i0.wp.com\/www.grieta.org.mx\/wp-content\/uploads\/2019\/05\/mxs_de_cien_trabajadores_quedan_fuera_del_aumento_en_sinaloa.jpg_219914347.jpg?resize=350%2C200&ssl=1","width":350,"height":200,"srcset":"https:\/\/i0.wp.com\/www.grieta.org.mx\/wp-content\/uploads\/2019\/05\/mxs_de_cien_trabajadores_quedan_fuera_del_aumento_en_sinaloa.jpg_219914347.jpg?resize=350%2C200&ssl=1 1x, https:\/\/i0.wp.com\/www.grieta.org.mx\/wp-content\/uploads\/2019\/05\/mxs_de_cien_trabajadores_quedan_fuera_del_aumento_en_sinaloa.jpg_219914347.jpg?resize=525%2C300&ssl=1 1.5x, https:\/\/i0.wp.com\/www.grieta.org.mx\/wp-content\/uploads\/2019\/05\/mxs_de_cien_trabajadores_quedan_fuera_del_aumento_en_sinaloa.jpg_219914347.jpg?resize=700%2C400&ssl=1 2x"},"classes":[]},{"id":35957,"url":"https:\/\/www.grieta.org.mx\/index.php\/2019\/07\/04\/finanzas-del-issste-en-medio-de-un-colapso\/","url_meta":{"origin":47292,"position":4},"title":"Finanzas del ISSSTE en medio de un colapso","author":"grieta","date":"4 julio, 2019","format":false,"excerpt":"Foto: Cortes\u00eda Redacci\u00f3n \/ Enfoque Informativo En medio del enorme desaf\u00edo que el sistema de salud en M\u00e9xico enfrenta, en el Instituto de Seguridad y Servicios Sociales de los Trabajadores del Estado (ISSSTE) 9 entidades federativas acumulan un adeudo 27 mil 411 millones de pesos, lo que representa un 88.7\u2026","rel":"","context":"En &quot;CINTILLO&quot;","block_context":{"text":"CINTILLO","link":"https:\/\/www.grieta.org.mx\/index.php\/category\/cintillo\/"},"img":{"alt_text":"","src":"https:\/\/i0.wp.com\/www.grieta.org.mx\/wp-content\/uploads\/2019\/07\/issste.jpg?resize=350%2C200&ssl=1","width":350,"height":200,"srcset":"https:\/\/i0.wp.com\/www.grieta.org.mx\/wp-content\/uploads\/2019\/07\/issste.jpg?resize=350%2C200&ssl=1 1x, https:\/\/i0.wp.com\/www.grieta.org.mx\/wp-content\/uploads\/2019\/07\/issste.jpg?resize=525%2C300&ssl=1 1.5x, https:\/\/i0.wp.com\/www.grieta.org.mx\/wp-content\/uploads\/2019\/07\/issste.jpg?resize=700%2C400&ssl=1 2x"},"classes":[]},{"id":1523,"url":"https:\/\/www.grieta.org.mx\/index.php\/2015\/11\/16\/arde-secretaria-de-salud\/","url_meta":{"origin":47292,"position":5},"title":"\u201cArde\u201d Secretar\u00eda de Salud","author":"grieta","date":"16 noviembre, 2015","format":false,"excerpt":"Mientras trabajadores denuncian que se atras\u00f3 el pago de sus salarios por el desfalco en Salud, el secretario \u00e1lvaro Arceo Ortiz reconoce que no se sabe de 500 millones de pesos presuntamente malversados CAMPECHE, Cam., 16 de noviembre.- Mientras que un grupo de trabajadores denunciaron que se atras\u00f3 el pago\u2026","rel":"","context":"En &quot;campeche&quot;","block_context":{"text":"campeche","link":"https:\/\/www.grieta.org.mx\/index.php\/category\/campeche\/"},"img":{"alt_text":"","src":"https:\/\/i0.wp.com\/www.grieta.org.mx\/wp-content\/uploads\/2018\/03\/14524434_1106112876131411_958039263622046936_o.jpg?resize=350%2C200&ssl=1","width":350,"height":200,"srcset":"https:\/\/i0.wp.com\/www.grieta.org.mx\/wp-content\/uploads\/2018\/03\/14524434_1106112876131411_958039263622046936_o.jpg?resize=350%2C200&ssl=1 1x, https:\/\/i0.wp.com\/www.grieta.org.mx\/wp-content\/uploads\/2018\/03\/14524434_1106112876131411_958039263622046936_o.jpg?resize=525%2C300&ssl=1 1.5x, https:\/\/i0.wp.com\/www.grieta.org.mx\/wp-content\/uploads\/2018\/03\/14524434_1106112876131411_958039263622046936_o.jpg?resize=700%2C400&ssl=1 2x"},"classes":[]}],"_links":{"self":[{"href":"https:\/\/www.grieta.org.mx\/index.php\/wp-json\/wp\/v2\/posts\/47292","targetHints":{"allow":["GET"]}}],"collection":[{"href":"https:\/\/www.grieta.org.mx\/index.php\/wp-json\/wp\/v2\/posts"}],"about":[{"href":"https:\/\/www.grieta.org.mx\/index.php\/wp-json\/wp\/v2\/types\/post"}],"author":[{"embeddable":true,"href":"https:\/\/www.grieta.org.mx\/index.php\/wp-json\/wp\/v2\/users\/2"}],"replies":[{"embeddable":true,"href":"https:\/\/www.grieta.org.mx\/index.php\/wp-json\/wp\/v2\/comments?post=47292"}],"version-history":[{"count":1,"href":"https:\/\/www.grieta.org.mx\/index.php\/wp-json\/wp\/v2\/posts\/47292\/revisions"}],"predecessor-version":[{"id":47293,"href":"https:\/\/www.grieta.org.mx\/index.php\/wp-json\/wp\/v2\/posts\/47292\/revisions\/47293"}],"wp:featuredmedia":[{"embeddable":true,"href":"https:\/\/www.grieta.org.mx\/index.php\/wp-json\/wp\/v2\/media\/21928"}],"wp:attachment":[{"href":"https:\/\/www.grieta.org.mx\/index.php\/wp-json\/wp\/v2\/media?parent=47292"}],"wp:term":[{"taxonomy":"category","embeddable":true,"href":"https:\/\/www.grieta.org.mx\/index.php\/wp-json\/wp\/v2\/categories?post=47292"},{"taxonomy":"post_tag","embeddable":true,"href":"https:\/\/www.grieta.org.mx\/index.php\/wp-json\/wp\/v2\/tags?post=47292"}],"curies":[{"name":"wp","href":"https:\/\/api.w.org\/{rel}","templated":true}]}}