{"id":47289,"date":"2019-11-27T17:23:01","date_gmt":"2019-11-27T23:23:01","guid":{"rendered":"http:\/\/www.grieta.org.mx\/?p=47289"},"modified":"2020-04-06T17:39:34","modified_gmt":"2020-04-06T22:39:34","slug":"meten-tijeretazo-de-4-mil-mdp-para-2020-a-cancerologia-cardiologia-hospital-infantil","status":"publish","type":"post","link":"https:\/\/www.grieta.org.mx\/index.php\/2019\/11\/27\/meten-tijeretazo-de-4-mil-mdp-para-2020-a-cancerologia-cardiologia-hospital-infantil\/","title":{"rendered":"Meten &#8220;tijeretazo&#8221; de 4 mil mdp para 2020 a Cancerolog\u00eda, Cardiolog\u00eda, Hospital Infantil\u2026"},"content":{"rendered":"<p><img loading=\"lazy\" decoding=\"async\" data-attachment-id=\"47290\" data-permalink=\"https:\/\/www.grieta.org.mx\/index.php\/2019\/11\/27\/meten-tijeretazo-de-4-mil-mdp-para-2020-a-cancerologia-cardiologia-hospital-infantil\/meten-tijeretazo-de-4-mil-mdp-cdmx-abr\/\" data-orig-file=\"https:\/\/www.grieta.org.mx\/wp-content\/uploads\/2020\/04\/Meten-tijeretazo-de-4-mil-mdp-cdmx-abr.jpg\" data-orig-size=\"270,187\" data-comments-opened=\"0\" data-image-meta=\"{&quot;aperture&quot;:&quot;0&quot;,&quot;credit&quot;:&quot;&quot;,&quot;camera&quot;:&quot;&quot;,&quot;caption&quot;:&quot;&quot;,&quot;created_timestamp&quot;:&quot;0&quot;,&quot;copyright&quot;:&quot;&quot;,&quot;focal_length&quot;:&quot;0&quot;,&quot;iso&quot;:&quot;0&quot;,&quot;shutter_speed&quot;:&quot;0&quot;,&quot;title&quot;:&quot;&quot;,&quot;orientation&quot;:&quot;0&quot;}\" data-image-title=\"Meten tijeretazo de 4 mil mdp cdmx abr\" data-image-description=\"\" data-image-caption=\"\" data-medium-file=\"https:\/\/www.grieta.org.mx\/wp-content\/uploads\/2020\/04\/Meten-tijeretazo-de-4-mil-mdp-cdmx-abr.jpg\" data-large-file=\"https:\/\/www.grieta.org.mx\/wp-content\/uploads\/2020\/04\/Meten-tijeretazo-de-4-mil-mdp-cdmx-abr.jpg\" class=\"aligncenter size-full wp-image-47290\" src=\"http:\/\/www.grieta.org.mx\/wp-content\/uploads\/2020\/04\/Meten-tijeretazo-de-4-mil-mdp-cdmx-abr.jpg\" alt=\"\" width=\"270\" height=\"187\" \/><br \/>\n<em>En el PEF 2020 hubo s\u00f3lo cuatro centros m\u00e9dicos de alta especialidad que se vieron beneficiados con un incremento de recursos (Especial)<\/em><\/p>\n<p>Mariluz Rold\u00e1n \/ La Silla Rota<\/p>\n<blockquote><p>El Instituto Nacional de Cancerolog\u00eda ser\u00e1 el m\u00e1s afectado, ya que se le asign\u00f3 un presupuesto de mil 409 millones 991 mil 855 pesos; una disminuci\u00f3n de 727 mdp<\/p><\/blockquote>\n<p>Los Institutos Nacionales de Salud y Hospitales de Alta Especialidad tendr\u00e1n que apretarse bien el cintur\u00f3n en 2020, ya que a 18 de ellos les metieron tijera en el Presupuesto de Egresos de la Federaci\u00f3n y contar\u00e1n con 4 mil 066 millones 423 mil 095 pesos menos en comparaci\u00f3n con 2019, cuando ya de por s\u00ed registraron casos de desabasto y problemas para contratar servicios subrogados.<\/p>\n<p>El Instituto Nacional de Cancerolog\u00eda es el m\u00e1s afectado, ya que se le asign\u00f3 un presupuesto de mil 409 millones 991 mil 855 pesos, lo que representa una disminuci\u00f3n de 727 millones 522 mil 703, ya que para este a\u00f1o cont\u00f3 con 2 mil 137 millones 514 mil 558. Incluso su presupuesto para el pr\u00f3ximo a\u00f1o es menor a los que tuvo en 2018 y 2017.<\/p>\n<p>Cabe mencionar que es probable que reciba m\u00e1s recursos, ya que en el PEF 2020 que aprobaron los diputados se asignaron 120 millones de pesos para programas de atenci\u00f3n y prevenci\u00f3n de c\u00e1ncer de mama y pr\u00f3stata, aunque no se se\u00f1ala que sea espec\u00edficamente para el INCan.<\/p>\n<p>En un caso similar est\u00e1 el Instituto Nacional de Ciencias M\u00e9dicas y Nutrici\u00f3n Salvador Zubir\u00e1n, ya que contar\u00e1 con 717 millones 924 mil 067 pesos menos para su funcionamiento en 2020, ya que se le asign\u00f3 un presupuesto de mil 590 millones 753 mil 692, mientras que para 2019 tuvo 2 mil 308 millones 677 mil 759.<\/p>\n<p>El Instituto Nacional de Cardiolog\u00eda Ignacio Ch\u00e1vez tambi\u00e9n fue v\u00edctima de los recortes, porque tendr\u00e1 un monto de mil 341 millones 002 mil 851 pesos en 2020, esto representa 380 millones 130 mil 879 pesos menos con comparaci\u00f3n con 2019, cuando se le asignaron mil 721 millones 133 mil 730.<\/p>\n<p>El Hospital Infantil de M\u00e9xico Federico G\u00f3mez no se salv\u00f3 tampoco de que le disminuyeran recursos en el Presupuesto de Egresos de la Federaci\u00f3n 2020. Su recorte es de 366 millones 063 mil 838 pesos, porque le asignaron mil 603 millones 860 mil 577 para que ejerza a partir de enero pr\u00f3ximo, pero es una cifra menor a la que tuvo en 2019, que ascendi\u00f3 a mil 969 millones 924 mil 415 pesos.<\/p>\n<p>Destaca que este hospital es uno de los que m\u00e1s padeci\u00f3 en 2019. LA SILLA ROTA dio a conocer en mayo pasado que m\u00e9dicos denunciaron que les pidieron reducir al 50% el n\u00famero de intervenciones quir\u00fargicas debido a la falta de recursos.<\/p>\n<p>La crisis m\u00e1s sobresaliente en este hospital fue el desabasto de metotrexato para ni\u00f1os que tienen leucemia linfobl\u00e1stica aguda, que fue denunciado por un grupo de padres de familia que a\u00fan contin\u00faan en pie de lucha hasta que les aseguren que sus hijos tendr\u00e1n la atenci\u00f3n necesaria a\u00fan con la transici\u00f3n del Seguro Popular al Instituto de Salud para el Bienestar.<\/p>\n<p>El Instituto Nacional de Enfermedades Respiratorias Ismael Cos\u00edo Villegas tampoco se salv\u00f3 de que le metieran tijera. En 2020, tendr\u00e1 mil 272 millones 847 mil 507 pesos para su funcionamiento, mientras que en 2019 le asignaron mil 616 millones 066 mil 687, lo que representa una disminuci\u00f3n de 343 millones 219 mil 180.<\/p>\n<p>Aunque no sufrieron los principales recortes, el Hospital General de M\u00e9xico Dr. Eduardo Liceaga y el Instituto Nacional de Neurolog\u00eda y Neurocirug\u00eda Manuel Velasco Su\u00e1rez tambi\u00e9n recibir\u00e1n un presupuesto menor para su operaci\u00f3n a partir de enero pr\u00f3ximo.<\/p>\n<p>El Hospital General de M\u00e9xico Dr. Eduardo Liceaga es uno de los que recibe a la mayor carga de pacientes sin seguridad social. LA SILLA ROTA document\u00f3 que los pacientes tienen que estar en lista de espera aunque tengan una condici\u00f3n grave, ya que los servicios est\u00e1n rebasados.<\/p>\n<p>A pesar de esto, para el pr\u00f3ximo a\u00f1o se le asignaron 3 mil 351 millones 486 mil 685 pesos, es decir, 294 millones 477 mil 520 menos en comparaci\u00f3n con este a\u00f1o, cuando cont\u00f3 con 3 mil 645 millones 964 mil 205. Incluso contar\u00e1 con menos dinero que en 2018 y 2017.<\/p>\n<p>El Instituto Nacional de Neurolog\u00eda y Neurocirug\u00eda Manuel Velasco Su\u00e1rez es otro de los hospitales que ha sufrido problemas de operaci\u00f3n en este a\u00f1o. LA SILLA ROTA public\u00f3 en mayo pasado un reportaje en el que trabajadores de este hospital denunciaron que faltaban medicamentos e insumos, y que el personal era insuficiente, lo que ten\u00eda un impacto directo en las intervenciones quir\u00fargicas y hospitalizaci\u00f3n.<\/p>\n<p>Adem\u00e1s, se cancelaron servicios subrogados como el de lavander\u00eda, raz\u00f3n por la que no contaban con s\u00e1banas suficientes para los pacientes. En junio se inform\u00f3 que el Instituto suspendi\u00f3 por cuatro horas los estudios de tomograf\u00eda contrastada por falta de jeringas.<\/p>\n<p>Los Institutos Nacionales de Salud tuvieron un 2019 complejo, ya que en mayo pasado la Secretar\u00eda de Hacienda les congel\u00f3 2 mil 400 millones de pesos que despu\u00e9s fueron liberados, pero que por un momento encendieron las alertas sobre su capacidad de operaci\u00f3n, ya que en esa ocasi\u00f3n se\u00f1alaron que ya estaban sufriendo problemas para contratar algunos servicios subrogados y que los recortes de personal ya estaban afectando la atenci\u00f3n, porque los que est\u00e1n ten\u00edan que trabajar horas extras.<\/p>\n<p>Del otro lado de la balanza<\/p>\n<p>En el Presupuesto de Egresos de la Federaci\u00f3n 2020 hubo cuatro centros m\u00e9dicos de alta especialidad que se vieron beneficiados con un incremento de recursos, el que recibi\u00f3 el mayor aumento es el Hospital Regional de Alta Especialidad de la Pen\u00ednsula de Yucat\u00e1n, que contar\u00e1 con 995 millones 349 mil 701 para su operaci\u00f3n el pr\u00f3ximo a\u00f1o, es decir, tendr\u00e1 90 millones 097 mil 721 m\u00e1s que este a\u00f1o, cuando le otorgaron 905 millones 251 mil 980.<\/p>\n<p>Otro caso es el Hospital Regional de Alta Especialidad de Ciudad Victoria &#8220;Bicentenario 2010&#8221;, que tuvo un aumento de 11 millones 761 mil 062 pesos. Para su operaci\u00f3n en 2020 se le asignaron 779 millones 048 mil 725, mientras que en 2019 cont\u00f3 con 767 millones 287 mil 663.<\/p>\n<p>El Instituto Nacional de Medicina Gen\u00f3mica tuvo un incremento simb\u00f3lico de un mill\u00f3n 752 mil 981 pesos, ya que su presupuesto para el pr\u00f3ximo a\u00f1o es de 198 millones 981 mil 395. En una situaci\u00f3n similar se encuentra el Instituto Nacional de Perinatolog\u00eda Isidro Espinosa de los Reyes, al que le otorgaron un mill\u00f3n 050 mil 423 pesos m\u00e1s que en 2019; en 2020 contar\u00e1 con un monto de 983 millones 802 mil 976 pesos.<\/p>\n<p><a href=\"https:\/\/lasillarota.com\/nacion\/meten-tijeretazo-de-4-mil-mdp-para-2020-a-cancerologia-cardiologia-hospital-infantil-salud-dinero-afectaciones-presupuesto\/339142\" target=\"_blank\" rel=\"noopener noreferrer\">https:\/\/lasillarota.com\/nacion\/meten-tijeretazo-de-4-mil-mdp-para-2020-a-cancerologia-cardiologia-hospital-infantil-salud-dinero-afectaciones-presupuesto\/339142<\/a><\/p>\n","protected":false},"excerpt":{"rendered":"<p>En el PEF 2020 hubo s\u00f3lo cuatro centros m\u00e9dicos de alta especialidad que se vieron beneficiados con un incremento de recursos (Especial) Mariluz Rold\u00e1n \/ La Silla Rota El Instituto &hellip; <a href=\"https:\/\/www.grieta.org.mx\/index.php\/2019\/11\/27\/meten-tijeretazo-de-4-mil-mdp-para-2020-a-cancerologia-cardiologia-hospital-infantil\/\" class=\"more-link\">Leer m\u00e1s<\/a><\/p>\n","protected":false},"author":2,"featured_media":47290,"comment_status":"closed","ping_status":"closed","sticky":false,"template":"","format":"standard","meta":{"ngg_post_thumbnail":0,"_jetpack_newsletter_access":"","_jetpack_dont_email_post_to_subs":false,"_jetpack_newsletter_tier_id":0,"_jetpack_memberships_contains_paywalled_content":false,"_jetpack_memberships_contains_paid_content":false,"footnotes":""},"categories":[80,14,918,3033,2,83],"tags":[3133],"class_list":["post-47289","post","type-post","status-publish","format-standard","has-post-thumbnail","hentry","category-cintillo","category-ciudad-de-mexico","category-privatizacion-del-sector-salud","category-crisis-en-el-sector-salud-en-la-ciudad-de-mexico","category-noticias-nacionales","category-temas-nacionales","tag-crisis-del-sector-salud","entry"],"jetpack_featured_media_url":"https:\/\/www.grieta.org.mx\/wp-content\/uploads\/2020\/04\/Meten-tijeretazo-de-4-mil-mdp-cdmx-abr.jpg","jetpack_sharing_enabled":true,"jetpack_shortlink":"https:\/\/wp.me\/p7ZJR4-ciJ","jetpack_likes_enabled":false,"jetpack-related-posts":[{"id":34822,"url":"https:\/\/www.grieta.org.mx\/index.php\/2019\/06\/13\/instituto-de-neurologia-suspende-211-tratamientos-por-falta-de-recursos-ciudad-de-mexico\/","url_meta":{"origin":47289,"position":0},"title":"Instituto de Neurolog\u00eda suspende 211 tratamientos por falta de recursos (Ciudad de M\u00e9xico)","author":"grieta","date":"13 junio, 2019","format":false,"excerpt":"Anabel Clemente\/El Financiero Esa instituci\u00f3n p\u00fablica de alta especialidad, que depende de la Secretar\u00eda de Salud, ten\u00eda programados mil 948 procedimientos, pero s\u00f3lo se pudieron realizar mil 737. En el primer trimestre del a\u00f1o, el Instituto Nacional de Neurolog\u00eda y Neurocirug\u00eda \u201cManuel Velasco Su\u00e1rez\u201d (INNNMVS) dej\u00f3 de realizar, por falta\u2026","rel":"","context":"En &quot;CINTILLO&quot;","block_context":{"text":"CINTILLO","link":"https:\/\/www.grieta.org.mx\/index.php\/category\/cintillo\/"},"img":{"alt_text":"","src":"https:\/\/i0.wp.com\/www.grieta.org.mx\/wp-content\/uploads\/2019\/06\/483101a6bc1560399230_standard_desktop_medium_retina.jpeg?resize=350%2C200&ssl=1","width":350,"height":200,"srcset":"https:\/\/i0.wp.com\/www.grieta.org.mx\/wp-content\/uploads\/2019\/06\/483101a6bc1560399230_standard_desktop_medium_retina.jpeg?resize=350%2C200&ssl=1 1x, https:\/\/i0.wp.com\/www.grieta.org.mx\/wp-content\/uploads\/2019\/06\/483101a6bc1560399230_standard_desktop_medium_retina.jpeg?resize=525%2C300&ssl=1 1.5x, https:\/\/i0.wp.com\/www.grieta.org.mx\/wp-content\/uploads\/2019\/06\/483101a6bc1560399230_standard_desktop_medium_retina.jpeg?resize=700%2C400&ssl=1 2x"},"classes":[]},{"id":44050,"url":"https:\/\/www.grieta.org.mx\/index.php\/2020\/02\/01\/faltan-a-salud-1000-mdp-para-medicinas-tabasco\/","url_meta":{"origin":47289,"position":1},"title":"Faltan a Salud 1000 mdp para medicinas (Tabasco)","author":"grieta","date":"1 febrero, 2020","format":false,"excerpt":"Rub\u00e9n Concepci\u00f3n G\u00f3ngora \/ El Heraldo de Tabasco Silvia Rold\u00e1n Fern\u00e1ndez reconoci\u00f3 que hay un desabasto de medicamentos en Tabasco de un 30 por ciento y que se requiere de mil millones de pesos para estar al 100 por ciento. La Secretaria de Salud digo que traen cubierto m\u00e1s o\u2026","rel":"","context":"En &quot;CINTILLO&quot;","block_context":{"text":"CINTILLO","link":"https:\/\/www.grieta.org.mx\/index.php\/category\/cintillo\/"},"img":{"alt_text":"","src":"https:\/\/i0.wp.com\/www.grieta.org.mx\/wp-content\/uploads\/2020\/02\/66.jpg?resize=350%2C200&ssl=1","width":350,"height":200,"srcset":"https:\/\/i0.wp.com\/www.grieta.org.mx\/wp-content\/uploads\/2020\/02\/66.jpg?resize=350%2C200&ssl=1 1x, https:\/\/i0.wp.com\/www.grieta.org.mx\/wp-content\/uploads\/2020\/02\/66.jpg?resize=525%2C300&ssl=1 1.5x, https:\/\/i0.wp.com\/www.grieta.org.mx\/wp-content\/uploads\/2020\/02\/66.jpg?resize=700%2C400&ssl=1 2x"},"classes":[]},{"id":49696,"url":"https:\/\/www.grieta.org.mx\/index.php\/2020\/05\/22\/alfaro-sugiere-recorte-de-presupuesto-a-salud-y-seguridad-deja-intacto-publicidad-jalisco\/","url_meta":{"origin":47289,"position":2},"title":"Alfaro sugiere recorte de presupuesto a salud y seguridad; deja intacto publicidad (Jalisco)","author":"grieta","date":"22 mayo, 2020","format":false,"excerpt":"Foto: Noticias ZMG Con informaci\u00f3n de Proceso \/ Noticias ZMG En la propuesta de 73 p\u00e1ginas, enviada el martes 19, Alfaro menciona que, con la pandemia, dependencias y entidades realizaron transferencias de recursos para dotar la partida \u201cayuda para erogaciones imprevistas\u201d, que excedieron los porcentajes establecidos en la Ley de\u2026","rel":"","context":"En &quot;CINTILLO&quot;","block_context":{"text":"CINTILLO","link":"https:\/\/www.grieta.org.mx\/index.php\/category\/cintillo\/"},"img":{"alt_text":"","src":"https:\/\/i0.wp.com\/www.grieta.org.mx\/wp-content\/uploads\/2020\/05\/bloggif_5ec7d115e6725.jpeg?resize=350%2C200&ssl=1","width":350,"height":200,"srcset":"https:\/\/i0.wp.com\/www.grieta.org.mx\/wp-content\/uploads\/2020\/05\/bloggif_5ec7d115e6725.jpeg?resize=350%2C200&ssl=1 1x, https:\/\/i0.wp.com\/www.grieta.org.mx\/wp-content\/uploads\/2020\/05\/bloggif_5ec7d115e6725.jpeg?resize=525%2C300&ssl=1 1.5x, https:\/\/i0.wp.com\/www.grieta.org.mx\/wp-content\/uploads\/2020\/05\/bloggif_5ec7d115e6725.jpeg?resize=700%2C400&ssl=1 2x"},"classes":[]},{"id":49949,"url":"https:\/\/www.grieta.org.mx\/index.php\/2020\/05\/27\/la-semana-pasada-no-se-le-aplico-quimioterapia-a-mi-nina-por-desabasto-en-cancerologia\/","url_meta":{"origin":47289,"position":3},"title":"La semana pasada no se le aplic\u00f3 quimioterapia a mi ni\u00f1a\u2026 por desabasto en Cancerolog\u00eda (Colima)","author":"grieta","date":"27 mayo, 2020","format":false,"excerpt":"Foto: Diario Avanzada Heidi de Le\u00f3n Guti\u00e9rrez \/ Diario Avanzada Colima, M\u00e9xico, Avanzada (27\/05\/2020).- Norma Adriana Carrasco Chocotero solicit\u00f3 a las autoridades del Sector Salud a no olvidarse de los ni\u00f1os con c\u00e1ncer y por el contrario, garantizarles los medicamentos que requieren para sus quimioterapias. La madre de familia de\u2026","rel":"","context":"En &quot;CINTILLO&quot;","block_context":{"text":"CINTILLO","link":"https:\/\/www.grieta.org.mx\/index.php\/category\/cintillo\/"},"img":{"alt_text":"","src":"https:\/\/i0.wp.com\/www.grieta.org.mx\/wp-content\/uploads\/2020\/05\/Hospital-Camas.jpg?resize=350%2C200&ssl=1","width":350,"height":200,"srcset":"https:\/\/i0.wp.com\/www.grieta.org.mx\/wp-content\/uploads\/2020\/05\/Hospital-Camas.jpg?resize=350%2C200&ssl=1 1x, https:\/\/i0.wp.com\/www.grieta.org.mx\/wp-content\/uploads\/2020\/05\/Hospital-Camas.jpg?resize=525%2C300&ssl=1 1.5x, https:\/\/i0.wp.com\/www.grieta.org.mx\/wp-content\/uploads\/2020\/05\/Hospital-Camas.jpg?resize=700%2C400&ssl=1 2x"},"classes":[]},{"id":50727,"url":"https:\/\/www.grieta.org.mx\/index.php\/2020\/06\/10\/colima-reporto-en-abril-un-gasto-de-49-mdp-para-adquirir-ventiladores-no-llegaron\/","url_meta":{"origin":47289,"position":4},"title":"Colima report\u00f3 en abril un gasto de 49 MDP para adquirir ventiladores\u2026 no llegaron","author":"grieta","date":"10 junio, 2020","format":false,"excerpt":"foto: Diario Avanzada Heidi de Le\u00f3n Guti\u00e9rrez \/ Diario Avanzada Colima, M\u00e9xico, Avanzada (10\/06\/2020).- Desde el pasado mes de abril, el Gobierno de Colima report\u00f3 que compr\u00f3 50 ventiladores adulto-pedi\u00e1tricos que servir\u00e1n para atender a los enfermos del Covid-19 y por los cuales pag\u00f3 49 millones de pesos, pero a\u2026","rel":"","context":"En &quot;CINTILLO&quot;","block_context":{"text":"CINTILLO","link":"https:\/\/www.grieta.org.mx\/index.php\/category\/cintillo\/"},"img":{"alt_text":"","src":"https:\/\/i0.wp.com\/www.grieta.org.mx\/wp-content\/uploads\/2020\/06\/Salud-Covid-2.jpeg?resize=350%2C200&ssl=1","width":350,"height":200,"srcset":"https:\/\/i0.wp.com\/www.grieta.org.mx\/wp-content\/uploads\/2020\/06\/Salud-Covid-2.jpeg?resize=350%2C200&ssl=1 1x, https:\/\/i0.wp.com\/www.grieta.org.mx\/wp-content\/uploads\/2020\/06\/Salud-Covid-2.jpeg?resize=525%2C300&ssl=1 1.5x, https:\/\/i0.wp.com\/www.grieta.org.mx\/wp-content\/uploads\/2020\/06\/Salud-Covid-2.jpeg?resize=700%2C400&ssl=1 2x"},"classes":[]},{"id":47292,"url":"https:\/\/www.grieta.org.mx\/index.php\/2020\/03\/12\/gobierno-de-amlo-aumento-presupuesto-para-el-sector-salud-pero-lo-redujo-para-vigilancia-epidemiologica\/","url_meta":{"origin":47289,"position":5},"title":"Gobierno de AMLO aument\u00f3 presupuesto para el sector salud, pero lo redujo para vigilancia epidemiol\u00f3gica","author":"grieta","date":"12 marzo, 2020","format":false,"excerpt":"Para este a\u00f1o recort\u00f3 casi 57 millones de pesos a la Direcci\u00f3n General de Epidemiolog\u00eda Infobae El gobierno del presidente Andr\u00e9s Manuel L\u00f3pez Obrador propuso en el Presupuesto de Egresos de la Federaci\u00f3n (PEF) un aumento de 0.18% en t\u00e9rminos reales al sector salud para 2020. El pleno de la\u2026","rel":"","context":"En &quot;CINTILLO&quot;","block_context":{"text":"CINTILLO","link":"https:\/\/www.grieta.org.mx\/index.php\/category\/cintillo\/"},"img":{"alt_text":"","src":"https:\/\/i0.wp.com\/www.grieta.org.mx\/wp-content\/uploads\/2018\/03\/14524434_1106112876131411_958039263622046936_o.jpg?resize=350%2C200&ssl=1","width":350,"height":200,"srcset":"https:\/\/i0.wp.com\/www.grieta.org.mx\/wp-content\/uploads\/2018\/03\/14524434_1106112876131411_958039263622046936_o.jpg?resize=350%2C200&ssl=1 1x, https:\/\/i0.wp.com\/www.grieta.org.mx\/wp-content\/uploads\/2018\/03\/14524434_1106112876131411_958039263622046936_o.jpg?resize=525%2C300&ssl=1 1.5x, https:\/\/i0.wp.com\/www.grieta.org.mx\/wp-content\/uploads\/2018\/03\/14524434_1106112876131411_958039263622046936_o.jpg?resize=700%2C400&ssl=1 2x"},"classes":[]}],"_links":{"self":[{"href":"https:\/\/www.grieta.org.mx\/index.php\/wp-json\/wp\/v2\/posts\/47289","targetHints":{"allow":["GET"]}}],"collection":[{"href":"https:\/\/www.grieta.org.mx\/index.php\/wp-json\/wp\/v2\/posts"}],"about":[{"href":"https:\/\/www.grieta.org.mx\/index.php\/wp-json\/wp\/v2\/types\/post"}],"author":[{"embeddable":true,"href":"https:\/\/www.grieta.org.mx\/index.php\/wp-json\/wp\/v2\/users\/2"}],"replies":[{"embeddable":true,"href":"https:\/\/www.grieta.org.mx\/index.php\/wp-json\/wp\/v2\/comments?post=47289"}],"version-history":[{"count":1,"href":"https:\/\/www.grieta.org.mx\/index.php\/wp-json\/wp\/v2\/posts\/47289\/revisions"}],"predecessor-version":[{"id":47291,"href":"https:\/\/www.grieta.org.mx\/index.php\/wp-json\/wp\/v2\/posts\/47289\/revisions\/47291"}],"wp:featuredmedia":[{"embeddable":true,"href":"https:\/\/www.grieta.org.mx\/index.php\/wp-json\/wp\/v2\/media\/47290"}],"wp:attachment":[{"href":"https:\/\/www.grieta.org.mx\/index.php\/wp-json\/wp\/v2\/media?parent=47289"}],"wp:term":[{"taxonomy":"category","embeddable":true,"href":"https:\/\/www.grieta.org.mx\/index.php\/wp-json\/wp\/v2\/categories?post=47289"},{"taxonomy":"post_tag","embeddable":true,"href":"https:\/\/www.grieta.org.mx\/index.php\/wp-json\/wp\/v2\/tags?post=47289"}],"curies":[{"name":"wp","href":"https:\/\/api.w.org\/{rel}","templated":true}]}}