{"id":47272,"date":"2020-03-30T15:26:12","date_gmt":"2020-03-30T21:26:12","guid":{"rendered":"http:\/\/www.grieta.org.mx\/?p=47272"},"modified":"2020-04-06T15:30:49","modified_gmt":"2020-04-06T20:30:49","slug":"motin-de-migrantes-tabasco","status":"publish","type":"post","link":"https:\/\/www.grieta.org.mx\/index.php\/2020\/03\/30\/motin-de-migrantes-tabasco\/","title":{"rendered":"Mot\u00edn de migrantes (Tabasco)"},"content":{"rendered":"<p><a href=\"http:\/\/www.grieta.org.mx\/wp-content\/uploads\/2020\/04\/Screenshot_2020-04-06-Mot\u00edn-de-migrantes.png\"><img loading=\"lazy\" decoding=\"async\" data-attachment-id=\"47273\" data-permalink=\"https:\/\/www.grieta.org.mx\/index.php\/2020\/03\/30\/motin-de-migrantes-tabasco\/screenshot_2020-04-06-motin-de-migrantes\/\" data-orig-file=\"https:\/\/www.grieta.org.mx\/wp-content\/uploads\/2020\/04\/Screenshot_2020-04-06-Mot\u00edn-de-migrantes.png\" data-orig-size=\"937,664\" data-comments-opened=\"0\" data-image-meta=\"{&quot;aperture&quot;:&quot;0&quot;,&quot;credit&quot;:&quot;&quot;,&quot;camera&quot;:&quot;&quot;,&quot;caption&quot;:&quot;&quot;,&quot;created_timestamp&quot;:&quot;0&quot;,&quot;copyright&quot;:&quot;&quot;,&quot;focal_length&quot;:&quot;0&quot;,&quot;iso&quot;:&quot;0&quot;,&quot;shutter_speed&quot;:&quot;0&quot;,&quot;title&quot;:&quot;&quot;,&quot;orientation&quot;:&quot;0&quot;}\" data-image-title=\"Screenshot_2020-04-06 Mot\u00edn de migrantes\" data-image-description=\"\" data-image-caption=\"\" data-medium-file=\"https:\/\/www.grieta.org.mx\/wp-content\/uploads\/2020\/04\/Screenshot_2020-04-06-Mot\u00edn-de-migrantes-300x213.png\" data-large-file=\"https:\/\/www.grieta.org.mx\/wp-content\/uploads\/2020\/04\/Screenshot_2020-04-06-Mot\u00edn-de-migrantes.png\" class=\"aligncenter wp-image-47273\" src=\"http:\/\/www.grieta.org.mx\/wp-content\/uploads\/2020\/04\/Screenshot_2020-04-06-Mot\u00edn-de-migrantes.png\" alt=\"\" width=\"800\" height=\"567\" srcset=\"https:\/\/www.grieta.org.mx\/wp-content\/uploads\/2020\/04\/Screenshot_2020-04-06-Mot\u00edn-de-migrantes.png 937w, https:\/\/www.grieta.org.mx\/wp-content\/uploads\/2020\/04\/Screenshot_2020-04-06-Mot\u00edn-de-migrantes-300x213.png 300w, https:\/\/www.grieta.org.mx\/wp-content\/uploads\/2020\/04\/Screenshot_2020-04-06-Mot\u00edn-de-migrantes-768x544.png 768w, https:\/\/www.grieta.org.mx\/wp-content\/uploads\/2020\/04\/Screenshot_2020-04-06-Mot\u00edn-de-migrantes-706x500.png 706w\" sizes=\"auto, (max-width: 800px) 100vw, 800px\" \/><\/a><\/p>\n<p>H\u00e9ctor Andr\u00e9s Trinidad \/ El Heraldo de Tabasco <\/p>\n<p>En protesta por falta de alimentaci\u00f3n, m\u00e1s de 350 centroamericanos que el Instituto Nacional de Migraci\u00f3n (INM) mantiene hacinados y en condiciones pr\u00e1cticamente en el olvido, en sus instalaciones enclavadas en la zona Industrial de la colonia Indeco, estos determinaron amotinarse y con ello, incendiar camastros y todo tipo de material flamable a fin de que los voltearan a ver.<\/p>\n<p>La acci\u00f3n, de los ilegales, \u201cvarados\u201d en Tabasco tras serles frustrados sus sue\u00f1os en su viaje a los Estados Unidos, en los que, seg\u00fan datos extraoficiales, se contabilizan 125 mujeres, 21 menores y el resto, hombres, gener\u00f3 una intensa movilizaci\u00f3n policial que al ser solicitados en ayuda por personal del INM, estos arribaron y dispusieron de un cerco perimetral, a fin de que no se dieran evasiones, y se logr\u00f3.<\/p>\n<p>La queja de los indocumentados finalmente logr\u00f3 eco, ante sus demandas de alimentos en general; pero de mayor urgencia, el agua de la que carecen desde hace d\u00edas y del que autoridades de Migraci\u00f3n, poco hac\u00edan por darles la atenci\u00f3n, adem\u00e1s de la negativa o retardos de alimentos.<\/p>\n<p>Al menos, unos cien elementos de la Secretar\u00eda de Seguridad fueron los que sitiaron la Estaci\u00f3n Migratoria Villahermosa, en donde el personal operativo interno, coment\u00f3 que la situaci\u00f3n hab\u00eda sido controlada y que no hubo personas detenidas durante la inconformidad en la exigencia de alimentaci\u00f3n, muy a pesar de que se dieron algunas quemas de colchonetas y otras cosas en la que por fortuna no hubo personas lesionadas.<\/p>\n<p>El reporte de apoyo de personal del INM hacia la polic\u00eda estatal, entr\u00f3 en proceso a eso de las 13 horas, quedando todo bajo control una hora y media m\u00e1s tarde en donde la polic\u00eda ingres\u00f3 para solo acto de presencia y medidas de control. Seg\u00fan, responsables del INM, proceder\u00edan al apoyo inmediato de las exigencias de los centroamericanos inconformes.<\/p>\n<p><a href=\"https:\/\/www.elheraldodetabasco.com.mx\/local\/motin-de-migrantes-5034486.html\">https:\/\/www.elheraldodetabasco.com.mx\/local\/motin-de-migrantes-5034486.html<\/a><\/p>\n","protected":false},"excerpt":{"rendered":"<p>H\u00e9ctor Andr\u00e9s Trinidad \/ El Heraldo de Tabasco En protesta por falta de alimentaci\u00f3n, m\u00e1s de 350 centroamericanos que el Instituto Nacional de Migraci\u00f3n (INM) mantiene hacinados y en condiciones &hellip; <a href=\"https:\/\/www.grieta.org.mx\/index.php\/2020\/03\/30\/motin-de-migrantes-tabasco\/\" class=\"more-link\">Leer m\u00e1s<\/a><\/p>\n","protected":false},"author":1,"featured_media":47273,"comment_status":"closed","ping_status":"closed","sticky":false,"template":"","format":"standard","meta":{"ngg_post_thumbnail":0,"_jetpack_newsletter_access":"","_jetpack_dont_email_post_to_subs":false,"_jetpack_newsletter_tier_id":0,"_jetpack_memberships_contains_paywalled_content":false,"_jetpack_memberships_contains_paid_content":false,"footnotes":""},"categories":[2203,80,86,2,2542,2622,32,83],"tags":[3005,3038],"class_list":["post-47272","post","type-post","status-publish","format-standard","has-post-thumbnail","hentry","category-abuso-de-fuerzas-represivas-en-tabasco","category-cintillo","category-migrantes","category-noticias-nacionales","category-persecucion-y-criminalizacion-de-migrantes-en-tabasco","category-poblaciones-migrantes-en-tabasco","category-tabasco","category-temas-nacionales","tag-refugios-de-migrantes","tag-represion-a-migrantes-por-la-guardia-nacional","entry"],"jetpack_featured_media_url":"https:\/\/www.grieta.org.mx\/wp-content\/uploads\/2020\/04\/Screenshot_2020-04-06-Mot\u00edn-de-migrantes.png","jetpack_sharing_enabled":true,"jetpack_shortlink":"https:\/\/wp.me\/p7ZJR4-cis","jetpack_likes_enabled":false,"jetpack-related-posts":[{"id":53560,"url":"https:\/\/www.grieta.org.mx\/index.php\/2020\/08\/13\/denuncian-abusos-del-inm-contra-migrantes-en-tabasco\/","url_meta":{"origin":47272,"position":0},"title":"Denuncian abusos del INM contra migrantes en Tabasco","author":"grieta","date":"13 agosto, 2020","format":false,"excerpt":"Nora Bucio \/ MVS Esta organizaci\u00f3n manifest\u00f3 su repudio contra la violencia, la criminalizaci\u00f3n y atropello perpetrado por las autoridades contra las personas migrantes. El Equipo de la 72, hogar refugio para personas migrantes, denunci\u00f3 que el Instituto Nacional de Migraci\u00f3n (INM), ingres\u00f3 de manera violenta a un \u00e1rea de\u2026","rel":"","context":"En &quot;CINTILLO&quot;","block_context":{"text":"CINTILLO","link":"https:\/\/www.grieta.org.mx\/index.php\/category\/cintillo\/"},"img":{"alt_text":"","src":"https:\/\/i0.wp.com\/www.grieta.org.mx\/wp-content\/uploads\/2020\/09\/60d21f8a-inm.jpg?resize=350%2C200&ssl=1","width":350,"height":200},"classes":[]},{"id":56843,"url":"https:\/\/www.grieta.org.mx\/index.php\/2021\/02\/04\/ataque-a-migrantes-en-tabasco-deja-un-muerto-y-dos-heridos-inm-estaria-implicado\/","url_meta":{"origin":47272,"position":1},"title":"Ataque a migrantes en Tabasco deja un muerto y dos heridos; INM estar\u00eda implicado","author":"grieta","date":"4 febrero, 2021","format":false,"excerpt":"Las v\u00edctimas del ataque dijeron que los disparos en su contra provinieron de un veh\u00edculo con logos del Instituto Nacional de Migraci\u00f3n Redacci\u00f3n \/ Conexi\u00f3n Migrante Un muerto y dos heridos fue el saldo del ataque que presuntos elementos del Instituto Nacional de Migraci\u00f3n (INM) realizaron contra una camioneta en\u2026","rel":"","context":"En &quot;CINTILLO&quot;","block_context":{"text":"CINTILLO","link":"https:\/\/www.grieta.org.mx\/index.php\/category\/cintillo\/"},"img":{"alt_text":"","src":"https:\/\/i0.wp.com\/www.grieta.org.mx\/wp-content\/uploads\/2021\/02\/Ataque-a-migrantes-en-Tabasco-deja-un-muerto-y-dos-heridos-Movimiento-Migrante-Mesoamericano.jpg?resize=350%2C200&ssl=1","width":350,"height":200,"srcset":"https:\/\/i0.wp.com\/www.grieta.org.mx\/wp-content\/uploads\/2021\/02\/Ataque-a-migrantes-en-Tabasco-deja-un-muerto-y-dos-heridos-Movimiento-Migrante-Mesoamericano.jpg?resize=350%2C200&ssl=1 1x, https:\/\/i0.wp.com\/www.grieta.org.mx\/wp-content\/uploads\/2021\/02\/Ataque-a-migrantes-en-Tabasco-deja-un-muerto-y-dos-heridos-Movimiento-Migrante-Mesoamericano.jpg?resize=525%2C300&ssl=1 1.5x, https:\/\/i0.wp.com\/www.grieta.org.mx\/wp-content\/uploads\/2021\/02\/Ataque-a-migrantes-en-Tabasco-deja-un-muerto-y-dos-heridos-Movimiento-Migrante-Mesoamericano.jpg?resize=700%2C400&ssl=1 2x, https:\/\/i0.wp.com\/www.grieta.org.mx\/wp-content\/uploads\/2021\/02\/Ataque-a-migrantes-en-Tabasco-deja-un-muerto-y-dos-heridos-Movimiento-Migrante-Mesoamericano.jpg?resize=1050%2C600&ssl=1 3x"},"classes":[]},{"id":6561,"url":"https:\/\/www.grieta.org.mx\/index.php\/2016\/08\/08\/6561\/","url_meta":{"origin":47272,"position":2},"title":"Migrantes en Tabasco","author":"grieta","date":"8 agosto, 2016","format":false,"excerpt":"08\/08\/16. Denuncian que polic\u00edas de Tabasco participan en secuestros de migrantesProceso 11\/03\/16. Denuncia albergue \u201cLa 72\u201d reactivaci\u00f3n de operativos anti migratorios en Tenosique Proceso 17\/12\/15. Exigen migrantes freno a secuestro masivo en Tabasco Tabasco Hoy 24\/11\/15. Refugio de migrantes La 72 en alto riesgo pese a medidas de la CIDH\u2026","rel":"","context":"En &quot;Migrantes&quot;","block_context":{"text":"Migrantes","link":"https:\/\/www.grieta.org.mx\/index.php\/category\/temas-nacionales\/migrantes\/"},"img":{"alt_text":"","src":"https:\/\/i0.wp.com\/www.grieta.org.mx\/wp-content\/uploads\/2018\/03\/14524434_1106112876131411_958039263622046936_o.jpg?resize=350%2C200&ssl=1","width":350,"height":200,"srcset":"https:\/\/i0.wp.com\/www.grieta.org.mx\/wp-content\/uploads\/2018\/03\/14524434_1106112876131411_958039263622046936_o.jpg?resize=350%2C200&ssl=1 1x, https:\/\/i0.wp.com\/www.grieta.org.mx\/wp-content\/uploads\/2018\/03\/14524434_1106112876131411_958039263622046936_o.jpg?resize=525%2C300&ssl=1 1.5x, https:\/\/i0.wp.com\/www.grieta.org.mx\/wp-content\/uploads\/2018\/03\/14524434_1106112876131411_958039263622046936_o.jpg?resize=700%2C400&ssl=1 2x"},"classes":[]},{"id":37163,"url":"https:\/\/www.grieta.org.mx\/index.php\/2019\/07\/29\/dos-salvadorenos-estan-desaparecidos-en-tabasco-mexico\/","url_meta":{"origin":47272,"position":3},"title":"Dos Salvadore\u00f1os est\u00e1n desaparecidos en Tabasco Mexico","author":"grieta","date":"29 julio, 2019","format":false,"excerpt":"Redacci\u00f3n DiariolibreSV Dos salvadore\u00f1os que viajaban hacia Estados Unidos han desaparecido. Los compatriotas desaparecieron de la vista de sus familiares una vez que entraron a M\u00e9xico en el municipio de Tenosique, Tabasco, as\u00ed lo alert\u00f3 un familiar a instituciones defensoras de migrantes. Los dos salvadore\u00f1os desaparecidos son: Carlos Antonio Morales\u2026","rel":"","context":"En &quot;CINTILLO&quot;","block_context":{"text":"CINTILLO","link":"https:\/\/www.grieta.org.mx\/index.php\/category\/cintillo\/"},"img":{"alt_text":"","src":"https:\/\/i0.wp.com\/www.grieta.org.mx\/wp-content\/uploads\/2019\/07\/migrantes-1.jpg?resize=350%2C200&ssl=1","width":350,"height":200,"srcset":"https:\/\/i0.wp.com\/www.grieta.org.mx\/wp-content\/uploads\/2019\/07\/migrantes-1.jpg?resize=350%2C200&ssl=1 1x, https:\/\/i0.wp.com\/www.grieta.org.mx\/wp-content\/uploads\/2019\/07\/migrantes-1.jpg?resize=525%2C300&ssl=1 1.5x"},"classes":[]},{"id":43702,"url":"https:\/\/www.grieta.org.mx\/index.php\/2020\/01\/26\/confunden-a-estudiante-mexicana-con-migrantes-y-la-detienen-tabasco\/","url_meta":{"origin":47272,"position":4},"title":"Confunden a estudiante mexicana con migrantes y la detienen (Tabasco)","author":"grieta","date":"26 enero, 2020","format":false,"excerpt":"Redacci\u00f3n \/ La Verdad La estudiante que fue detenida por el Instituto Nacional de Migraci\u00f3n estuvo reclu\u00edda cinco d\u00edas. El Instituto Nacional de Migraci\u00f3n (INM) realiz\u00f3 la detenci\u00f3n de una mujer estudiante a la que confundi\u00f3 con los migrantes hondure\u00f1os. Se trata de Dulce \"N\", una estudiante originaria del estado\u2026","rel":"","context":"En &quot;Abuso de fuerzas represivas en Tabasco&quot;","block_context":{"text":"Abuso de fuerzas represivas en Tabasco","link":"https:\/\/www.grieta.org.mx\/index.php\/category\/noticias-nacionales\/tabasco\/abuso-de-fuerzas-represivas-en-tabasco\/"},"img":{"alt_text":"","src":"https:\/\/i0.wp.com\/www.grieta.org.mx\/wp-content\/uploads\/2020\/01\/https-_laverdadnoticias.com___export_1580061250258_sites_laverdad_img_2020_01_26_confunden_a_estudiante_mexicana_con_migrantes_y_la_detienen.jpg_1834093470.jpg?resize=350%2C200&ssl=1","width":350,"height":200,"srcset":"https:\/\/i0.wp.com\/www.grieta.org.mx\/wp-content\/uploads\/2020\/01\/https-_laverdadnoticias.com___export_1580061250258_sites_laverdad_img_2020_01_26_confunden_a_estudiante_mexicana_con_migrantes_y_la_detienen.jpg_1834093470.jpg?resize=350%2C200&ssl=1 1x, https:\/\/i0.wp.com\/www.grieta.org.mx\/wp-content\/uploads\/2020\/01\/https-_laverdadnoticias.com___export_1580061250258_sites_laverdad_img_2020_01_26_confunden_a_estudiante_mexicana_con_migrantes_y_la_detienen.jpg_1834093470.jpg?resize=525%2C300&ssl=1 1.5x, https:\/\/i0.wp.com\/www.grieta.org.mx\/wp-content\/uploads\/2020\/01\/https-_laverdadnoticias.com___export_1580061250258_sites_laverdad_img_2020_01_26_confunden_a_estudiante_mexicana_con_migrantes_y_la_detienen.jpg_1834093470.jpg?resize=700%2C400&ssl=1 2x, https:\/\/i0.wp.com\/www.grieta.org.mx\/wp-content\/uploads\/2020\/01\/https-_laverdadnoticias.com___export_1580061250258_sites_laverdad_img_2020_01_26_confunden_a_estudiante_mexicana_con_migrantes_y_la_detienen.jpg_1834093470.jpg?resize=1050%2C600&ssl=1 3x, https:\/\/i0.wp.com\/www.grieta.org.mx\/wp-content\/uploads\/2020\/01\/https-_laverdadnoticias.com___export_1580061250258_sites_laverdad_img_2020_01_26_confunden_a_estudiante_mexicana_con_migrantes_y_la_detienen.jpg_1834093470.jpg?resize=1400%2C800&ssl=1 4x"},"classes":[]},{"id":6555,"url":"https:\/\/www.grieta.org.mx\/index.php\/2015\/12\/17\/exigen-migrantes-freno-a-secuestro-masivo-en-tabasco\/","url_meta":{"origin":47272,"position":5},"title":"Exigen migrantes freno a secuestro masivo en Tabasco","author":"grieta","date":"17 diciembre, 2015","format":false,"excerpt":"Francisco Ol\u00e1n La caravana de Migrantes hizo presencia en la ciudad de Villahermosa, y exigi\u00f3 al Instituto Nacional de Migraci\u00f3n (INM), la Procuradur\u00eda General de la Rep\u00fablica (PGR) y Fiscal\u00eda de Tabasco (FGE), freno a los secuestros masivos de Migrantes. \u201cHay un repunte de violencia, tenemos muchos casos como de\u2026","rel":"","context":"En &quot;CINTILLO&quot;","block_context":{"text":"CINTILLO","link":"https:\/\/www.grieta.org.mx\/index.php\/category\/cintillo\/"},"img":{"alt_text":"","src":"https:\/\/i0.wp.com\/www.grieta.org.mx\/wp-content\/uploads\/2018\/03\/14524434_1106112876131411_958039263622046936_o.jpg?resize=350%2C200&ssl=1","width":350,"height":200,"srcset":"https:\/\/i0.wp.com\/www.grieta.org.mx\/wp-content\/uploads\/2018\/03\/14524434_1106112876131411_958039263622046936_o.jpg?resize=350%2C200&ssl=1 1x, https:\/\/i0.wp.com\/www.grieta.org.mx\/wp-content\/uploads\/2018\/03\/14524434_1106112876131411_958039263622046936_o.jpg?resize=525%2C300&ssl=1 1.5x, https:\/\/i0.wp.com\/www.grieta.org.mx\/wp-content\/uploads\/2018\/03\/14524434_1106112876131411_958039263622046936_o.jpg?resize=700%2C400&ssl=1 2x"},"classes":[]}],"_links":{"self":[{"href":"https:\/\/www.grieta.org.mx\/index.php\/wp-json\/wp\/v2\/posts\/47272","targetHints":{"allow":["GET"]}}],"collection":[{"href":"https:\/\/www.grieta.org.mx\/index.php\/wp-json\/wp\/v2\/posts"}],"about":[{"href":"https:\/\/www.grieta.org.mx\/index.php\/wp-json\/wp\/v2\/types\/post"}],"author":[{"embeddable":true,"href":"https:\/\/www.grieta.org.mx\/index.php\/wp-json\/wp\/v2\/users\/1"}],"replies":[{"embeddable":true,"href":"https:\/\/www.grieta.org.mx\/index.php\/wp-json\/wp\/v2\/comments?post=47272"}],"version-history":[{"count":1,"href":"https:\/\/www.grieta.org.mx\/index.php\/wp-json\/wp\/v2\/posts\/47272\/revisions"}],"predecessor-version":[{"id":47274,"href":"https:\/\/www.grieta.org.mx\/index.php\/wp-json\/wp\/v2\/posts\/47272\/revisions\/47274"}],"wp:featuredmedia":[{"embeddable":true,"href":"https:\/\/www.grieta.org.mx\/index.php\/wp-json\/wp\/v2\/media\/47273"}],"wp:attachment":[{"href":"https:\/\/www.grieta.org.mx\/index.php\/wp-json\/wp\/v2\/media?parent=47272"}],"wp:term":[{"taxonomy":"category","embeddable":true,"href":"https:\/\/www.grieta.org.mx\/index.php\/wp-json\/wp\/v2\/categories?post=47272"},{"taxonomy":"post_tag","embeddable":true,"href":"https:\/\/www.grieta.org.mx\/index.php\/wp-json\/wp\/v2\/tags?post=47272"}],"curies":[{"name":"wp","href":"https:\/\/api.w.org\/{rel}","templated":true}]}}