{"id":47268,"date":"2020-04-01T15:09:06","date_gmt":"2020-04-01T21:09:06","guid":{"rendered":"http:\/\/www.grieta.org.mx\/?p=47268"},"modified":"2020-04-06T15:21:07","modified_gmt":"2020-04-06T20:21:07","slug":"los-migrantes-en-mexico-piden-acciones-ante-el-riesgo-de-contagio-de-coronavirus-tabasco","status":"publish","type":"post","link":"https:\/\/www.grieta.org.mx\/index.php\/2020\/04\/01\/los-migrantes-en-mexico-piden-acciones-ante-el-riesgo-de-contagio-de-coronavirus-tabasco\/","title":{"rendered":"Los migrantes en M\u00e9xico piden acciones ante el riesgo de contagio de coronavirus (Tabasco)"},"content":{"rendered":"<p><a href=\"http:\/\/www.grieta.org.mx\/wp-content\/uploads\/2020\/04\/EUfhoJnX0AARbQ9.jpg\"><img loading=\"lazy\" decoding=\"async\" data-attachment-id=\"47269\" data-permalink=\"https:\/\/www.grieta.org.mx\/index.php\/2020\/04\/01\/los-migrantes-en-mexico-piden-acciones-ante-el-riesgo-de-contagio-de-coronavirus-tabasco\/eufhojnx0aarbq9\/\" data-orig-file=\"https:\/\/www.grieta.org.mx\/wp-content\/uploads\/2020\/04\/EUfhoJnX0AARbQ9.jpg\" data-orig-size=\"680,511\" data-comments-opened=\"0\" data-image-meta=\"{&quot;aperture&quot;:&quot;0&quot;,&quot;credit&quot;:&quot;&quot;,&quot;camera&quot;:&quot;&quot;,&quot;caption&quot;:&quot;&quot;,&quot;created_timestamp&quot;:&quot;0&quot;,&quot;copyright&quot;:&quot;&quot;,&quot;focal_length&quot;:&quot;0&quot;,&quot;iso&quot;:&quot;0&quot;,&quot;shutter_speed&quot;:&quot;0&quot;,&quot;title&quot;:&quot;&quot;,&quot;orientation&quot;:&quot;0&quot;}\" data-image-title=\"EUfhoJnX0AARbQ9\" data-image-description=\"\" data-image-caption=\"\" data-medium-file=\"https:\/\/www.grieta.org.mx\/wp-content\/uploads\/2020\/04\/EUfhoJnX0AARbQ9-300x225.jpg\" data-large-file=\"https:\/\/www.grieta.org.mx\/wp-content\/uploads\/2020\/04\/EUfhoJnX0AARbQ9.jpg\" class=\"aligncenter wp-image-47269\" src=\"http:\/\/www.grieta.org.mx\/wp-content\/uploads\/2020\/04\/EUfhoJnX0AARbQ9.jpg\" alt=\"\" width=\"800\" height=\"601\" srcset=\"https:\/\/www.grieta.org.mx\/wp-content\/uploads\/2020\/04\/EUfhoJnX0AARbQ9.jpg 680w, https:\/\/www.grieta.org.mx\/wp-content\/uploads\/2020\/04\/EUfhoJnX0AARbQ9-300x225.jpg 300w, https:\/\/www.grieta.org.mx\/wp-content\/uploads\/2020\/04\/EUfhoJnX0AARbQ9-665x500.jpg 665w\" sizes=\"auto, (max-width: 800px) 100vw, 800px\" \/><\/a><\/p>\n<p>Marina E. Franco y Diana Baptista \/ Telemundo<\/p>\n<p>El virus SARS CoV-2 no discrimina: las personas menores de edad pueden contagiarse al igual que las de edad avanzada, y la nacionalidad no es barrera a prevenir la infecci\u00f3n. Esa certeza est\u00e1 causando pavor tambi\u00e9n entre la poblaci\u00f3n de personas migrantes en M\u00e9xico.<\/p>\n<p>Ah\u00ed los inmigrantes de por s\u00ed deben pasar largos ratos en estancias, centros y albergues desbordados y hacinados en la frontera mexicana sur y norte.<\/p>\n<p>La situaci\u00f3n se ha agravado ahora que Estados Unidos sell\u00f3 el paso fronterizo por COVID-19 incluso para solicitantes de asilo y que retornar\u00e1 a todas esas personas a esperar del lado mexicano. En la frontera con Centroam\u00e9rica ha disminuido el flujo, pero el d\u00eda a d\u00eda se mantiene complicado para quienes ya estaban detenidos o albergados en instalaciones hacinadas.<\/p>\n<p>El martes por la noche la preocupaci\u00f3n de esas personas estall\u00f3 cuando algunos varones migrantes retenidos en Tenosique, Tabasco, se amotinaron para pedir que los enviaran a casa en vez de mantenerlos en el centro.<\/p>\n<p>Un hombre guatemalteco perdi\u00f3 la vida y 14 personas resultaron heridas despu\u00e9s que alguien prendi\u00f3 fuego a un colch\u00f3n en las celdas para intentar lograr que los encargados les dieran atenci\u00f3n, de acuerdo con testimonios de los sobrevivientes que recab\u00f3 Los 72, organizaci\u00f3n local de casa hogar.<\/p>\n<p>\u201cRompimos puertas, porque la polic\u00eda no lleg\u00f3 a abrir&#8221;, relat\u00f3 Enem\u00edas Manuel al grupo Movimiento Migrantes Mesoamericano.<\/p>\n<p>&#8220;Rompimos puertas para poder salir y librarnos de la muerte&#8221;, agreg\u00f3 el hondure\u00f1o, que dice que lleva 23 d\u00edas en la estancia pendiente de un proceso de repatriaci\u00f3n.<\/p>\n<p>Grupos como Los 72 acusan que la responsabilidad del fallecimiento recae en el Instituto Nacional de Migraci\u00f3n de M\u00e9xico (Inami).<\/p>\n<blockquote class=\"twitter-tweet\" data-width=\"550\" data-dnt=\"true\">\n<p lang=\"es\" dir=\"ltr\">Dolor, indignacion y rabia&#8230; Un migrante guatemalteco muere, 14 personas heridas, algunas graves por incendio en la EM de Tenosique. Responsabilizamos a <a href=\"https:\/\/twitter.com\/INAMI_mx?ref_src=twsrc%5Etfw\">@INAMI_mx<\/a> <a href=\"https:\/\/t.co\/YrrKdcuQN3\">pic.twitter.com\/YrrKdcuQN3<\/a><\/p>\n<p>&mdash; La 72 (@La72Tenosique) <a href=\"https:\/\/twitter.com\/La72Tenosique\/status\/1245212076609613827?ref_src=twsrc%5Etfw\">April 1, 2020<\/a><\/p><\/blockquote>\n<p><script async src=\"https:\/\/platform.twitter.com\/widgets.js\" charset=\"utf-8\"><\/script><\/p>\n<p>El instituto migratorio mexicano no hab\u00eda contestado llamadas de Noticias Telemundo ni se hab\u00eda pronunciado hasta la tarde del mi\u00e9rcoles sobre lo sucedido en Tabasco.<\/p>\n<p>Algunas entidades gubernamentales han suspendido labores por la orden de emergencia sanitaria en M\u00e9xico para mitigar los contagios, pero el Inami sigue operando y hasta el 31 de marzo continuaba emitiendo comunicados sobre \u201crepatriaciones exitosas\u201d a Honduras y El Salvador.<\/p>\n<p>El organismo estatal asegur\u00f3 a mediados de marzo que hab\u00eda reducido a la mitad la cantidad de gente en instalaciones migratorias y que todas las estancias tendr\u00edan \u201cinsumos necesarios y suficientes de higiene\u201d, como le orden\u00f3 hacer la Comisi\u00f3n Nacional de Derechos Humanos en medidas cautelares.<\/p>\n<p>Sin embargo, activistas y expertos advierten que las carencias se mantienen durante la crisis por el COVID-19, y que el Gobierno federal sigue sin anunciar protocolos para proteger a personas en lugares con alta concentraci\u00f3n poblacional, como centros de detenci\u00f3n o prisiones.<\/p>\n<p>\u201cLos migrantes no tienen condiciones de vida cuando est\u00e1n en M\u00e9xico para poder implementar medidas preventivas b\u00e1sicas, como lavarse las manos, mantener distancia, ponerse un tapabocas\u201d, indic\u00f3 a Noticias Telemundo el encargado de M\u00e9dicos Sin Fronteras para M\u00e9xico y Centroam\u00e9rica, Lo\u00efc Jaeger.<\/p>\n<figure id=\"attachment_47270\" aria-describedby=\"caption-attachment-47270\" style=\"width: 800px\" class=\"wp-caption aligncenter\"><a href=\"http:\/\/www.grieta.org.mx\/wp-content\/uploads\/2020\/04\/migrantes_matamoros_mexico.jpg\"><img loading=\"lazy\" decoding=\"async\" data-attachment-id=\"47270\" data-permalink=\"https:\/\/www.grieta.org.mx\/index.php\/2020\/04\/01\/los-migrantes-en-mexico-piden-acciones-ante-el-riesgo-de-contagio-de-coronavirus-tabasco\/coronavirus-inmigracion\/\" data-orig-file=\"https:\/\/www.grieta.org.mx\/wp-content\/uploads\/2020\/04\/migrantes_matamoros_mexico.jpg\" data-orig-size=\"1120,747\" data-comments-opened=\"0\" data-image-meta=\"{&quot;aperture&quot;:&quot;3.2&quot;,&quot;credit&quot;:&quot;AP&quot;,&quot;camera&quot;:&quot;Canon EOS 5D Mark III&quot;,&quot;caption&quot;:&quot;En esta imagen del martes 5 de noviembre de 2019 se ve a migrantes en un albergue en Matamoros, M\\u00e9xico. (AP Foto\/Eric Gay, Archivo)&quot;,&quot;created_timestamp&quot;:&quot;1572997831&quot;,&quot;copyright&quot;:&quot;Copyright 2019 The Associated Press. All rights reserved.&quot;,&quot;focal_length&quot;:&quot;42&quot;,&quot;iso&quot;:&quot;160&quot;,&quot;shutter_speed&quot;:&quot;0.0015625&quot;,&quot;title&quot;:&quot;CORONAVIRUS-INMIGRACION&quot;,&quot;orientation&quot;:&quot;1&quot;}\" data-image-title=\"CORONAVIRUS-INMIGRACION\" data-image-description=\"\" data-image-caption=\"&lt;p&gt;En esta imagen del martes 5 de noviembre de 2019 se ve a migrantes en un albergue en Matamoros, M\u00e9xico. (AP Foto\/Eric Gay, Archivo)&lt;\/p&gt;\n\" data-medium-file=\"https:\/\/www.grieta.org.mx\/wp-content\/uploads\/2020\/04\/migrantes_matamoros_mexico-300x200.jpg\" data-large-file=\"https:\/\/www.grieta.org.mx\/wp-content\/uploads\/2020\/04\/migrantes_matamoros_mexico-1024x683.jpg\" class=\"wp-image-47270\" src=\"http:\/\/www.grieta.org.mx\/wp-content\/uploads\/2020\/04\/migrantes_matamoros_mexico-1024x683.jpg\" alt=\"\" width=\"800\" height=\"534\" srcset=\"https:\/\/www.grieta.org.mx\/wp-content\/uploads\/2020\/04\/migrantes_matamoros_mexico-1024x683.jpg 1024w, https:\/\/www.grieta.org.mx\/wp-content\/uploads\/2020\/04\/migrantes_matamoros_mexico-300x200.jpg 300w, https:\/\/www.grieta.org.mx\/wp-content\/uploads\/2020\/04\/migrantes_matamoros_mexico-768x512.jpg 768w, https:\/\/www.grieta.org.mx\/wp-content\/uploads\/2020\/04\/migrantes_matamoros_mexico-750x500.jpg 750w, https:\/\/www.grieta.org.mx\/wp-content\/uploads\/2020\/04\/migrantes_matamoros_mexico.jpg 1120w\" sizes=\"auto, (max-width: 800px) 100vw, 800px\" \/><\/a><figcaption id=\"caption-attachment-47270\" class=\"wp-caption-text\">En esta imagen del martes 5 de noviembre de 2019 se ve a migrantes en un albergue en Matamoros, M\u00e9xico. (AP Foto\/Eric Gay, Archivo)<\/figcaption><\/figure>\n<p>Jaeger agreg\u00f3 que si alg\u00fan centroamericano o migrante de otro sitio \u201cse enferma en M\u00e9xico, no puede acceder al sistema de salud nacional, o se le niega el acceso\u201d, y que ahora especialmente \u201ctienen mucho m\u00e1s miedo de acudir a consulta m\u00e9dica\u201d.<\/p>\n<p>Por tanto, dijo, \u201cest\u00e1n en mayor riesgo de epidemias masivas como [la del] COVID\u201d.<\/p>\n<p>Hasta el mi\u00e9rcoles, M\u00e9xico registraba oficialmente 1,215 casos de contagio por el nuevo coronavirus, as\u00ed como 29 defunciones y 3,511 casos sospechosos.<\/p>\n<p>En el pa\u00eds hay much\u00edsimos sectores vulnerables tanto al virus como al impacto econ\u00f3mico que est\u00e1 teniendo la pandemia; no obstante, organismos internacionales piden que no se pierdan de vista la humanidad, los derechos humanos ni las necesarias medidas de protecci\u00f3n de las personas que est\u00e1n en rutas migratorias.<\/p>\n<p>&#8220;La presencia de migrantes no genera mayor riesgo de contagio\u201d, advirti\u00f3 Jordi Raich, el jefe de la delegaci\u00f3n mexicana y centroamericana del Comit\u00e9 Internacional de la Cruz Roja. \u201cEllos est\u00e1n expuestos al virus de igual manera que los nacionales de cualquier pa\u00eds&#8221;.<\/p>\n<p><a href=\"https:\/\/www.telemundo.com\/noticias\/2020\/04\/01\/los-migrantes-en-mexico-piden-acciones-ante-el-riesgo-de-contagio-de-coronavirus-tmna3734541\">https:\/\/www.telemundo.com\/noticias\/2020\/04\/01\/los-migrantes-en-mexico-piden-acciones-ante-el-riesgo-de-contagio-de-coronavirus-tmna3734541<\/a><\/p>\n","protected":false},"excerpt":{"rendered":"<p>Marina E. Franco y Diana Baptista \/ Telemundo El virus SARS CoV-2 no discrimina: las personas menores de edad pueden contagiarse al igual que las de edad avanzada, y la &hellip; <a href=\"https:\/\/www.grieta.org.mx\/index.php\/2020\/04\/01\/los-migrantes-en-mexico-piden-acciones-ante-el-riesgo-de-contagio-de-coronavirus-tabasco\/\" class=\"more-link\">Leer m\u00e1s<\/a><\/p>\n","protected":false},"author":1,"featured_media":47269,"comment_status":"closed","ping_status":"closed","sticky":false,"template":"","format":"standard","meta":{"ngg_post_thumbnail":0,"_jetpack_newsletter_access":"","_jetpack_dont_email_post_to_subs":false,"_jetpack_newsletter_tier_id":0,"_jetpack_memberships_contains_paywalled_content":false,"_jetpack_memberships_contains_paid_content":false,"footnotes":""},"categories":[80,86,2,2542,2622,32,83],"tags":[1410,2700],"class_list":["post-47268","post","type-post","status-publish","format-standard","has-post-thumbnail","hentry","category-cintillo","category-migrantes","category-noticias-nacionales","category-persecucion-y-criminalizacion-de-migrantes-en-tabasco","category-poblaciones-migrantes-en-tabasco","category-tabasco","category-temas-nacionales","tag-abusos-contra-migrantes","tag-maltrato-a-migrantes","entry"],"jetpack_featured_media_url":"https:\/\/www.grieta.org.mx\/wp-content\/uploads\/2020\/04\/EUfhoJnX0AARbQ9.jpg","jetpack_sharing_enabled":true,"jetpack_shortlink":"https:\/\/wp.me\/p7ZJR4-cio","jetpack_likes_enabled":false,"jetpack-related-posts":[{"id":37163,"url":"https:\/\/www.grieta.org.mx\/index.php\/2019\/07\/29\/dos-salvadorenos-estan-desaparecidos-en-tabasco-mexico\/","url_meta":{"origin":47268,"position":0},"title":"Dos Salvadore\u00f1os est\u00e1n desaparecidos en Tabasco Mexico","author":"grieta","date":"29 julio, 2019","format":false,"excerpt":"Redacci\u00f3n DiariolibreSV Dos salvadore\u00f1os que viajaban hacia Estados Unidos han desaparecido. Los compatriotas desaparecieron de la vista de sus familiares una vez que entraron a M\u00e9xico en el municipio de Tenosique, Tabasco, as\u00ed lo alert\u00f3 un familiar a instituciones defensoras de migrantes. Los dos salvadore\u00f1os desaparecidos son: Carlos Antonio Morales\u2026","rel":"","context":"En &quot;CINTILLO&quot;","block_context":{"text":"CINTILLO","link":"https:\/\/www.grieta.org.mx\/index.php\/category\/cintillo\/"},"img":{"alt_text":"","src":"https:\/\/i0.wp.com\/www.grieta.org.mx\/wp-content\/uploads\/2019\/07\/migrantes-1.jpg?resize=350%2C200&ssl=1","width":350,"height":200,"srcset":"https:\/\/i0.wp.com\/www.grieta.org.mx\/wp-content\/uploads\/2019\/07\/migrantes-1.jpg?resize=350%2C200&ssl=1 1x, https:\/\/i0.wp.com\/www.grieta.org.mx\/wp-content\/uploads\/2019\/07\/migrantes-1.jpg?resize=525%2C300&ssl=1 1.5x"},"classes":[]},{"id":53560,"url":"https:\/\/www.grieta.org.mx\/index.php\/2020\/08\/13\/denuncian-abusos-del-inm-contra-migrantes-en-tabasco\/","url_meta":{"origin":47268,"position":1},"title":"Denuncian abusos del INM contra migrantes en Tabasco","author":"grieta","date":"13 agosto, 2020","format":false,"excerpt":"Nora Bucio \/ MVS Esta organizaci\u00f3n manifest\u00f3 su repudio contra la violencia, la criminalizaci\u00f3n y atropello perpetrado por las autoridades contra las personas migrantes. El Equipo de la 72, hogar refugio para personas migrantes, denunci\u00f3 que el Instituto Nacional de Migraci\u00f3n (INM), ingres\u00f3 de manera violenta a un \u00e1rea de\u2026","rel":"","context":"En &quot;CINTILLO&quot;","block_context":{"text":"CINTILLO","link":"https:\/\/www.grieta.org.mx\/index.php\/category\/cintillo\/"},"img":{"alt_text":"","src":"https:\/\/i0.wp.com\/www.grieta.org.mx\/wp-content\/uploads\/2020\/09\/60d21f8a-inm.jpg?resize=350%2C200&ssl=1","width":350,"height":200},"classes":[]},{"id":43740,"url":"https:\/\/www.grieta.org.mx\/index.php\/2020\/01\/22\/autoridades-detienen-a-mas-de-2-mil-migrantes-centroamericanos-en-tabasco-y-chiapas\/","url_meta":{"origin":47268,"position":2},"title":"Autoridades detienen a m\u00e1s de 2 mil migrantes centroamericanos en Tabasco y Chiapas","author":"grieta","date":"22 enero, 2020","format":false,"excerpt":"Redacci\u00f3n \/ Animal Pol\u00edtico Los agentes federales del INM encontraron a mil 300 migrantes en Tabasco y a 800 m\u00e1s en Chiapas; en las pr\u00f3ximas horas se determinar\u00e1 su condici\u00f3n jur\u00eddica. En un solo d\u00eda, el Instituto Nacional de Migraci\u00f3n (INM) asegur\u00f3 a m\u00e1s de 2 mil mujeres, hombres y\u2026","rel":"","context":"En &quot;Abuso de fuerzas represivas en Tabasco&quot;","block_context":{"text":"Abuso de fuerzas represivas en Tabasco","link":"https:\/\/www.grieta.org.mx\/index.php\/category\/noticias-nacionales\/tabasco\/abuso-de-fuerzas-represivas-en-tabasco\/"},"img":{"alt_text":"","src":"https:\/\/i0.wp.com\/www.grieta.org.mx\/wp-content\/uploads\/2020\/01\/cuartoscuro_739649_digital-e1579712765634.jpeg?resize=350%2C200&ssl=1","width":350,"height":200,"srcset":"https:\/\/i0.wp.com\/www.grieta.org.mx\/wp-content\/uploads\/2020\/01\/cuartoscuro_739649_digital-e1579712765634.jpeg?resize=350%2C200&ssl=1 1x, https:\/\/i0.wp.com\/www.grieta.org.mx\/wp-content\/uploads\/2020\/01\/cuartoscuro_739649_digital-e1579712765634.jpeg?resize=525%2C300&ssl=1 1.5x, https:\/\/i0.wp.com\/www.grieta.org.mx\/wp-content\/uploads\/2020\/01\/cuartoscuro_739649_digital-e1579712765634.jpeg?resize=700%2C400&ssl=1 2x, https:\/\/i0.wp.com\/www.grieta.org.mx\/wp-content\/uploads\/2020\/01\/cuartoscuro_739649_digital-e1579712765634.jpeg?resize=1050%2C600&ssl=1 3x, https:\/\/i0.wp.com\/www.grieta.org.mx\/wp-content\/uploads\/2020\/01\/cuartoscuro_739649_digital-e1579712765634.jpeg?resize=1400%2C800&ssl=1 4x"},"classes":[]},{"id":6561,"url":"https:\/\/www.grieta.org.mx\/index.php\/2016\/08\/08\/6561\/","url_meta":{"origin":47268,"position":3},"title":"Migrantes en Tabasco","author":"grieta","date":"8 agosto, 2016","format":false,"excerpt":"08\/08\/16. Denuncian que polic\u00edas de Tabasco participan en secuestros de migrantesProceso 11\/03\/16. Denuncia albergue \u201cLa 72\u201d reactivaci\u00f3n de operativos anti migratorios en Tenosique Proceso 17\/12\/15. Exigen migrantes freno a secuestro masivo en Tabasco Tabasco Hoy 24\/11\/15. Refugio de migrantes La 72 en alto riesgo pese a medidas de la CIDH\u2026","rel":"","context":"En &quot;Migrantes&quot;","block_context":{"text":"Migrantes","link":"https:\/\/www.grieta.org.mx\/index.php\/category\/temas-nacionales\/migrantes\/"},"img":{"alt_text":"","src":"https:\/\/i0.wp.com\/www.grieta.org.mx\/wp-content\/uploads\/2018\/03\/14524434_1106112876131411_958039263622046936_o.jpg?resize=350%2C200&ssl=1","width":350,"height":200,"srcset":"https:\/\/i0.wp.com\/www.grieta.org.mx\/wp-content\/uploads\/2018\/03\/14524434_1106112876131411_958039263622046936_o.jpg?resize=350%2C200&ssl=1 1x, https:\/\/i0.wp.com\/www.grieta.org.mx\/wp-content\/uploads\/2018\/03\/14524434_1106112876131411_958039263622046936_o.jpg?resize=525%2C300&ssl=1 1.5x, https:\/\/i0.wp.com\/www.grieta.org.mx\/wp-content\/uploads\/2018\/03\/14524434_1106112876131411_958039263622046936_o.jpg?resize=700%2C400&ssl=1 2x"},"classes":[]},{"id":56843,"url":"https:\/\/www.grieta.org.mx\/index.php\/2021\/02\/04\/ataque-a-migrantes-en-tabasco-deja-un-muerto-y-dos-heridos-inm-estaria-implicado\/","url_meta":{"origin":47268,"position":4},"title":"Ataque a migrantes en Tabasco deja un muerto y dos heridos; INM estar\u00eda implicado","author":"grieta","date":"4 febrero, 2021","format":false,"excerpt":"Las v\u00edctimas del ataque dijeron que los disparos en su contra provinieron de un veh\u00edculo con logos del Instituto Nacional de Migraci\u00f3n Redacci\u00f3n \/ Conexi\u00f3n Migrante Un muerto y dos heridos fue el saldo del ataque que presuntos elementos del Instituto Nacional de Migraci\u00f3n (INM) realizaron contra una camioneta en\u2026","rel":"","context":"En &quot;CINTILLO&quot;","block_context":{"text":"CINTILLO","link":"https:\/\/www.grieta.org.mx\/index.php\/category\/cintillo\/"},"img":{"alt_text":"","src":"https:\/\/i0.wp.com\/www.grieta.org.mx\/wp-content\/uploads\/2021\/02\/Ataque-a-migrantes-en-Tabasco-deja-un-muerto-y-dos-heridos-Movimiento-Migrante-Mesoamericano.jpg?resize=350%2C200&ssl=1","width":350,"height":200,"srcset":"https:\/\/i0.wp.com\/www.grieta.org.mx\/wp-content\/uploads\/2021\/02\/Ataque-a-migrantes-en-Tabasco-deja-un-muerto-y-dos-heridos-Movimiento-Migrante-Mesoamericano.jpg?resize=350%2C200&ssl=1 1x, https:\/\/i0.wp.com\/www.grieta.org.mx\/wp-content\/uploads\/2021\/02\/Ataque-a-migrantes-en-Tabasco-deja-un-muerto-y-dos-heridos-Movimiento-Migrante-Mesoamericano.jpg?resize=525%2C300&ssl=1 1.5x, https:\/\/i0.wp.com\/www.grieta.org.mx\/wp-content\/uploads\/2021\/02\/Ataque-a-migrantes-en-Tabasco-deja-un-muerto-y-dos-heridos-Movimiento-Migrante-Mesoamericano.jpg?resize=700%2C400&ssl=1 2x, https:\/\/i0.wp.com\/www.grieta.org.mx\/wp-content\/uploads\/2021\/02\/Ataque-a-migrantes-en-Tabasco-deja-un-muerto-y-dos-heridos-Movimiento-Migrante-Mesoamericano.jpg?resize=1050%2C600&ssl=1 3x"},"classes":[]},{"id":43702,"url":"https:\/\/www.grieta.org.mx\/index.php\/2020\/01\/26\/confunden-a-estudiante-mexicana-con-migrantes-y-la-detienen-tabasco\/","url_meta":{"origin":47268,"position":5},"title":"Confunden a estudiante mexicana con migrantes y la detienen (Tabasco)","author":"grieta","date":"26 enero, 2020","format":false,"excerpt":"Redacci\u00f3n \/ La Verdad La estudiante que fue detenida por el Instituto Nacional de Migraci\u00f3n estuvo reclu\u00edda cinco d\u00edas. El Instituto Nacional de Migraci\u00f3n (INM) realiz\u00f3 la detenci\u00f3n de una mujer estudiante a la que confundi\u00f3 con los migrantes hondure\u00f1os. Se trata de Dulce \"N\", una estudiante originaria del estado\u2026","rel":"","context":"En &quot;Abuso de fuerzas represivas en Tabasco&quot;","block_context":{"text":"Abuso de fuerzas represivas en Tabasco","link":"https:\/\/www.grieta.org.mx\/index.php\/category\/noticias-nacionales\/tabasco\/abuso-de-fuerzas-represivas-en-tabasco\/"},"img":{"alt_text":"","src":"https:\/\/i0.wp.com\/www.grieta.org.mx\/wp-content\/uploads\/2020\/01\/https-_laverdadnoticias.com___export_1580061250258_sites_laverdad_img_2020_01_26_confunden_a_estudiante_mexicana_con_migrantes_y_la_detienen.jpg_1834093470.jpg?resize=350%2C200&ssl=1","width":350,"height":200,"srcset":"https:\/\/i0.wp.com\/www.grieta.org.mx\/wp-content\/uploads\/2020\/01\/https-_laverdadnoticias.com___export_1580061250258_sites_laverdad_img_2020_01_26_confunden_a_estudiante_mexicana_con_migrantes_y_la_detienen.jpg_1834093470.jpg?resize=350%2C200&ssl=1 1x, https:\/\/i0.wp.com\/www.grieta.org.mx\/wp-content\/uploads\/2020\/01\/https-_laverdadnoticias.com___export_1580061250258_sites_laverdad_img_2020_01_26_confunden_a_estudiante_mexicana_con_migrantes_y_la_detienen.jpg_1834093470.jpg?resize=525%2C300&ssl=1 1.5x, https:\/\/i0.wp.com\/www.grieta.org.mx\/wp-content\/uploads\/2020\/01\/https-_laverdadnoticias.com___export_1580061250258_sites_laverdad_img_2020_01_26_confunden_a_estudiante_mexicana_con_migrantes_y_la_detienen.jpg_1834093470.jpg?resize=700%2C400&ssl=1 2x, https:\/\/i0.wp.com\/www.grieta.org.mx\/wp-content\/uploads\/2020\/01\/https-_laverdadnoticias.com___export_1580061250258_sites_laverdad_img_2020_01_26_confunden_a_estudiante_mexicana_con_migrantes_y_la_detienen.jpg_1834093470.jpg?resize=1050%2C600&ssl=1 3x, https:\/\/i0.wp.com\/www.grieta.org.mx\/wp-content\/uploads\/2020\/01\/https-_laverdadnoticias.com___export_1580061250258_sites_laverdad_img_2020_01_26_confunden_a_estudiante_mexicana_con_migrantes_y_la_detienen.jpg_1834093470.jpg?resize=1400%2C800&ssl=1 4x"},"classes":[]}],"_links":{"self":[{"href":"https:\/\/www.grieta.org.mx\/index.php\/wp-json\/wp\/v2\/posts\/47268","targetHints":{"allow":["GET"]}}],"collection":[{"href":"https:\/\/www.grieta.org.mx\/index.php\/wp-json\/wp\/v2\/posts"}],"about":[{"href":"https:\/\/www.grieta.org.mx\/index.php\/wp-json\/wp\/v2\/types\/post"}],"author":[{"embeddable":true,"href":"https:\/\/www.grieta.org.mx\/index.php\/wp-json\/wp\/v2\/users\/1"}],"replies":[{"embeddable":true,"href":"https:\/\/www.grieta.org.mx\/index.php\/wp-json\/wp\/v2\/comments?post=47268"}],"version-history":[{"count":1,"href":"https:\/\/www.grieta.org.mx\/index.php\/wp-json\/wp\/v2\/posts\/47268\/revisions"}],"predecessor-version":[{"id":47271,"href":"https:\/\/www.grieta.org.mx\/index.php\/wp-json\/wp\/v2\/posts\/47268\/revisions\/47271"}],"wp:featuredmedia":[{"embeddable":true,"href":"https:\/\/www.grieta.org.mx\/index.php\/wp-json\/wp\/v2\/media\/47269"}],"wp:attachment":[{"href":"https:\/\/www.grieta.org.mx\/index.php\/wp-json\/wp\/v2\/media?parent=47268"}],"wp:term":[{"taxonomy":"category","embeddable":true,"href":"https:\/\/www.grieta.org.mx\/index.php\/wp-json\/wp\/v2\/categories?post=47268"},{"taxonomy":"post_tag","embeddable":true,"href":"https:\/\/www.grieta.org.mx\/index.php\/wp-json\/wp\/v2\/tags?post=47268"}],"curies":[{"name":"wp","href":"https:\/\/api.w.org\/{rel}","templated":true}]}}