{"id":47225,"date":"2020-03-30T18:42:53","date_gmt":"2020-03-31T00:42:53","guid":{"rendered":"http:\/\/www.grieta.org.mx\/?p=47225"},"modified":"2020-04-04T22:47:18","modified_gmt":"2020-04-05T04:47:18","slug":"gana-mexicali-resiste-agua-antes-que-cerveza-en-baja-california","status":"publish","type":"post","link":"https:\/\/www.grieta.org.mx\/index.php\/2020\/03\/30\/gana-mexicali-resiste-agua-antes-que-cerveza-en-baja-california\/","title":{"rendered":"Gana Mexicali Resiste: agua antes que cerveza en Baja California"},"content":{"rendered":"<p>Contral\u00ednea \/ Roberto E Galindo Dom\u00ednguez<\/p>\n<p>Despu\u00e9s de un largo conflicto entre la mayor parte de la sociedad civil organizada de Mexicali en el movimiento #Mexicaliresiste y la compa\u00f1\u00eda Constellation Brands, la consulta ciudadana realizada el 21 y el 22 de marzo le dio la raz\u00f3n a los opositores a la empresa. De acuerdo a los resultados, el 76.1 por ciento de los participantes vot\u00f3 en contra de la instalaci\u00f3n de la planta cervecera y s\u00f3lo un 23 por ciento dio su voto a favor, de un total de 36 mil 781 personas. El presidente Andr\u00e9s Manuel L\u00f3pez Obrador ha dicho que hablar\u00e1 con los due\u00f1os de la compa\u00f1\u00eda y los integrantes de las c\u00e1maras empresariales para darles otras opciones o para resarcir los posibles da\u00f1os por la cancelaci\u00f3n de una planta, cuyo principal insumo ser\u00eda el agua de una regi\u00f3n d\u00f3nde este recurso escasea.<\/p>\n<p><img loading=\"lazy\" decoding=\"async\" data-attachment-id=\"47226\" data-permalink=\"https:\/\/www.grieta.org.mx\/index.php\/2020\/03\/30\/gana-mexicali-resiste-agua-antes-que-cerveza-en-baja-california\/a-23\/\" data-orig-file=\"https:\/\/www.grieta.org.mx\/wp-content\/uploads\/2020\/04\/a.jpeg\" data-orig-size=\"600,360\" data-comments-opened=\"0\" data-image-meta=\"{&quot;aperture&quot;:&quot;0&quot;,&quot;credit&quot;:&quot;&quot;,&quot;camera&quot;:&quot;&quot;,&quot;caption&quot;:&quot;&quot;,&quot;created_timestamp&quot;:&quot;0&quot;,&quot;copyright&quot;:&quot;&quot;,&quot;focal_length&quot;:&quot;0&quot;,&quot;iso&quot;:&quot;0&quot;,&quot;shutter_speed&quot;:&quot;0&quot;,&quot;title&quot;:&quot;&quot;,&quot;orientation&quot;:&quot;1&quot;}\" data-image-title=\"a\" data-image-description=\"\" data-image-caption=\"\" data-medium-file=\"https:\/\/www.grieta.org.mx\/wp-content\/uploads\/2020\/04\/a-300x180.jpeg\" data-large-file=\"https:\/\/www.grieta.org.mx\/wp-content\/uploads\/2020\/04\/a.jpeg\" class=\"aligncenter wp-image-47226\" src=\"http:\/\/www.grieta.org.mx\/wp-content\/uploads\/2020\/04\/a.jpeg\" alt=\"\" width=\"800\" height=\"480\" srcset=\"https:\/\/www.grieta.org.mx\/wp-content\/uploads\/2020\/04\/a.jpeg 600w, https:\/\/www.grieta.org.mx\/wp-content\/uploads\/2020\/04\/a-300x180.jpeg 300w\" sizes=\"auto, (max-width: 800px) 100vw, 800px\" \/><\/p>\n<p>El conflicto se inici\u00f3 en 2016 durante la administraci\u00f3n federal de Enrique Pe\u00f1a Nieto, cuando el entonces gobernador panista de Baja California, Francisco Kiko Vega y algunos empresarios le dieron entrada al establecimiento de una factor\u00eda de cerveza en el norte de Mexicali, uno de los municipios del pa\u00eds con mayor problem\u00e1tica de abastecimiento h\u00eddrico; un asunto que no es nuevo y data al menos desde 2006, cuando las autoridades de Estados Unidos comenzaron los trabajos de revestimiento del Canal Todo Americano (CTA), mismos que concluyeron en 2009, divisi\u00f3n natural entre los estados mexicanos de Baja California y Sonora con los estadunidenses de California y Arizona. Esto afect\u00f3 a la poblaci\u00f3n de Mexicali, ya que tras estas operaciones dejaron de percibir alrededor de 80 millones de metros c\u00fabicos de agua, que por escurrimiento natural de las paredes del canal llegaban al manto fre\u00e1tico del Valle de Mexicali (\u201cEl CTA se inicia en la Presa Imperial que retiene\u2026\u201d, https:\/\/www.agua.org.mx\/wp-content\/uploads\/filespdf\/doc_pdf_6666.pdf).<\/p>\n<p>En el Valle de Mexicali el supremo valor del agua para la vida no s\u00f3lo se pone de manifiesto por el acaparamiento de las aguas de escurrimiento del CTA, ya que la regi\u00f3n tiene un ecosistema semides\u00e9rtico con un clima c\u00e1lido-seco con escasas lluvias. Diversos estudios indican que el panorama para el acceso al agua en el municipio de Mexicali no es favorable para la siguiente d\u00e9cada, debido a factores como la disminuci\u00f3n de la recarga h\u00eddrica natural del manto fre\u00e1tico, el desarrollo urbano y el incremento poblacional (Estad\u00edsticas del Agua en M\u00e9xico, 2017, Semarnat-Conagua, http:\/\/sina.conagua.gob.mx\/publicaciones\/EAM_2017.pdf y Programa H\u00eddrico Regional Visi\u00f3n 2030. Regi\u00f3n Hidrol\u00f3gico-Administrativa I Pen\u00ednsula de Baja California 2012, Semarnat\u2014Conagua http:\/\/www.conagua.gob.mx\/conagua07\/publicaciones\/publicaciones\/1-sgp-17-12pbc.pdf).<\/p>\n<p>Las autoridades estatales y federales ten\u00edan conocimiento de la crisis por el agua que se avecinaba en la regi\u00f3n, al menos desde 2015, y a\u00fan as\u00ed prosiguieron con el establecimiento de la planta cervecera, desestimando la existencia de documentos oficiales que se\u00f1alaban restricciones a la disponibilidad de agua en el Valle de Mexicali, como la Actualizaci\u00f3n de la disponibilidad media anual de agua en el acu\u00edfero Valle de Mexicali (0210), Estado de Baja California, publicado en el Diario Oficial de la Federaci\u00f3n el 20 de abril de 2015 (https:\/\/www.gob.mx\/cms\/uploads\/attachment\/file\/103411\/DR_0210.pdf). Y continuaron con su empe\u00f1o empresarial por los siguientes 4 a\u00f1os a pesar de la gran resistencia social que gener\u00f3 el intento de establecer la f\u00e1brica. El conflicto parec\u00eda no tener un fin favorable para la poblaci\u00f3n, hasta que con la llegada del gobierno de la \u201ccuarta transformaci\u00f3n\u201d los reclamos de los mexicalenses derivaron en la consulta ciudadana en la que emitieron un rotundo no a la compa\u00f1\u00eda transnacional.<\/p>\n<p>Las declaraciones del Consejo Coordinador Empresarial (CCE) eran de esperarse, pero no por ello son menos rid\u00edculas. De entrada se\u00f1alan que: \u201cEl CCE rechaza tajantemente el proceso y resultados de la consulta irregular sobre la cervecera Constellation Brands\u201d, cuando aquellos que apoyaban la instalaci\u00f3n de la planta violentaron el proceso de la consulta llevando algunos miles de acarreados, pagando por decisiones favorables a ellos y dem\u00e1s pr\u00e1cticas fraudulentas, que fueron identificadas y denunciadas por los activistas de #Mexicaliresiste, durante y despu\u00e9s de las jornadas de la consulta en diversas p\u00e1ginas de Facebook de varios grupos de activistas unidos en el movimiento contra la cervecera (https:\/\/www.facebook.com\/groups\/161434721011261\/ y https:\/\/www.facebook.com\/groups\/1834627176827713\/); adem\u00e1s de muchas otras injusticias y diversas represiones de las que activistas fueron objeto durante el conflicto.<\/p>\n<p>Pero m\u00e1s all\u00e1 de estas acusaciones lo que resulta m\u00e1s desafortunado por parte del CCE es que apelen al discurso de la dif\u00edcil situaci\u00f3n econ\u00f3mica que atraviesa M\u00e9xico y el mundo debido a la ca\u00edda de los precios del petr\u00f3leo y por la pandemia del coronavirus: \u201cEsta consulta atenta contra la capacidad de M\u00e9xico para atraer inversiones e incrementa el riesgo econ\u00f3mico que enfrentamos por la inestabilidad de los mercados financieros, el precio del petr\u00f3leo y la convulsi\u00f3n internacional provocada por la pandemia de Covid-19\u201d (https:\/\/twitter.com\/cceoficialmx\/status\/1241758405762539520).<\/p>\n<p>Es comprensible que los due\u00f1os de Constellation Brands est\u00e9n enfadados pues ver\u00e1n mermados su intereses econ\u00f3micos, pero son una compa\u00f1\u00eda transnacional que seguramente se establecer\u00e1 en otro lado. Ser\u00eda bueno que lo hicieran en Estados Unidos y ocupen del suelo estadunidense el agua, de todas formas iban a mandar la cerveza para all\u00e1. Del CCE no se puede esperar m\u00e1s, s\u00f3lo piensan en n\u00fameros y en ganancias, igual que algunos opinadores de radio y televisi\u00f3n que se desgarran las vestiduras por la terrible decisi\u00f3n de cancelar la planta cervecera, privilegiando cualquier aspecto econ\u00f3mico antes que el del valor del agua; y quiz\u00e1s no sea por estupidez o avaricia y s\u00ed por ignorancia de la realidad local que tienen los mexicalenses; es evidente que no saben que vivir en el desierto de la Pen\u00ednsula de Baja California implica muchas restricciones para el uso del vital l\u00edquido, pero para esos mentecatos de la cuadratura econ\u00f3mica la Comisi\u00f3n Nacional de los Derechos Humanos (CNDH) ha emitido varias recomendaciones, de entre las que destaca la del 10 de febrero de este a\u00f1o, que entre otras cosas se\u00f1ala que:<\/p>\n<p>\u201cBasada en la defensa del derecho humano al agua, la recomendaci\u00f3n no se limita a investigar si hay o no capacidad h\u00eddrica para la instalaci\u00f3n de una cervecera en Mexicali, sino que asume la defensa del derecho al agua prioritariamente para consumo personal y dom\u00e9stico, que debe cuidarse estrictamente en una zona des\u00e9rtica y con decreto de veda, por lo que no puede hacerse abstracci\u00f3n del contexto en que una empresa privada pretende hacer uso del agua. La CNDH considera que no se puede actuar con una visi\u00f3n inmediatista; el derecho al agua prioriza su consumo personal y dom\u00e9stico y no el empleo privado e industrial; probablemente podr\u00eda haber agua para la producci\u00f3n de cerveza en Mexicali los pr\u00f3ximos 50 a\u00f1os, pero a costa del consumo personal y dom\u00e9stico.\u201d<\/p>\n<p>Y tienen raz\u00f3n, aunque en Mexicali hubiera agua para producir cerveza durante d\u00e9cadas, eso no justifica que a largo plazo se sobreexplote el recurso h\u00eddrico de uno de los lugares con mayores carencia de \u00e9ste, pues ning\u00fan negocio justifica poner en riesgo la seguridad del abastecimiento del agua a los mexicanos, ni a ning\u00fan ser humano. No debe sorprender la cancelaci\u00f3n de la planta cervecera, pues en el vecino estado de Baja California Sur la sociedad organizada logr\u00f3 la cancelaci\u00f3n de un mega proyecto minero a tajo abierto para la extracci\u00f3n de oro, que pon\u00eda en riesgo el abasto de agua a la poblaci\u00f3n. Si de algo es consciente la gente de la Pen\u00ednsula de Baja California es de la importancia del agua para la vida; pero si a\u00fan con este otro ejemplo no entienden, ah\u00ed est\u00e1n los cimientos del Nuevo Aeropuerto de la Ciudad de M\u00e9xico, listos para albergar un enorme parque, as\u00ed es que si el presidente respet\u00f3 el clamor popular en los casos mencionados, no tiene por que desistir de cancelar la cervecera.<\/p>\n<p>Las denuncias de los mexicalenses sobre las irregularidades en el otorgamiento de diversos permisos para la instalaci\u00f3n de la planta cervecera que se concedieron durante la administraci\u00f3n estatal de Kiko Vega y la federal de Enrique Pe\u00f1a Nieto deber\u00e1n ser investigadas, as\u00ed como todos los funcionarios que participaron en el proceso. Adem\u00e1s tienen que ser investigados todos los actos de represi\u00f3n e intimidaci\u00f3n que ejerci\u00f3 el gobierno de estatal mediante la fuerza p\u00fablica, as\u00ed como los de diversos grupos directamente relacionados con la empresa Constellation Brands en contra de la sociedad mexicalense opositora. Y se\u00f1ores del CCE les recuerdo que para combatir el Covid-19 se necesita lavarse las manos muchas veces, eso requiere agua, la que ustedes pensaban consumir del municipio de Mexicali para darla a la cervecera y, por supuesto, que en tiempos de la crisis sanitaria que ustedes invocan la sociedad preferir\u00e1 el agua, antes que una \u00ednfima cantidad de empleos generados, antes que cualquier otra cosa.<\/p>\n<p>Roberto Galindo*<\/p>\n<p>*Escritor, maestro en apreciaci\u00f3n y creaci\u00f3n literaria, arque\u00f3logo, dise\u00f1ador gr\u00e1fico. Cursa el doctorado de novela en Casa Lamm.<\/p>\n<p><a href=\"https:\/\/www.contralinea.com.mx\/archivo-revista\/2020\/03\/30\/gana-mexicali-resiste-agua-antes-que-cerveza-en-baja-california\/\" rel=\"noopener noreferrer\" target=\"_blank\">https:\/\/www.contralinea.com.mx\/archivo-revista\/2020\/03\/30\/gana-mexicali-resiste-agua-antes-que-cerveza-en-baja-california\/<\/a><\/p>\n","protected":false},"excerpt":{"rendered":"<p>Contral\u00ednea \/ Roberto E Galindo Dom\u00ednguez Despu\u00e9s de un largo conflicto entre la mayor parte de la sociedad civil organizada de Mexicali en el movimiento #Mexicaliresiste y la compa\u00f1\u00eda Constellation &hellip; <a href=\"https:\/\/www.grieta.org.mx\/index.php\/2020\/03\/30\/gana-mexicali-resiste-agua-antes-que-cerveza-en-baja-california\/\" class=\"more-link\">Leer m\u00e1s<\/a><\/p>\n","protected":false},"author":2,"featured_media":47226,"comment_status":"closed","ping_status":"closed","sticky":false,"template":"","format":"standard","meta":{"ngg_post_thumbnail":0,"_jetpack_newsletter_access":"","_jetpack_dont_email_post_to_subs":false,"_jetpack_newsletter_tier_id":0,"_jetpack_memberships_contains_paywalled_content":false,"_jetpack_memberships_contains_paid_content":false,"footnotes":""},"categories":[5,80,2489,1052,2],"tags":[],"class_list":["post-47225","post","type-post","status-publish","format-standard","has-post-thumbnail","hentry","category-baja-california","category-cintillo","category-conflictos-por-agua-en-baja-california","category-la-lucha-de-resistencia-frente-a-la-cervecera-constellation-brands","category-noticias-nacionales","entry"],"jetpack_featured_media_url":"https:\/\/www.grieta.org.mx\/wp-content\/uploads\/2020\/04\/a.jpeg","jetpack_sharing_enabled":true,"jetpack_shortlink":"https:\/\/wp.me\/p7ZJR4-chH","jetpack_likes_enabled":false,"jetpack-related-posts":[{"id":23029,"url":"https:\/\/www.grieta.org.mx\/index.php\/2018\/05\/07\/detencion-de-leon-fierro-criminalizacion-de-la-protesta-en-mexicali-fleps-baja-california\/","url_meta":{"origin":47225,"position":0},"title":"Detenci\u00f3n de Le\u00f3n Fierro, criminalizaci\u00f3n de la protesta en Mexicali: FLEPS (Baja California)","author":"grieta","date":"7 mayo, 2018","format":false,"excerpt":"","rel":"","context":"En &quot;Baja California&quot;","block_context":{"text":"Baja California","link":"https:\/\/www.grieta.org.mx\/index.php\/category\/noticias-nacionales\/baja-california\/"},"img":{"alt_text":"","src":"https:\/\/i0.wp.com\/www.grieta.org.mx\/wp-content\/uploads\/2018\/05\/mexicalli1-720x480.jpg?resize=350%2C200&ssl=1","width":350,"height":200,"srcset":"https:\/\/i0.wp.com\/www.grieta.org.mx\/wp-content\/uploads\/2018\/05\/mexicalli1-720x480.jpg?resize=350%2C200&ssl=1 1x, https:\/\/i0.wp.com\/www.grieta.org.mx\/wp-content\/uploads\/2018\/05\/mexicalli1-720x480.jpg?resize=525%2C300&ssl=1 1.5x, https:\/\/i0.wp.com\/www.grieta.org.mx\/wp-content\/uploads\/2018\/05\/mexicalli1-720x480.jpg?resize=700%2C400&ssl=1 2x"},"classes":[]},{"id":44447,"url":"https:\/\/www.grieta.org.mx\/index.php\/2020\/02\/10\/en-el-pais-la-mayor-cervecera-del-mundo-viola-el-derecho-al-agua-en-baja-california\/","url_meta":{"origin":47225,"position":1},"title":"En El Pa\u00eds La mayor cervecera del mundo viola el derecho al agua en Baja California","author":"grieta","date":"10 febrero, 2020","format":false,"excerpt":"La Verdad de Ju\u00e1rez \/ Texto Jos\u00e9 Ignacio De Alba \/ Pie de P\u00e1gina Foto: Constellation Brands Una recomendaci\u00f3n de la Comisi\u00f3n Nacional de Derechos Humanos al gobierno de Baja California y a la Conagua por violar el derecho humano al agua de los pobladores de Mexicali alcanz\u00f3 a la\u2026","rel":"","context":"En &quot;Baja California&quot;","block_context":{"text":"Baja California","link":"https:\/\/www.grieta.org.mx\/index.php\/category\/noticias-nacionales\/baja-california\/"},"img":{"alt_text":"","src":"https:\/\/i0.wp.com\/www.grieta.org.mx\/wp-content\/uploads\/2020\/02\/Foto-especial_constellationbrands.jpg?resize=350%2C200&ssl=1","width":350,"height":200,"srcset":"https:\/\/i0.wp.com\/www.grieta.org.mx\/wp-content\/uploads\/2020\/02\/Foto-especial_constellationbrands.jpg?resize=350%2C200&ssl=1 1x, https:\/\/i0.wp.com\/www.grieta.org.mx\/wp-content\/uploads\/2020\/02\/Foto-especial_constellationbrands.jpg?resize=525%2C300&ssl=1 1.5x, https:\/\/i0.wp.com\/www.grieta.org.mx\/wp-content\/uploads\/2020\/02\/Foto-especial_constellationbrands.jpg?resize=700%2C400&ssl=1 2x, https:\/\/i0.wp.com\/www.grieta.org.mx\/wp-content\/uploads\/2020\/02\/Foto-especial_constellationbrands.jpg?resize=1050%2C600&ssl=1 3x"},"classes":[]},{"id":57772,"url":"https:\/\/www.grieta.org.mx\/index.php\/2021\/03\/01\/desmantelamiento-de-constellation-brands-en-mexicali-inicia-el-18-de-marzo-baja-california-2\/","url_meta":{"origin":47225,"position":2},"title":"Desmantelamiento de Constellation Brands en Mexicali inicia el 18 de marzo (Baja California)","author":"grieta","date":"1 marzo, 2021","format":false,"excerpt":"La coperacha \/ Redacci\u00f3n. La trasnacional acepta plazo de 24 meses, en acatamiento de Consulta Ciudadana del 2020. El jueves 18 de marzo comenzar\u00e1 la primera fase de salida ordenada de Constellations Brands de Mexicali, en acatamiento a la Consulta Ciudadana elaborada por la Secretar\u00eda de Gobernaci\u00f3n en marzo del\u2026","rel":"","context":"En &quot;Baja California&quot;","block_context":{"text":"Baja California","link":"https:\/\/www.grieta.org.mx\/index.php\/category\/noticias-nacionales\/baja-california\/"},"img":{"alt_text":"","src":"https:\/\/i0.wp.com\/www.grieta.org.mx\/wp-content\/uploads\/2021\/03\/1-5.jpg?resize=350%2C200&ssl=1","width":350,"height":200,"srcset":"https:\/\/i0.wp.com\/www.grieta.org.mx\/wp-content\/uploads\/2021\/03\/1-5.jpg?resize=350%2C200&ssl=1 1x, https:\/\/i0.wp.com\/www.grieta.org.mx\/wp-content\/uploads\/2021\/03\/1-5.jpg?resize=525%2C300&ssl=1 1.5x, https:\/\/i0.wp.com\/www.grieta.org.mx\/wp-content\/uploads\/2021\/03\/1-5.jpg?resize=700%2C400&ssl=1 2x"},"classes":[]},{"id":23166,"url":"https:\/\/www.grieta.org.mx\/index.php\/2018\/05\/16\/ordenan-a-conagua-informar-y-transparentar-documentos-sobre-instalacion-de-constellation-brands-en-mexicali-baja-california\/","url_meta":{"origin":47225,"position":3},"title":"Ordenan a Conagua informar y transparentar  documentos sobre instalaci\u00f3n de Constellation Brands en Mexicali (Baja California)","author":"grieta","date":"16 mayo, 2018","format":false,"excerpt":"Antonio Heras Mexicali.- La Comisi\u00f3n Nacional del Agua est\u00e1 obligada a informar sobre la instalaci\u00f3n en el Valle de Mexicali de la planta de producci\u00f3n de cerveza de la compa\u00f1\u00eda estadunidense Constellation Brands. Ante la reiterada negativa del organismo federal, el Instituto Nacional de Transparencia, Acceso a la Informaci\u00f3n y\u2026","rel":"","context":"En &quot;Baja California&quot;","block_context":{"text":"Baja California","link":"https:\/\/www.grieta.org.mx\/index.php\/category\/noticias-nacionales\/baja-california\/"},"img":{"alt_text":"","src":"https:\/\/i0.wp.com\/www.grieta.org.mx\/wp-content\/uploads\/2018\/05\/protesta_17_02124138195.jpg?resize=350%2C200&ssl=1","width":350,"height":200,"srcset":"https:\/\/i0.wp.com\/www.grieta.org.mx\/wp-content\/uploads\/2018\/05\/protesta_17_02124138195.jpg?resize=350%2C200&ssl=1 1x, https:\/\/i0.wp.com\/www.grieta.org.mx\/wp-content\/uploads\/2018\/05\/protesta_17_02124138195.jpg?resize=525%2C300&ssl=1 1.5x"},"classes":[]},{"id":35720,"url":"https:\/\/www.grieta.org.mx\/index.php\/2019\/07\/01\/arrestan-a-activista-silvia-resendiz-con-sus-dos-nietas-en-garita-de-calexico-mexicali-baja-california\/","url_meta":{"origin":47225,"position":4},"title":"Arrestan a activista Silvia Resendiz con sus dos nietas en garita de Calexico-Mexicali (Baja California)","author":"grieta","date":"1 julio, 2019","format":false,"excerpt":"Antonio Heras \/ Lindero Norte. Mexicali.-La activista Silvia Resendiz, directora del colectivo Mujeres Tierra, fue detenida en la Garita Internacional de Calexico, California, cuando cruzaba para hacer compras en esa ciudad estadunidense. La detenci\u00f3n se realiz\u00f3 la tarde de este domingo 30 de junio, alrededor de las 14:00 horas, al\u2026","rel":"","context":"En &quot;Baja California&quot;","block_context":{"text":"Baja California","link":"https:\/\/www.grieta.org.mx\/index.php\/category\/noticias-nacionales\/baja-california\/"},"img":{"alt_text":"","src":"https:\/\/i0.wp.com\/www.grieta.org.mx\/wp-content\/uploads\/2019\/07\/IMG-20190630-WA0046.jpg?resize=350%2C200&ssl=1","width":350,"height":200,"srcset":"https:\/\/i0.wp.com\/www.grieta.org.mx\/wp-content\/uploads\/2019\/07\/IMG-20190630-WA0046.jpg?resize=350%2C200&ssl=1 1x, https:\/\/i0.wp.com\/www.grieta.org.mx\/wp-content\/uploads\/2019\/07\/IMG-20190630-WA0046.jpg?resize=525%2C300&ssl=1 1.5x, https:\/\/i0.wp.com\/www.grieta.org.mx\/wp-content\/uploads\/2019\/07\/IMG-20190630-WA0046.jpg?resize=700%2C400&ssl=1 2x"},"classes":[]},{"id":23174,"url":"https:\/\/www.grieta.org.mx\/index.php\/2018\/05\/15\/por-que-una-cervecera-de-eu-se-toma-la-poca-agua-que-queda-en-mexicali-que-diga-conagua-inai-baja-california\/","url_meta":{"origin":47225,"position":5},"title":"\u00bfPor qu\u00e9 una cervecera de EU se toma la poca agua que queda en Mexicali? Que diga Conagua: INAI (Baja California)","author":"grieta","date":"15 mayo, 2018","format":false,"excerpt":"Por Redacci\u00f3n El INAI instruy\u00f3 a la Comisi\u00f3n Nacional del Agua a que informe si la instalaci\u00f3n de la planta cervecera Constellation Brands en Mexicali, Baja California, cuenta con los permisos, manifestaciones de impacto ambiental o cualquier expresi\u00f3n documental que avalen la explotaci\u00f3n del agua en la zona, pues todos\u2026","rel":"","context":"En &quot;Baja California&quot;","block_context":{"text":"Baja California","link":"https:\/\/www.grieta.org.mx\/index.php\/category\/noticias-nacionales\/baja-california\/"},"img":{"alt_text":"","src":"https:\/\/i0.wp.com\/www.grieta.org.mx\/wp-content\/uploads\/2018\/05\/leon-fierro-preso-1100.jpg?resize=350%2C200&ssl=1","width":350,"height":200,"srcset":"https:\/\/i0.wp.com\/www.grieta.org.mx\/wp-content\/uploads\/2018\/05\/leon-fierro-preso-1100.jpg?resize=350%2C200&ssl=1 1x, https:\/\/i0.wp.com\/www.grieta.org.mx\/wp-content\/uploads\/2018\/05\/leon-fierro-preso-1100.jpg?resize=525%2C300&ssl=1 1.5x, https:\/\/i0.wp.com\/www.grieta.org.mx\/wp-content\/uploads\/2018\/05\/leon-fierro-preso-1100.jpg?resize=700%2C400&ssl=1 2x, https:\/\/i0.wp.com\/www.grieta.org.mx\/wp-content\/uploads\/2018\/05\/leon-fierro-preso-1100.jpg?resize=1050%2C600&ssl=1 3x"},"classes":[]}],"_links":{"self":[{"href":"https:\/\/www.grieta.org.mx\/index.php\/wp-json\/wp\/v2\/posts\/47225","targetHints":{"allow":["GET"]}}],"collection":[{"href":"https:\/\/www.grieta.org.mx\/index.php\/wp-json\/wp\/v2\/posts"}],"about":[{"href":"https:\/\/www.grieta.org.mx\/index.php\/wp-json\/wp\/v2\/types\/post"}],"author":[{"embeddable":true,"href":"https:\/\/www.grieta.org.mx\/index.php\/wp-json\/wp\/v2\/users\/2"}],"replies":[{"embeddable":true,"href":"https:\/\/www.grieta.org.mx\/index.php\/wp-json\/wp\/v2\/comments?post=47225"}],"version-history":[{"count":1,"href":"https:\/\/www.grieta.org.mx\/index.php\/wp-json\/wp\/v2\/posts\/47225\/revisions"}],"predecessor-version":[{"id":47227,"href":"https:\/\/www.grieta.org.mx\/index.php\/wp-json\/wp\/v2\/posts\/47225\/revisions\/47227"}],"wp:featuredmedia":[{"embeddable":true,"href":"https:\/\/www.grieta.org.mx\/index.php\/wp-json\/wp\/v2\/media\/47226"}],"wp:attachment":[{"href":"https:\/\/www.grieta.org.mx\/index.php\/wp-json\/wp\/v2\/media?parent=47225"}],"wp:term":[{"taxonomy":"category","embeddable":true,"href":"https:\/\/www.grieta.org.mx\/index.php\/wp-json\/wp\/v2\/categories?post=47225"},{"taxonomy":"post_tag","embeddable":true,"href":"https:\/\/www.grieta.org.mx\/index.php\/wp-json\/wp\/v2\/tags?post=47225"}],"curies":[{"name":"wp","href":"https:\/\/api.w.org\/{rel}","templated":true}]}}