{"id":47208,"date":"2020-04-03T18:09:24","date_gmt":"2020-04-04T00:09:24","guid":{"rendered":"http:\/\/www.grieta.org.mx\/?p=47208"},"modified":"2020-04-04T18:16:41","modified_gmt":"2020-04-05T00:16:41","slug":"no-he-recibido-un-trato-digno-esposa-de-caso-confirmado-de-covid-19-tamaulipas","status":"publish","type":"post","link":"https:\/\/www.grieta.org.mx\/index.php\/2020\/04\/03\/no-he-recibido-un-trato-digno-esposa-de-caso-confirmado-de-covid-19-tamaulipas\/","title":{"rendered":"&#8220;No he recibido un trato digno&#8221;: Esposa de caso confirmado de covid-19 (Tamaulipas)"},"content":{"rendered":"<p>Pablo Reyes\/Milenio<br \/>\n3 abril 2020<\/p>\n<blockquote><p>Mar\u00eda, asegura que nunca le mostraron un documento que confirmara que su esposo tiene coronavirus, por lo que pide al gobierno ayuda.<\/p><\/blockquote>\n<p><img loading=\"lazy\" decoding=\"async\" data-attachment-id=\"47209\" data-permalink=\"https:\/\/www.grieta.org.mx\/index.php\/2020\/04\/03\/no-he-recibido-un-trato-digno-esposa-de-caso-confirmado-de-covid-19-tamaulipas\/coronavirus-tamaulipas-foto-pablo-reyes-2_0_97_958_596\/\" data-orig-file=\"https:\/\/www.grieta.org.mx\/wp-content\/uploads\/2020\/04\/coronavirus-tamaulipas-foto-pablo-reyes-2_0_97_958_596.jpeg\" data-orig-size=\"958,596\" data-comments-opened=\"0\" data-image-meta=\"{&quot;aperture&quot;:&quot;0&quot;,&quot;credit&quot;:&quot;&quot;,&quot;camera&quot;:&quot;&quot;,&quot;caption&quot;:&quot;&quot;,&quot;created_timestamp&quot;:&quot;0&quot;,&quot;copyright&quot;:&quot;&quot;,&quot;focal_length&quot;:&quot;0&quot;,&quot;iso&quot;:&quot;0&quot;,&quot;shutter_speed&quot;:&quot;0&quot;,&quot;title&quot;:&quot;&quot;,&quot;orientation&quot;:&quot;0&quot;}\" data-image-title=\"coronavirus-tamaulipas-foto-pablo-reyes-2_0_97_958_596\" data-image-description=\"\" data-image-caption=\"\" data-medium-file=\"https:\/\/www.grieta.org.mx\/wp-content\/uploads\/2020\/04\/coronavirus-tamaulipas-foto-pablo-reyes-2_0_97_958_596-300x187.jpeg\" data-large-file=\"https:\/\/www.grieta.org.mx\/wp-content\/uploads\/2020\/04\/coronavirus-tamaulipas-foto-pablo-reyes-2_0_97_958_596.jpeg\" class=\"aligncenter wp-image-47209\" src=\"http:\/\/www.grieta.org.mx\/wp-content\/uploads\/2020\/04\/coronavirus-tamaulipas-foto-pablo-reyes-2_0_97_958_596.jpeg\" alt=\"\" width=\"800\" height=\"498\" srcset=\"https:\/\/www.grieta.org.mx\/wp-content\/uploads\/2020\/04\/coronavirus-tamaulipas-foto-pablo-reyes-2_0_97_958_596.jpeg 958w, https:\/\/www.grieta.org.mx\/wp-content\/uploads\/2020\/04\/coronavirus-tamaulipas-foto-pablo-reyes-2_0_97_958_596-300x187.jpeg 300w, https:\/\/www.grieta.org.mx\/wp-content\/uploads\/2020\/04\/coronavirus-tamaulipas-foto-pablo-reyes-2_0_97_958_596-768x478.jpeg 768w, https:\/\/www.grieta.org.mx\/wp-content\/uploads\/2020\/04\/coronavirus-tamaulipas-foto-pablo-reyes-2_0_97_958_596-804x500.jpeg 804w\" sizes=\"auto, (max-width: 800px) 100vw, 800px\" \/><\/p>\n<p>Un adulto de 55 a\u00f1os de edad que dio positivo a coronavirus, originario de Ciudad Mante, Tamaulipas, fue trasladado al hospital Rodolfo Torre Cant\u00fa en Altamira, Mar\u00eda, su esposa, asegura que no ha recibido el apoyo necesario.<\/p>\n<p>Ella pide ayuda al gobierno del estado para sobrellevar la situaci\u00f3n, debido a que desde que lleg\u00f3 al hospital, solo ha recibido discriminaci\u00f3n por parte del personal del nosocomio, su esposo lleva 3 d\u00edas en el hospital.<\/p>\n<p>Mar\u00eda, asegura que nunca le mostraron un documento que confirmara que su esposo tiene coronavirus, por lo que pide al gobierno ayuda. Adem\u00e1s no ha recibido un trato digno, no la dejaban entrar al ba\u00f1o, tuvo que ir al monte para hacer sus necesidades.<\/p>\n<p>Cabe mencionar que la polic\u00eda se encuentra dando rondines, esto ante la contingencia que se vive en el nosocomio.<\/p>\n<p>GINS<\/p>\n<p><a href=\"https:\/\/www.milenio.com\/ciencia-y-salud\/coronavirus-tamaulipas-recibido-trato-digno-esposa-caso\" rel=\"noopener noreferrer\" target=\"_blank\">https:\/\/www.milenio.com\/ciencia-y-salud\/coronavirus-tamaulipas-recibido-trato-digno-esposa-caso<\/a><\/p>\n","protected":false},"excerpt":{"rendered":"<p>Pablo Reyes\/Milenio 3 abril 2020 Mar\u00eda, asegura que nunca le mostraron un documento que confirmara que su esposo tiene coronavirus, por lo que pide al gobierno ayuda. Un adulto de &hellip; <a href=\"https:\/\/www.grieta.org.mx\/index.php\/2020\/04\/03\/no-he-recibido-un-trato-digno-esposa-de-caso-confirmado-de-covid-19-tamaulipas\/\" class=\"more-link\">Leer m\u00e1s<\/a><\/p>\n","protected":false},"author":2,"featured_media":47209,"comment_status":"closed","ping_status":"closed","sticky":false,"template":"","format":"standard","meta":{"ngg_post_thumbnail":0,"_jetpack_newsletter_access":"","_jetpack_dont_email_post_to_subs":false,"_jetpack_newsletter_tier_id":0,"_jetpack_memberships_contains_paywalled_content":false,"_jetpack_memberships_contains_paid_content":false,"footnotes":""},"categories":[80,918,2368,2,33,83],"tags":[3241,3198,3133,2543,2444],"class_list":["post-47208","post","type-post","status-publish","format-standard","has-post-thumbnail","hentry","category-cintillo","category-privatizacion-del-sector-salud","category-crisis-del-sector-salud-en-tamaulipas","category-noticias-nacionales","category-tamaulipas","category-temas-nacionales","tag-covid-19","tag-covid19","tag-crisis-del-sector-salud","tag-discriminacion","tag-violacion-derechos-humanos","entry"],"jetpack_featured_media_url":"https:\/\/www.grieta.org.mx\/wp-content\/uploads\/2020\/04\/coronavirus-tamaulipas-foto-pablo-reyes-2_0_97_958_596.jpeg","jetpack_sharing_enabled":true,"jetpack_shortlink":"https:\/\/wp.me\/p7ZJR4-chq","jetpack_likes_enabled":false,"jetpack-related-posts":[{"id":50235,"url":"https:\/\/www.grieta.org.mx\/index.php\/2020\/06\/02\/protesta-personal-medico-del-hospital-general-de-matamoros-exigen-su-base-tamaulipas\/","url_meta":{"origin":47208,"position":0},"title":"Protesta personal m\u00e9dico del Hospital General de Matamoros; exigen su base (Tamaulipas)","author":"grieta","date":"2 junio, 2020","format":false,"excerpt":"Marco Rodr\u00edguez\/Hoy T.am 2 junio 2020 Un grupo de doctores y enfermeros del Hospital General de Matamoros llevaron a cabo esta tarde una protesta pac\u00edfica, para exigir al gobierno federal que les entregue su base para que puedan estar asegurados. Matamoros, Tamaulipas. - Un grupo de doctores y enfermeros del\u2026","rel":"","context":"En &quot;CINTILLO&quot;","block_context":{"text":"CINTILLO","link":"https:\/\/www.grieta.org.mx\/index.php\/category\/cintillo\/"},"img":{"alt_text":"","src":"https:\/\/i0.wp.com\/www.grieta.org.mx\/wp-content\/uploads\/2020\/06\/Protesta-personal-medico-del-Hospital-General-de-Matamoros-exigen-su-base.jpg?resize=350%2C200&ssl=1","width":350,"height":200,"srcset":"https:\/\/i0.wp.com\/www.grieta.org.mx\/wp-content\/uploads\/2020\/06\/Protesta-personal-medico-del-Hospital-General-de-Matamoros-exigen-su-base.jpg?resize=350%2C200&ssl=1 1x, https:\/\/i0.wp.com\/www.grieta.org.mx\/wp-content\/uploads\/2020\/06\/Protesta-personal-medico-del-Hospital-General-de-Matamoros-exigen-su-base.jpg?resize=525%2C300&ssl=1 1.5x, https:\/\/i0.wp.com\/www.grieta.org.mx\/wp-content\/uploads\/2020\/06\/Protesta-personal-medico-del-Hospital-General-de-Matamoros-exigen-su-base.jpg?resize=700%2C400&ssl=1 2x"},"classes":[]},{"id":51395,"url":"https:\/\/www.grieta.org.mx\/index.php\/2020\/06\/24\/trabajadores-de-hospital-civil-en-victoria-dan-positivo-a-covid-19-tamaulipas\/","url_meta":{"origin":47208,"position":1},"title":"Trabajadores de Hospital Civil en Victoria dan positivo a covid-19 (Tamaulipas)","author":"grieta","date":"24 junio, 2020","format":false,"excerpt":"Milenio Digital\/Milenio 24 junio 2020 Salud Tamaulipas | Archivo Secretar\u00eda de Salud de Tamaulipas inform\u00f3 que siguen las acciones preventivas y de contenci\u00f3n en el Hospital Civil de Ciudad Victoria, debido a que 10 trabajadores resultaron positivos a coronavirus. El contagio por covid-19 en el nosocomio se dio de forma\u2026","rel":"","context":"En &quot;CINTILLO&quot;","block_context":{"text":"CINTILLO","link":"https:\/\/www.grieta.org.mx\/index.php\/category\/cintillo\/"},"img":{"alt_text":"","src":"https:\/\/i0.wp.com\/www.grieta.org.mx\/wp-content\/uploads\/2020\/06\/amlo-alerta-sobre-posible-caso.jpg?resize=350%2C200&ssl=1","width":350,"height":200,"srcset":"https:\/\/i0.wp.com\/www.grieta.org.mx\/wp-content\/uploads\/2020\/06\/amlo-alerta-sobre-posible-caso.jpg?resize=350%2C200&ssl=1 1x, https:\/\/i0.wp.com\/www.grieta.org.mx\/wp-content\/uploads\/2020\/06\/amlo-alerta-sobre-posible-caso.jpg?resize=525%2C300&ssl=1 1.5x, https:\/\/i0.wp.com\/www.grieta.org.mx\/wp-content\/uploads\/2020\/06\/amlo-alerta-sobre-posible-caso.jpg?resize=700%2C400&ssl=1 2x"},"classes":[]},{"id":32888,"url":"https:\/\/www.grieta.org.mx\/index.php\/2019\/05\/02\/sector-salud-tamaulipas-sin-medicinas-por-adeudo-tamaulipas\/","url_meta":{"origin":47208,"position":2},"title":"Sector Salud Tamaulipas sin medicinas por adeudo (Tamaulipas)","author":"grieta","date":"2 mayo, 2019","format":false,"excerpt":"El Bravo TAMAULIPAS.- La empresa Intercontinental de Medicamentos suspendi\u00f3 la expedici\u00f3n de vales y el abastaecimiento a la farmacia del Hospital Civil y otras instituciones de Salud en Tamaulipas, por un presunto adeudo del sector. Esta situaci\u00f3n representa un serio problema tanto para trabajadores como derechohabientes, indic\u00f3 el delegado sindical\u2026","rel":"","context":"En &quot;CINTILLO&quot;","block_context":{"text":"CINTILLO","link":"https:\/\/www.grieta.org.mx\/index.php\/category\/cintillo\/"},"img":{"alt_text":"","src":"https:\/\/i0.wp.com\/www.grieta.org.mx\/wp-content\/uploads\/2019\/05\/Sector-Salud-Tamaulipas-sin-medicinas-por-adeudo-tama-may.jpg?resize=350%2C200&ssl=1","width":350,"height":200,"srcset":"https:\/\/i0.wp.com\/www.grieta.org.mx\/wp-content\/uploads\/2019\/05\/Sector-Salud-Tamaulipas-sin-medicinas-por-adeudo-tama-may.jpg?resize=350%2C200&ssl=1 1x, https:\/\/i0.wp.com\/www.grieta.org.mx\/wp-content\/uploads\/2019\/05\/Sector-Salud-Tamaulipas-sin-medicinas-por-adeudo-tama-may.jpg?resize=525%2C300&ssl=1 1.5x"},"classes":[]},{"id":47245,"url":"https:\/\/www.grieta.org.mx\/index.php\/2020\/04\/03\/protestan-medicos-de-tamaulipas-por-falta-de-insumos-ante-covid-19\/","url_meta":{"origin":47208,"position":3},"title":"Protestan m\u00e9dicos de Tamaulipas por falta de insumos ante Covid-19","author":"grieta","date":"3 abril, 2020","format":false,"excerpt":"El Arsenal\/Redacci\u00f3n 03 abril 2020 Tamaulipas.- M\u00e9dicos y enfermeros, as\u00ed como empleados del Hospital General de Zona \u201cSolidaridad\u201d se manifestaron para denunciar la falta de insumos para protegerse ante la pandemia de Covid-19, y amenazan con irse a paro de labores; eso, luego de que se confirmara que el segundo\u2026","rel":"","context":"En &quot;CINTILLO&quot;","block_context":{"text":"CINTILLO","link":"https:\/\/www.grieta.org.mx\/index.php\/category\/cintillo\/"},"img":{"alt_text":"","src":"https:\/\/i0.wp.com\/www.grieta.org.mx\/wp-content\/uploads\/2020\/04\/laredo-1.png?resize=350%2C200&ssl=1","width":350,"height":200,"srcset":"https:\/\/i0.wp.com\/www.grieta.org.mx\/wp-content\/uploads\/2020\/04\/laredo-1.png?resize=350%2C200&ssl=1 1x, https:\/\/i0.wp.com\/www.grieta.org.mx\/wp-content\/uploads\/2020\/04\/laredo-1.png?resize=525%2C300&ssl=1 1.5x, https:\/\/i0.wp.com\/www.grieta.org.mx\/wp-content\/uploads\/2020\/04\/laredo-1.png?resize=700%2C400&ssl=1 2x"},"classes":[]},{"id":33173,"url":"https:\/\/www.grieta.org.mx\/index.php\/2019\/05\/08\/discriminan-a-pacientes-con-vih-en-el-hospital-tamaulipas\/","url_meta":{"origin":47208,"position":4},"title":"Discriminan a pacientes con VIH en el Hospital (Tamaulipas)","author":"grieta","date":"8 mayo, 2019","format":false,"excerpt":"Erik Huerta \/ El Ma\u00f1ana Han presentado dos quejas ante la Codeht Tampico, Tam.- Dos quejas ante la Comisi\u00f3n de los Derechos Humanos de Tamaulipas (Codeht) han interpuesto integrantes de la Asociaci\u00f3n Diversidad Vihda Trans, en contra del Hospital Civil de Tampico, \"Dr. Carlos Canseco\", luego de que refieren que\u2026","rel":"","context":"En &quot;CINTILLO&quot;","block_context":{"text":"CINTILLO","link":"https:\/\/www.grieta.org.mx\/index.php\/category\/cintillo\/"},"img":{"alt_text":"","src":"https:\/\/i0.wp.com\/www.grieta.org.mx\/wp-content\/uploads\/2019\/05\/Discriminan-a-pacientes-con-VIH-en-el-Hospital-tama-may.jpg?resize=350%2C200&ssl=1","width":350,"height":200,"srcset":"https:\/\/i0.wp.com\/www.grieta.org.mx\/wp-content\/uploads\/2019\/05\/Discriminan-a-pacientes-con-VIH-en-el-Hospital-tama-may.jpg?resize=350%2C200&ssl=1 1x, https:\/\/i0.wp.com\/www.grieta.org.mx\/wp-content\/uploads\/2019\/05\/Discriminan-a-pacientes-con-VIH-en-el-Hospital-tama-may.jpg?resize=525%2C300&ssl=1 1.5x"},"classes":[]},{"id":47205,"url":"https:\/\/www.grieta.org.mx\/index.php\/2020\/03\/26\/denuncian-falta-de-insumos-en-issste-de-reynosa-en-plena-pandemia-tamaulipas\/","url_meta":{"origin":47208,"position":5},"title":"Denuncian falta de insumos en Issste de Reynosa en plena pandemia (Tamaulipas)","author":"grieta","date":"26 marzo, 2020","format":false,"excerpt":"Agencia Reforma, Miguel Dominguez y Mariela Trinidad\/Debate 26 marzo 2020 La dependecia no cuenta con los insumos b\u00e1sicos para atender y evitar el coronavirus Tamaulipas.-A punto de entrar a un contagio mayor por el Covid-19, el personal del ISSSTE en Tamaulipas con apoyo sindical trabaja bajo protesta y exhibe mantas\u2026","rel":"","context":"En &quot;CINTILLO&quot;","block_context":{"text":"CINTILLO","link":"https:\/\/www.grieta.org.mx\/index.php\/category\/cintillo\/"},"img":{"alt_text":"","src":"https:\/\/i0.wp.com\/www.grieta.org.mx\/wp-content\/uploads\/2020\/04\/issste.png?resize=350%2C200&ssl=1","width":350,"height":200,"srcset":"https:\/\/i0.wp.com\/www.grieta.org.mx\/wp-content\/uploads\/2020\/04\/issste.png?resize=350%2C200&ssl=1 1x, https:\/\/i0.wp.com\/www.grieta.org.mx\/wp-content\/uploads\/2020\/04\/issste.png?resize=525%2C300&ssl=1 1.5x, https:\/\/i0.wp.com\/www.grieta.org.mx\/wp-content\/uploads\/2020\/04\/issste.png?resize=700%2C400&ssl=1 2x"},"classes":[]}],"_links":{"self":[{"href":"https:\/\/www.grieta.org.mx\/index.php\/wp-json\/wp\/v2\/posts\/47208","targetHints":{"allow":["GET"]}}],"collection":[{"href":"https:\/\/www.grieta.org.mx\/index.php\/wp-json\/wp\/v2\/posts"}],"about":[{"href":"https:\/\/www.grieta.org.mx\/index.php\/wp-json\/wp\/v2\/types\/post"}],"author":[{"embeddable":true,"href":"https:\/\/www.grieta.org.mx\/index.php\/wp-json\/wp\/v2\/users\/2"}],"replies":[{"embeddable":true,"href":"https:\/\/www.grieta.org.mx\/index.php\/wp-json\/wp\/v2\/comments?post=47208"}],"version-history":[{"count":1,"href":"https:\/\/www.grieta.org.mx\/index.php\/wp-json\/wp\/v2\/posts\/47208\/revisions"}],"predecessor-version":[{"id":47210,"href":"https:\/\/www.grieta.org.mx\/index.php\/wp-json\/wp\/v2\/posts\/47208\/revisions\/47210"}],"wp:featuredmedia":[{"embeddable":true,"href":"https:\/\/www.grieta.org.mx\/index.php\/wp-json\/wp\/v2\/media\/47209"}],"wp:attachment":[{"href":"https:\/\/www.grieta.org.mx\/index.php\/wp-json\/wp\/v2\/media?parent=47208"}],"wp:term":[{"taxonomy":"category","embeddable":true,"href":"https:\/\/www.grieta.org.mx\/index.php\/wp-json\/wp\/v2\/categories?post=47208"},{"taxonomy":"post_tag","embeddable":true,"href":"https:\/\/www.grieta.org.mx\/index.php\/wp-json\/wp\/v2\/tags?post=47208"}],"curies":[{"name":"wp","href":"https:\/\/api.w.org\/{rel}","templated":true}]}}