{"id":47189,"date":"2020-04-01T16:06:21","date_gmt":"2020-04-01T22:06:21","guid":{"rendered":"http:\/\/www.grieta.org.mx\/?p=47189"},"modified":"2020-04-04T16:20:26","modified_gmt":"2020-04-04T22:20:26","slug":"protesta-personal-de-la-secretaria-de-salud-nayarit","status":"publish","type":"post","link":"https:\/\/www.grieta.org.mx\/index.php\/2020\/04\/01\/protesta-personal-de-la-secretaria-de-salud-nayarit\/","title":{"rendered":"Protesta personal de la Secretar\u00eda de Salud (Nayarit)"},"content":{"rendered":"<p><img loading=\"lazy\" decoding=\"async\" data-attachment-id=\"47190\" data-permalink=\"https:\/\/www.grieta.org.mx\/index.php\/2020\/04\/01\/protesta-personal-de-la-secretaria-de-salud-nayarit\/protesta-768x480\/\" data-orig-file=\"https:\/\/www.grieta.org.mx\/wp-content\/uploads\/2020\/04\/protesta-768x480.jpg\" data-orig-size=\"768,480\" data-comments-opened=\"0\" data-image-meta=\"{&quot;aperture&quot;:&quot;0&quot;,&quot;credit&quot;:&quot;&quot;,&quot;camera&quot;:&quot;&quot;,&quot;caption&quot;:&quot;&quot;,&quot;created_timestamp&quot;:&quot;0&quot;,&quot;copyright&quot;:&quot;&quot;,&quot;focal_length&quot;:&quot;0&quot;,&quot;iso&quot;:&quot;0&quot;,&quot;shutter_speed&quot;:&quot;0&quot;,&quot;title&quot;:&quot;&quot;,&quot;orientation&quot;:&quot;0&quot;}\" data-image-title=\"protesta-768&amp;#215;480\" data-image-description=\"\" data-image-caption=\"\" data-medium-file=\"https:\/\/www.grieta.org.mx\/wp-content\/uploads\/2020\/04\/protesta-768x480-300x188.jpg\" data-large-file=\"https:\/\/www.grieta.org.mx\/wp-content\/uploads\/2020\/04\/protesta-768x480.jpg\" class=\"aligncenter size-full wp-image-47190\" src=\"http:\/\/www.grieta.org.mx\/wp-content\/uploads\/2020\/04\/protesta-768x480.jpg\" alt=\"\" width=\"768\" height=\"480\" srcset=\"https:\/\/www.grieta.org.mx\/wp-content\/uploads\/2020\/04\/protesta-768x480.jpg 768w, https:\/\/www.grieta.org.mx\/wp-content\/uploads\/2020\/04\/protesta-768x480-300x188.jpg 300w\" sizes=\"auto, (max-width: 768px) 100vw, 768px\" \/><\/p>\n<p>Foto: Realidades de Nayarit<\/p>\n<p>Mildre Ben\u00edtez Robledo \/ Realidades deNayarit<\/p>\n<p>Tepic, Nayarit; 01-abril-2020.- Pese a que los trabajadores de la Salud han pedido en diversas ocasiones al Gobierno Estatal que les surtan lo necesario, para hacerle frente a la pandemia que ha dejado miles de muertes en varios pa\u00edses del planeta, hasta el momento no han tenido respuesta positiva a su solicitud, por ello, la Secci\u00f3n 31 del Sindicato Nacional de Trabajadores de la Secretar\u00eda de Salud (SNTSA) han sido tajantes respecto a este asunto.<\/p>\n<p>A trav\u00e9s de su p\u00e1gina oficial en facebook han informado a sus agremiados sobre lo que deber\u00e1n de hacer, ante la presencia de un paciente con s\u00edntomas de coronavirus.<\/p>\n<p>\u201cAnte el n\u00famero de casos sospechosos de COVID-19 que se siguen presentando en el Estado y la falta de surtimiento de equipo de protecci\u00f3n por parte de las autoridades te pedimos lo siguiente: Ex\u00edgele a tu director o jefe el equipo de protecci\u00f3n necesario, para la atenci\u00f3n y toma de muestras de casos sospechosos, si no cuentas con dicho equipo no arriesgues tu integridad, que sea el propio director o jefe, quien atienda a los pacientes ante la falta de surtimiento de dicho material.<\/p>\n<p>El personal de Salud es responsabilidad del Estado y las autoridades sanitarias protegerlo, para que pueda atender a la poblaci\u00f3n\u201d.<\/p>\n<p>En Nayarit seg\u00fan la \u00faltima cifra aportada por el sector salud, actualmente hay 16 sospechosos, 7 confirmados y este martes se registr\u00f3 la primer muerte.<\/p>\n<p><a href=\"http:\/\/realidadesperiodico.com\/portada\/protesta-personal-de-la-secretaria-de-salud\/\">http:\/\/realidadesperiodico.com\/portada\/protesta-personal-de-la-secretaria-de-salud\/<\/a><\/p>\n","protected":false},"excerpt":{"rendered":"<p>Foto: Realidades de Nayarit Mildre Ben\u00edtez Robledo \/ Realidades deNayarit Tepic, Nayarit; 01-abril-2020.- Pese a que los trabajadores de la Salud han pedido en diversas ocasiones al Gobierno Estatal que &hellip; <a href=\"https:\/\/www.grieta.org.mx\/index.php\/2020\/04\/01\/protesta-personal-de-la-secretaria-de-salud-nayarit\/\" class=\"more-link\">Leer m\u00e1s<\/a><\/p>\n","protected":false},"author":2,"featured_media":47190,"comment_status":"closed","ping_status":"closed","sticky":false,"template":"","format":"standard","meta":{"ngg_post_thumbnail":0,"_jetpack_newsletter_access":"","_jetpack_dont_email_post_to_subs":false,"_jetpack_newsletter_tier_id":0,"_jetpack_memberships_contains_paywalled_content":false,"_jetpack_memberships_contains_paid_content":false,"footnotes":""},"categories":[80,918,2573,23,2,83],"tags":[3241,3198,3133,2367,1459,3247],"class_list":["post-47189","post","type-post","status-publish","format-standard","has-post-thumbnail","hentry","category-cintillo","category-privatizacion-del-sector-salud","category-crisis-del-sector-salud-en-nayarit","category-nayarit","category-noticias-nacionales","category-temas-nacionales","tag-covid-19","tag-covid19","tag-crisis-del-sector-salud","tag-crisis-en-el-sector-salud","tag-crisis-sector-salud","tag-falta-de-insumos-medicos","entry"],"jetpack_featured_media_url":"https:\/\/www.grieta.org.mx\/wp-content\/uploads\/2020\/04\/protesta-768x480.jpg","jetpack_sharing_enabled":true,"jetpack_shortlink":"https:\/\/wp.me\/p7ZJR4-ch7","jetpack_likes_enabled":false,"jetpack-related-posts":[{"id":46522,"url":"https:\/\/www.grieta.org.mx\/index.php\/2020\/03\/17\/nayarit-no-esta-preparado-para-la-pandemia-afirman-trabajadores-de-la-secretaria-de-salud\/","url_meta":{"origin":47189,"position":0},"title":"Nayarit no esta preparado para la pandemia. Afirman trabajadores de la Secretaria de Salud","author":"grieta","date":"17 marzo, 2020","format":false,"excerpt":"Foto: Ilustrativa Redacci\u00f3n \/ Realidades de Nayarit En redes sociales los mismos trabajadores de la Secretaria de Salud del Estado de Nayarit, solicitaron a las autoridades del estado la dotaci\u00f3n de insumos y material para poder enfrentar en su momento la pandemia del COVID19. Afirman no estar preparados con infraestructura,\u2026","rel":"","context":"En &quot;CINTILLO&quot;","block_context":{"text":"CINTILLO","link":"https:\/\/www.grieta.org.mx\/index.php\/category\/cintillo\/"},"img":{"alt_text":"","src":"https:\/\/i0.wp.com\/www.grieta.org.mx\/wp-content\/uploads\/2020\/03\/hospital-general-tepic-2.jpg?resize=350%2C200&ssl=1","width":350,"height":200,"srcset":"https:\/\/i0.wp.com\/www.grieta.org.mx\/wp-content\/uploads\/2020\/03\/hospital-general-tepic-2.jpg?resize=350%2C200&ssl=1 1x, https:\/\/i0.wp.com\/www.grieta.org.mx\/wp-content\/uploads\/2020\/03\/hospital-general-tepic-2.jpg?resize=525%2C300&ssl=1 1.5x"},"classes":[]},{"id":46888,"url":"https:\/\/www.grieta.org.mx\/index.php\/2020\/03\/26\/gobernador-de-nayarit-tiene-a-los-hospitales-en-la-ruina\/","url_meta":{"origin":47189,"position":1},"title":"Gobernador de Nayarit tiene a los hospitales en la ruina","author":"grieta","date":"26 marzo, 2020","format":false,"excerpt":"Foto: Realidades de Nayarit Denuncian los trabajadores del Sector Salud que el gobernador panista, Antonio Echevarr\u00eda Garc\u00eda, se la ha llevado a puros salivazos, pero no se ha preocupado porque los hospitales y centros de salud cuenten con lo m\u00ednimo indispensable para enfrentar la pandemia del Coronavirus Mildra Ben\u00edtez Robledo\u2026","rel":"","context":"En &quot;CINTILLO&quot;","block_context":{"text":"CINTILLO","link":"https:\/\/www.grieta.org.mx\/index.php\/category\/cintillo\/"},"img":{"alt_text":"","src":"https:\/\/i0.wp.com\/www.grieta.org.mx\/wp-content\/uploads\/2018\/03\/14524434_1106112876131411_958039263622046936_o.jpg?resize=350%2C200&ssl=1","width":350,"height":200,"srcset":"https:\/\/i0.wp.com\/www.grieta.org.mx\/wp-content\/uploads\/2018\/03\/14524434_1106112876131411_958039263622046936_o.jpg?resize=350%2C200&ssl=1 1x, https:\/\/i0.wp.com\/www.grieta.org.mx\/wp-content\/uploads\/2018\/03\/14524434_1106112876131411_958039263622046936_o.jpg?resize=525%2C300&ssl=1 1.5x, https:\/\/i0.wp.com\/www.grieta.org.mx\/wp-content\/uploads\/2018\/03\/14524434_1106112876131411_958039263622046936_o.jpg?resize=700%2C400&ssl=1 2x"},"classes":[]},{"id":56632,"url":"https:\/\/www.grieta.org.mx\/index.php\/2021\/01\/29\/denuncia-trabajadores-issste-adscritos-a-la-clinica-catra-que-no-son-tomados-en-cuenta-para-vacuna-contra-el-covid-19-nayarit\/","url_meta":{"origin":47189,"position":2},"title":"Denuncia trabajadores ISSSTE adscritos a la Cl\u00ednica Catra que no son tomados en cuenta para vacuna contra el Covid-19 (Nayarit)","author":"grieta","date":"29 enero, 2021","format":false,"excerpt":"Foto: Realidades de Nayarit Al llegar la vacuna, fueron relegados\u2026\u2026. Y privilegiaron gente del Hospital, pero muchos de ellos confinados, sin tener contacto con pacientes del Instituto, otros con trabajo eventual, otros comisionados al sindicato sin tener el contacto a diario con pacientes que han sido infectados por la enfermedad\u2026","rel":"","context":"En &quot;CINTILLO&quot;","block_context":{"text":"CINTILLO","link":"https:\/\/www.grieta.org.mx\/index.php\/category\/cintillo\/"},"img":{"alt_text":"","src":"https:\/\/i0.wp.com\/www.grieta.org.mx\/wp-content\/uploads\/2021\/02\/CATRA-2.jpg?resize=350%2C200&ssl=1","width":350,"height":200,"srcset":"https:\/\/i0.wp.com\/www.grieta.org.mx\/wp-content\/uploads\/2021\/02\/CATRA-2.jpg?resize=350%2C200&ssl=1 1x, https:\/\/i0.wp.com\/www.grieta.org.mx\/wp-content\/uploads\/2021\/02\/CATRA-2.jpg?resize=525%2C300&ssl=1 1.5x, https:\/\/i0.wp.com\/www.grieta.org.mx\/wp-content\/uploads\/2021\/02\/CATRA-2.jpg?resize=700%2C400&ssl=1 2x"},"classes":[]},{"id":53003,"url":"https:\/\/www.grieta.org.mx\/index.php\/2020\/09\/04\/cierran-el-nuevo-hospital-del-issste-nayarit\/","url_meta":{"origin":47189,"position":3},"title":"Cierran el nuevo hospital del ISSSTE (Nayarit)","author":"grieta","date":"4 septiembre, 2020","format":false,"excerpt":"Foto: Realidades de Nayarit Durante 5 d\u00edas no funcionar\u00e1 porque culminaron los contratos del personal m\u00e9dico que laboran all\u00ed Mildra Ben\u00edtez Robledo \/ Realidades de Nayarit Tepic, Nayarit.- Viernes 04 de septiembre del 2020.- El hospital del ISSSTE ubicado en la zona de La Cantera, Tepic, mismo que atiende a\u2026","rel":"","context":"En &quot;CINTILLO&quot;","block_context":{"text":"CINTILLO","link":"https:\/\/www.grieta.org.mx\/index.php\/category\/cintillo\/"},"img":{"alt_text":"","src":"https:\/\/i0.wp.com\/www.grieta.org.mx\/wp-content\/uploads\/2020\/09\/hospital.jpg?resize=350%2C200&ssl=1","width":350,"height":200,"srcset":"https:\/\/i0.wp.com\/www.grieta.org.mx\/wp-content\/uploads\/2020\/09\/hospital.jpg?resize=350%2C200&ssl=1 1x, https:\/\/i0.wp.com\/www.grieta.org.mx\/wp-content\/uploads\/2020\/09\/hospital.jpg?resize=525%2C300&ssl=1 1.5x, https:\/\/i0.wp.com\/www.grieta.org.mx\/wp-content\/uploads\/2020\/09\/hospital.jpg?resize=700%2C400&ssl=1 2x"},"classes":[]},{"id":51530,"url":"https:\/\/www.grieta.org.mx\/index.php\/2020\/07\/02\/trabajadores-del-sector-salud-denuncian-despidos-nayarit\/","url_meta":{"origin":47189,"position":4},"title":"Trabajadores del sector salud denuncian despidos (Nayarit)","author":"grieta","date":"2 julio, 2020","format":false,"excerpt":"Foto: Realidades de Nayarit Denuncian trabajadores que el gobernador panista, Antonio Echevarr\u00eda est\u00e1 despidiendo a personal que tiene hasta 12 a\u00f1os laborando para hacerle campo a sus amigos, compadres y amiguitas, para dejarlos basificados antes de que termine su nefasto cuatrienio Ver\u00f3nica Ram\u00edrez \/ Realidades de Nayarit Tepic, Nayarit.- Jueves\u2026","rel":"","context":"En &quot;CINTILLO&quot;","block_context":{"text":"CINTILLO","link":"https:\/\/www.grieta.org.mx\/index.php\/category\/cintillo\/"},"img":{"alt_text":"","src":"https:\/\/i0.wp.com\/www.grieta.org.mx\/wp-content\/uploads\/2018\/03\/14524434_1106112876131411_958039263622046936_o.jpg?resize=350%2C200&ssl=1","width":350,"height":200,"srcset":"https:\/\/i0.wp.com\/www.grieta.org.mx\/wp-content\/uploads\/2018\/03\/14524434_1106112876131411_958039263622046936_o.jpg?resize=350%2C200&ssl=1 1x, https:\/\/i0.wp.com\/www.grieta.org.mx\/wp-content\/uploads\/2018\/03\/14524434_1106112876131411_958039263622046936_o.jpg?resize=525%2C300&ssl=1 1.5x, https:\/\/i0.wp.com\/www.grieta.org.mx\/wp-content\/uploads\/2018\/03\/14524434_1106112876131411_958039263622046936_o.jpg?resize=700%2C400&ssl=1 2x"},"classes":[]},{"id":59104,"url":"https:\/\/www.grieta.org.mx\/index.php\/2021\/04\/30\/personal-del-cesame-exige-ser-vacunado-nayarit\/","url_meta":{"origin":47189,"position":5},"title":"Personal del CESAME exige ser vacunado (Nayarit)","author":"grieta","date":"30 abril, 2021","format":false,"excerpt":"Foto: Realidades de Nayarit Tomaron las principales calles de la capital nayarita para pedir que se les inmunice y que se les otorguen los implementos necesarios para evitar los contagios Ver\u00f3nica Ram\u00edrez \/ Realidades de Nayarit Tepic, Nayarit.- Viernes 30 de abril del 2021.- Personal del Centro de Salud Mental\u2026","rel":"","context":"En &quot;CINTILLO&quot;","block_context":{"text":"CINTILLO","link":"https:\/\/www.grieta.org.mx\/index.php\/category\/cintillo\/"},"img":{"alt_text":"","src":"https:\/\/i0.wp.com\/www.grieta.org.mx\/wp-content\/uploads\/2021\/05\/cesame-696x522-1.jpg?resize=350%2C200&ssl=1","width":350,"height":200,"srcset":"https:\/\/i0.wp.com\/www.grieta.org.mx\/wp-content\/uploads\/2021\/05\/cesame-696x522-1.jpg?resize=350%2C200&ssl=1 1x, https:\/\/i0.wp.com\/www.grieta.org.mx\/wp-content\/uploads\/2021\/05\/cesame-696x522-1.jpg?resize=525%2C300&ssl=1 1.5x"},"classes":[]}],"_links":{"self":[{"href":"https:\/\/www.grieta.org.mx\/index.php\/wp-json\/wp\/v2\/posts\/47189","targetHints":{"allow":["GET"]}}],"collection":[{"href":"https:\/\/www.grieta.org.mx\/index.php\/wp-json\/wp\/v2\/posts"}],"about":[{"href":"https:\/\/www.grieta.org.mx\/index.php\/wp-json\/wp\/v2\/types\/post"}],"author":[{"embeddable":true,"href":"https:\/\/www.grieta.org.mx\/index.php\/wp-json\/wp\/v2\/users\/2"}],"replies":[{"embeddable":true,"href":"https:\/\/www.grieta.org.mx\/index.php\/wp-json\/wp\/v2\/comments?post=47189"}],"version-history":[{"count":1,"href":"https:\/\/www.grieta.org.mx\/index.php\/wp-json\/wp\/v2\/posts\/47189\/revisions"}],"predecessor-version":[{"id":47191,"href":"https:\/\/www.grieta.org.mx\/index.php\/wp-json\/wp\/v2\/posts\/47189\/revisions\/47191"}],"wp:featuredmedia":[{"embeddable":true,"href":"https:\/\/www.grieta.org.mx\/index.php\/wp-json\/wp\/v2\/media\/47190"}],"wp:attachment":[{"href":"https:\/\/www.grieta.org.mx\/index.php\/wp-json\/wp\/v2\/media?parent=47189"}],"wp:term":[{"taxonomy":"category","embeddable":true,"href":"https:\/\/www.grieta.org.mx\/index.php\/wp-json\/wp\/v2\/categories?post=47189"},{"taxonomy":"post_tag","embeddable":true,"href":"https:\/\/www.grieta.org.mx\/index.php\/wp-json\/wp\/v2\/tags?post=47189"}],"curies":[{"name":"wp","href":"https:\/\/api.w.org\/{rel}","templated":true}]}}