{"id":47183,"date":"2020-04-02T15:04:25","date_gmt":"2020-04-02T21:04:25","guid":{"rendered":"http:\/\/www.grieta.org.mx\/?p=47183"},"modified":"2020-04-04T16:06:04","modified_gmt":"2020-04-04T22:06:04","slug":"gobernador-de-nayarit-cerca-aisla-y-abandona-a-su-suerte-a-pobladores-de-la-guasima-ante-la-pandemia-del-covid-19","status":"publish","type":"post","link":"https:\/\/www.grieta.org.mx\/index.php\/2020\/04\/02\/gobernador-de-nayarit-cerca-aisla-y-abandona-a-su-suerte-a-pobladores-de-la-guasima-ante-la-pandemia-del-covid-19\/","title":{"rendered":"Gobernador de Nayarit cerca, aisla y abandona a su suerte, a pobladores de la Gu\u00e1sima ante la pandemia del Covid-19"},"content":{"rendered":"<p><img loading=\"lazy\" decoding=\"async\" data-attachment-id=\"47187\" data-permalink=\"https:\/\/www.grieta.org.mx\/index.php\/2020\/04\/02\/gobernador-de-nayarit-cerca-aisla-y-abandona-a-su-suerte-a-pobladores-de-la-guasima-ante-la-pandemia-del-covid-19\/captura-de-pantalla-2020-04-02-a-las-13-55-33\/\" data-orig-file=\"https:\/\/www.grieta.org.mx\/wp-content\/uploads\/2020\/04\/captura-de-pantalla-2020-04-02-a-las-13.55.33.jpg\" data-orig-size=\"683,367\" data-comments-opened=\"0\" data-image-meta=\"{&quot;aperture&quot;:&quot;0&quot;,&quot;credit&quot;:&quot;&quot;,&quot;camera&quot;:&quot;&quot;,&quot;caption&quot;:&quot;&quot;,&quot;created_timestamp&quot;:&quot;1586015679&quot;,&quot;copyright&quot;:&quot;&quot;,&quot;focal_length&quot;:&quot;0&quot;,&quot;iso&quot;:&quot;0&quot;,&quot;shutter_speed&quot;:&quot;0&quot;,&quot;title&quot;:&quot;&quot;,&quot;orientation&quot;:&quot;1&quot;}\" data-image-title=\"captura-de-pantalla-2020-04-02-a-las-13.55.33\" data-image-description=\"\" data-image-caption=\"\" data-medium-file=\"https:\/\/www.grieta.org.mx\/wp-content\/uploads\/2020\/04\/captura-de-pantalla-2020-04-02-a-las-13.55.33-300x161.jpg\" data-large-file=\"https:\/\/www.grieta.org.mx\/wp-content\/uploads\/2020\/04\/captura-de-pantalla-2020-04-02-a-las-13.55.33.jpg\" class=\"aligncenter size-full wp-image-47187\" src=\"http:\/\/www.grieta.org.mx\/wp-content\/uploads\/2020\/04\/captura-de-pantalla-2020-04-02-a-las-13.55.33.jpg\" alt=\"\" width=\"683\" height=\"367\" srcset=\"https:\/\/www.grieta.org.mx\/wp-content\/uploads\/2020\/04\/captura-de-pantalla-2020-04-02-a-las-13.55.33.jpg 683w, https:\/\/www.grieta.org.mx\/wp-content\/uploads\/2020\/04\/captura-de-pantalla-2020-04-02-a-las-13.55.33-300x161.jpg 300w\" sizes=\"auto, (max-width: 683px) 100vw, 683px\" \/><\/p>\n<p>Foto: NTV Nayarit<\/p>\n<p><em>El gobernador con sus est\u00fapidas e inhumanas decisiones, trat\u00f3 como apestados a los habitantes de La Gu\u00e1sima, los cerc\u00f3, los aisl\u00f3 y los abandon\u00f3 a su suerte, supuestamente para contener la propagaci\u00f3n del Covid-19<\/em><\/p>\n<p><em>Los habitantes desesperados tuvieron que romper el cerco para conseguir alimentos, agua y atenci\u00f3n m\u00e9dica porque el gobernador solamente mand\u00f3 desinfectar los patios, pero jam\u00e1s se present\u00f3 personal m\u00e9dico para siquiera tomarles la temperatura<\/em><\/p>\n<p>Florentino Ben\u00edtez Gonz\u00e1lez \/ Realidades de Nayarit<\/p>\n<p>Acaponeta, Nayarit; jueves 2 de abril del 2020.- Los habitantes de La Gu\u00e1sima tronaron contra el gobernador panista, Antonio Echevarr\u00eda Garc\u00eda y contra su secretario de Salud, Ra\u00fal Santiago L\u00f3pez D\u00edaz, por su est\u00fapida e inhumana decisi\u00f3n de utilizar la fuerza p\u00fablica para cercar y aislar el poblado impidiendo la salida y entrada de los habitantes, como si no se tratara de seres humanos, ya que no se preocup\u00f3 por asegurar que tuvieran suficientes alimentos, suficiente agua, y lo que es peor, tampoco se preocup\u00f3 por enviarles asistencia sanitaria para que los m\u00e9dicos y enfermeras por lo menos les tomaran la temperatura para cerciorarse que no estuvieran contagiados por el Covid-19, denuncian pobladores<\/p>\n<p>DESESPERADOS E INDIGNADOS REVIENTAN EL CERCO DE SEGURIDAD<\/p>\n<p>Habitantes del poblado de La Gu\u00e1sima, municipio de Acaponeta \u201crevientan\u201d el cerco de seguridad que los manten\u00eda pr\u00e1cticamente secuestrados, tras el fallecimiento de una mujer por Covid-19, quien podr\u00eda haber contagiado a los habitantes del lugar.<\/p>\n<p>Sedientos, muertos de hambre, sin un peso en el bolsillo y sin poder ir a las labores del campo, se salieron a la mala, porque las autoridades por ordenes del gobernador los ten\u00edan pr\u00e1cticamente \u201csecuestrados\u201d, violando sus derechos humanos gracias a las est\u00fapidas decisiones del gobernador panista, Antonio Echevarr\u00eda Garc\u00eda y de su secretario de salud, Ra\u00fal Santiago L\u00f3pez D\u00edaz.<\/p>\n<p>El Presidente del Comisariado de La Gu\u00e1sima, Enrique Ort\u00edz, inform\u00f3 que la gente desesperada al estar sitiados sin tener algo para comer, comenzaron a inconformarse y decidieron enfrentar a las fuerzas policiacas para que los dejaran salir.<\/p>\n<p>\u201cQue nos dejen de tener aqu\u00ed secuestrados, porque est\u00e1n violando nuestros derechos constitucionales. No han tra\u00eddo ayuda humanitaria, nada m\u00e1s vienen y nos dejan encerrados como si fu\u00e9ramos animales y se van\u201d.<\/p>\n<p>Por lo menos que nos lleven agua y alimentos, indic\u00f3 el Comisariado Ejidal.<\/p>\n<p>Y es que este mi\u00e9rcoles, el gobierno s\u00f3lo mand\u00f3 una brigada aplicando un producto en las calles dizque para limpiar el pueblo pero ni siquiera dijeron qu\u00e9 estaban echando y los solares tambi\u00e9n los iban a desinfectar pero no han llegado<\/p>\n<p>Lo peor del caso es que ninguna autoridad estatal, federal o municipal les ha dado la cara para explicar la situaci\u00f3n, simplemente llegaron, se apostaron en las entradas y salidas del pueblo, los dejaron encerrados e impidieron el paso al pueblo.<\/p>\n<p>\u201cEl gobierno nunca vino aqu\u00ed a darnos una explicaci\u00f3n del por qu\u00e9 nos iban a cercar, y mucho menos nos enviaron brigadas sanitarias y ya hay desabasto en las tiendas, ya no hay agua, no dejan entrar a los camiones a surtir, hay mucha gente que trabaja en el campo y no pueden realizar sus actividades\u201d, asever\u00f3 Enrique Ortiz .<\/p>\n<p>Por ello, se armaron de valor y se manifestaron justamente en el cerco de seguridad implementado por elementos policiacos para dejar en claro que est\u00e1n en contra de que los tengan secuestrados.<\/p>\n<p>La inconformidad de la poblaci\u00f3n es porqu\u00e9 no se hicieron este tipo de medidas antes del fallecimiento de la personas por Covid-19, todo es tan confuso porque a los familiares nunca le dijeron que esa fue la causa de su muerte<\/p>\n<p><a href=\"http:\/\/realidadesperiodico.com\/portada\/tono-humillo-a-la-guasima\/\">http:\/\/realidadesperiodico.com\/portada\/tono-humillo-a-la-guasima\/<\/a><\/p>\n","protected":false},"excerpt":{"rendered":"<p>Foto: NTV Nayarit El gobernador con sus est\u00fapidas e inhumanas decisiones, trat\u00f3 como apestados a los habitantes de La Gu\u00e1sima, los cerc\u00f3, los aisl\u00f3 y los abandon\u00f3 a su suerte, &hellip; <a href=\"https:\/\/www.grieta.org.mx\/index.php\/2020\/04\/02\/gobernador-de-nayarit-cerca-aisla-y-abandona-a-su-suerte-a-pobladores-de-la-guasima-ante-la-pandemia-del-covid-19\/\" class=\"more-link\">Leer m\u00e1s<\/a><\/p>\n","protected":false},"author":2,"featured_media":47187,"comment_status":"closed","ping_status":"closed","sticky":false,"template":"","format":"standard","meta":{"ngg_post_thumbnail":0,"_jetpack_newsletter_access":"","_jetpack_dont_email_post_to_subs":false,"_jetpack_newsletter_tier_id":0,"_jetpack_memberships_contains_paywalled_content":false,"_jetpack_memberships_contains_paid_content":false,"footnotes":""},"categories":[80,918,2573,23,2,83],"tags":[3241,3198,3133,2367,1168,1090],"class_list":["post-47183","post","type-post","status-publish","format-standard","has-post-thumbnail","hentry","category-cintillo","category-privatizacion-del-sector-salud","category-crisis-del-sector-salud-en-nayarit","category-nayarit","category-noticias-nacionales","category-temas-nacionales","tag-covid-19","tag-covid19","tag-crisis-del-sector-salud","tag-crisis-en-el-sector-salud","tag-represion-contra-las-protestas","tag-represion-de-la-protesta-social","entry"],"jetpack_featured_media_url":"https:\/\/www.grieta.org.mx\/wp-content\/uploads\/2020\/04\/captura-de-pantalla-2020-04-02-a-las-13.55.33.jpg","jetpack_sharing_enabled":true,"jetpack_shortlink":"https:\/\/wp.me\/p7ZJR4-ch1","jetpack_likes_enabled":false,"jetpack-related-posts":[{"id":46888,"url":"https:\/\/www.grieta.org.mx\/index.php\/2020\/03\/26\/gobernador-de-nayarit-tiene-a-los-hospitales-en-la-ruina\/","url_meta":{"origin":47183,"position":0},"title":"Gobernador de Nayarit tiene a los hospitales en la ruina","author":"grieta","date":"26 marzo, 2020","format":false,"excerpt":"Foto: Realidades de Nayarit Denuncian los trabajadores del Sector Salud que el gobernador panista, Antonio Echevarr\u00eda Garc\u00eda, se la ha llevado a puros salivazos, pero no se ha preocupado porque los hospitales y centros de salud cuenten con lo m\u00ednimo indispensable para enfrentar la pandemia del Coronavirus Mildra Ben\u00edtez Robledo\u2026","rel":"","context":"En &quot;CINTILLO&quot;","block_context":{"text":"CINTILLO","link":"https:\/\/www.grieta.org.mx\/index.php\/category\/cintillo\/"},"img":{"alt_text":"","src":"https:\/\/i0.wp.com\/www.grieta.org.mx\/wp-content\/uploads\/2018\/03\/14524434_1106112876131411_958039263622046936_o.jpg?resize=350%2C200&ssl=1","width":350,"height":200,"srcset":"https:\/\/i0.wp.com\/www.grieta.org.mx\/wp-content\/uploads\/2018\/03\/14524434_1106112876131411_958039263622046936_o.jpg?resize=350%2C200&ssl=1 1x, https:\/\/i0.wp.com\/www.grieta.org.mx\/wp-content\/uploads\/2018\/03\/14524434_1106112876131411_958039263622046936_o.jpg?resize=525%2C300&ssl=1 1.5x, https:\/\/i0.wp.com\/www.grieta.org.mx\/wp-content\/uploads\/2018\/03\/14524434_1106112876131411_958039263622046936_o.jpg?resize=700%2C400&ssl=1 2x"},"classes":[]},{"id":51691,"url":"https:\/\/www.grieta.org.mx\/index.php\/2020\/07\/07\/trabajadores-de-la-salud-exigen-renuncia-de-tono-denuncian-que-escondio-equipos-de-proteccion-contra-el-covid-19-nayarit\/","url_meta":{"origin":47183,"position":1},"title":"Trabajadores de la salud exigen renuncia de To\u00f1o, denuncian que escondi\u00f3 equipos de protecci\u00f3n contra el Covid-19 (Nayarit)","author":"grieta","date":"7 julio, 2020","format":false,"excerpt":"Foto: Realidades de Nayarit M\u00e1s de 5 mil trabajadores del sector salud, entre ellos m\u00e9dicos y enfermeras, le exigen al gobernador panista, Antonio Echevarr\u00eda Garc\u00eda y al secretario de Salud, Ra\u00fal Santiago L\u00f3pez que renuncien por ineptos, mentirosos e irresponsables Los culpan de haber escondido 32 mil 184 equipos de\u2026","rel":"","context":"En &quot;CINTILLO&quot;","block_context":{"text":"CINTILLO","link":"https:\/\/www.grieta.org.mx\/index.php\/category\/cintillo\/"},"img":{"alt_text":"","src":"https:\/\/i0.wp.com\/www.grieta.org.mx\/wp-content\/uploads\/2018\/03\/14524434_1106112876131411_958039263622046936_o.jpg?resize=350%2C200&ssl=1","width":350,"height":200,"srcset":"https:\/\/i0.wp.com\/www.grieta.org.mx\/wp-content\/uploads\/2018\/03\/14524434_1106112876131411_958039263622046936_o.jpg?resize=350%2C200&ssl=1 1x, https:\/\/i0.wp.com\/www.grieta.org.mx\/wp-content\/uploads\/2018\/03\/14524434_1106112876131411_958039263622046936_o.jpg?resize=525%2C300&ssl=1 1.5x, https:\/\/i0.wp.com\/www.grieta.org.mx\/wp-content\/uploads\/2018\/03\/14524434_1106112876131411_958039263622046936_o.jpg?resize=700%2C400&ssl=1 2x"},"classes":[]},{"id":48604,"url":"https:\/\/www.grieta.org.mx\/index.php\/2020\/04\/28\/pide-universidad-de-nayarit-a-sector-salud-retirar-internos-durante-pandemia\/","url_meta":{"origin":47183,"position":2},"title":"Pide Universidad de Nayarit a sector Salud retirar internos durante pandemia","author":"grieta","date":"28 abril, 2020","format":false,"excerpt":"Foto: Cortes\u00eda Crys Ben\u00edtez \/ El Occidental Tepic, Nayarit.- Derivado del peligro que representa que los estudiantes se encuentren durante la pandemia, terminando sus estad\u00edas o servicio social, la Universidad Aut\u00f3noma de Nayarit (UAN), se pronuncia en contra de que sigan asistiendo, ya que ellos como instituci\u00f3n est\u00e1n obligada a\u2026","rel":"","context":"En &quot;CINTILLO&quot;","block_context":{"text":"CINTILLO","link":"https:\/\/www.grieta.org.mx\/index.php\/category\/cintillo\/"},"img":{"alt_text":"","src":"https:\/\/i0.wp.com\/www.grieta.org.mx\/wp-content\/uploads\/2020\/05\/uan.jpg?resize=350%2C200&ssl=1","width":350,"height":200,"srcset":"https:\/\/i0.wp.com\/www.grieta.org.mx\/wp-content\/uploads\/2020\/05\/uan.jpg?resize=350%2C200&ssl=1 1x, https:\/\/i0.wp.com\/www.grieta.org.mx\/wp-content\/uploads\/2020\/05\/uan.jpg?resize=525%2C300&ssl=1 1.5x, https:\/\/i0.wp.com\/www.grieta.org.mx\/wp-content\/uploads\/2020\/05\/uan.jpg?resize=700%2C400&ssl=1 2x"},"classes":[]},{"id":53003,"url":"https:\/\/www.grieta.org.mx\/index.php\/2020\/09\/04\/cierran-el-nuevo-hospital-del-issste-nayarit\/","url_meta":{"origin":47183,"position":3},"title":"Cierran el nuevo hospital del ISSSTE (Nayarit)","author":"grieta","date":"4 septiembre, 2020","format":false,"excerpt":"Foto: Realidades de Nayarit Durante 5 d\u00edas no funcionar\u00e1 porque culminaron los contratos del personal m\u00e9dico que laboran all\u00ed Mildra Ben\u00edtez Robledo \/ Realidades de Nayarit Tepic, Nayarit.- Viernes 04 de septiembre del 2020.- El hospital del ISSSTE ubicado en la zona de La Cantera, Tepic, mismo que atiende a\u2026","rel":"","context":"En &quot;CINTILLO&quot;","block_context":{"text":"CINTILLO","link":"https:\/\/www.grieta.org.mx\/index.php\/category\/cintillo\/"},"img":{"alt_text":"","src":"https:\/\/i0.wp.com\/www.grieta.org.mx\/wp-content\/uploads\/2020\/09\/hospital.jpg?resize=350%2C200&ssl=1","width":350,"height":200,"srcset":"https:\/\/i0.wp.com\/www.grieta.org.mx\/wp-content\/uploads\/2020\/09\/hospital.jpg?resize=350%2C200&ssl=1 1x, https:\/\/i0.wp.com\/www.grieta.org.mx\/wp-content\/uploads\/2020\/09\/hospital.jpg?resize=525%2C300&ssl=1 1.5x, https:\/\/i0.wp.com\/www.grieta.org.mx\/wp-content\/uploads\/2020\/09\/hospital.jpg?resize=700%2C400&ssl=1 2x"},"classes":[]},{"id":47189,"url":"https:\/\/www.grieta.org.mx\/index.php\/2020\/04\/01\/protesta-personal-de-la-secretaria-de-salud-nayarit\/","url_meta":{"origin":47183,"position":4},"title":"Protesta personal de la Secretar\u00eda de Salud (Nayarit)","author":"grieta","date":"1 abril, 2020","format":false,"excerpt":"Foto: Realidades de Nayarit Mildre Ben\u00edtez Robledo \/ Realidades deNayarit Tepic, Nayarit; 01-abril-2020.- Pese a que los trabajadores de la Salud han pedido en diversas ocasiones al Gobierno Estatal que les surtan lo necesario, para hacerle frente a la pandemia que ha dejado miles de muertes en varios pa\u00edses del\u2026","rel":"","context":"En &quot;CINTILLO&quot;","block_context":{"text":"CINTILLO","link":"https:\/\/www.grieta.org.mx\/index.php\/category\/cintillo\/"},"img":{"alt_text":"","src":"https:\/\/i0.wp.com\/www.grieta.org.mx\/wp-content\/uploads\/2020\/04\/protesta-768x480.jpg?resize=350%2C200&ssl=1","width":350,"height":200,"srcset":"https:\/\/i0.wp.com\/www.grieta.org.mx\/wp-content\/uploads\/2020\/04\/protesta-768x480.jpg?resize=350%2C200&ssl=1 1x, https:\/\/i0.wp.com\/www.grieta.org.mx\/wp-content\/uploads\/2020\/04\/protesta-768x480.jpg?resize=525%2C300&ssl=1 1.5x, https:\/\/i0.wp.com\/www.grieta.org.mx\/wp-content\/uploads\/2020\/04\/protesta-768x480.jpg?resize=700%2C400&ssl=1 2x"},"classes":[]},{"id":72093,"url":"https:\/\/www.grieta.org.mx\/index.php\/2025\/07\/18\/hospital-tondoroque-nuevamente-en-crisis-sin-medicamento-y-falta-de-aire-acondicionado-nayarit\/","url_meta":{"origin":47183,"position":5},"title":"Hospital Tondoroque nuevamente en crisis; sin medicamento y falta de aire acondicionado (Nayarit)","author":"grieta","date":"18 julio, 2025","format":false,"excerpt":"imagen: CPS El Hospital de Tondoroque, en Bah\u00eda de Banderas, atraviesa una de sus peores crisis: enfrenta desabasto de medicamentos y, nuevamente, su sistema de aire acondicionado se averi\u00f3, justo en medio de la intensa ola de calor que afecta a la regi\u00f3n. Pacientes internados y del \u00e1rea de urgencias\u2026","rel":"","context":"En &quot;CINTILLO&quot;","block_context":{"text":"CINTILLO","link":"https:\/\/www.grieta.org.mx\/index.php\/category\/cintillo\/"},"img":{"alt_text":"","src":"https:\/\/i0.wp.com\/www.grieta.org.mx\/wp-content\/uploads\/2025\/07\/WhatsApp-Image-2025-07-18-at-7.16.26-PM-1.jpeg.webp?resize=350%2C200&ssl=1","width":350,"height":200,"srcset":"https:\/\/i0.wp.com\/www.grieta.org.mx\/wp-content\/uploads\/2025\/07\/WhatsApp-Image-2025-07-18-at-7.16.26-PM-1.jpeg.webp?resize=350%2C200&ssl=1 1x, https:\/\/i0.wp.com\/www.grieta.org.mx\/wp-content\/uploads\/2025\/07\/WhatsApp-Image-2025-07-18-at-7.16.26-PM-1.jpeg.webp?resize=525%2C300&ssl=1 1.5x, https:\/\/i0.wp.com\/www.grieta.org.mx\/wp-content\/uploads\/2025\/07\/WhatsApp-Image-2025-07-18-at-7.16.26-PM-1.jpeg.webp?resize=700%2C400&ssl=1 2x, https:\/\/i0.wp.com\/www.grieta.org.mx\/wp-content\/uploads\/2025\/07\/WhatsApp-Image-2025-07-18-at-7.16.26-PM-1.jpeg.webp?resize=1050%2C600&ssl=1 3x"},"classes":[]}],"_links":{"self":[{"href":"https:\/\/www.grieta.org.mx\/index.php\/wp-json\/wp\/v2\/posts\/47183","targetHints":{"allow":["GET"]}}],"collection":[{"href":"https:\/\/www.grieta.org.mx\/index.php\/wp-json\/wp\/v2\/posts"}],"about":[{"href":"https:\/\/www.grieta.org.mx\/index.php\/wp-json\/wp\/v2\/types\/post"}],"author":[{"embeddable":true,"href":"https:\/\/www.grieta.org.mx\/index.php\/wp-json\/wp\/v2\/users\/2"}],"replies":[{"embeddable":true,"href":"https:\/\/www.grieta.org.mx\/index.php\/wp-json\/wp\/v2\/comments?post=47183"}],"version-history":[{"count":1,"href":"https:\/\/www.grieta.org.mx\/index.php\/wp-json\/wp\/v2\/posts\/47183\/revisions"}],"predecessor-version":[{"id":47188,"href":"https:\/\/www.grieta.org.mx\/index.php\/wp-json\/wp\/v2\/posts\/47183\/revisions\/47188"}],"wp:featuredmedia":[{"embeddable":true,"href":"https:\/\/www.grieta.org.mx\/index.php\/wp-json\/wp\/v2\/media\/47187"}],"wp:attachment":[{"href":"https:\/\/www.grieta.org.mx\/index.php\/wp-json\/wp\/v2\/media?parent=47183"}],"wp:term":[{"taxonomy":"category","embeddable":true,"href":"https:\/\/www.grieta.org.mx\/index.php\/wp-json\/wp\/v2\/categories?post=47183"},{"taxonomy":"post_tag","embeddable":true,"href":"https:\/\/www.grieta.org.mx\/index.php\/wp-json\/wp\/v2\/tags?post=47183"}],"curies":[{"name":"wp","href":"https:\/\/api.w.org\/{rel}","templated":true}]}}