{"id":47162,"date":"2020-04-02T13:13:18","date_gmt":"2020-04-02T19:13:18","guid":{"rendered":"http:\/\/www.grieta.org.mx\/?p=47162"},"modified":"2020-04-04T13:24:12","modified_gmt":"2020-04-04T19:24:12","slug":"acusan-simulacion-en-clausura-en-el-nixticuil-jalisco","status":"publish","type":"post","link":"https:\/\/www.grieta.org.mx\/index.php\/2020\/04\/02\/acusan-simulacion-en-clausura-en-el-nixticuil-jalisco\/","title":{"rendered":"Acusan simulaci\u00f3n en clausura en el Nixticuil (Jalisco)"},"content":{"rendered":"<p><img loading=\"lazy\" decoding=\"async\" data-attachment-id=\"47163\" data-permalink=\"https:\/\/www.grieta.org.mx\/index.php\/2020\/04\/02\/acusan-simulacion-en-clausura-en-el-nixticuil-jalisco\/2020-04-01_10-04-43___1585\/\" data-orig-file=\"https:\/\/www.grieta.org.mx\/wp-content\/uploads\/2020\/04\/2020-04-01_10-04-43___1585.jpg\" data-orig-size=\"750,500\" data-comments-opened=\"0\" data-image-meta=\"{&quot;aperture&quot;:&quot;0&quot;,&quot;credit&quot;:&quot;&quot;,&quot;camera&quot;:&quot;&quot;,&quot;caption&quot;:&quot;&quot;,&quot;created_timestamp&quot;:&quot;0&quot;,&quot;copyright&quot;:&quot;&quot;,&quot;focal_length&quot;:&quot;0&quot;,&quot;iso&quot;:&quot;0&quot;,&quot;shutter_speed&quot;:&quot;0&quot;,&quot;title&quot;:&quot;&quot;,&quot;orientation&quot;:&quot;0&quot;}\" data-image-title=\"2020-04-01_10-04-43___1585\" data-image-description=\"\" data-image-caption=\"\" data-medium-file=\"https:\/\/www.grieta.org.mx\/wp-content\/uploads\/2020\/04\/2020-04-01_10-04-43___1585-300x200.jpg\" data-large-file=\"https:\/\/www.grieta.org.mx\/wp-content\/uploads\/2020\/04\/2020-04-01_10-04-43___1585.jpg\" class=\"aligncenter wp-image-47163\" src=\"http:\/\/www.grieta.org.mx\/wp-content\/uploads\/2020\/04\/2020-04-01_10-04-43___1585.jpg\" alt=\"\" width=\"800\" height=\"533\" srcset=\"https:\/\/www.grieta.org.mx\/wp-content\/uploads\/2020\/04\/2020-04-01_10-04-43___1585.jpg 750w, https:\/\/www.grieta.org.mx\/wp-content\/uploads\/2020\/04\/2020-04-01_10-04-43___1585-300x200.jpg 300w\" sizes=\"auto, (max-width: 800px) 100vw, 800px\" \/><\/p>\n<p>Foto: Jorge Alberto Mendoza<\/p>\n<p>Lauro Rodr\u00edguez \/ El Diario NTR<\/p>\n<p>Activistas del Comit\u00e9 en Defensa del Bosque del Nixticuil denunciaron de manera p\u00fablica que, aprovechando la contingencia por Covid-19, se viol\u00f3 la clausura de una obra en zona protegida.<\/p>\n<p>Sof\u00eda Herrera, integrante del comit\u00e9, narr\u00f3 para NTR que en 2019 consiguieron que se clausurara la construcci\u00f3n del fraccionamiento Verde I Serena dentro del \u00e1rea protegida; sin embargo, ahora que las autoridades est\u00e1n metidas de lleno en el tema de la prevenci\u00f3n del Covid-19 y que las personas permanecen en aislamiento social, el due\u00f1o del terreno donde se construir\u00eda el desarrollo, Francisco Ibarra Garc\u00eda de Quevedo, decidi\u00f3 continuar con las obras y violar la clausura ya establecida.<\/p>\n<p>\u201cEl a\u00f1o pasado se clausura el predio, hab\u00eda permanecido de esa manera. El d\u00eda de ayer (martes) por la ma\u00f1ana, algunos vecinos pasaron por el \u00e1rea y se dieron cuenta que ya estaban colocando el alambrado y que, adem\u00e1s, hay guardias dentro del predio, una caseta donde hay un par de guardias armados, hay perros que pusieron ah\u00ed. Tuvieron que haber violado necesariamente los sellos de la clausura\u201d, coment\u00f3.<\/p>\n<p>La situaci\u00f3n fue notificada al gobierno municipal, el cual inform\u00f3 el martes v\u00eda redes sociales que inspectores acudieron nuevamente a colocar sellos de clausura y que no hubo sanciones ni multas, pues en el sitio no se encontr\u00f3 a nadie.<\/p>\n<p>Sin embargo, vecinos corroboraron que los sellos fueron colocados en zonas que no afectan el ingreso o salida de personas al lugar, por lo que podr\u00eda tratarse solo de una simulaci\u00f3n por parte de la autoridad municipal.<\/p>\n<p>\u201cSu clausura consisti\u00f3 en pegar dos calcoman\u00edas, de esas que pegan en toda la ciudad para clausurar negocios y no impiden el acceso al predio. Si entran o salen, no nos vamos a dar cuenta porque los sellos no se rompen. Parece meramente de tr\u00e1mite. Pusieron que lo que van a hacer es demoler o retirar el alambrado, pero no hay certeza de eso. Jur\u00eddicamente tendr\u00edan que iniciar un proceso penal por la violaci\u00f3n de los sellos\u201d, se\u00f1al\u00f3 la integrante.<\/p>\n<p>A este se\u00f1alamiento la autoridad no ha respondido.<\/p>\n<p>Finalmente, Sof\u00eda Herrera puntualiz\u00f3 que, en la medida de lo posible por la emergencia sanitaria, los vecinos estar\u00e1n vigilantes tanto del constructor como de la autoridad municipal, con el fin de que no contin\u00fae la construcci\u00f3n del fraccionamiento que da\u00f1ar\u00eda al bosque.<\/p>\n<p><a href=\"https:\/\/www.ntrguadalajara.com\/post.php?id_nota=146347\">https:\/\/www.ntrguadalajara.com\/post.php?id_nota=146347<\/a><\/p>\n","protected":false},"excerpt":{"rendered":"<p>Foto: Jorge Alberto Mendoza Lauro Rodr\u00edguez \/ El Diario NTR Activistas del Comit\u00e9 en Defensa del Bosque del Nixticuil denunciaron de manera p\u00fablica que, aprovechando la contingencia por Covid-19, se &hellip; <a href=\"https:\/\/www.grieta.org.mx\/index.php\/2020\/04\/02\/acusan-simulacion-en-clausura-en-el-nixticuil-jalisco\/\" class=\"more-link\">Leer m\u00e1s<\/a><\/p>\n","protected":false},"author":2,"featured_media":47163,"comment_status":"closed","ping_status":"closed","sticky":false,"template":"","format":"standard","meta":{"ngg_post_thumbnail":0,"_jetpack_newsletter_access":"","_jetpack_dont_email_post_to_subs":false,"_jetpack_newsletter_tier_id":0,"_jetpack_memberships_contains_paywalled_content":false,"_jetpack_memberships_contains_paid_content":false,"footnotes":""},"categories":[80,2374,20,2],"tags":[2346,231,2562,399],"class_list":["post-47162","post","type-post","status-publish","format-standard","has-post-thumbnail","hentry","category-cintillo","category-conflictos-por-desarrollos-inmobiliarios-en-jalisco","category-jalisco","category-noticias-nacionales","tag-defensa-del-medio-ambiente","tag-defensores-ambientales","tag-destruccion-ambiental","tag-proyecto-inmobiliario","entry"],"jetpack_featured_media_url":"https:\/\/www.grieta.org.mx\/wp-content\/uploads\/2020\/04\/2020-04-01_10-04-43___1585.jpg","jetpack_sharing_enabled":true,"jetpack_shortlink":"https:\/\/wp.me\/p7ZJR4-cgG","jetpack_likes_enabled":false,"jetpack-related-posts":[{"id":64512,"url":"https:\/\/www.grieta.org.mx\/index.php\/2022\/07\/07\/el-comite-en-defensa-del-bosque-nixticuil-denuncia-amenazas-en-contra-de-sus-integrantes-jalisco\/","url_meta":{"origin":47162,"position":0},"title":"El Comit\u00e9 en Defensa del Bosque Nixticuil denuncia amenazas en contra de sus integrantes (Jalisco)","author":"grieta","date":"7 julio, 2022","format":false,"excerpt":"Imagen: Somos El Medio Hay dos carpetas de investigaci\u00f3n abiertas en contra de integrantes del Comit\u00e9 en Defensa del Bosque Nixticuil Adriana G\u00f3mez \/ Somos El Medio Los integrantes del\u00a0Comit\u00e9 en Defensa del Bosque Nixticuil del municipio de Zapopan,\u00a0Jalisco, a trav\u00e9s de un comunicado, dieron a conocer las carpetas de\u2026","rel":"","context":"En &quot;Amenazas contra activistas en Jalisco&quot;","block_context":{"text":"Amenazas contra activistas en Jalisco","link":"https:\/\/www.grieta.org.mx\/index.php\/category\/noticias-nacionales\/jalisco\/amenazas-contra-activistas-en-jalisco\/"},"img":{"alt_text":"","src":"https:\/\/i0.wp.com\/www.grieta.org.mx\/wp-content\/uploads\/2022\/07\/asdfghj.jpg?resize=350%2C200&ssl=1","width":350,"height":200,"srcset":"https:\/\/i0.wp.com\/www.grieta.org.mx\/wp-content\/uploads\/2022\/07\/asdfghj.jpg?resize=350%2C200&ssl=1 1x, https:\/\/i0.wp.com\/www.grieta.org.mx\/wp-content\/uploads\/2022\/07\/asdfghj.jpg?resize=525%2C300&ssl=1 1.5x, https:\/\/i0.wp.com\/www.grieta.org.mx\/wp-content\/uploads\/2022\/07\/asdfghj.jpg?resize=700%2C400&ssl=1 2x"},"classes":[]},{"id":65942,"url":"https:\/\/www.grieta.org.mx\/index.php\/2022\/12\/07\/organizaciones-exigen-frenar-el-hostigamiento-judicial-hacia-defensores-del-nixticuil-jalisco\/","url_meta":{"origin":47162,"position":1},"title":"Organizaciones exigen frenar el hostigamiento judicial hacia defensores del Nixticuil (Jalisco)","author":"grieta","date":"7 diciembre, 2022","format":false,"excerpt":"Imagen: Cortes\u00eda Lauro Rodr\u00edguez \/ El Diario NTR De nueva cuenta, defensores del bosque El Nixticuil son blanco de hostigamiento judicial, acusaron organizaciones civiles que respaldan a los activistas. De acuerdo con un comunicado firmado por la Red TDT, el Centro de Justicia para la Paz y el Desarrollo (Cepad),\u2026","rel":"","context":"En &quot;CINTILLO&quot;","block_context":{"text":"CINTILLO","link":"https:\/\/www.grieta.org.mx\/index.php\/category\/cintillo\/"},"img":{"alt_text":"","src":"https:\/\/i0.wp.com\/www.grieta.org.mx\/wp-content\/uploads\/2022\/12\/2022-12-07_05-12-14___8829.jpg?resize=350%2C200&ssl=1","width":350,"height":200,"srcset":"https:\/\/i0.wp.com\/www.grieta.org.mx\/wp-content\/uploads\/2022\/12\/2022-12-07_05-12-14___8829.jpg?resize=350%2C200&ssl=1 1x, https:\/\/i0.wp.com\/www.grieta.org.mx\/wp-content\/uploads\/2022\/12\/2022-12-07_05-12-14___8829.jpg?resize=525%2C300&ssl=1 1.5x, https:\/\/i0.wp.com\/www.grieta.org.mx\/wp-content\/uploads\/2022\/12\/2022-12-07_05-12-14___8829.jpg?resize=700%2C400&ssl=1 2x"},"classes":[]},{"id":48424,"url":"https:\/\/www.grieta.org.mx\/index.php\/2020\/04\/25\/denuncian-tala-ilegal-en-el-bosque-nixticuil-jalisco\/","url_meta":{"origin":47162,"position":2},"title":"Denuncian tala ilegal en el bosque Nixticuil (Jalisco)","author":"grieta","date":"25 abril, 2020","format":false,"excerpt":"Foto: Jorge Alberto Mendoza Lauro Rodr\u00edguez \/ El Diario NTR Activistas del Comit\u00e9 en Defensa del Bosque del Nixticuil (Comit\u00e9 Salvabosques) denunciaron un acto de tala ilegal dentro del \u00c1rea Natural Protegida (ANP). Aseguraron que es una pr\u00e1ctica recurrente a\u00f1o con a\u00f1o y las autoridades no han hecho nada en\u2026","rel":"","context":"En &quot;CINTILLO&quot;","block_context":{"text":"CINTILLO","link":"https:\/\/www.grieta.org.mx\/index.php\/category\/cintillo\/"},"img":{"alt_text":"","src":"https:\/\/i0.wp.com\/www.grieta.org.mx\/wp-content\/uploads\/2020\/05\/2020-04-25_08-04-47___5033.jpg?resize=350%2C200&ssl=1","width":350,"height":200,"srcset":"https:\/\/i0.wp.com\/www.grieta.org.mx\/wp-content\/uploads\/2020\/05\/2020-04-25_08-04-47___5033.jpg?resize=350%2C200&ssl=1 1x, https:\/\/i0.wp.com\/www.grieta.org.mx\/wp-content\/uploads\/2020\/05\/2020-04-25_08-04-47___5033.jpg?resize=525%2C300&ssl=1 1.5x, https:\/\/i0.wp.com\/www.grieta.org.mx\/wp-content\/uploads\/2020\/05\/2020-04-25_08-04-47___5033.jpg?resize=700%2C400&ssl=1 2x"},"classes":[]},{"id":53586,"url":"https:\/\/www.grieta.org.mx\/index.php\/2020\/09\/13\/defensores-del-bosque-nixticuil-exigen-clausura-del-proyecto-inmobiliario-el-dosel-residencial-jalisco\/","url_meta":{"origin":47162,"position":3},"title":"Defensores del bosque Nixticuil exigen clausura del proyecto inmobiliario El Dosel Residencial (Jalisco)","author":"grieta","date":"13 septiembre, 2020","format":false,"excerpt":"Fotograf\u00eda: Inspecci\u00f3n Zapopan @InspZapopan A finales del mes de agosto, vecinos del bosque El Nixticuil presenciaron la llegada de maquinaria de construcci\u00f3n al bosque. Sin esperar, junto al Comit\u00e9 Salvabosque, comenzaron a denunciar los hechos a trav\u00e9s de las redes sociales y llamadas telef\u00f3nicas. Despu\u00e9s de una semana de denuncias,\u2026","rel":"","context":"En &quot;CINTILLO&quot;","block_context":{"text":"CINTILLO","link":"https:\/\/www.grieta.org.mx\/index.php\/category\/cintillo\/"},"img":{"alt_text":"","src":"https:\/\/i0.wp.com\/www.grieta.org.mx\/wp-content\/uploads\/2020\/09\/PORTADA-BOSQUE-NIXTICUIL_DOSEL-RESIDENCIAL.jpg?resize=350%2C200&ssl=1","width":350,"height":200,"srcset":"https:\/\/i0.wp.com\/www.grieta.org.mx\/wp-content\/uploads\/2020\/09\/PORTADA-BOSQUE-NIXTICUIL_DOSEL-RESIDENCIAL.jpg?resize=350%2C200&ssl=1 1x, https:\/\/i0.wp.com\/www.grieta.org.mx\/wp-content\/uploads\/2020\/09\/PORTADA-BOSQUE-NIXTICUIL_DOSEL-RESIDENCIAL.jpg?resize=525%2C300&ssl=1 1.5x, https:\/\/i0.wp.com\/www.grieta.org.mx\/wp-content\/uploads\/2020\/09\/PORTADA-BOSQUE-NIXTICUIL_DOSEL-RESIDENCIAL.jpg?resize=700%2C400&ssl=1 2x, https:\/\/i0.wp.com\/www.grieta.org.mx\/wp-content\/uploads\/2020\/09\/PORTADA-BOSQUE-NIXTICUIL_DOSEL-RESIDENCIAL.jpg?resize=1050%2C600&ssl=1 3x"},"classes":[]},{"id":15342,"url":"https:\/\/www.grieta.org.mx\/index.php\/2016\/06\/26\/el-nixticuil-estara-a-salvo-cuando-le-revoquen-la-licencia-a-spinelli\/","url_meta":{"origin":47162,"position":4},"title":"El Nixticuil estar\u00e1 a salvo cuando le revoquen la licencia a Spinelli","author":"grieta","date":"26 junio, 2016","format":false,"excerpt":"Clausura de Bosque Encantado no durar\u00e1: Comit\u00e9 Salvabosque Hasta el momento no se ha planteado un \u00e1rea de amortiguamiento, y adem\u00e1s han excluido a la comunidad para integrarse en el comit\u00e9 t\u00e9cnico que supuestamente cuidar\u00e1 el \u00e1rea verde Por Adri\u00e1n Montiel Gonz\u00e1lez El Comit\u00e9 Salvabosque en Defensa del Bosque de\u2026","rel":"","context":"En &quot;CINTILLO&quot;","block_context":{"text":"CINTILLO","link":"https:\/\/www.grieta.org.mx\/index.php\/category\/cintillo\/"},"img":{"alt_text":"","src":"https:\/\/i0.wp.com\/www.grieta.org.mx\/wp-content\/uploads\/2018\/03\/14524434_1106112876131411_958039263622046936_o.jpg?resize=350%2C200&ssl=1","width":350,"height":200,"srcset":"https:\/\/i0.wp.com\/www.grieta.org.mx\/wp-content\/uploads\/2018\/03\/14524434_1106112876131411_958039263622046936_o.jpg?resize=350%2C200&ssl=1 1x, https:\/\/i0.wp.com\/www.grieta.org.mx\/wp-content\/uploads\/2018\/03\/14524434_1106112876131411_958039263622046936_o.jpg?resize=525%2C300&ssl=1 1.5x, https:\/\/i0.wp.com\/www.grieta.org.mx\/wp-content\/uploads\/2018\/03\/14524434_1106112876131411_958039263622046936_o.jpg?resize=700%2C400&ssl=1 2x"},"classes":[]},{"id":64245,"url":"https:\/\/www.grieta.org.mx\/index.php\/2022\/05\/18\/desarrollo-inmobiliario-pone-en-riesgo-el-corredor-hidrologico-del-bosque-nixticuil-en-zapopan-jalisco\/","url_meta":{"origin":47162,"position":5},"title":"Desarrollo inmobiliario pone en riesgo el corredor hidrol\u00f3gico del Bosque Nixticuil en Zapopan (Jalisco)","author":"grieta","date":"18 mayo, 2022","format":false,"excerpt":"Foto: Archivo \/ UDGTV Mar\u00eda Ram\u00edrez Blanco \/ UDGTV Guadalajara, Jalisco.\u00a0\u00a0El\u00a0Comit\u00e9 para la Defensa del Bosque Nixticuil en Zapopan denuncia tr\u00e1fico de influencias por parte del Gobierno Municipal\u00a0para favorecer el desarrollo inmobiliario en una \u00e1rea que tiene un alto grado de conservaci\u00f3n ecol\u00f3gica. \u201cSe trata de una zona que es\u2026","rel":"","context":"En &quot;CINTILLO&quot;","block_context":{"text":"CINTILLO","link":"https:\/\/www.grieta.org.mx\/index.php\/category\/cintillo\/"},"img":{"alt_text":"","src":"https:\/\/i0.wp.com\/www.grieta.org.mx\/wp-content\/uploads\/2022\/05\/Bosque_Nixticuil-ArchivoResized-696x522-1.jpg?resize=350%2C200&ssl=1","width":350,"height":200,"srcset":"https:\/\/i0.wp.com\/www.grieta.org.mx\/wp-content\/uploads\/2022\/05\/Bosque_Nixticuil-ArchivoResized-696x522-1.jpg?resize=350%2C200&ssl=1 1x, https:\/\/i0.wp.com\/www.grieta.org.mx\/wp-content\/uploads\/2022\/05\/Bosque_Nixticuil-ArchivoResized-696x522-1.jpg?resize=525%2C300&ssl=1 1.5x"},"classes":[]}],"_links":{"self":[{"href":"https:\/\/www.grieta.org.mx\/index.php\/wp-json\/wp\/v2\/posts\/47162","targetHints":{"allow":["GET"]}}],"collection":[{"href":"https:\/\/www.grieta.org.mx\/index.php\/wp-json\/wp\/v2\/posts"}],"about":[{"href":"https:\/\/www.grieta.org.mx\/index.php\/wp-json\/wp\/v2\/types\/post"}],"author":[{"embeddable":true,"href":"https:\/\/www.grieta.org.mx\/index.php\/wp-json\/wp\/v2\/users\/2"}],"replies":[{"embeddable":true,"href":"https:\/\/www.grieta.org.mx\/index.php\/wp-json\/wp\/v2\/comments?post=47162"}],"version-history":[{"count":1,"href":"https:\/\/www.grieta.org.mx\/index.php\/wp-json\/wp\/v2\/posts\/47162\/revisions"}],"predecessor-version":[{"id":47164,"href":"https:\/\/www.grieta.org.mx\/index.php\/wp-json\/wp\/v2\/posts\/47162\/revisions\/47164"}],"wp:featuredmedia":[{"embeddable":true,"href":"https:\/\/www.grieta.org.mx\/index.php\/wp-json\/wp\/v2\/media\/47163"}],"wp:attachment":[{"href":"https:\/\/www.grieta.org.mx\/index.php\/wp-json\/wp\/v2\/media?parent=47162"}],"wp:term":[{"taxonomy":"category","embeddable":true,"href":"https:\/\/www.grieta.org.mx\/index.php\/wp-json\/wp\/v2\/categories?post=47162"},{"taxonomy":"post_tag","embeddable":true,"href":"https:\/\/www.grieta.org.mx\/index.php\/wp-json\/wp\/v2\/tags?post=47162"}],"curies":[{"name":"wp","href":"https:\/\/api.w.org\/{rel}","templated":true}]}}