{"id":47144,"date":"2020-03-28T10:29:15","date_gmt":"2020-03-28T16:29:15","guid":{"rendered":"http:\/\/www.grieta.org.mx\/?p=47144"},"modified":"2020-04-06T22:07:45","modified_gmt":"2020-04-07T03:07:45","slug":"covid-19-medicos-en-incertidumbre-por-falta-de-suministros-baja-california","status":"publish","type":"post","link":"https:\/\/www.grieta.org.mx\/index.php\/2020\/03\/28\/covid-19-medicos-en-incertidumbre-por-falta-de-suministros-baja-california\/","title":{"rendered":"COVID-19: m\u00e9dicos en incertidumbre por falta de suministros (Baja California)"},"content":{"rendered":"<p>Zeta Tijuana \/ \u00c1ngela Torres Lozano y Uriel Saucedo.<br \/>\nFotos: Ram\u00f3n T. Blanco Villal\u00f3n<\/p>\n<p><img loading=\"lazy\" decoding=\"async\" class=\"alignnone size-full\" src=\"https:\/\/zetatijuana.com\/wp-content\/uploads\/2020\/03\/hospital-general-1_01.jpg\" width=\"670\" height=\"435\" \/><\/p>\n<p>Con una poblaci\u00f3n de 3.3 millones de habitantes, el secretario de Salud Alfonso P\u00e9rez Rico estima que en Baja California ser\u00e1n 5 mil personas las contagiadas por coronavirus, 500 de gravedad. El funcionario explic\u00f3 que no todo el personal de salud recibir\u00e1 equipo de protecci\u00f3n, \u201cse van a entregar seg\u00fan el nivel de exposici\u00f3n que vayan a tener con pacientes de COVID-19\u201d, anunci\u00f3.<\/p>\n<p>M\u00e9dicos y enfermeras de todas las instituciones de salud en Baja California se encuentran en la incertidumbre ante el reto que enfrentan por la llegada del virus COVID-19 al Estado, y no cuentan con la infraestructura y el suministro m\u00e9dico suficiente.<\/p>\n<p>En la semana que concluye, los administradores de cl\u00ednicas y hospitales del Seguro Social de Tijuana, Playas de Rosarito y en el Instituto de Seguridad y Servicios Sociales de los Trabajadores del Estado (ISSSTE), informaron que empleados que tuvieran m\u00e1s de 65 a\u00f1os o alguna morbilidad -hipertensi\u00f3n, obesidad, diabetes, o alguna enfermedad inmunodepresora- no se presentar\u00edan a laborar. Aquellos que continuar\u00edan trabajando, tendr\u00edan que hacerlo sin equipo de protecci\u00f3n.<\/p>\n<p>En el Hospital Regional N\u00famero 1 del IMSS, los m\u00e9dicos informaron que ellos arman sus kits para dar la atenci\u00f3n a pacientes que llegan con enfermedades respiratorias, sin importar si es COVID-19 o alguna otra.<\/p>\n<p>\u201cEn una bolsita de pl\u00e1stico echamos guantes, un cubre bocas del que podamos conseguir, un gorrito desechable, una bata y los lentes, pero cuando acaba su vigencia los tenemos que desechar, es obvio que tenemos miedo\u201d, declar\u00f3 una empleada.<\/p>\n<p>En la Cl\u00ednica 17, ubicada en Rosarito, otra trabajadora reiter\u00f3: \u201cNo tenemos respiradores suficientes para otros padecimientos, mucho menos para una contingencia como la que va a empezar a causa del COVID-19\u201d.<\/p>\n<p>En el Instituto de Seguridad y Servicios Sociales para los Trabajadores de Gobierno y Municipios del Estado de Baja California (Issstecali) la situaci\u00f3n no es mejor.<\/p>\n<p>\u201cHace unos d\u00edas lleg\u00f3 una mujer, no tan mayor, tiene un cuadro y diagn\u00f3stico inicial por neumon\u00eda at\u00edpica, pero no es eso, y no le quer\u00edan hacer la prueba de coronavirus porque no ten\u00eda antecedente de viaje, pero sali\u00f3 negativo a influenza y a todas las dem\u00e1s, as\u00ed que se la hicieron y estamos esperando resultados, pero ahora nadie se quiere acercar, no tenemos c\u00f3mo protegernos\u201d, expuso.<\/p>\n<p>Ante esta situaci\u00f3n, algunos m\u00e9dicos de cl\u00ednicas del IMSS han decidido pedir donativos a la ciudadan\u00eda y comprar de su bolsa trajes especiales. Saben que los directivos del Instituto tienen este equipo, pero lo mantienen en resguardo, para cuando se d\u00e9 el punto \u00e1lgido de la pandemia.<\/p>\n<p>\u201cAqu\u00ed habemos (sic) varios m\u00e9dicos que estamos consiguiendo los equipos, cardi\u00f3logos, internistas principalmente, intensivistas, pediatras, geriatras; as\u00ed como neum\u00f3logos, epidemi\u00f3logos e infect\u00f3logos, que seremos la primera l\u00ednea de defensa. Por favor, pedimos apoyo\u201d, dijo el m\u00e9dico Jos\u00e9 Juan Trasvi\u00f1a Torres, a trav\u00e9s de una transmisi\u00f3n en vivo el 25 de marzo desde Plaza Las Palmas.<\/p>\n<p>M\u00c9XICO Y BC ENTRAN A FASE 2<\/p>\n<p>La noche del 22 de marzo, M\u00e9xico entr\u00f3 a la Fase 2 de la pandemia, en un anuncio hecho por la Organizaci\u00f3n Mundial de la Salud (OMS) ante la negativa del Presidente de la Rep\u00fablica, Andr\u00e9s Manuel L\u00f3pez Obrador, de aceptar la gravedad de la enfermedad.<\/p>\n<p>En Baja California, el primer caso de paciente confirmado con COVID-19 sin tener antecedente de viaje, se registr\u00f3 la noche del domingo 22 de marzo en Mexicali.<\/p>\n<p>El anuncio de Fase 2 a nivel estatal se hizo la ma\u00f1ana del 24 de marzo. El secretario de Salud, Alfonso P\u00e9rez Rico, acompa\u00f1ado del gobernador Jaime Bonilla Valdez, anunci\u00f3 que iniciar\u00edan otras medidas, adem\u00e1s del distanciamiento social que ven\u00edan promoviendo desde semanas atr\u00e1s. Pidieron apoyo -no ordenaron- el cierre de antros, bares, gimnasios, iglesias y cualquier establecimiento no esencial, e informaron que las polic\u00edas patrullar\u00edan playas y parques para evitar aglomeraciones con fines de entretenimiento.<\/p>\n<p>Otra de las medidas preventivas anunciadas, fue la reconversi\u00f3n de hospitales generales, como centros de atenci\u00f3n para pacientes con COVID-19, lo que implicar\u00eda la cancelaci\u00f3n de cirug\u00edas programadas no vitales, aplazamiento de consulta externa y traslado de pacientes con otras patolog\u00edas a otras instituciones m\u00e9dicas.<\/p>\n<p>SIN CAPACIDAD<\/p>\n<p>En Baja California -la cual cuenta con 3.3 millones de habitantes de acuerdo con el Instituto Nacional de Estad\u00edstica, Geograf\u00eda e Inform\u00e1tica- se estima que alrededor de 5 mil personas se contagien de COVID-19, eso si su poblaci\u00f3n acata las medidas de prevenci\u00f3n y distanciamiento social que se han promovido desde hace tres semanas.<\/p>\n<p>De esos posibles 5 mil casos, alrededor de 500 personas requerir\u00e1n hospitalizaci\u00f3n a causa del virus o complicaciones de sus morbilidades por la enfermedad.<\/p>\n<p>\u201cEn los escenarios de tercera fase, donde ya estamos hablando de una dispersi\u00f3n epid\u00e9mica, estamos hablando de 500 personas que necesitar\u00edamos hospitalizar en los siguientes tres meses\u201d, afirm\u00f3 P\u00e9rez Rico.<\/p>\n<p>Con las medidas de distanciamientos social, \u201cel escenario que queremos es que sean esos 500, pero en los siguientes ocho o nueve meses\u201d.<\/p>\n<p>Ante cualquiera de los dos escenarios, el plan es que los Hospitales Generales de Tijuana, Mexicali y Ensenada se convertir\u00edan en el centro de atenci\u00f3n a todos los pacientes con COVID-19, con capacidad de 150 camas disponibles en cada uno, es decir, 450 camas y 120 respiradores en todo Baja California.<\/p>\n<p>\u201cVamos a tener ciertos hospitales que se van a designar como sedes del COVID-19. All\u00ed vamos a tener los m\u00e9dicos que van a manejar a todos los pacientes con la enfermedad, all\u00ed vamos a tener la mayor concentraci\u00f3n de insumos y a los que van a requerir ventilador\u201d, apunt\u00f3.<\/p>\n<p>\u201cAhorita no tenemos necesidad de muchas camas, pero queremos planear para cuando las tengamos. Si nunca las ocupamos, qu\u00e9 bueno, pero s\u00ed, necesitamos que est\u00e9n ah\u00ed\u201d.<\/p>\n<p>Aunque anunciaron que la reconversi\u00f3n iniciar\u00eda a partir del 23 de marzo, al cierre de esta edici\u00f3n, ni siquiera se ten\u00eda el resultado del censo hecho entre el personal de Salud y los pacientes para determinar cu\u00e1ntos ser\u00edan trasladados a otras instituciones.<\/p>\n<p>Mientras tanto, el resto de los pacientes que lleguen al \u00e1rea de Urgencias, por servicios que no tengan que ver con enfermedades respiratorias, ser\u00e1n redirigidos tambi\u00e9n a otros hospitales del ISSSTE, Issstecali e IMSS.<\/p>\n<p><img loading=\"lazy\" decoding=\"async\" class=\"alignnone size-full\" src=\"https:\/\/zetatijuana.com\/wp-content\/uploads\/2020\/03\/2.jpg\" width=\"670\" height=\"431\" \/><\/p>\n<p>PERSONAL DE HOSPITAL GENERAL ASEGURA NO ESTAR PREPARADO<\/p>\n<p>La estrategia de convertir a los Hospitales Generales en centros de atenci\u00f3n para COVID-19 preocupa a los trabajadores de esa instituci\u00f3n en Tijuana. Entrevistados, algunos dicen haber sido capacitado mientras otros lo niegan, en lo que coinciden todos, es en que no han recibido el equipo que les permita protegerse del contagio. Tambi\u00e9n informaron que faltan medicamentos y que el edificio no est\u00e1 en condiciones para albergar gran cantidad de pacientes que requieran hospitalizaci\u00f3n.<\/p>\n<p>Empleados del Sector Salud que pidieron omitir sus nombres detallaron: \u201cLa situaci\u00f3n en el Hospital General de Tijuana es un poco cr\u00edtica, no tenemos los insumos suficientes para resolver los casos de COVID-19 que pudieran darse, no tenemos cubre bocas, no tenemos gel antibacterial, no tenemos jab\u00f3n suficiente. Tampoco hemos visto que haya llegado el equipo, como el traje protector, ni siquiera se nos ha hecho una junta para saber c\u00f3mo vamos a trabajar si se da una gran afluencia de pacientes infectados\u201d.<\/p>\n<p>Una de las principales preocupaciones de los trabajadores del hospital, es el riesgo de contagio a sus familias porque ellos trabajan sin protecci\u00f3n y siguen esperando les entreguen lo que se requiere en una contingencia como la actual: gafas, traje protector, cubre bocas N95, botas, gorro y guantes.<\/p>\n<p>\u201cAunque no todo el personal estar\u00e1 en contacto con los pacientes infectados, estaremos en riesgo porque trabajamos en el mismo lugar, y todo el personal m\u00e9dico y de enfermer\u00eda est\u00e1n en constante contacto\u201d, indic\u00f3 uno de los afectados.<\/p>\n<p>Como ejemplo citaron a la mujer de nacionalidad alemana que el 16 de marzo ingres\u00f3 a las instalaciones del hospital como un caso sospechoso de COVID-19. En ese momento los param\u00e9dicos que la llevaron en la ambulancia vest\u00edan el equipo necesario para manejar a ese tipo de pacientes, pero al llegar al hospital, los m\u00e9dicos y enfermeras que la recibieron solo contaban con cubre bocas de tela, poniendo en riesgo su salud.<\/p>\n<p>CAPACITACIONES NO FUERON OBLIGATORIAS: SECRETARIO DE SALUD<\/p>\n<p>Cuestionado por la falta de capacitaci\u00f3n a personal del Hospital General, el titular de la Secretar\u00eda de Salud en Baja California, Alonso P\u00e9rez Rico, asegur\u00f3 que s\u00ed impartieron cursos enfocados en la protecci\u00f3n personal, pero no fueron obligatorios y algunos empleados no asistieron. Volver\u00e1n a capacitarlos porque las definiciones operacionales cambian constantemente.<\/p>\n<p>\u201cEn el Estado hemos dado 24 mil capacitaciones en general en estas seis semanas, para saber cu\u00e1ntas van en el Hospital General de Tijuana, tendr\u00eda que consultarlo con el epidemi\u00f3logo, pero invito a quienes no se han capacitado a que acudan al \u00e1rea de Epidemiolog\u00eda para que los adiestren\u201d, declar\u00f3 P\u00e9rez Rico.<\/p>\n<p>SIN SUMINISTRO PARA TODOS<\/p>\n<p>Tanto P\u00e9rez Rico, como el director general del Seguro Social, Zo\u00e9 Robledo Aburto, han informado que cuentan con los suministros necesarios para atender la primera etapa de la contingencia, pero solo ser\u00e1n entregados a cierto personal.<\/p>\n<p>Baja California s\u00ed los tiene, pero no todos los empleados recibir\u00e1n, ya que se entregar\u00e1n conforme al nivel de exposici\u00f3n que vayan a tener con pacientes de COVID-19, \u201cpara evitar hacer un mal uso del material a partir del temor y la desinformaci\u00f3n que pudiera existir\u201d.<\/p>\n<p>Mientras que Robledo Aburto tuvo que salir a dar un mensaje al personal del IMSS, despu\u00e9s de que se realizaran diez manifestaciones en distintos estados de la Rep\u00fablica, exigiendo el equipo de protecci\u00f3n para el personal de salud.<\/p>\n<p>Contradijo a los manifestantes y asegur\u00f3 que desde antes de que la OMS declarara la Fase 2 ya estaban trabajando en la entrega de suministros en las distintas delegaciones.<\/p>\n<p>\u201cDebemos priorizar aquellos lugares donde empezar\u00e1 nuestra batalla, como lo es la zona metropolitana de Ciudad de M\u00e9xico y aquellos estados donde hay la mayor cantidad de casos confirmados\u201d, tomando en cuenta que BC se encuentra en el lugar 8 y no hay muertes, por lo cual la entrega no ser\u00e1 inmediata.<\/p>\n<p>Asimismo, recalc\u00f3 que la Secretar\u00eda de Hacienda hizo una compra consolidada de insumos para todas las instituciones m\u00e9dicas, \u201ctodo el material que tenemos e ir\u00e1 aumentando, tendr\u00e1 el resguardo del Ej\u00e9rcito Mexicano en los 37 almacenes delegacionales y en el almac\u00e9n central de Vallejo, y la Sedena (Secretar\u00eda de la Defensa Nacional) apoyar\u00e1 al IMSS en materia de distribuci\u00f3n\u201d, confirm\u00f3 el funcionario federal.<\/p>\n<p>FALTA PERSONAL M\u00c9DICO<\/p>\n<p>El 24 de marzo se lanz\u00f3 la convocatoria a nivel nacional para la contrataci\u00f3n de m\u00e9dicos y enfermeros, sobre todo especialistas en el \u00e1rea epidemiol\u00f3gica e internistas, pues tambi\u00e9n hace falta personal.<\/p>\n<p>Alonso P\u00e9rez Rico indic\u00f3 que m\u00e9dicos de Ej\u00e9rcito y Marina trabajar\u00e1n de la mano con Isesalud ante la contingencia, ya que sus hospitales no son aptos para manejar a pacientes enfermos de COVID-19.<\/p>\n<p>Asimismo, invit\u00f3 a m\u00e9dicos voluntarios que quieran ayudar durante la crisis que se avecina durante las pr\u00f3ximas tres semanas. La idea es ir integrando un censo de personal de salud para el momento que se requiera.<\/p>\n<p>Actualmente trabajan m\u00e1s de mil personas en el Hospital General, cifra que podr\u00eda ser insuficiente si no se toman las medidas necesarias.<\/p>\n<p>LOS RECURSOS FEDERALES<\/p>\n<p>Con respecto a los 10 mil millones de pesos correspondientes a los bimestres de abril a junio que la Secretar\u00eda de Hacienda anunci\u00f3 que adelant\u00f3 al Instituto de Salud para el Bienestar, el secretario P\u00e9rez Rico declar\u00f3 que no sabe, porque a\u00fan contin\u00faan las juntas con la Federaci\u00f3n, para determinar cu\u00e1nto dinero le tocar\u00e1 a Baja California.<\/p>\n<p>A pesar que este recurso no ser\u00e1 adicional, sino un adelanto de las aportaciones, reconoci\u00f3 que no ser\u00e1 un inconveniente para el futuro, una vez que pase la contingencia, porque la Federaci\u00f3n est\u00e1 comprometida a brindar a los estados apoyos adicionales de ser necesario una vez que justifiquen los gastos de operaci\u00f3n durante los siguientes meses.<\/p>\n<p>Actualmente est\u00e1n a un 67% de abasto de medicamentos y al 100% en medicamento oncol\u00f3gico pedi\u00e1trico, adem\u00e1s de que el Sector Salud dispone de medicina suficiente para atender la sintomatolog\u00eda que \u201cvayan presentando los pacientes infectados\u201d.<\/p>\n<p>Del reci\u00e9n creado Comit\u00e9 de Control de COVID-19, dijo que fue una iniciativa del gobernador Jaime Bonilla Valdez para tomar decisiones centralizadas en el destino y organizaci\u00f3n de los recursos humanos y materiales. Estar\u00e1 conformado por autoridades militares, Secretar\u00eda de Salud, la delegaci\u00f3n del Gobierno Federal en Baja California y algunas secretar\u00edas adicionales como la de Bienestar.<\/p>\n<p>La participaci\u00f3n del Ej\u00e9rcito es para implementar el Plan DN-III y resguardar los insumos de comida y medicina que se lleguen a concentrar estrat\u00e9gicamente.<\/p>\n<p>Albergues restringen nuevos ingresos para prevenir contagios ante coronavirus<\/p>\n<p>El Instituto Nacional de Migraci\u00f3n (INM) dio a conocer que en los ocho puntos de acceso terrestre a Baja California, as\u00ed como en los Centros Integrales de Atenci\u00f3n a Migrantes de Tijuana y Mexicali, el protocolo para recibir a migrantes repatriados incluye una revisi\u00f3n m\u00e9dica para detectar si est\u00e1n infectados por el coronavirus.<\/p>\n<p>Sin embargo, los distintos albergues para migrantes en Tijuana y Mexicali, no han sido capacitados respecto al protocolo, tampoco la Secretar\u00eda de Salud les ha informado c\u00f3mo manejar los casos sospechosos o confirmados.<\/p>\n<p>Paulina Olvera, directora de Espacio Migrante en Tijuana, coment\u00f3 que ellos elaboraron un plan para prevenir contagios al interior del albergue, donde viven cerca de 40 personas, en su mayor\u00eda familias en espera de recibir asilo en Estados Unidos.<\/p>\n<p><img loading=\"lazy\" decoding=\"async\" class=\"alignnone size-full\" src=\"https:\/\/zetatijuana.com\/wp-content\/uploads\/2020\/03\/3.jpg\" width=\"670\" height=\"399\" \/><\/p>\n<p>\u201cAnunciaron que ya no va a haber audiencias para quienes est\u00e1n buscando asilo, y pensamos que los albergues no van a tener suficiente espacio para atender a estas personas cuando empeoren los casos de COVID-19. No tenemos recursos ni capacidad para aislar a alguien, en M\u00e9xico no hay ning\u00fan plan para cuidar a las personas que sean regresadas ante esta crisis de salud\u201d, lament\u00f3.<\/p>\n<p>Por su parte, Jos\u00e9 Moreno Mena, quien preside la Coalici\u00f3n Pro Defensa Migrante, explic\u00f3 que s\u00ed hubo acercamiento con la Secretar\u00eda de Salud despu\u00e9s que emitieron un comunicado exigiendo medidas preventivas ante el riesgo que representa el virus COVID-19, pero aparte de la charla, no recibieron alg\u00fan esquema de trabajo para atender emergencias relacionadas con el coronavirus. Solo les dieron un n\u00famero telef\u00f3nico para recibir informaci\u00f3n y resolver dudas, al que han llamado sin recibir respuesta.<\/p>\n<p>El mi\u00e9rcoles 18 de marzo, despu\u00e9s que el Presidente norteamericano Donald Trump anunciara que deportar\u00edan a M\u00e9xico a quienes est\u00e1n en proceso para solicitar asilo, el delegado del Gobierno Federal en Baja California, Jes\u00fas Ruiz Uribe, declar\u00f3 que del viernes 20 al lunes 23 de marzo registraron un promedio de 60 deportaciones y repatriaciones, y cerca de 50 expulsiones expr\u00e9s; cantidad menor a la que estaban observando en semanas anteriores, cuando recibieron hasta 500 personas.<\/p>\n<p>Gobierno ya resiente el COVID-2019<\/p>\n<p>Adem\u00e1s de tres funcionarios del gabinete estatal en aislamiento por padecer coronavirus, seg\u00fan coment\u00f3 el gobernador de Baja California, Jaime Bonilla Valdez en su \u00faltima conferencia ma\u00f1anera del jueves 26 de marzo, otros tres integrantes de diversas instancias gubernamentales se encuentran bajo resguardo por confirmaci\u00f3n o por sospecha de COVID-19.<\/p>\n<p>Tres nuevos reportes se han mencionado en Mexicali, los cuales representar\u00edan alerta para las autoridades. El primero, de un ex comandante de la Polic\u00eda Ministerial del Estado, ahora Agencia Estatal de Investigaci\u00f3n, quien vacacion\u00f3 en Los \u00c1ngeles, California dos semanas atr\u00e1s, acompa\u00f1ado de su esposa.<\/p>\n<p>El agente allegado al ex procurador Christian Colosio Lule, permanec\u00eda de vacaciones cuando se descubri\u00f3 su padecimiento, por lo que fue reducido el contacto que tuvo con otros compa\u00f1eros de la corporaci\u00f3n. Sin embargo, debieron tomar medidas de aislamiento en algunos de ellos en espera de confirmaci\u00f3n.<\/p>\n<p><img loading=\"lazy\" decoding=\"async\" class=\"alignnone size-full\" src=\"https:\/\/zetatijuana.com\/wp-content\/uploads\/2020\/03\/4.jpg\" width=\"670\" height=\"454\" \/><\/p>\n<p>Diputado Jorge Garc\u00eda Alcib\u00edades, que con esa cercan\u00eda departi\u00f3 con el dirigente nacional de Movimiento Ciudadano, Dante Delgado, y el ex rector de la UABC, Alejandro Mungaray (dicen que lo quieren de candidato), previo a celebrar el 14 de marzo en Mexicali, la boda de su hija. Acto en el que recibi\u00f3 a cientos de personas<\/p>\n<p>El segundo caso fue dado a conocer de manera formal el mi\u00e9rcoles 25, el del diputado federal Jorge Garc\u00eda Alcib\u00edades, de Movimiento Ciudadano, quien result\u00f3 positivo al coronavirus, seg\u00fan inform\u00f3 el organismo pol\u00edtico, quien solicit\u00f3 que todas las personas que hayan tenido contacto del 10 al 12 de marzo en las reuniones de trabajo en las que Garc\u00eda particip\u00f3, tomen los cuidados correspondientes. Est\u00e1 bajo cuidados en su domicilio en Ciudad de M\u00e9xico.<\/p>\n<p>La misma noche, el Ayuntamiento de Mexicali tuvo que analizar nuevamente sus protocolos ante un caso que trastoc\u00f3 el c\u00edrculo cercano de alcaldesa Marina del Pilar \u00c1vila Olmeda. Se trata de una funcionaria de primer nivel del \u00e1rea de Relaciones P\u00fablicas del Ayuntamiento, la cual fue enviada a aislamiento por s\u00edntomas de coronavirus, al igual que todo su equipo de trabajo.<\/p>\n<p>El jueves 26 de marzo, el Ayuntamiento de Mexicali anunci\u00f3 que se reforzar\u00e1n las medidas de seguridad ante el coronavirus, el cual tiene a M\u00e9xico en Fase 2. Entre las nuevas medidas, se encuentra la de cerrar el acceso a las oficinas municipales, salvo en tr\u00e1mites que requieran urgente atenci\u00f3n, adem\u00e1s de mantener los filtros de salud en todos los inmuebles.<\/p>\n<p>De igual manera, se pidi\u00f3 a la ciudadan\u00eda abstenerse de salir en la medida de las posibilidades, sobre todo en las casas donde existan adultos mayores, mujeres embarazadas, ni\u00f1os y cualquier persona con padecimientos como diabetes, c\u00e1ncer e hipertensi\u00f3n. \u00c1ngela Torres Lozano<\/p>\n<p>Elementos de seguridad violan Derechos Humanos de pacientes<\/p>\n<p>La Comisi\u00f3n Estatal de Derechos Humanos inici\u00f3 una carpeta de investigaci\u00f3n para averiguar sobre posibles violaciones por parte de agentes de la Guardia Estatal de Seguridad e Investigaci\u00f3n (GESI) y Polic\u00edas Municipales de Tijuana, con relaci\u00f3n a la atenci\u00f3n que le dieron las autoridades en esta ciudad a una mujer alemana.<\/p>\n<p>El 16 de marzo, le fue impedido el paso a Estados Unidos por la Garita de San Ysidro, debido al cierre de la frontera a europeos ante la contingencia sanitaria del virus COVID-19. La intervenci\u00f3n de la CEDH se dio en el primer caso porque un agente municipal de Tijuana que se dio cuenta de la acci\u00f3n, envi\u00f3 un mensaje por tel\u00e9fono y corri\u00f3 la voz: \u201cPrecauciones, ah\u00ed est\u00e1 la evidencia fotogr\u00e1fica y de video, el que quiera hacer caso, cu\u00eddese, prot\u00e9jase, esto sucedi\u00f3 hoy en la tarde en el Centro, para los que tengan contacto con 10-15 de Zona Centro, esta \u2018tecata\u2019 ya la ubico y se la lleva en la zona Norte\u201d, refiri\u00e9ndose a la mujer.<\/p>\n<p>Y sigui\u00f3:<\/p>\n<p>\u201cLes inform\u00f3 para los que anden en Zona Centro, se detect\u00f3 una alemana, ahorita la tienen encapsulada en la caseta del SITT de la L\u00ednea, que iba a entrar al otro 10-20 en las m\u00e1quinas que tienen los gringos, la detectaron con coronavirus, ah\u00ed la tienen encapsulada las autoridades mexicanas en el SITT, dicen que esta alemana es \u2018tecata\u2019 y estaba conviviendo con todos los \u2018tecatos\u2019 del canal; los \u2018tecatos\u2019 ya se presume que traen la infecci\u00f3n\u201d, afirma un presunto polic\u00eda en audios que circularon en redes sociales.<\/p>\n<p>La segunda carpeta se inici\u00f3 el 21 de marzo, cuando elementos de la GESI grabaron -sin autorizaci\u00f3n- el momento en que personal de Salud notific\u00f3 de manera oficial al primer paciente diagnosticado con COVID-19 en Tijuana sobre su condici\u00f3n, dando detalles del domicilio y violando su privacidad.<\/p>\n<p>Ante estos hechos, Miguel \u00c1ngel Mora Marrufo, titular de la CEDH, se\u00f1al\u00f3 que el organismo solicit\u00f3 medidas cautelares tanto a la GESI como a la Secretar\u00eda de Salud para la protecci\u00f3n de los pacientes.<\/p>\n<p>En 2019 se recibieron 134 quejas contra la Secretar\u00eda de Salud: 104 en Tijuana, 11 en Mexicali, 8 en Tecate, 8 en Ensenada y 3 en Rosarito. Mientras que en el transcurso de este a\u00f1o se han recibido 23: 16 en Tijuana, 4 en Mexicali y una en San Quint\u00edn.<\/p>\n<p>Los principales derechos vulnerados son la protecci\u00f3n a la salud, a la igualdad y al trato digno. En 2020 se agreg\u00f3 la protecci\u00f3n a la seguridad jur\u00eddica.<\/p>\n<p><a href=\"https:\/\/zetatijuana.com\/2020\/03\/covid-19-medicos-en-incertidumbre-por-falta-de-suministros\/\" target=\"_blank\" rel=\"noopener noreferrer\">https:\/\/zetatijuana.com\/2020\/03\/covid-19-medicos-en-incertidumbre-por-falta-de-suministros\/<\/a><\/p>\n","protected":false},"excerpt":{"rendered":"<p>Zeta Tijuana \/ \u00c1ngela Torres Lozano y Uriel Saucedo. Fotos: Ram\u00f3n T. Blanco Villal\u00f3n Con una poblaci\u00f3n de 3.3 millones de habitantes, el secretario de Salud Alfonso P\u00e9rez Rico estima &hellip; <a href=\"https:\/\/www.grieta.org.mx\/index.php\/2020\/03\/28\/covid-19-medicos-en-incertidumbre-por-falta-de-suministros-baja-california\/\" class=\"more-link\">Leer m\u00e1s<\/a><\/p>\n","protected":false},"author":2,"featured_media":21928,"comment_status":"closed","ping_status":"closed","sticky":false,"template":"","format":"standard","meta":{"ngg_post_thumbnail":0,"_jetpack_newsletter_access":"","_jetpack_dont_email_post_to_subs":false,"_jetpack_newsletter_tier_id":0,"_jetpack_memberships_contains_paywalled_content":false,"_jetpack_memberships_contains_paid_content":false,"footnotes":""},"categories":[5,80,3263,2438,2],"tags":[],"class_list":["post-47144","post","type-post","status-publish","format-standard","has-post-thumbnail","hentry","category-baja-california","category-cintillo","category-crisis-covid-19-en-baja-california","category-crisis-del-sector-salud-en-baja-california","category-noticias-nacionales","entry"],"jetpack_featured_media_url":"https:\/\/www.grieta.org.mx\/wp-content\/uploads\/2018\/03\/14524434_1106112876131411_958039263622046936_o.jpg","jetpack_sharing_enabled":true,"jetpack_shortlink":"https:\/\/wp.me\/p7ZJR4-cgo","jetpack_likes_enabled":false,"jetpack-related-posts":[{"id":50293,"url":"https:\/\/www.grieta.org.mx\/index.php\/2020\/06\/04\/casi-1-500-trabajadores-de-la-salud-de-baja-california-han-dado-potivo-a-covid-19-12-han-muerto\/","url_meta":{"origin":47144,"position":0},"title":"Casi 1, 500 trabajadores de la salud de Baja California han dado potivo a COVID-19; 12 han muerto","author":"grieta","date":"4 junio, 2020","format":false,"excerpt":"Lindero Norte \/ Jorge Heras. Mexicali.- Durante la mayor parte del desempe\u00f1o de su vida profesional, la enfermera Karla Benitez Bacilio trabaj\u00f3 en el Hospital 5 de Diciembre del Issste en Mexicali hasta este viernes 29 de mayo cuando perdi\u00f3 la batalla contra el COVID-19 tras estar hospitalizada en el\u2026","rel":"","context":"En &quot;Baja California&quot;","block_context":{"text":"Baja California","link":"https:\/\/www.grieta.org.mx\/index.php\/category\/noticias-nacionales\/baja-california\/"},"img":{"alt_text":"","src":"https:\/\/i0.wp.com\/www.grieta.org.mx\/wp-content\/uploads\/2018\/03\/14524434_1106112876131411_958039263622046936_o.jpg?resize=350%2C200&ssl=1","width":350,"height":200,"srcset":"https:\/\/i0.wp.com\/www.grieta.org.mx\/wp-content\/uploads\/2018\/03\/14524434_1106112876131411_958039263622046936_o.jpg?resize=350%2C200&ssl=1 1x, https:\/\/i0.wp.com\/www.grieta.org.mx\/wp-content\/uploads\/2018\/03\/14524434_1106112876131411_958039263622046936_o.jpg?resize=525%2C300&ssl=1 1.5x, https:\/\/i0.wp.com\/www.grieta.org.mx\/wp-content\/uploads\/2018\/03\/14524434_1106112876131411_958039263622046936_o.jpg?resize=700%2C400&ssl=1 2x"},"classes":[]},{"id":48140,"url":"https:\/\/www.grieta.org.mx\/index.php\/2020\/04\/23\/pruebas-de-covid-19-son-insuficientes-en-mexicali-y-no-hay-equipo-para-afrontar-el-virus-colegios-de-medicos-baja-california\/","url_meta":{"origin":47144,"position":1},"title":"Pruebas de COVID-19 son insuficientes en Mexicali y no hay equipo para afrontar el virus: Colegios de M\u00e9dicos (Baja California)","author":"grieta","date":"23 abril, 2020","format":false,"excerpt":"Animal Pol\u00edtico \/ Luis Arellano (Pregonero Baja California) Colegios de M\u00e9dicos en Mexicali enviaron un documento al gobierno de Baja California y al federal, para que se les de equipo de seguridad para trabajar en el combate al COVID-19. Cuartoscuro. Presidentes y representantes de Colegios de M\u00e9dicos en Mexicali, mediante\u2026","rel":"","context":"En &quot;Baja California&quot;","block_context":{"text":"Baja California","link":"https:\/\/www.grieta.org.mx\/index.php\/category\/noticias-nacionales\/baja-california\/"},"img":{"alt_text":"","src":"https:\/\/i0.wp.com\/www.grieta.org.mx\/wp-content\/uploads\/2020\/04\/a-1.jpeg?resize=350%2C200&ssl=1","width":350,"height":200,"srcset":"https:\/\/i0.wp.com\/www.grieta.org.mx\/wp-content\/uploads\/2020\/04\/a-1.jpeg?resize=350%2C200&ssl=1 1x, https:\/\/i0.wp.com\/www.grieta.org.mx\/wp-content\/uploads\/2020\/04\/a-1.jpeg?resize=525%2C300&ssl=1 1.5x, https:\/\/i0.wp.com\/www.grieta.org.mx\/wp-content\/uploads\/2020\/04\/a-1.jpeg?resize=700%2C400&ssl=1 2x, https:\/\/i0.wp.com\/www.grieta.org.mx\/wp-content\/uploads\/2020\/04\/a-1.jpeg?resize=1050%2C600&ssl=1 3x"},"classes":[]},{"id":50110,"url":"https:\/\/www.grieta.org.mx\/index.php\/2020\/05\/28\/atienden-a-100-pacientes-covid-19-a-38-grados-en-hospital-general-de-mexicali-baja-california\/","url_meta":{"origin":47144,"position":2},"title":"Atienden a 100 pacientes Covid-19 a 38 grados en Hospital General de Mexicali (Baja California)","author":"grieta","date":"28 mayo, 2020","format":false,"excerpt":"Lindero Norte \/ Antonio Heras *Protesta personal de salud por falla en sistema de aire acondicionado Mexicali.- Con una temperatura de 38 grados cent\u00edgrados, personal cl\u00ednico del Hospital General de Mexicali trabaj\u00f3 bajo protesta por desperfectos del equipo de aire acondicionado. En este nosocomio de la capital de Baja California\u2026","rel":"","context":"En &quot;Baja California&quot;","block_context":{"text":"Baja California","link":"https:\/\/www.grieta.org.mx\/index.php\/category\/noticias-nacionales\/baja-california\/"},"img":{"alt_text":"","src":"https:\/\/i0.wp.com\/www.grieta.org.mx\/wp-content\/uploads\/2018\/03\/14524434_1106112876131411_958039263622046936_o.jpg?resize=350%2C200&ssl=1","width":350,"height":200,"srcset":"https:\/\/i0.wp.com\/www.grieta.org.mx\/wp-content\/uploads\/2018\/03\/14524434_1106112876131411_958039263622046936_o.jpg?resize=350%2C200&ssl=1 1x, https:\/\/i0.wp.com\/www.grieta.org.mx\/wp-content\/uploads\/2018\/03\/14524434_1106112876131411_958039263622046936_o.jpg?resize=525%2C300&ssl=1 1.5x, https:\/\/i0.wp.com\/www.grieta.org.mx\/wp-content\/uploads\/2018\/03\/14524434_1106112876131411_958039263622046936_o.jpg?resize=700%2C400&ssl=1 2x"},"classes":[]},{"id":48132,"url":"https:\/\/www.grieta.org.mx\/index.php\/2020\/04\/22\/baja-california-suma-60-contagios-de-covid-19-en-trabajadores-de-maquilas-en-tijuana-baja-california\/","url_meta":{"origin":47144,"position":3},"title":"Baja California suma 60 contagios de COVID-19 en trabajadores de maquilas en Tijuana","author":"grieta","date":"22 abril, 2020","format":false,"excerpt":"Sin Embargo \/ Redacci\u00f3n. Las personas contagiadas laboran en empresas instaladas en Tijuana. Foto: Zeta. Los 60 trabajadores enfermos laboran en empresas instaladas en el municipio de Tijuana, mismas ya que son supervisadas. Por Isabel Mercado. Tijuana, Baja California, 22 de abril (Zeta).\u2013 El n\u00famero contagiaos por COVID-19 en m\u00e9dicos\u2026","rel":"","context":"En &quot;Baja California&quot;","block_context":{"text":"Baja California","link":"https:\/\/www.grieta.org.mx\/index.php\/category\/noticias-nacionales\/baja-california\/"},"img":{"alt_text":"","src":"https:\/\/i0.wp.com\/www.grieta.org.mx\/wp-content\/uploads\/2020\/04\/photo4974342478853417218-1.jpg?resize=350%2C200&ssl=1","width":350,"height":200,"srcset":"https:\/\/i0.wp.com\/www.grieta.org.mx\/wp-content\/uploads\/2020\/04\/photo4974342478853417218-1.jpg?resize=350%2C200&ssl=1 1x, https:\/\/i0.wp.com\/www.grieta.org.mx\/wp-content\/uploads\/2020\/04\/photo4974342478853417218-1.jpg?resize=525%2C300&ssl=1 1.5x, https:\/\/i0.wp.com\/www.grieta.org.mx\/wp-content\/uploads\/2020\/04\/photo4974342478853417218-1.jpg?resize=700%2C400&ssl=1 2x, https:\/\/i0.wp.com\/www.grieta.org.mx\/wp-content\/uploads\/2020\/04\/photo4974342478853417218-1.jpg?resize=1050%2C600&ssl=1 3x"},"classes":[]},{"id":46796,"url":"https:\/\/www.grieta.org.mx\/index.php\/2020\/03\/21\/denuncian-enfermeras-de-mexicali-que-trabajan-sin-material-de-proteccion-sanitaria-baja-california\/","url_meta":{"origin":47144,"position":4},"title":"Denuncian enfermeras de Mexicali que trabajan sin material de protecci\u00f3n sanitaria (Baja California)","author":"grieta","date":"21 marzo, 2020","format":false,"excerpt":"Lindero Norte \/ Antonio Heras. Mexicali.- Personal de enfermer\u00eda de Baja California denunciaron que carecen de insumos y material para atender a pacientes de hospitales del sector Salud. Enfermeras del Hospital Materno Infantil de Isesalud y de la cl\u00ednica 30 del Instituto Mexicano del Seguro Social coincidieron en se\u00f1alar que\u2026","rel":"","context":"En &quot;Baja California&quot;","block_context":{"text":"Baja California","link":"https:\/\/www.grieta.org.mx\/index.php\/category\/noticias-nacionales\/baja-california\/"},"img":{"alt_text":"","src":"https:\/\/i0.wp.com\/www.grieta.org.mx\/wp-content\/uploads\/2020\/03\/images-2020-03-20T081423.884.jpeg?resize=350%2C200&ssl=1","width":350,"height":200,"srcset":"https:\/\/i0.wp.com\/www.grieta.org.mx\/wp-content\/uploads\/2020\/03\/images-2020-03-20T081423.884.jpeg?resize=350%2C200&ssl=1 1x, https:\/\/i0.wp.com\/www.grieta.org.mx\/wp-content\/uploads\/2020\/03\/images-2020-03-20T081423.884.jpeg?resize=525%2C300&ssl=1 1.5x, https:\/\/i0.wp.com\/www.grieta.org.mx\/wp-content\/uploads\/2020\/03\/images-2020-03-20T081423.884.jpeg?resize=700%2C400&ssl=1 2x"},"classes":[]},{"id":48912,"url":"https:\/\/www.grieta.org.mx\/index.php\/2020\/05\/03\/180-trabajadores-del-sector-salud-con-coronavirus-en-baja-california\/","url_meta":{"origin":47144,"position":5},"title":"180 trabajadores del sector salud con coronavirus en Baja California","author":"grieta","date":"3 mayo, 2020","format":false,"excerpt":"Zeta Tijuana \/ Eduardo Villa Lugo. Fotos: Cristian Torres. Un total de 180 trabajadores, m\u00e9dicos, enfermeros, personal de intendencia y empleados administrativos, de los hospitales p\u00fablicos y privados de Baja California, resultaron positivos al COVID-19, declar\u00f3 el secretario de Salud del estado, Alonso P\u00e9rez Rico, en una conferencia de prensa\u2026","rel":"","context":"En &quot;Baja California&quot;","block_context":{"text":"Baja California","link":"https:\/\/www.grieta.org.mx\/index.php\/category\/noticias-nacionales\/baja-california\/"},"img":{"alt_text":"","src":"https:\/\/i0.wp.com\/www.grieta.org.mx\/wp-content\/uploads\/2020\/05\/DE5E5C20-1F5A-4E0E-991A-122B0EFE2B2E-750x500.jpeg?resize=350%2C200&ssl=1","width":350,"height":200,"srcset":"https:\/\/i0.wp.com\/www.grieta.org.mx\/wp-content\/uploads\/2020\/05\/DE5E5C20-1F5A-4E0E-991A-122B0EFE2B2E-750x500.jpeg?resize=350%2C200&ssl=1 1x, https:\/\/i0.wp.com\/www.grieta.org.mx\/wp-content\/uploads\/2020\/05\/DE5E5C20-1F5A-4E0E-991A-122B0EFE2B2E-750x500.jpeg?resize=525%2C300&ssl=1 1.5x, https:\/\/i0.wp.com\/www.grieta.org.mx\/wp-content\/uploads\/2020\/05\/DE5E5C20-1F5A-4E0E-991A-122B0EFE2B2E-750x500.jpeg?resize=700%2C400&ssl=1 2x"},"classes":[]}],"_links":{"self":[{"href":"https:\/\/www.grieta.org.mx\/index.php\/wp-json\/wp\/v2\/posts\/47144","targetHints":{"allow":["GET"]}}],"collection":[{"href":"https:\/\/www.grieta.org.mx\/index.php\/wp-json\/wp\/v2\/posts"}],"about":[{"href":"https:\/\/www.grieta.org.mx\/index.php\/wp-json\/wp\/v2\/types\/post"}],"author":[{"embeddable":true,"href":"https:\/\/www.grieta.org.mx\/index.php\/wp-json\/wp\/v2\/users\/2"}],"replies":[{"embeddable":true,"href":"https:\/\/www.grieta.org.mx\/index.php\/wp-json\/wp\/v2\/comments?post=47144"}],"version-history":[{"count":1,"href":"https:\/\/www.grieta.org.mx\/index.php\/wp-json\/wp\/v2\/posts\/47144\/revisions"}],"predecessor-version":[{"id":47332,"href":"https:\/\/www.grieta.org.mx\/index.php\/wp-json\/wp\/v2\/posts\/47144\/revisions\/47332"}],"wp:featuredmedia":[{"embeddable":true,"href":"https:\/\/www.grieta.org.mx\/index.php\/wp-json\/wp\/v2\/media\/21928"}],"wp:attachment":[{"href":"https:\/\/www.grieta.org.mx\/index.php\/wp-json\/wp\/v2\/media?parent=47144"}],"wp:term":[{"taxonomy":"category","embeddable":true,"href":"https:\/\/www.grieta.org.mx\/index.php\/wp-json\/wp\/v2\/categories?post=47144"},{"taxonomy":"post_tag","embeddable":true,"href":"https:\/\/www.grieta.org.mx\/index.php\/wp-json\/wp\/v2\/tags?post=47144"}],"curies":[{"name":"wp","href":"https:\/\/api.w.org\/{rel}","templated":true}]}}