{"id":47138,"date":"2020-03-31T20:56:22","date_gmt":"2020-04-01T02:56:22","guid":{"rendered":"http:\/\/www.grieta.org.mx\/?p=47138"},"modified":"2020-04-03T21:03:41","modified_gmt":"2020-04-04T03:03:41","slug":"muere-medico-del-imss-con-covid-19-en-zacatecas","status":"publish","type":"post","link":"https:\/\/www.grieta.org.mx\/index.php\/2020\/03\/31\/muere-medico-del-imss-con-covid-19-en-zacatecas\/","title":{"rendered":"Muere m\u00e9dico del IMSS con Covid-19 en Zacatecas"},"content":{"rendered":"<figure id=\"attachment_47139\" aria-describedby=\"caption-attachment-47139\" style=\"width: 800px\" class=\"wp-caption aligncenter\"><img loading=\"lazy\" decoding=\"async\" data-attachment-id=\"47139\" data-permalink=\"https:\/\/www.grieta.org.mx\/index.php\/2020\/03\/31\/muere-medico-del-imss-con-covid-19-en-zacatecas\/unidad_imss-482x220\/\" data-orig-file=\"https:\/\/www.grieta.org.mx\/wp-content\/uploads\/2020\/04\/UNIDAD_IMSS-482x220.jpg\" data-orig-size=\"482,220\" data-comments-opened=\"0\" data-image-meta=\"{&quot;aperture&quot;:&quot;0&quot;,&quot;credit&quot;:&quot;&quot;,&quot;camera&quot;:&quot;&quot;,&quot;caption&quot;:&quot;&quot;,&quot;created_timestamp&quot;:&quot;0&quot;,&quot;copyright&quot;:&quot;&quot;,&quot;focal_length&quot;:&quot;0&quot;,&quot;iso&quot;:&quot;0&quot;,&quot;shutter_speed&quot;:&quot;0&quot;,&quot;title&quot;:&quot;&quot;,&quot;orientation&quot;:&quot;0&quot;}\" data-image-title=\"UNIDAD_IMSS-482&amp;#215;220\" data-image-description=\"\" data-image-caption=\"&lt;p&gt;Foto: Tomada de Aristegui Noticias&lt;\/p&gt;\n\" data-medium-file=\"https:\/\/www.grieta.org.mx\/wp-content\/uploads\/2020\/04\/UNIDAD_IMSS-482x220-300x137.jpg\" data-large-file=\"https:\/\/www.grieta.org.mx\/wp-content\/uploads\/2020\/04\/UNIDAD_IMSS-482x220.jpg\" class=\"wp-image-47139\" src=\"http:\/\/www.grieta.org.mx\/wp-content\/uploads\/2020\/04\/UNIDAD_IMSS-482x220.jpg\" alt=\"\" width=\"800\" height=\"365\" srcset=\"https:\/\/www.grieta.org.mx\/wp-content\/uploads\/2020\/04\/UNIDAD_IMSS-482x220.jpg 482w, https:\/\/www.grieta.org.mx\/wp-content\/uploads\/2020\/04\/UNIDAD_IMSS-482x220-300x137.jpg 300w\" sizes=\"auto, (max-width: 800px) 100vw, 800px\" \/><figcaption id=\"caption-attachment-47139\" class=\"wp-caption-text\">Foto: Tomada de Aristegui Noticias<\/figcaption><\/figure>\n<p>Redacci\u00f3n \/ Aristegui Noticias, 31 de marzo de 2020<br \/>\nEl Instituto Mexicano del Seguro Social (IMSS) lament\u00f3 el \u201clamentable fallecimiento del m\u00e9dico familiar \u201cRJRM\u201d, de 38 a\u00f1os de edad, que laboraba en la Unidad de Medicina Familiar (UMF) No. 57, de Zacatecas, ocurrido la noche de este lunes 30 de marzo en el Hospital General de Zona (HGZ) No. 1, de la capital del estado\u201d.<\/p>\n<p>La dependencia precis\u00f3 que \u201cla Unidad de Medicina Familiar No 57, donde laboraba, no ha tratado hasta esta fecha pacientes por COVID-19\u201d.<\/p>\n<p>\u201cEn seguimiento a los protocolos establecidos para la atenci\u00f3n de esta pandemia, sus contactos directos se encontraron en observaci\u00f3n domiciliaria durante las dos semanas siguientes\u201d, indic\u00f3.<\/p>\n<p>\u201cNos unimos a la pena que embarga a familiares, amigos y compa\u00f1eros de este profesional de la salud de Zacatecas\u201d, manifest\u00f3 el instituto.<\/p>\n<p>Previamente, en un comunicado, el gobierno de Zacatecas tambi\u00e9n lament\u00f3 la p\u00e9rdida e indic\u00f3 que se trataba del primer paciente diagnosticado positivo de Covid-19 en la entidad.<\/p>\n<p>El hombre \u201cse encontraba hospitalizado desde el 18 de marzo, en el hospital n\u00famero 1 del IMSS, ubicado en la capital del estado. Su cuadro sintom\u00e1tico se complic\u00f3 debido a padecimientos asociados como la diabetes\u201d.<\/p>\n<p><a href=\"https:\/\/m.aristeguinoticias.com\/3103\/mexico\/muere-medico-del-imss-con-covid-19-en-zacatecas\/\">https:\/\/m.aristeguinoticias.com\/3103\/mexico\/muere-medico-del-imss-con-covid-19-en-zacatecas\/<\/a><\/p>\n","protected":false},"excerpt":{"rendered":"<p>Redacci\u00f3n \/ Aristegui Noticias, 31 de marzo de 2020 El Instituto Mexicano del Seguro Social (IMSS) lament\u00f3 el \u201clamentable fallecimiento del m\u00e9dico familiar \u201cRJRM\u201d, de 38 a\u00f1os de edad, que &hellip; <a href=\"https:\/\/www.grieta.org.mx\/index.php\/2020\/03\/31\/muere-medico-del-imss-con-covid-19-en-zacatecas\/\" class=\"more-link\">Leer m\u00e1s<\/a><\/p>\n","protected":false},"author":2,"featured_media":47139,"comment_status":"closed","ping_status":"closed","sticky":false,"template":"","format":"standard","meta":{"ngg_post_thumbnail":0,"_jetpack_newsletter_access":"","_jetpack_dont_email_post_to_subs":false,"_jetpack_newsletter_tier_id":0,"_jetpack_memberships_contains_paywalled_content":false,"_jetpack_memberships_contains_paid_content":false,"footnotes":""},"categories":[80,1562,2312,3249,3250,76],"tags":[3241,2367],"class_list":["post-47138","post","type-post","status-publish","format-standard","has-post-thumbnail","hentry","category-cintillo","category-conflictos-de-trabajadores-del-estado-en-zacatecas","category-conflictos-laborales-del-sector-salud-en-zacatecas","category-covid-19-en-zacatecas","category-crisis-en-el-sector-salud-en-zacatedas","category-zacatecas","tag-covid-19","tag-crisis-en-el-sector-salud","entry"],"jetpack_featured_media_url":"https:\/\/www.grieta.org.mx\/wp-content\/uploads\/2020\/04\/UNIDAD_IMSS-482x220.jpg","jetpack_sharing_enabled":true,"jetpack_shortlink":"https:\/\/wp.me\/p7ZJR4-cgi","jetpack_likes_enabled":false,"jetpack-related-posts":[{"id":52681,"url":"https:\/\/www.grieta.org.mx\/index.php\/2020\/08\/07\/protestan-contra-despido-de-medico-del-imss-zacatecas\/","url_meta":{"origin":47138,"position":0},"title":"Protestan contra despido de m\u00e9dico del IMSS (Zacatecas)","author":"grieta","date":"7 agosto, 2020","format":false,"excerpt":"Zacatecasonline, 07 de Agosto de 2020 Zacatecas, Zac.- Luego de dar una conferencia de prensa en la que el neurocirujano Armando Rosales Torres anunci\u00f3 que presentar\u00e1 una demanda por despido injustificado, se realiz\u00f3 una manifestaci\u00f3n pac\u00edfica en la avenida Gonz\u00e1lez Ortega con apoyo de miembros de sindicatos que lo apoyan.\u2026","rel":"","context":"En &quot;CINTILLO&quot;","block_context":{"text":"CINTILLO","link":"https:\/\/www.grieta.org.mx\/index.php\/category\/cintillo\/"},"img":{"alt_text":"","src":"https:\/\/i0.wp.com\/www.grieta.org.mx\/wp-content\/uploads\/2018\/03\/14524434_1106112876131411_958039263622046936_o.jpg?resize=350%2C200&ssl=1","width":350,"height":200,"srcset":"https:\/\/i0.wp.com\/www.grieta.org.mx\/wp-content\/uploads\/2018\/03\/14524434_1106112876131411_958039263622046936_o.jpg?resize=350%2C200&ssl=1 1x, https:\/\/i0.wp.com\/www.grieta.org.mx\/wp-content\/uploads\/2018\/03\/14524434_1106112876131411_958039263622046936_o.jpg?resize=525%2C300&ssl=1 1.5x, https:\/\/i0.wp.com\/www.grieta.org.mx\/wp-content\/uploads\/2018\/03\/14524434_1106112876131411_958039263622046936_o.jpg?resize=700%2C400&ssl=1 2x"},"classes":[]},{"id":49462,"url":"https:\/\/www.grieta.org.mx\/index.php\/2020\/05\/12\/personal-del-imss-zacatecas-protesta-en-demanda-de-material-para-covid-19\/","url_meta":{"origin":47138,"position":1},"title":"Personal del IMSS Zacatecas protesta en demanda de material para COVID-19","author":"grieta","date":"12 mayo, 2020","format":false,"excerpt":"M\u00e9dicos y enfermeras del Hospital General No.1 del Instituto Mexicano del Seguro Social (IMSS) en Zacatecas se manifestaron este martes para denunciar que a\u00fan no reciben el material necesario para atender a pacientes con el nuevo coronavirus COVID-19. Omar Hern\u00e1ndez \/ unoTV, 12 de mayo de 2020. \u00a0 El hospital\u2026","rel":"","context":"En &quot;CINTILLO&quot;","block_context":{"text":"CINTILLO","link":"https:\/\/www.grieta.org.mx\/index.php\/category\/cintillo\/"},"img":{"alt_text":"","src":"https:\/\/i0.wp.com\/www.grieta.org.mx\/wp-content\/uploads\/2020\/05\/226617-Principal.jpg?resize=350%2C200&ssl=1","width":350,"height":200,"srcset":"https:\/\/i0.wp.com\/www.grieta.org.mx\/wp-content\/uploads\/2020\/05\/226617-Principal.jpg?resize=350%2C200&ssl=1 1x, https:\/\/i0.wp.com\/www.grieta.org.mx\/wp-content\/uploads\/2020\/05\/226617-Principal.jpg?resize=525%2C300&ssl=1 1.5x, https:\/\/i0.wp.com\/www.grieta.org.mx\/wp-content\/uploads\/2020\/05\/226617-Principal.jpg?resize=700%2C400&ssl=1 2x"},"classes":[]},{"id":51842,"url":"https:\/\/www.grieta.org.mx\/index.php\/2020\/07\/01\/medico-del-imss-acusa-que-sin-proteccion-en-zacatecas-se-atienden-casos-de-coronavirus\/","url_meta":{"origin":47138,"position":2},"title":"M\u00e9dico del IMSS acusa que sin protecci\u00f3n, en Zacatecas se atienden casos de coronavirus","author":"grieta","date":"1 julio, 2020","format":false,"excerpt":"Armando Rosales, neurocirujano del Hospital General Zona 1 de Zacatecas, realiz\u00f3 una protesta virtual para se\u00f1alar las carencias que enfrentan al atender pacientes durante la pandemia. Blanca Valadez \/ Milenio, 01 de julio de 2020 Ciudad de M\u00e9xico \/ Un neurocirujano del Hospital General Zona 1, del IMSS Zacatecas, exigi\u00f3\u2026","rel":"","context":"En &quot;CINTILLO&quot;","block_context":{"text":"CINTILLO","link":"https:\/\/www.grieta.org.mx\/index.php\/category\/cintillo\/"},"img":{"alt_text":"","src":"https:\/\/i0.wp.com\/www.grieta.org.mx\/wp-content\/uploads\/2020\/07\/aspectos-personal-medico-atiende-pacientes_0_1_1200_746.jpg?resize=350%2C200&ssl=1","width":350,"height":200,"srcset":"https:\/\/i0.wp.com\/www.grieta.org.mx\/wp-content\/uploads\/2020\/07\/aspectos-personal-medico-atiende-pacientes_0_1_1200_746.jpg?resize=350%2C200&ssl=1 1x, https:\/\/i0.wp.com\/www.grieta.org.mx\/wp-content\/uploads\/2020\/07\/aspectos-personal-medico-atiende-pacientes_0_1_1200_746.jpg?resize=525%2C300&ssl=1 1.5x, https:\/\/i0.wp.com\/www.grieta.org.mx\/wp-content\/uploads\/2020\/07\/aspectos-personal-medico-atiende-pacientes_0_1_1200_746.jpg?resize=700%2C400&ssl=1 2x"},"classes":[]},{"id":48223,"url":"https:\/\/www.grieta.org.mx\/index.php\/2020\/04\/24\/personal-medico-protesta-frente-a-palacio-de-gobierno-en-zacatecas\/","url_meta":{"origin":47138,"position":3},"title":"Personal m\u00e9dico protesta frente a palacio de gobierno en Zacatecas","author":"grieta","date":"24 abril, 2020","format":false,"excerpt":"El personal m\u00e9dico exige una mejora salarial e insumos apropiados para enfrentar los casos de coronavirus dentro de los hospitales del estado. Manuel Chac\u00f3n Zacatecas \/ 24.04.2020 17:50:40 Un grupo de trabajadores, personal m\u00e9dico y enfermeras de los Hospitales Generales de Zona de Fresnillo y Zacatecas, protestaron frente a las\u2026","rel":"","context":"En &quot;CINTILLO&quot;","block_context":{"text":"CINTILLO","link":"https:\/\/www.grieta.org.mx\/index.php\/category\/cintillo\/"},"img":{"alt_text":"","src":"https:\/\/i0.wp.com\/www.grieta.org.mx\/wp-content\/uploads\/2020\/04\/enfermeras-exigen-aumento-salarial-manuel.jpeg?resize=350%2C200&ssl=1","width":350,"height":200,"srcset":"https:\/\/i0.wp.com\/www.grieta.org.mx\/wp-content\/uploads\/2020\/04\/enfermeras-exigen-aumento-salarial-manuel.jpeg?resize=350%2C200&ssl=1 1x, https:\/\/i0.wp.com\/www.grieta.org.mx\/wp-content\/uploads\/2020\/04\/enfermeras-exigen-aumento-salarial-manuel.jpeg?resize=525%2C300&ssl=1 1.5x, https:\/\/i0.wp.com\/www.grieta.org.mx\/wp-content\/uploads\/2020\/04\/enfermeras-exigen-aumento-salarial-manuel.jpeg?resize=700%2C400&ssl=1 2x"},"classes":[]},{"id":49459,"url":"https:\/\/www.grieta.org.mx\/index.php\/2020\/05\/17\/al-imss-nuestra-vida-le-vale-madres-medico-zacatecas\/","url_meta":{"origin":47138,"position":4},"title":"Al IMSS nuestra vida le vale madres, m\u00e9dico (Zacatecas)","author":"grieta","date":"17 mayo, 2020","format":false,"excerpt":"Un m\u00e9dico del Hospital General de Zona 1 de Zacatecas exhibi\u00f3 el equipo de protecci\u00f3n insuficiente y de mala calidad Peri\u00f3dico Z\u00f3calo Por Agencia Reforma, 15 de mayo de 2020 Ciudad de M\u00e9xico.- Un m\u00e9dico del Hospital General de Zona 1 de Zacatecas exhibi\u00f3 el equipo de protecci\u00f3n insuficiente y\u2026","rel":"","context":"En &quot;CINTILLO&quot;","block_context":{"text":"CINTILLO","link":"https:\/\/www.grieta.org.mx\/index.php\/category\/cintillo\/"},"img":{"alt_text":"","src":"https:\/\/i0.wp.com\/www.grieta.org.mx\/wp-content\/uploads\/2020\/05\/https-_www.zocalo.com_.mx_images_sized_images_uploads_articles_doc-1589601723-621x354.jpg?resize=350%2C200&ssl=1","width":350,"height":200,"srcset":"https:\/\/i0.wp.com\/www.grieta.org.mx\/wp-content\/uploads\/2020\/05\/https-_www.zocalo.com_.mx_images_sized_images_uploads_articles_doc-1589601723-621x354.jpg?resize=350%2C200&ssl=1 1x, https:\/\/i0.wp.com\/www.grieta.org.mx\/wp-content\/uploads\/2020\/05\/https-_www.zocalo.com_.mx_images_sized_images_uploads_articles_doc-1589601723-621x354.jpg?resize=525%2C300&ssl=1 1.5x"},"classes":[]},{"id":47240,"url":"https:\/\/www.grieta.org.mx\/index.php\/2020\/04\/04\/personal-del-imss-de-zacatecas-se-manifiesta-contra-delegada\/","url_meta":{"origin":47138,"position":5},"title":"Personal del IMSS de Zacatecas se manifiesta contra delegada","author":"grieta","date":"4 abril, 2020","format":false,"excerpt":"Aseguran que no hay liderazgo en el hospital para tomar medidas que protejan tanto al personal como a los pacientes del posible contagio de coronavirus. Redacci\u00f3n \/ Zacatecas en Imagen, 04 de abril de 2020 Zacatecas.- Personal m\u00e9dico del Hospital General de Zona 1 Dr. Emilio Varela Luj\u00e1n se manifest\u00f3\u2026","rel":"","context":"En &quot;CINTILLO&quot;","block_context":{"text":"CINTILLO","link":"https:\/\/www.grieta.org.mx\/index.php\/category\/cintillo\/"},"img":{"alt_text":"","src":"https:\/\/i0.wp.com\/www.grieta.org.mx\/wp-content\/uploads\/2020\/04\/https-_imagenzac.com_.mx_wp-content_uploads_2020_03_3-6.jpg?resize=350%2C200&ssl=1","width":350,"height":200,"srcset":"https:\/\/i0.wp.com\/www.grieta.org.mx\/wp-content\/uploads\/2020\/04\/https-_imagenzac.com_.mx_wp-content_uploads_2020_03_3-6.jpg?resize=350%2C200&ssl=1 1x, https:\/\/i0.wp.com\/www.grieta.org.mx\/wp-content\/uploads\/2020\/04\/https-_imagenzac.com_.mx_wp-content_uploads_2020_03_3-6.jpg?resize=525%2C300&ssl=1 1.5x, https:\/\/i0.wp.com\/www.grieta.org.mx\/wp-content\/uploads\/2020\/04\/https-_imagenzac.com_.mx_wp-content_uploads_2020_03_3-6.jpg?resize=700%2C400&ssl=1 2x, https:\/\/i0.wp.com\/www.grieta.org.mx\/wp-content\/uploads\/2020\/04\/https-_imagenzac.com_.mx_wp-content_uploads_2020_03_3-6.jpg?resize=1050%2C600&ssl=1 3x"},"classes":[]}],"_links":{"self":[{"href":"https:\/\/www.grieta.org.mx\/index.php\/wp-json\/wp\/v2\/posts\/47138","targetHints":{"allow":["GET"]}}],"collection":[{"href":"https:\/\/www.grieta.org.mx\/index.php\/wp-json\/wp\/v2\/posts"}],"about":[{"href":"https:\/\/www.grieta.org.mx\/index.php\/wp-json\/wp\/v2\/types\/post"}],"author":[{"embeddable":true,"href":"https:\/\/www.grieta.org.mx\/index.php\/wp-json\/wp\/v2\/users\/2"}],"replies":[{"embeddable":true,"href":"https:\/\/www.grieta.org.mx\/index.php\/wp-json\/wp\/v2\/comments?post=47138"}],"version-history":[{"count":1,"href":"https:\/\/www.grieta.org.mx\/index.php\/wp-json\/wp\/v2\/posts\/47138\/revisions"}],"predecessor-version":[{"id":47140,"href":"https:\/\/www.grieta.org.mx\/index.php\/wp-json\/wp\/v2\/posts\/47138\/revisions\/47140"}],"wp:featuredmedia":[{"embeddable":true,"href":"https:\/\/www.grieta.org.mx\/index.php\/wp-json\/wp\/v2\/media\/47139"}],"wp:attachment":[{"href":"https:\/\/www.grieta.org.mx\/index.php\/wp-json\/wp\/v2\/media?parent=47138"}],"wp:term":[{"taxonomy":"category","embeddable":true,"href":"https:\/\/www.grieta.org.mx\/index.php\/wp-json\/wp\/v2\/categories?post=47138"},{"taxonomy":"post_tag","embeddable":true,"href":"https:\/\/www.grieta.org.mx\/index.php\/wp-json\/wp\/v2\/tags?post=47138"}],"curies":[{"name":"wp","href":"https:\/\/api.w.org\/{rel}","templated":true}]}}