{"id":47122,"date":"2020-03-31T12:30:04","date_gmt":"2020-03-31T18:30:04","guid":{"rendered":"http:\/\/www.grieta.org.mx\/?p=47122"},"modified":"2020-04-03T12:38:43","modified_gmt":"2020-04-03T18:38:43","slug":"se-ensanan-con-costo-del-huevo-en-san-luis-potosi","status":"publish","type":"post","link":"https:\/\/www.grieta.org.mx\/index.php\/2020\/03\/31\/se-ensanan-con-costo-del-huevo-en-san-luis-potosi\/","title":{"rendered":"Se ensa\u00f1an con costo del huevo en San Luis Potos\u00ed"},"content":{"rendered":"<p>Redacci\u00f3n\/Quadrat\u00edn SLP<br \/>\n31 marzo 2020<\/p>\n<p><img loading=\"lazy\" decoding=\"async\" data-attachment-id=\"47123\" data-permalink=\"https:\/\/www.grieta.org.mx\/index.php\/2020\/03\/31\/se-ensanan-con-costo-del-huevo-en-san-luis-potosi\/whatsapp-image-2020-03-29-at-3-22-47-pm-1160x700-1\/\" data-orig-file=\"https:\/\/www.grieta.org.mx\/wp-content\/uploads\/2020\/04\/WhatsApp-Image-2020-03-29-at-3.22.47-PM-1160x700-1.jpeg\" data-orig-size=\"1160,700\" data-comments-opened=\"0\" data-image-meta=\"{&quot;aperture&quot;:&quot;0&quot;,&quot;credit&quot;:&quot;&quot;,&quot;camera&quot;:&quot;&quot;,&quot;caption&quot;:&quot;&quot;,&quot;created_timestamp&quot;:&quot;0&quot;,&quot;copyright&quot;:&quot;&quot;,&quot;focal_length&quot;:&quot;0&quot;,&quot;iso&quot;:&quot;0&quot;,&quot;shutter_speed&quot;:&quot;0&quot;,&quot;title&quot;:&quot;&quot;,&quot;orientation&quot;:&quot;0&quot;}\" data-image-title=\"WhatsApp-Image-2020-03-29-at-3.22.47-PM-1160&amp;#215;700-1\" data-image-description=\"\" data-image-caption=\"\" data-medium-file=\"https:\/\/www.grieta.org.mx\/wp-content\/uploads\/2020\/04\/WhatsApp-Image-2020-03-29-at-3.22.47-PM-1160x700-1-300x181.jpeg\" data-large-file=\"https:\/\/www.grieta.org.mx\/wp-content\/uploads\/2020\/04\/WhatsApp-Image-2020-03-29-at-3.22.47-PM-1160x700-1-1024x618.jpeg\" src=\"http:\/\/www.grieta.org.mx\/wp-content\/uploads\/2020\/04\/WhatsApp-Image-2020-03-29-at-3.22.47-PM-1160x700-1.jpeg\" alt=\"\" width=\"1160\" height=\"700\" class=\"aligncenter size-full wp-image-47123\" srcset=\"https:\/\/www.grieta.org.mx\/wp-content\/uploads\/2020\/04\/WhatsApp-Image-2020-03-29-at-3.22.47-PM-1160x700-1.jpeg 1160w, https:\/\/www.grieta.org.mx\/wp-content\/uploads\/2020\/04\/WhatsApp-Image-2020-03-29-at-3.22.47-PM-1160x700-1-300x181.jpeg 300w, https:\/\/www.grieta.org.mx\/wp-content\/uploads\/2020\/04\/WhatsApp-Image-2020-03-29-at-3.22.47-PM-1160x700-1-768x463.jpeg 768w, https:\/\/www.grieta.org.mx\/wp-content\/uploads\/2020\/04\/WhatsApp-Image-2020-03-29-at-3.22.47-PM-1160x700-1-1024x618.jpeg 1024w, https:\/\/www.grieta.org.mx\/wp-content\/uploads\/2020\/04\/WhatsApp-Image-2020-03-29-at-3.22.47-PM-1160x700-1-829x500.jpeg 829w\" sizes=\"auto, (max-width: 1160px) 100vw, 1160px\" \/><\/p>\n<p>SAN LUIS POTOS\u00cd, SLP., 31 de marzo 2020.- Adem\u00e1s de escaso, el huevo es el producto de primera necesidad que se ha encarecido m\u00e1s de la cuenta en San Luis Potos\u00ed con la contingencia del coronavirus Covid 19, sin que hasta el momento se vea una acci\u00f3n clara de la Profeco para impedirlo.<\/p>\n<p>En Walmart el precio era hasta el domingo de 73.50 pesos las 30 piezas, en HEB lleg\u00f3 hasta los 72 y en un anuncio limitaba la compra a solo dos paquetes por persona.<\/p>\n<p>El se\u00f1or F\u00e9lix Saucedo locatario del mercado Rep\u00fablica, se\u00f1al\u00f3 que tiene que hacer fila desde las 6 de la ma\u00f1ana en el Centro de Abastos. Dijo que de 20 cajas que surt\u00eda anteriormente, ahora s\u00f3lo les est\u00e1n vendiendo tres porque le comentan que no hay suficiente.<\/p>\n<p><a href=\"https:\/\/www.quadratin.com.mx\/economia\/se-ensanan-con-costo-del-huevo-en-san-luis-potosi\/\" rel=\"noopener noreferrer\" target=\"_blank\">https:\/\/www.quadratin.com.mx\/economia\/se-ensanan-con-costo-del-huevo-en-san-luis-potosi\/<\/a><\/p>\n","protected":false},"excerpt":{"rendered":"<p>Redacci\u00f3n\/Quadrat\u00edn SLP 31 marzo 2020 SAN LUIS POTOS\u00cd, SLP., 31 de marzo 2020.- Adem\u00e1s de escaso, el huevo es el producto de primera necesidad que se ha encarecido m\u00e1s de &hellip; <a href=\"https:\/\/www.grieta.org.mx\/index.php\/2020\/03\/31\/se-ensanan-con-costo-del-huevo-en-san-luis-potosi\/\" class=\"more-link\">Leer m\u00e1s<\/a><\/p>\n","protected":false},"author":2,"featured_media":47123,"comment_status":"closed","ping_status":"closed","sticky":false,"template":"","format":"standard","meta":{"ngg_post_thumbnail":0,"_jetpack_newsletter_access":"","_jetpack_dont_email_post_to_subs":false,"_jetpack_newsletter_tier_id":0,"_jetpack_memberships_contains_paywalled_content":false,"_jetpack_memberships_contains_paid_content":false,"footnotes":""},"categories":[80,2,2961,29],"tags":[3241,3021,2962],"class_list":["post-47122","post","type-post","status-publish","format-standard","has-post-thumbnail","hentry","category-cintillo","category-noticias-nacionales","category-precarizacion-de-las-condiciones-de-vida-en-san-luis-potosi","category-san-luis-potosi","tag-covid-19","tag-encarecimiento-de-alimentos","tag-precarizacion-de-la-vida","entry"],"jetpack_featured_media_url":"https:\/\/www.grieta.org.mx\/wp-content\/uploads\/2020\/04\/WhatsApp-Image-2020-03-29-at-3.22.47-PM-1160x700-1.jpeg","jetpack_sharing_enabled":true,"jetpack_shortlink":"https:\/\/wp.me\/p7ZJR4-cg2","jetpack_likes_enabled":false,"jetpack-related-posts":[{"id":17580,"url":"https:\/\/www.grieta.org.mx\/index.php\/2016\/07\/22\/movilizaciones-del-sector-salud-en-san-luis-potosi\/","url_meta":{"origin":47122,"position":0},"title":"Movilizaciones del sector salud en San Luis Potos\u00ed","author":"grieta","date":"22 julio, 2016","format":false,"excerpt":"30\/06\/16. Exigen m\u00e9dicos mejores condiciones en el Sector Salud en SLPLa Jornada San Luis 30\/06\/16. Opositores a las reformas se unen en una manifestaci\u00f3n en SLPLa Jornada San Luis","rel":"","context":"En &quot;San Luis Potos\u00ed&quot;","block_context":{"text":"San Luis Potos\u00ed","link":"https:\/\/www.grieta.org.mx\/index.php\/category\/noticias-nacionales\/san-luis-potosi\/"},"img":{"alt_text":"","src":"https:\/\/i0.wp.com\/www.grieta.org.mx\/wp-content\/uploads\/2018\/03\/14524434_1106112876131411_958039263622046936_o.jpg?resize=350%2C200&ssl=1","width":350,"height":200,"srcset":"https:\/\/i0.wp.com\/www.grieta.org.mx\/wp-content\/uploads\/2018\/03\/14524434_1106112876131411_958039263622046936_o.jpg?resize=350%2C200&ssl=1 1x, https:\/\/i0.wp.com\/www.grieta.org.mx\/wp-content\/uploads\/2018\/03\/14524434_1106112876131411_958039263622046936_o.jpg?resize=525%2C300&ssl=1 1.5x, https:\/\/i0.wp.com\/www.grieta.org.mx\/wp-content\/uploads\/2018\/03\/14524434_1106112876131411_958039263622046936_o.jpg?resize=700%2C400&ssl=1 2x"},"classes":[]},{"id":15060,"url":"https:\/\/www.grieta.org.mx\/index.php\/2016\/08\/09\/movilizaciones-contra-la-reforma-educativa-en-san-luis-potosi\/","url_meta":{"origin":47122,"position":1},"title":"Movilizaciones contra la reforma educativa en San Luis Potos\u00ed","author":"grieta","date":"9 agosto, 2016","format":false,"excerpt":"04\/08\/16. Se agrupan maestros de SNTE y CNTE contra reforma educativa en SLPLa Jornada San Luis 22\/07\/16. Maestros se vuelven a manifestar en SLPEl Sol de San Luis 21\/07\/16. CNTE en SLP entrega pliego petitorio en Congreso local de SLPQuadratin 13\/07\/16. Marchan maestros en San Luis Potos\u00ed contra la reforma\u2026","rel":"","context":"En &quot;San Luis Potos\u00ed&quot;","block_context":{"text":"San Luis Potos\u00ed","link":"https:\/\/www.grieta.org.mx\/index.php\/category\/noticias-nacionales\/san-luis-potosi\/"},"img":{"alt_text":"","src":"https:\/\/i0.wp.com\/www.grieta.org.mx\/wp-content\/uploads\/2018\/03\/14524434_1106112876131411_958039263622046936_o.jpg?resize=350%2C200&ssl=1","width":350,"height":200,"srcset":"https:\/\/i0.wp.com\/www.grieta.org.mx\/wp-content\/uploads\/2018\/03\/14524434_1106112876131411_958039263622046936_o.jpg?resize=350%2C200&ssl=1 1x, https:\/\/i0.wp.com\/www.grieta.org.mx\/wp-content\/uploads\/2018\/03\/14524434_1106112876131411_958039263622046936_o.jpg?resize=525%2C300&ssl=1 1.5x, https:\/\/i0.wp.com\/www.grieta.org.mx\/wp-content\/uploads\/2018\/03\/14524434_1106112876131411_958039263622046936_o.jpg?resize=700%2C400&ssl=1 2x"},"classes":[]},{"id":8751,"url":"https:\/\/www.grieta.org.mx\/index.php\/2016\/08\/10\/feminicidios-en-san-luis-potosi\/","url_meta":{"origin":47122,"position":2},"title":"Feminicidios en San Luis Potos\u00ed","author":"grieta","date":"10 agosto, 2016","format":false,"excerpt":"09\/08\/16. Inmujeres y asociaciones critican fallida estrategia contra la violencia de g\u00e9nero en SLPLa Jornada San Luis 20\/06\/16. Violencia contra la mujer en SLPPlano Informativo 10\/05\/16. En San Luis Potos\u00ed. 171 feminicidios en 5 a\u00f1osAstrolabio 18\/01\/16. Feminicidio en Alaquines Plano Informativo 13\/11\/15. Feminicidios en SLP: Ausencia de protocolos, casos olvidados,\u2026","rel":"","context":"En &quot;Feminicidios&quot;","block_context":{"text":"Feminicidios","link":"https:\/\/www.grieta.org.mx\/index.php\/category\/temas-nacionales\/feminicidios\/"},"img":{"alt_text":"","src":"https:\/\/i0.wp.com\/www.grieta.org.mx\/wp-content\/uploads\/2018\/03\/14524434_1106112876131411_958039263622046936_o.jpg?resize=350%2C200&ssl=1","width":350,"height":200,"srcset":"https:\/\/i0.wp.com\/www.grieta.org.mx\/wp-content\/uploads\/2018\/03\/14524434_1106112876131411_958039263622046936_o.jpg?resize=350%2C200&ssl=1 1x, https:\/\/i0.wp.com\/www.grieta.org.mx\/wp-content\/uploads\/2018\/03\/14524434_1106112876131411_958039263622046936_o.jpg?resize=525%2C300&ssl=1 1.5x, https:\/\/i0.wp.com\/www.grieta.org.mx\/wp-content\/uploads\/2018\/03\/14524434_1106112876131411_958039263622046936_o.jpg?resize=700%2C400&ssl=1 2x"},"classes":[]},{"id":54397,"url":"https:\/\/www.grieta.org.mx\/index.php\/2020\/08\/30\/buscan-a-250-desaparecidos-en-slp\/","url_meta":{"origin":47122,"position":3},"title":"Buscan a 250 desaparecidos en SLP","author":"grieta","date":"30 agosto, 2020","format":false,"excerpt":"Ruth Berrones\/Quadrat\u00edn SLP 30 agosto 2020 SAN LUIS POTOS\u00cd, SLP., 30 de agosto 2020.- Este domingo en el D\u00eda Internacional de las V\u00edctimas de Desaparici\u00f3n Forzada, familiares de personas desaparecidas realizaron una marcha para solicitar a las autoridades que se localicen a sus familiares. Edith P\u00e9rez Rodr\u00edguez, de la asociaci\u00f3n\u2026","rel":"","context":"En &quot;CINTILLO&quot;","block_context":{"text":"CINTILLO","link":"https:\/\/www.grieta.org.mx\/index.php\/category\/cintillo\/"},"img":{"alt_text":"","src":"https:\/\/i0.wp.com\/www.grieta.org.mx\/wp-content\/uploads\/2020\/10\/WhatsApp-Image-2020-08-30-at-4.36.21-PM-1160x700-1.jpeg?resize=350%2C200&ssl=1","width":350,"height":200,"srcset":"https:\/\/i0.wp.com\/www.grieta.org.mx\/wp-content\/uploads\/2020\/10\/WhatsApp-Image-2020-08-30-at-4.36.21-PM-1160x700-1.jpeg?resize=350%2C200&ssl=1 1x, https:\/\/i0.wp.com\/www.grieta.org.mx\/wp-content\/uploads\/2020\/10\/WhatsApp-Image-2020-08-30-at-4.36.21-PM-1160x700-1.jpeg?resize=525%2C300&ssl=1 1.5x, https:\/\/i0.wp.com\/www.grieta.org.mx\/wp-content\/uploads\/2020\/10\/WhatsApp-Image-2020-08-30-at-4.36.21-PM-1160x700-1.jpeg?resize=700%2C400&ssl=1 2x, https:\/\/i0.wp.com\/www.grieta.org.mx\/wp-content\/uploads\/2020\/10\/WhatsApp-Image-2020-08-30-at-4.36.21-PM-1160x700-1.jpeg?resize=1050%2C600&ssl=1 3x"},"classes":[]},{"id":48973,"url":"https:\/\/www.grieta.org.mx\/index.php\/2020\/04\/17\/vendedores-del-tianguis-de-las-vias-bloquean-avenida-salvador-nava-slp\/","url_meta":{"origin":47122,"position":4},"title":"Vendedores del tianguis de Las V\u00edas bloquean avenida Salvador Nava (SLP)","author":"grieta","date":"17 abril, 2020","format":false,"excerpt":"Fabiola Ju\u00e1rez\/El Universal San Luis Potos\u00ed 17 abril 2020 Un grupo de comerciantes del tianguis Las V\u00edas bloque\u00f3 el paso vehicular de Salvador Nava, a la altura de la Unidad Administrativa Municipal, para exigir al ayuntamiento la entrega de apoyo por la contingencia sanitaria. La manifestaci\u00f3n inici\u00f3 alrededor de las\u2026","rel":"","context":"En &quot;CINTILLO&quot;","block_context":{"text":"CINTILLO","link":"https:\/\/www.grieta.org.mx\/index.php\/category\/cintillo\/"},"img":{"alt_text":"","src":"https:\/\/i0.wp.com\/www.grieta.org.mx\/wp-content\/uploads\/2020\/05\/tianguistas.png?resize=350%2C200&ssl=1","width":350,"height":200,"srcset":"https:\/\/i0.wp.com\/www.grieta.org.mx\/wp-content\/uploads\/2020\/05\/tianguistas.png?resize=350%2C200&ssl=1 1x, https:\/\/i0.wp.com\/www.grieta.org.mx\/wp-content\/uploads\/2020\/05\/tianguistas.png?resize=525%2C300&ssl=1 1.5x"},"classes":[]},{"id":29539,"url":"https:\/\/www.grieta.org.mx\/index.php\/2019\/02\/24\/slp-podria-ser-lugar-de-origen-de-personas-en-situacion-de-trata-experta-san-luis-potosi\/","url_meta":{"origin":47122,"position":5},"title":"SLP podr\u00eda ser lugar de origen de personas en situaci\u00f3n de trata: Experta (San Luis Potos\u00ed)","author":"grieta","date":"24 febrero, 2019","format":false,"excerpt":"Roberto Mart\u00ednez \/ Global Media Se\u00f1al\u00f3 que en San Luis Potos\u00ed en 10 a\u00f1os, se han consignado solamente 3 casos de trata de personas La trata de personas ha sido un problema que no se le ha dado la importancia suficiente ni se ha logrado relacionar con la desaparici\u00f3n de\u2026","rel":"","context":"En &quot;CINTILLO&quot;","block_context":{"text":"CINTILLO","link":"https:\/\/www.grieta.org.mx\/index.php\/category\/cintillo\/"},"img":{"alt_text":"","src":"https:\/\/i0.wp.com\/www.grieta.org.mx\/wp-content\/uploads\/2019\/02\/SLP-podr%C3%ADa-ser-lugar-de-origen-de-personas-en-situaci%C3%B3n-de-trata-Experta-slp-feb.jpg?resize=350%2C200&ssl=1","width":350,"height":200,"srcset":"https:\/\/i0.wp.com\/www.grieta.org.mx\/wp-content\/uploads\/2019\/02\/SLP-podr%C3%ADa-ser-lugar-de-origen-de-personas-en-situaci%C3%B3n-de-trata-Experta-slp-feb.jpg?resize=350%2C200&ssl=1 1x, https:\/\/i0.wp.com\/www.grieta.org.mx\/wp-content\/uploads\/2019\/02\/SLP-podr%C3%ADa-ser-lugar-de-origen-de-personas-en-situaci%C3%B3n-de-trata-Experta-slp-feb.jpg?resize=525%2C300&ssl=1 1.5x"},"classes":[]}],"_links":{"self":[{"href":"https:\/\/www.grieta.org.mx\/index.php\/wp-json\/wp\/v2\/posts\/47122","targetHints":{"allow":["GET"]}}],"collection":[{"href":"https:\/\/www.grieta.org.mx\/index.php\/wp-json\/wp\/v2\/posts"}],"about":[{"href":"https:\/\/www.grieta.org.mx\/index.php\/wp-json\/wp\/v2\/types\/post"}],"author":[{"embeddable":true,"href":"https:\/\/www.grieta.org.mx\/index.php\/wp-json\/wp\/v2\/users\/2"}],"replies":[{"embeddable":true,"href":"https:\/\/www.grieta.org.mx\/index.php\/wp-json\/wp\/v2\/comments?post=47122"}],"version-history":[{"count":1,"href":"https:\/\/www.grieta.org.mx\/index.php\/wp-json\/wp\/v2\/posts\/47122\/revisions"}],"predecessor-version":[{"id":47124,"href":"https:\/\/www.grieta.org.mx\/index.php\/wp-json\/wp\/v2\/posts\/47122\/revisions\/47124"}],"wp:featuredmedia":[{"embeddable":true,"href":"https:\/\/www.grieta.org.mx\/index.php\/wp-json\/wp\/v2\/media\/47123"}],"wp:attachment":[{"href":"https:\/\/www.grieta.org.mx\/index.php\/wp-json\/wp\/v2\/media?parent=47122"}],"wp:term":[{"taxonomy":"category","embeddable":true,"href":"https:\/\/www.grieta.org.mx\/index.php\/wp-json\/wp\/v2\/categories?post=47122"},{"taxonomy":"post_tag","embeddable":true,"href":"https:\/\/www.grieta.org.mx\/index.php\/wp-json\/wp\/v2\/tags?post=47122"}],"curies":[{"name":"wp","href":"https:\/\/api.w.org\/{rel}","templated":true}]}}