{"id":4709,"date":"2015-05-12T17:31:47","date_gmt":"2015-05-12T17:31:47","guid":{"rendered":"http:\/\/50.22.11.12\/~grietaor\/?p=4709"},"modified":"2016-03-25T17:33:23","modified_gmt":"2016-03-25T17:33:23","slug":"acueducto-monterrey-vi-el-abastecimiento-para-nl-esta-garantizado","status":"publish","type":"post","link":"https:\/\/www.grieta.org.mx\/index.php\/2015\/05\/12\/acueducto-monterrey-vi-el-abastecimiento-para-nl-esta-garantizado\/","title":{"rendered":"Acueducto Monterrey VI, \u00bfel abastecimiento para NL est\u00e1 garantizado?"},"content":{"rendered":"<p>Econom\u00eda Hoy<\/p>\n<p>DAVID ORDAZ<\/p>\n<p>El proyecto Monterrey VI con el que se busca abastecer de agua al estado sigue sin arrancar y actualmente Nuevo Le\u00f3n enfrenta una de las peores crisis de agua, por ello, diputados federales y locales exhortaron al gobierno federal a echar a andar la obra.<\/p>\n<p>Monterrey VI es un proyecto con el que se garantizar\u00e1 el l\u00edquido por un periodo de hasta 50 a\u00f1os, con el trasvase de agua de la cuenca del r\u00edo P\u00e1nuco. La ejecuci\u00f3n de la obra deber\u00e1 comenzar en el primer semestre de este a\u00f1o y tardar\u00e1 tres a\u00f1os para su operaci\u00f3n.<\/p>\n<p>La infraestructura h\u00eddrica de Monterrey ha permitido satisfacer la demanda de agua, no obstante, su capacidad l\u00edmite de suministro es de 12,500 litros por segundo; hoy en d\u00eda se suministra un promedio de 11,750 litros por segundo, con un incremento anual promedio de 250 litros por segundo, lo que obliga a garantizar el abasto de agua potable a trav\u00e9s de nuevas fuentes de abastecimiento.<\/p>\n<p>En suma, la demanda de agua potable actual y futura, supera lo que el ciclo hidrol\u00f3gico provee a la regi\u00f3n norte del pa\u00eds. De tal forma que aunque se almacene en m\u00e1s presas o en el mismo subsuelo, Monterrey requiere de una fuente alterna.<\/p>\n<p>Las opciones<br \/>\nDentro de las opciones consideradas para satisfacer la creciente demanda de consumo de agua en la zona metropolitana de Monterrey, se consideraron como alternativas: la desalaci\u00f3n, la recolecci\u00f3n de lluvia a trav\u00e9s de nuevas presas, y la reducci\u00f3n del consumo a partir de una mayor socializaci\u00f3n de la cultura del agua.<\/p>\n<p>En lo que se refiere a la desalaci\u00f3n, debe decirse que esta opci\u00f3n requerir\u00eda de una inversi\u00f3n considerable, no s\u00f3lo en plantas de desalaci\u00f3n y acueductos para llevar el agua hasta el lugar de consumo final, sino tambi\u00e9n de infraestructura el\u00e9ctrica que permitiera la operaci\u00f3n de las plantas. A\u00fan considerando los menores costos de producci\u00f3n por metro c\u00fabico de agua desalada alcanzados en el mundo por las plantas de Chennai, Shuweihat II, Ad Dur, Teneq y Soreq, el precio promedio ser\u00eda de .82 d\u00f3lares, es decir, 12.9 pesos; a esto habr\u00eda que sumar el costo de transportar hasta 6 m3\/s desde la costa hacia Monterrey.<\/p>\n<p>Por ahora, esta opci\u00f3n ser\u00eda incosteable considerando un consumo de 3 a 4 KwH\/m3 (Kilowatt-Hora por metro c\u00fabico) dadas las tarifas industriales de M\u00e9xico. Adem\u00e1s, no hay precedentes de una capacidad instalada de desalaci\u00f3n semejante en el pa\u00eds para estas cantidades.<\/p>\n<p>La viabilidad<br \/>\nEl t\u00edtulo de Asignaci\u00f3n de Aguas Nacionales otorgado por la Conagua al Sistema de Agua y Drenaje de Monterrey, establece que existe disponibilidad de agua en el R\u00edo P\u00e1nuco, lo que confirm\u00f3 SEMARNAT en resolutivo de septiembre de 2012. En ese sentido, el t\u00edtulo autoriza al SADM la extracci\u00f3n hasta de 15 m3\/s del R\u00edo P\u00e1nuco.<\/p>\n<p>El proyecto Monterrey VI entregar\u00e1 solamente 6 m3\/s al organismo p\u00fablico descentralizado, es decir, poco m\u00e1s de una tercera parte de dispuesto por Conagua en el t\u00edtulo de Asignaci\u00f3n de Aguas Nacionales.<\/p>\n<p>Cabe mencionar que por resoluci\u00f3n de SEMARNAT, deber\u00e1 suspenderse la extracci\u00f3n de agua del R\u00edo P\u00e1nuco cuando \u00e9ste presente un gasto del orden de 28 m3\/s. En otras palabras, Monterrey VI no podr\u00e1 extraer m\u00e1s agua de la que la autoridad medioambiental federal ha establecido.<\/p>\n<p><a href=\"http:\/\/www.economiahoy.mx\/economia-eAm-mexico\/noticias\/6698903\/05\/15\/Acueducto-Monterrey-VI-el-abastecimiento-para-NL-esta-garantizado.html#Kku8P6uAyr6ZGdQm\" target=\"_blank\">www.economiahoy.mx\/economia-eAm-mexico\/noticias\/6698903\/05\/15\/Acueducto-Monterrey-VI-el-abastecimiento-para-NL-esta-garantizado.html#Kku8P6uAyr6ZGdQm<\/a><\/p>\n","protected":false},"excerpt":{"rendered":"<p>Econom\u00eda Hoy DAVID ORDAZ El proyecto Monterrey VI con el que se busca abastecer de agua al estado sigue sin arrancar y actualmente Nuevo Le\u00f3n enfrenta una de las peores &hellip; <a href=\"https:\/\/www.grieta.org.mx\/index.php\/2015\/05\/12\/acueducto-monterrey-vi-el-abastecimiento-para-nl-esta-garantizado\/\" class=\"more-link\">Leer m\u00e1s<\/a><\/p>\n","protected":false},"author":2,"featured_media":21928,"comment_status":"closed","ping_status":"open","sticky":false,"template":"","format":"standard","meta":{"ngg_post_thumbnail":0,"_jetpack_newsletter_access":"","_jetpack_dont_email_post_to_subs":false,"_jetpack_newsletter_tier_id":0,"_jetpack_memberships_contains_paywalled_content":false,"_jetpack_memberships_contains_paid_content":false,"footnotes":""},"categories":[80,202,38],"tags":[358],"class_list":["post-4709","post","type-post","status-publish","format-standard","has-post-thumbnail","hentry","category-cintillo","category-nuevo-leon","category-proyectos-hidricos","tag-monterrey-vi","entry"],"jetpack_featured_media_url":"https:\/\/www.grieta.org.mx\/wp-content\/uploads\/2018\/03\/14524434_1106112876131411_958039263622046936_o.jpg","jetpack_sharing_enabled":true,"jetpack_shortlink":"https:\/\/wp.me\/p7ZJR4-1dX","jetpack_likes_enabled":false,"jetpack-related-posts":[{"id":4530,"url":"https:\/\/www.grieta.org.mx\/index.php\/2016\/09\/14\/proyecto-hidraulico-monterrey-vi\/","url_meta":{"origin":4709,"position":0},"title":"Proyecto Hidr\u00e1ulico Monterrey VI","author":"grieta","date":"14 septiembre, 2016","format":false,"excerpt":"13\/09\/16. Admite gobernador acuerdo con EPN sobre Monterrey VI'Milenio Monterrey 14\/08\/16. Proyecto de acueducto en Monterrey 'sigue vivo'El Economista 07\/07\/16. Exigen revisar alternativas a proyecto Monterrey VI Milenio Monterrey 18\/06\/16. Monterrey VI da\u00f1ar\u00eda a sectores productivos Milenio Tamaulipas 21\/05\/16. Planta gobernador a inconformes con Monterrey VI Milenio Monterrey 16\/05\/16. En\u2026","rel":"","context":"En &quot;NOTICIAS NACIONALES&quot;","block_context":{"text":"NOTICIAS NACIONALES","link":"https:\/\/www.grieta.org.mx\/index.php\/category\/noticias-nacionales\/"},"img":{"alt_text":"","src":"https:\/\/i0.wp.com\/www.grieta.org.mx\/wp-content\/uploads\/2018\/03\/14524434_1106112876131411_958039263622046936_o.jpg?resize=350%2C200&ssl=1","width":350,"height":200,"srcset":"https:\/\/i0.wp.com\/www.grieta.org.mx\/wp-content\/uploads\/2018\/03\/14524434_1106112876131411_958039263622046936_o.jpg?resize=350%2C200&ssl=1 1x, https:\/\/i0.wp.com\/www.grieta.org.mx\/wp-content\/uploads\/2018\/03\/14524434_1106112876131411_958039263622046936_o.jpg?resize=525%2C300&ssl=1 1.5x, https:\/\/i0.wp.com\/www.grieta.org.mx\/wp-content\/uploads\/2018\/03\/14524434_1106112876131411_958039263622046936_o.jpg?resize=700%2C400&ssl=1 2x"},"classes":[]},{"id":4547,"url":"https:\/\/www.grieta.org.mx\/index.php\/2015\/08\/19\/monterrey-vi-en-compas-%e2%80%a8de-espera\/","url_meta":{"origin":4709,"position":1},"title":"Monterrey VI, en comp\u00e1s ?de espera","author":"grieta","date":"19 agosto, 2015","format":false,"excerpt":"El Economista Una segunda opci\u00f3n para traer agua a la zona metropolitana, coment\u00f3 Jaime Rodr\u00edguez, es a trav\u00e9s de un segundo acueducto desde la presa El Cuchillo hasta la ciudad de Monterrey. El inconveniente, coment\u00f3, es que se tienen que comprar los derechos del agua. LOURDES FLORES Monterrey, NL. El\u2026","rel":"","context":"En &quot;CINTILLO&quot;","block_context":{"text":"CINTILLO","link":"https:\/\/www.grieta.org.mx\/index.php\/category\/cintillo\/"},"img":{"alt_text":"","src":"https:\/\/i0.wp.com\/www.grieta.org.mx\/wp-content\/uploads\/2018\/03\/14524434_1106112876131411_958039263622046936_o.jpg?resize=350%2C200&ssl=1","width":350,"height":200,"srcset":"https:\/\/i0.wp.com\/www.grieta.org.mx\/wp-content\/uploads\/2018\/03\/14524434_1106112876131411_958039263622046936_o.jpg?resize=350%2C200&ssl=1 1x, https:\/\/i0.wp.com\/www.grieta.org.mx\/wp-content\/uploads\/2018\/03\/14524434_1106112876131411_958039263622046936_o.jpg?resize=525%2C300&ssl=1 1.5x, https:\/\/i0.wp.com\/www.grieta.org.mx\/wp-content\/uploads\/2018\/03\/14524434_1106112876131411_958039263622046936_o.jpg?resize=700%2C400&ssl=1 2x"},"classes":[]},{"id":4862,"url":"https:\/\/www.grieta.org.mx\/index.php\/2016\/03\/17\/monterrey-vi-no-se-cancela-jaime-rodriguez\/","url_meta":{"origin":4709,"position":2},"title":"Monterrey VI no se cancela: Jaime Rodr\u00edguez","author":"grieta","date":"17 marzo, 2016","format":false,"excerpt":"El Horizonte El gobernador inform\u00f3 que el proyecto hidr\u00e1ulico, Monterrey VI no se cancela, pues se perder\u00edan $600 millones de pesos Rodolfo Garc\u00eda El gobernador del estado, Jaime Rodr\u00edguez Calder\u00f3n, asegur\u00f3 que si bien su administraci\u00f3n ha detenido el proyecto Monterrey VI, debido a que no est\u00e1 de acuerdo con\u2026","rel":"","context":"En &quot;CINTILLO&quot;","block_context":{"text":"CINTILLO","link":"https:\/\/www.grieta.org.mx\/index.php\/category\/cintillo\/"},"img":{"alt_text":"","src":"https:\/\/i0.wp.com\/www.grieta.org.mx\/wp-content\/uploads\/2018\/03\/14524434_1106112876131411_958039263622046936_o.jpg?resize=350%2C200&ssl=1","width":350,"height":200,"srcset":"https:\/\/i0.wp.com\/www.grieta.org.mx\/wp-content\/uploads\/2018\/03\/14524434_1106112876131411_958039263622046936_o.jpg?resize=350%2C200&ssl=1 1x, https:\/\/i0.wp.com\/www.grieta.org.mx\/wp-content\/uploads\/2018\/03\/14524434_1106112876131411_958039263622046936_o.jpg?resize=525%2C300&ssl=1 1.5x, https:\/\/i0.wp.com\/www.grieta.org.mx\/wp-content\/uploads\/2018\/03\/14524434_1106112876131411_958039263622046936_o.jpg?resize=700%2C400&ssl=1 2x"},"classes":[]},{"id":4700,"url":"https:\/\/www.grieta.org.mx\/index.php\/2015\/07\/07\/costara-14-millones-de-pesos-cancelar-proyecto-monterrey-vi\/","url_meta":{"origin":4709,"position":3},"title":"Costar\u00e1 14 millones de pesos cancelar proyecto Monterrey VI","author":"grieta","date":"7 julio, 2015","format":false,"excerpt":"El Financiero Directivos de Servicios de Agua y Drenaje de Monterrey se\u00f1alaron que el monto tendr\u00eda que pagarlo el gobierno de Nuevo Le\u00f3n, en caso de rescindir el contrato ya pactado. Juan Antonio Lara MONTERREY.- Servicios de Agua y Drenaje de Monterrey (SADM) se\u00f1al\u00f3 que el proyecto de Monterrey VI\u2026","rel":"","context":"En &quot;CINTILLO&quot;","block_context":{"text":"CINTILLO","link":"https:\/\/www.grieta.org.mx\/index.php\/category\/cintillo\/"},"img":{"alt_text":"","src":"https:\/\/i0.wp.com\/www.grieta.org.mx\/wp-content\/uploads\/2018\/03\/14524434_1106112876131411_958039263622046936_o.jpg?resize=350%2C200&ssl=1","width":350,"height":200,"srcset":"https:\/\/i0.wp.com\/www.grieta.org.mx\/wp-content\/uploads\/2018\/03\/14524434_1106112876131411_958039263622046936_o.jpg?resize=350%2C200&ssl=1 1x, https:\/\/i0.wp.com\/www.grieta.org.mx\/wp-content\/uploads\/2018\/03\/14524434_1106112876131411_958039263622046936_o.jpg?resize=525%2C300&ssl=1 1.5x, https:\/\/i0.wp.com\/www.grieta.org.mx\/wp-content\/uploads\/2018\/03\/14524434_1106112876131411_958039263622046936_o.jpg?resize=700%2C400&ssl=1 2x"},"classes":[]},{"id":4792,"url":"https:\/\/www.grieta.org.mx\/index.php\/2015\/01\/29\/piden-ong-cancelar-proyecto-hidraulico-monterrey-vi-de-consorcio-de-higa\/","url_meta":{"origin":4709,"position":4},"title":"Piden ONG cancelar proyecto hidr\u00e1ulico Monterrey VI de consorcio de Higa","author":"grieta","date":"29 enero, 2015","format":false,"excerpt":"La Jornada Por Erick Mu\u00f1iz Monterrey, NL. Organismos civiles de Nuevo Le\u00f3n solicitaron, a trav\u00e9s de desplegados publicados en Monterrey y la ciudad de M\u00e9xico, cancelar el proyecto hidr\u00e1ulico Monterrey VI, que consiste en trasladar agua del r\u00edo P\u00e1nuco, en Veracruz, a la presa Cerro Prieto, en Monterrey. La petici\u00f3n\u2026","rel":"","context":"En &quot;CINTILLO&quot;","block_context":{"text":"CINTILLO","link":"https:\/\/www.grieta.org.mx\/index.php\/category\/cintillo\/"},"img":{"alt_text":"","src":"https:\/\/i0.wp.com\/www.grieta.org.mx\/wp-content\/uploads\/2018\/03\/14524434_1106112876131411_958039263622046936_o.jpg?resize=350%2C200&ssl=1","width":350,"height":200,"srcset":"https:\/\/i0.wp.com\/www.grieta.org.mx\/wp-content\/uploads\/2018\/03\/14524434_1106112876131411_958039263622046936_o.jpg?resize=350%2C200&ssl=1 1x, https:\/\/i0.wp.com\/www.grieta.org.mx\/wp-content\/uploads\/2018\/03\/14524434_1106112876131411_958039263622046936_o.jpg?resize=525%2C300&ssl=1 1.5x, https:\/\/i0.wp.com\/www.grieta.org.mx\/wp-content\/uploads\/2018\/03\/14524434_1106112876131411_958039263622046936_o.jpg?resize=700%2C400&ssl=1 2x"},"classes":[]},{"id":4545,"url":"https:\/\/www.grieta.org.mx\/index.php\/2015\/08\/30\/planean-proyecto-menos-costoso-que-el-monterrey-vi\/","url_meta":{"origin":4709,"position":5},"title":"Planean proyecto menos costoso que el Monterrey VI","author":"grieta","date":"30 agosto, 2015","format":false,"excerpt":"El Economista El gobernador electo de Nuevo Le\u00f3n reiter\u00f3 que el acueducto no se realizar\u00e1 tal como est\u00e1, por lo cual trabajan en modificaciones. Monterrey, NL. El gobernador electo de Nuevo Le\u00f3n, Jaime Rodr\u00edguez Calder\u00f3n, El Bronco, reiter\u00f3 que el proyecto hidr\u00e1ulico Monterrey VI no se realizar\u00e1 como fue concebido\u2026","rel":"","context":"En &quot;CINTILLO&quot;","block_context":{"text":"CINTILLO","link":"https:\/\/www.grieta.org.mx\/index.php\/category\/cintillo\/"},"img":{"alt_text":"","src":"https:\/\/i0.wp.com\/www.grieta.org.mx\/wp-content\/uploads\/2018\/03\/14524434_1106112876131411_958039263622046936_o.jpg?resize=350%2C200&ssl=1","width":350,"height":200,"srcset":"https:\/\/i0.wp.com\/www.grieta.org.mx\/wp-content\/uploads\/2018\/03\/14524434_1106112876131411_958039263622046936_o.jpg?resize=350%2C200&ssl=1 1x, https:\/\/i0.wp.com\/www.grieta.org.mx\/wp-content\/uploads\/2018\/03\/14524434_1106112876131411_958039263622046936_o.jpg?resize=525%2C300&ssl=1 1.5x, https:\/\/i0.wp.com\/www.grieta.org.mx\/wp-content\/uploads\/2018\/03\/14524434_1106112876131411_958039263622046936_o.jpg?resize=700%2C400&ssl=1 2x"},"classes":[]}],"_links":{"self":[{"href":"https:\/\/www.grieta.org.mx\/index.php\/wp-json\/wp\/v2\/posts\/4709","targetHints":{"allow":["GET"]}}],"collection":[{"href":"https:\/\/www.grieta.org.mx\/index.php\/wp-json\/wp\/v2\/posts"}],"about":[{"href":"https:\/\/www.grieta.org.mx\/index.php\/wp-json\/wp\/v2\/types\/post"}],"author":[{"embeddable":true,"href":"https:\/\/www.grieta.org.mx\/index.php\/wp-json\/wp\/v2\/users\/2"}],"replies":[{"embeddable":true,"href":"https:\/\/www.grieta.org.mx\/index.php\/wp-json\/wp\/v2\/comments?post=4709"}],"version-history":[{"count":1,"href":"https:\/\/www.grieta.org.mx\/index.php\/wp-json\/wp\/v2\/posts\/4709\/revisions"}],"predecessor-version":[{"id":4710,"href":"https:\/\/www.grieta.org.mx\/index.php\/wp-json\/wp\/v2\/posts\/4709\/revisions\/4710"}],"wp:featuredmedia":[{"embeddable":true,"href":"https:\/\/www.grieta.org.mx\/index.php\/wp-json\/wp\/v2\/media\/21928"}],"wp:attachment":[{"href":"https:\/\/www.grieta.org.mx\/index.php\/wp-json\/wp\/v2\/media?parent=4709"}],"wp:term":[{"taxonomy":"category","embeddable":true,"href":"https:\/\/www.grieta.org.mx\/index.php\/wp-json\/wp\/v2\/categories?post=4709"},{"taxonomy":"post_tag","embeddable":true,"href":"https:\/\/www.grieta.org.mx\/index.php\/wp-json\/wp\/v2\/tags?post=4709"}],"curies":[{"name":"wp","href":"https:\/\/api.w.org\/{rel}","templated":true}]}}