{"id":47078,"date":"2020-03-28T23:33:49","date_gmt":"2020-03-29T05:33:49","guid":{"rendered":"http:\/\/www.grieta.org.mx\/?p=47078"},"modified":"2020-04-02T00:33:10","modified_gmt":"2020-04-02T06:33:10","slug":"pacientes-en-sillas-y-hospitales-sin-agua-ni-jabon-el-coronavirus-toma-endeble-al-sistema-de-salud","status":"publish","type":"post","link":"https:\/\/www.grieta.org.mx\/index.php\/2020\/03\/28\/pacientes-en-sillas-y-hospitales-sin-agua-ni-jabon-el-coronavirus-toma-endeble-al-sistema-de-salud\/","title":{"rendered":"Pacientes en sillas y hospitales sin agua ni jab\u00f3n. El coronavirus toma endeble al sistema de salud"},"content":{"rendered":"<p><img loading=\"lazy\" decoding=\"async\" data-attachment-id=\"47079\" data-permalink=\"https:\/\/www.grieta.org.mx\/index.php\/2020\/03\/28\/pacientes-en-sillas-y-hospitales-sin-agua-ni-jabon-el-coronavirus-toma-endeble-al-sistema-de-salud\/pacientes-en-sillas-y-hospitales-sin-agua-ni-jabon-el-coronavirus-toma-endeble-al-sistema-de-salud-cdmx-edomex-abril\/\" data-orig-file=\"https:\/\/www.grieta.org.mx\/wp-content\/uploads\/2020\/04\/Pacientes-en-sillas-y-hospitales-sin-agua-ni-jab\u00f3n.-El-coronavirus-toma-endeble-al-sistema-de-salud-cdmx-edomex-abril.jpg\" data-orig-size=\"1100,580\" data-comments-opened=\"0\" data-image-meta=\"{&quot;aperture&quot;:&quot;0&quot;,&quot;credit&quot;:&quot;&quot;,&quot;camera&quot;:&quot;&quot;,&quot;caption&quot;:&quot;&quot;,&quot;created_timestamp&quot;:&quot;0&quot;,&quot;copyright&quot;:&quot;&quot;,&quot;focal_length&quot;:&quot;0&quot;,&quot;iso&quot;:&quot;0&quot;,&quot;shutter_speed&quot;:&quot;0&quot;,&quot;title&quot;:&quot;&quot;,&quot;orientation&quot;:&quot;0&quot;}\" data-image-title=\"Pacientes en sillas y hospitales sin agua ni jab\u00f3n. El coronavirus toma endeble al sistema de salud cdmx edomex abril\" data-image-description=\"\" data-image-caption=\"\" data-medium-file=\"https:\/\/www.grieta.org.mx\/wp-content\/uploads\/2020\/04\/Pacientes-en-sillas-y-hospitales-sin-agua-ni-jab\u00f3n.-El-coronavirus-toma-endeble-al-sistema-de-salud-cdmx-edomex-abril-300x158.jpg\" data-large-file=\"https:\/\/www.grieta.org.mx\/wp-content\/uploads\/2020\/04\/Pacientes-en-sillas-y-hospitales-sin-agua-ni-jab\u00f3n.-El-coronavirus-toma-endeble-al-sistema-de-salud-cdmx-edomex-abril-1024x540.jpg\" class=\"aligncenter  wp-image-47079\" src=\"http:\/\/www.grieta.org.mx\/wp-content\/uploads\/2020\/04\/Pacientes-en-sillas-y-hospitales-sin-agua-ni-jab\u00f3n.-El-coronavirus-toma-endeble-al-sistema-de-salud-cdmx-edomex-abril.jpg\" alt=\"\" width=\"642\" height=\"339\" srcset=\"https:\/\/www.grieta.org.mx\/wp-content\/uploads\/2020\/04\/Pacientes-en-sillas-y-hospitales-sin-agua-ni-jab\u00f3n.-El-coronavirus-toma-endeble-al-sistema-de-salud-cdmx-edomex-abril.jpg 1100w, https:\/\/www.grieta.org.mx\/wp-content\/uploads\/2020\/04\/Pacientes-en-sillas-y-hospitales-sin-agua-ni-jab\u00f3n.-El-coronavirus-toma-endeble-al-sistema-de-salud-cdmx-edomex-abril-300x158.jpg 300w, https:\/\/www.grieta.org.mx\/wp-content\/uploads\/2020\/04\/Pacientes-en-sillas-y-hospitales-sin-agua-ni-jab\u00f3n.-El-coronavirus-toma-endeble-al-sistema-de-salud-cdmx-edomex-abril-768x405.jpg 768w, https:\/\/www.grieta.org.mx\/wp-content\/uploads\/2020\/04\/Pacientes-en-sillas-y-hospitales-sin-agua-ni-jab\u00f3n.-El-coronavirus-toma-endeble-al-sistema-de-salud-cdmx-edomex-abril-1024x540.jpg 1024w, https:\/\/www.grieta.org.mx\/wp-content\/uploads\/2020\/04\/Pacientes-en-sillas-y-hospitales-sin-agua-ni-jab\u00f3n.-El-coronavirus-toma-endeble-al-sistema-de-salud-cdmx-edomex-abril-948x500.jpg 948w\" sizes=\"auto, (max-width: 642px) 100vw, 642px\" \/><br \/>\n<em>En al menos ocho estados personal m\u00e9dico ha protestado por falta de insumos en hospitales para atender casos de COVID-19. Foto: Cuartoscuro.<\/em><\/p>\n<p>Dulce Olvera \/ Sin Embargo<\/p>\n<blockquote><p>En plena Fase 2 del coronavirus y rumbo a la Fase 3, cuando los casos se contar\u00e1n por miles, una encuesta levantada por la Asamblea Nacional de Residentes revela un panorama de hospitales de la regi\u00f3n norte, centro y sur del pa\u00eds sin protocolos ni insumos siquiera b\u00e1sicos.<\/p><\/blockquote>\n<p>Ciudad de M\u00e9xico, 29 de marzo (SinEmbargo).\u2013 Pacientes en sillas a falta de camas. Hospitales donde falta todo, incluso jab\u00f3n, agua o cubrebocas desechables usados sin necesidad por ciudadanos en las calles. El 43 por ciento del personal m\u00e9dico asegur\u00f3 que su hospital no cuenta con un protocolo de atenci\u00f3n y el 58 por ciento declar\u00f3 no haber recibido capacitaci\u00f3n para atender casos sospechosos o confirmados de COVID-19, de acuerdo con la Primera Encuesta al Personal Sanitario en M\u00e9xico sobre deficiencias materiales y log\u00edsticas para la atenci\u00f3n cl\u00ednica a la pandemia, aplicada por la Asamblea Nacional de M\u00e9dicos Residentes.<\/p>\n<p>Los insumos que m\u00e1s faltan son las mascarillas N-95 (83.30 por ciento), guantes (71.90 por ciento) y gafas protectoras (56.70 por ciento), de acuerdo con los 373 consultados al corte del 23 de marzo que reflejan la serie de protestas de personal m\u00e9dico registradas en al menos ocho estados exigiendo el mismo equipo de protecci\u00f3n. Tambi\u00e9n carecen de batas desechables, alcohol gel e incluso, jab\u00f3n y en un caso de agua.<\/p>\n<p>\u201cNos agarr\u00f3 muy desprevenidos y desprotegidos; sin protocolos\u201d, dijo una Doctora residente del Hospital \u201cBelisario Dom\u00ednguez\u201d, en Iztapalapa, Ciudad de M\u00e9xico, uno de los centros donde se instalan carpas en el estacionamiento para solo atender casos relacionados con enfermedades respiratorias. Aunque est\u00e1n llegando insumos, teme que se agoten a lo largo de la pandemia cuando la curva de cientos de casos se acent\u00fae. En otro hospital receptor en la capital del pa\u00eds, el General \u201cDr. Manuel Gea Gonz\u00e1lez\u201d, se est\u00e1n prestando entre el personal una sola mascarilla N-95.<\/p>\n<p><img loading=\"lazy\" decoding=\"async\" data-attachment-id=\"47080\" data-permalink=\"https:\/\/www.grieta.org.mx\/index.php\/2020\/03\/28\/pacientes-en-sillas-y-hospitales-sin-agua-ni-jabon-el-coronavirus-toma-endeble-al-sistema-de-salud\/en-los-triage-covid-19-de-los-hospitales-se-atienden-pacientes-con-sintomas-respiratorios-foto-cuartoscuro-cdmx-edomex\/\" data-orig-file=\"https:\/\/www.grieta.org.mx\/wp-content\/uploads\/2020\/04\/En-los-Triage-COVID-19-de-los-hospitales-se-atienden-pacientes-con-s\u00edntomas-respiratorios.-Foto-Cuartoscuro.-cdmx-edomex.jpg\" data-orig-size=\"700,519\" data-comments-opened=\"0\" data-image-meta=\"{&quot;aperture&quot;:&quot;0&quot;,&quot;credit&quot;:&quot;&quot;,&quot;camera&quot;:&quot;&quot;,&quot;caption&quot;:&quot;&quot;,&quot;created_timestamp&quot;:&quot;0&quot;,&quot;copyright&quot;:&quot;&quot;,&quot;focal_length&quot;:&quot;0&quot;,&quot;iso&quot;:&quot;0&quot;,&quot;shutter_speed&quot;:&quot;0&quot;,&quot;title&quot;:&quot;&quot;,&quot;orientation&quot;:&quot;0&quot;}\" data-image-title=\"En los Triage COVID-19 de los hospitales se atienden pacientes con s\u00edntomas respiratorios. Foto Cuartoscuro. cdmx edomex\" data-image-description=\"\" data-image-caption=\"\" data-medium-file=\"https:\/\/www.grieta.org.mx\/wp-content\/uploads\/2020\/04\/En-los-Triage-COVID-19-de-los-hospitales-se-atienden-pacientes-con-s\u00edntomas-respiratorios.-Foto-Cuartoscuro.-cdmx-edomex-300x222.jpg\" data-large-file=\"https:\/\/www.grieta.org.mx\/wp-content\/uploads\/2020\/04\/En-los-Triage-COVID-19-de-los-hospitales-se-atienden-pacientes-con-s\u00edntomas-respiratorios.-Foto-Cuartoscuro.-cdmx-edomex.jpg\" class=\"aligncenter  wp-image-47080\" src=\"http:\/\/www.grieta.org.mx\/wp-content\/uploads\/2020\/04\/En-los-Triage-COVID-19-de-los-hospitales-se-atienden-pacientes-con-s\u00edntomas-respiratorios.-Foto-Cuartoscuro.-cdmx-edomex.jpg\" alt=\"\" width=\"641\" height=\"475\" srcset=\"https:\/\/www.grieta.org.mx\/wp-content\/uploads\/2020\/04\/En-los-Triage-COVID-19-de-los-hospitales-se-atienden-pacientes-con-s\u00edntomas-respiratorios.-Foto-Cuartoscuro.-cdmx-edomex.jpg 700w, https:\/\/www.grieta.org.mx\/wp-content\/uploads\/2020\/04\/En-los-Triage-COVID-19-de-los-hospitales-se-atienden-pacientes-con-s\u00edntomas-respiratorios.-Foto-Cuartoscuro.-cdmx-edomex-300x222.jpg 300w, https:\/\/www.grieta.org.mx\/wp-content\/uploads\/2020\/04\/En-los-Triage-COVID-19-de-los-hospitales-se-atienden-pacientes-con-s\u00edntomas-respiratorios.-Foto-Cuartoscuro.-cdmx-edomex-674x500.jpg 674w\" sizes=\"auto, (max-width: 641px) 100vw, 641px\" \/><br \/>\n<em>En los Triage COVID-19 de los hospitales se atienden pacientes con s\u00edntomas respiratorios. Foto: Cuartoscuro.<\/em><\/p>\n<p>La encuesta fue respondida en centros de salud del Instituto Mexicano del Seguro Social (IMSS), del Instituto de Seguridad y Servicios Sociales de los Trabajadores del Estado (ISSSTE), de Petr\u00f3leos Mexicanos (Pemex), y de la Secretar\u00eda de Salud ubicados en Chihuahua, Sonora, Tamaulipas, Nuevo Le\u00f3n, Coahuila, Durango, Baja California y Baja California Sur (regi\u00f3n norte); Aguascalientes, Colima, Guanajuato, Jalisco, Michoac\u00e1n, Morelos, Nayarit, Quer\u00e9taro, San Luis Potos\u00ed, Sinaloa, Zacatecas, Ciudad y Estado de M\u00e9xico (regi\u00f3n centro); y Campeche, Chiapas, Guerrero, Hidalgo, Oaxaca, Puebla, Quintana Roo, Tabasco, Tlaxcala, Veracruz, Yucat\u00e1n (regi\u00f3n sur), de los cuales el 73 por ciento es receptor de casos de COVID-19.<\/p>\n<p>El 78.5 por ciento de los encuestados es m\u00e9dico residente, el 13 por ciento m\u00e9dico interno de pregrado o pasante de servicio social y el resto enfermeros, adscritos y personal de laboratorio.<\/p>\n<p>\u201cEL PROTOCOLO ES UN CAOS\u201d<\/p>\n<p>En la regi\u00f3n norte, los hospitales que atienden casos de coronavirus pero no tienen insumos suficientes, sobre todo mascarillas N-95, son el Hospital General de Zona No. 16 Torre\u00f3n, Unidad M\u00e9dica de Alta Especialidad No. 71 y Hospital General de Zona No. 16 en Coahuila; el Hospital General 450, el Hospital General de Zona con Unidad de Medicina Familiar No. 1, y Hospital General de Zona No. 51 en Durango; Hospital General de Zona No. 14 y Hospital General del Estado en Sonora; Hospital General N\u00famero 6 y Hospital Regional Ciudad Madero Pemex en Tamaulipas; y Hospital Universitario de la Universidad Aut\u00f3noma de Nuevo Le\u00f3n y Hospital General de Zona No. 4 en Nuevo Le\u00f3n.<\/p>\n<p>En el Hospital General Universitario \u201cDr. Joaqu\u00edn del Valle S\u00e1nchez\u201d en Torre\u00f3n, Coahuila, con casos sospechosos, les faltan lentes protectores, batas desechables, mascarillas, guantes y, coment\u00f3 el encuestado, \u201cse tienen solo cuatro kits incompletos y quieren obligarnos a exponernos, el \u2018filtro\u2019 que implementaron no funciona y el \u2018protocolo\u2019 es un caos que no ha quedado bien establecido, han amenazado a los internos que se quer\u00edan retirar y cuestionan la vocaci\u00f3n, moral y \u00e9tica de los residentes que pedimos condiciones dignas\u201d. Y en el Hospital General de Saltillo respondieron que \u201clos administradores dicen que hay todo, pero no hemos visto el equipo\u201d.<\/p>\n<p><img loading=\"lazy\" decoding=\"async\" data-attachment-id=\"47081\" data-permalink=\"https:\/\/www.grieta.org.mx\/index.php\/2020\/03\/28\/pacientes-en-sillas-y-hospitales-sin-agua-ni-jabon-el-coronavirus-toma-endeble-al-sistema-de-salud\/en-el-hospital-rural-de-papantla-y-en-el-general-de-zona-33-de-tierra-blanca-en-veracruz-ni-a-cubrebocas-desechables-llegan-foto-cuartoscuro-cdmx-edomex\/\" data-orig-file=\"https:\/\/www.grieta.org.mx\/wp-content\/uploads\/2020\/04\/En-el-Hospital-rural-de-Papantla-y-en-el-General-de-zona-33-de-Tierra-Blanca-en-Veracruz-ni-a-cubrebocas-desechables-llegan.-Foto-Cuartoscuro.-cdmx-edomex.jpg\" data-orig-size=\"700,467\" data-comments-opened=\"0\" data-image-meta=\"{&quot;aperture&quot;:&quot;0&quot;,&quot;credit&quot;:&quot;&quot;,&quot;camera&quot;:&quot;&quot;,&quot;caption&quot;:&quot;&quot;,&quot;created_timestamp&quot;:&quot;0&quot;,&quot;copyright&quot;:&quot;&quot;,&quot;focal_length&quot;:&quot;0&quot;,&quot;iso&quot;:&quot;0&quot;,&quot;shutter_speed&quot;:&quot;0&quot;,&quot;title&quot;:&quot;&quot;,&quot;orientation&quot;:&quot;0&quot;}\" data-image-title=\"En el Hospital rural de Papantla y en el General de zona 33 de Tierra Blanca, en Veracruz, ni a cubrebocas desechables llegan. Foto Cuartoscuro. cdmx edomex\" data-image-description=\"\" data-image-caption=\"\" data-medium-file=\"https:\/\/www.grieta.org.mx\/wp-content\/uploads\/2020\/04\/En-el-Hospital-rural-de-Papantla-y-en-el-General-de-zona-33-de-Tierra-Blanca-en-Veracruz-ni-a-cubrebocas-desechables-llegan.-Foto-Cuartoscuro.-cdmx-edomex-300x200.jpg\" data-large-file=\"https:\/\/www.grieta.org.mx\/wp-content\/uploads\/2020\/04\/En-el-Hospital-rural-de-Papantla-y-en-el-General-de-zona-33-de-Tierra-Blanca-en-Veracruz-ni-a-cubrebocas-desechables-llegan.-Foto-Cuartoscuro.-cdmx-edomex.jpg\" class=\"aligncenter  wp-image-47081\" src=\"http:\/\/www.grieta.org.mx\/wp-content\/uploads\/2020\/04\/En-el-Hospital-rural-de-Papantla-y-en-el-General-de-zona-33-de-Tierra-Blanca-en-Veracruz-ni-a-cubrebocas-desechables-llegan.-Foto-Cuartoscuro.-cdmx-edomex.jpg\" alt=\"\" width=\"648\" height=\"432\" srcset=\"https:\/\/www.grieta.org.mx\/wp-content\/uploads\/2020\/04\/En-el-Hospital-rural-de-Papantla-y-en-el-General-de-zona-33-de-Tierra-Blanca-en-Veracruz-ni-a-cubrebocas-desechables-llegan.-Foto-Cuartoscuro.-cdmx-edomex.jpg 700w, https:\/\/www.grieta.org.mx\/wp-content\/uploads\/2020\/04\/En-el-Hospital-rural-de-Papantla-y-en-el-General-de-zona-33-de-Tierra-Blanca-en-Veracruz-ni-a-cubrebocas-desechables-llegan.-Foto-Cuartoscuro.-cdmx-edomex-300x200.jpg 300w\" sizes=\"auto, (max-width: 648px) 100vw, 648px\" \/><br \/>\n<em>En el Hospital rural de Papantla y en el General de zona 33 de Tierra Blanca, en Veracruz, ni a cubrebocas desechables llegan. Foto: Cuartoscuro.<\/em><\/p>\n<p>En Tamaulipas, el Hospital General de Zona con Medicina Familiar No. 1, receptor que ya registr\u00f3 casos sospechosos, solo tiene dos ventiladores para pacientes graves, \u201chay pacientes en sillas\u201d a falta de camas normales y solo cuentan con dos camas para terapia intensiva.<\/p>\n<p>Al sur del pa\u00eds, el Hospital Rural San Felipe Ecatepec en San Crist\u00f3bal de las Casas (del IMSS Bienestar) y el Hospital Rural Bienestar Bochil, ambos centros de referencia, no tienen guantes, batas desechables, mascarillas N-95 ni gel antibacterial.<\/p>\n<p>En el Hospital Rural de Papantla y en el General de zona 33 de Tierra Blanca, en Veracruz, ni a cubrebocas desechables llegan, mientras ciudadanos se pasean con ellos sin necesitarlos (solo son necesarios para enfermos y personal con contacto con sospechosos o confirmados).<\/p>\n<p>Y en el centro, donde la Secretar\u00eda de Salud prev\u00e9 que se concentren la mayor\u00eda de los casos con COVID-19, el Hospital General de Pachuca, Hidalgo, pese a ser centro de referencia con pacientes confirmados, no cuenta con mascarillas N-95, guantes ni batas desechables. En el Estado de M\u00e9xico, el Centro de Salud San Pedro El Alto reporta no tener ni agua, mucho menos un protocolo de atenci\u00f3n ante la pandemia. En el Hospital General de Atizap\u00e1n, se les acab\u00f3 el paracetamol.<\/p>\n<p><a href=\"https:\/\/www.sinembargo.mx\/28-03-2020\/3756714\" target=\"_blank\" rel=\"noopener noreferrer\">https:\/\/www.sinembargo.mx\/28-03-2020\/3756714<\/a><\/p>\n","protected":false},"excerpt":{"rendered":"<p>En al menos ocho estados personal m\u00e9dico ha protestado por falta de insumos en hospitales para atender casos de COVID-19. Foto: Cuartoscuro. Dulce Olvera \/ Sin Embargo En plena Fase &hellip; <a href=\"https:\/\/www.grieta.org.mx\/index.php\/2020\/03\/28\/pacientes-en-sillas-y-hospitales-sin-agua-ni-jabon-el-coronavirus-toma-endeble-al-sistema-de-salud\/\" class=\"more-link\">Leer m\u00e1s<\/a><\/p>\n","protected":false},"author":2,"featured_media":47079,"comment_status":"closed","ping_status":"closed","sticky":false,"template":"","format":"standard","meta":{"ngg_post_thumbnail":0,"_jetpack_newsletter_access":"","_jetpack_dont_email_post_to_subs":false,"_jetpack_newsletter_tier_id":0,"_jetpack_memberships_contains_paywalled_content":false,"_jetpack_memberships_contains_paid_content":false,"footnotes":""},"categories":[80,14,918,2957,3033,16,1225,910,2768,2,2119,83],"tags":[3133,1558,2366,2841],"class_list":["post-47078","post","type-post","status-publish","format-standard","has-post-thumbnail","hentry","category-cintillo","category-ciudad-de-mexico","category-privatizacion-del-sector-salud","category-crisis-del-sector-salud-en-el-estado-de-mexico","category-crisis-en-el-sector-salud-en-la-ciudad-de-mexico","category-estado-de-mexico","category-explotacion-laboral-en-la-ciudad-de-mexico","category-explotacion-y-precariedad-laboral","category-explotacion-y-precariedad-laboral-en-el-estado-de-mexico","category-noticias-nacionales","category-precarizacion-de-las-condiciones-laborales-en-la-ciudad-de-mexico","category-temas-nacionales","tag-crisis-del-sector-salud","tag-desabasto-de-agua","tag-desabasto-de-medicinas","tag-explotacion-y-precariedad-laboral","entry"],"jetpack_featured_media_url":"https:\/\/www.grieta.org.mx\/wp-content\/uploads\/2020\/04\/Pacientes-en-sillas-y-hospitales-sin-agua-ni-jab\u00f3n.-El-coronavirus-toma-endeble-al-sistema-de-salud-cdmx-edomex-abril.jpg","jetpack_sharing_enabled":true,"jetpack_shortlink":"https:\/\/wp.me\/p7ZJR4-cfk","jetpack_likes_enabled":false,"jetpack-related-posts":[{"id":47564,"url":"https:\/\/www.grieta.org.mx\/index.php\/2020\/03\/30\/protestan-medicos-de-hospitales-de-naucalpan-atizapan-y-coacalco-por-falta-de-insumos-estado-de-mexico\/","url_meta":{"origin":47078,"position":0},"title":"Protestan m\u00e9dicos de hospitales de Naucalpan, Atizap\u00e1n y Coacalco por falta de insumos (Estado de M\u00e9xico)","author":"grieta","date":"30 marzo, 2020","format":false,"excerpt":"Foto: Patricia Venegas \/ El Sol de Toluca Patricia Venegas \/ El Sol de Toluca Temen personal del sector salud infectarse por el COVID-19 M\u00e9dicos y enfermeras de los Hospitales Generales Salvador Gonz\u00e1lez Herrejon de Atizap\u00e1n, Maximiliano Ruiz Casta\u00f1eda de Naucalpan y del Centro de Salud de Coacalco realizaron protestas\u2026","rel":"","context":"En &quot;CINTILLO&quot;","block_context":{"text":"CINTILLO","link":"https:\/\/www.grieta.org.mx\/index.php\/category\/cintillo\/"},"img":{"alt_text":"","src":"https:\/\/i0.wp.com\/www.grieta.org.mx\/wp-content\/uploads\/2020\/04\/Protestan-m%C3%A9dicos-de-hospitales-de-Naucalpan-Atizap%C3%A1n-y-Coacalco-por-falta-de-insumos-edomex-abr.jpg?resize=350%2C200&ssl=1","width":350,"height":200,"srcset":"https:\/\/i0.wp.com\/www.grieta.org.mx\/wp-content\/uploads\/2020\/04\/Protestan-m%C3%A9dicos-de-hospitales-de-Naucalpan-Atizap%C3%A1n-y-Coacalco-por-falta-de-insumos-edomex-abr.jpg?resize=350%2C200&ssl=1 1x, https:\/\/i0.wp.com\/www.grieta.org.mx\/wp-content\/uploads\/2020\/04\/Protestan-m%C3%A9dicos-de-hospitales-de-Naucalpan-Atizap%C3%A1n-y-Coacalco-por-falta-de-insumos-edomex-abr.jpg?resize=525%2C300&ssl=1 1.5x, https:\/\/i0.wp.com\/www.grieta.org.mx\/wp-content\/uploads\/2020\/04\/Protestan-m%C3%A9dicos-de-hospitales-de-Naucalpan-Atizap%C3%A1n-y-Coacalco-por-falta-de-insumos-edomex-abr.jpg?resize=700%2C400&ssl=1 2x"},"classes":[]},{"id":41665,"url":"https:\/\/www.grieta.org.mx\/index.php\/2019\/11\/27\/trabajadores-del-issste-rinen-con-policias-en-bloqueo-de-zaragoza-ciudad-de-mexico\/","url_meta":{"origin":47078,"position":1},"title":"Trabajadores del ISSSTE ri\u00f1en con polic\u00edas en bloqueo de Zaragoza (Ciudad de M\u00e9xico)","author":"grieta","date":"27 noviembre, 2019","format":false,"excerpt":"Excelsior Los manifestantes se enfrentaron con los agentes que intentaban abrir algunos carriles de la vialidad CIUDAD DE M\u00c9XICO. Un conato de bronca se dio entre trabajadores del Instituto de Seguridad y Servicios Sociales de los Trabajadores del Estado (ISSSTE) y polic\u00edas capitalinos durante un bloqueo sobre Calzada Ignacio Zaragoza,\u2026","rel":"","context":"En &quot;Abuso policiaco y tortura en el Estado de M\u00e9xico&quot;","block_context":{"text":"Abuso policiaco y tortura en el Estado de M\u00e9xico","link":"https:\/\/www.grieta.org.mx\/index.php\/category\/noticias-nacionales\/estado-de-mexico\/abuso-policiaco-y-tortura-en-el-estado-de-mexico\/"},"img":{"alt_text":"","src":"https:\/\/i0.wp.com\/www.grieta.org.mx\/wp-content\/uploads\/2019\/11\/Trabajadores-del-ISSSTE-ri%C3%B1en-con-polic%C3%ADas-en-bloqueo-de-Zaragoza-cdmx-nov.jpg?resize=350%2C200&ssl=1","width":350,"height":200,"srcset":"https:\/\/i0.wp.com\/www.grieta.org.mx\/wp-content\/uploads\/2019\/11\/Trabajadores-del-ISSSTE-ri%C3%B1en-con-polic%C3%ADas-en-bloqueo-de-Zaragoza-cdmx-nov.jpg?resize=350%2C200&ssl=1 1x, https:\/\/i0.wp.com\/www.grieta.org.mx\/wp-content\/uploads\/2019\/11\/Trabajadores-del-ISSSTE-ri%C3%B1en-con-polic%C3%ADas-en-bloqueo-de-Zaragoza-cdmx-nov.jpg?resize=525%2C300&ssl=1 1.5x"},"classes":[]},{"id":48327,"url":"https:\/\/www.grieta.org.mx\/index.php\/2020\/04\/27\/personal-medico-bloquea-ermita-iztapalapa-por-falta-de-insumos-ciudad-de-mexico\/","url_meta":{"origin":47078,"position":2},"title":"Personal m\u00e9dico bloquea Ermita Iztapalapa por falta de insumos (Ciudad de M\u00e9xico)","author":"grieta","date":"27 abril, 2020","format":false,"excerpt":"Foto: @GRAWPEREZ Diario de M\u00e9xico Ciudad de M\u00e9xico. -M\u00e9dicos, enfermeras y personal de salud que trabaja en el Hospital Pedi\u00e1trico de Iztapalapa, mantienen bloqueada la circulaci\u00f3n en la Avenida Ermita Iztapalapa, entre Eje 3 Oriente y La Viga. El personal m\u00e9dico asegura que no tienen los materiales necesarios, como cubrebocas\u2026","rel":"","context":"En &quot;CINTILLO&quot;","block_context":{"text":"CINTILLO","link":"https:\/\/www.grieta.org.mx\/index.php\/category\/cintillo\/"},"img":{"alt_text":"","src":"https:\/\/i0.wp.com\/www.grieta.org.mx\/wp-content\/uploads\/2020\/04\/Personal-m%C3%A9dico-bloquea-Ermita-Iztapalapa-por-falta-de-insumos-cdmx-abr.jpg?resize=350%2C200&ssl=1","width":350,"height":200,"srcset":"https:\/\/i0.wp.com\/www.grieta.org.mx\/wp-content\/uploads\/2020\/04\/Personal-m%C3%A9dico-bloquea-Ermita-Iztapalapa-por-falta-de-insumos-cdmx-abr.jpg?resize=350%2C200&ssl=1 1x, https:\/\/i0.wp.com\/www.grieta.org.mx\/wp-content\/uploads\/2020\/04\/Personal-m%C3%A9dico-bloquea-Ermita-Iztapalapa-por-falta-de-insumos-cdmx-abr.jpg?resize=525%2C300&ssl=1 1.5x, https:\/\/i0.wp.com\/www.grieta.org.mx\/wp-content\/uploads\/2020\/04\/Personal-m%C3%A9dico-bloquea-Ermita-Iztapalapa-por-falta-de-insumos-cdmx-abr.jpg?resize=700%2C400&ssl=1 2x, https:\/\/i0.wp.com\/www.grieta.org.mx\/wp-content\/uploads\/2020\/04\/Personal-m%C3%A9dico-bloquea-Ermita-Iztapalapa-por-falta-de-insumos-cdmx-abr.jpg?resize=1050%2C600&ssl=1 3x"},"classes":[]},{"id":47098,"url":"https:\/\/www.grieta.org.mx\/index.php\/2020\/03\/31\/personal-medico-se-manifiesta-en-eje-central-solicitan-insumos-ciudad-de-mexico\/","url_meta":{"origin":47078,"position":3},"title":"Personal m\u00e9dico se manifiesta en Eje Central, solicitan insumos (Ciudad de M\u00e9xico)","author":"grieta","date":"31 marzo, 2020","format":false,"excerpt":"Imagen tomada de: letraroja.com Letra Roja Los trabajadores solicitan a las autoridades insumos y equipo para poder realizar su trabajo de manera segura ante la contingencia M\u00e9xico. Este martes, personal m\u00e9dico inici\u00f3 una manifestaci\u00f3n en el cruce de Eje Central, L\u00e1zaro C\u00e1rdenas y Manuel Gonz\u00e1lez en la Ciudad de M\u00e9xico.\u2026","rel":"","context":"En &quot;CINTILLO&quot;","block_context":{"text":"CINTILLO","link":"https:\/\/www.grieta.org.mx\/index.php\/category\/cintillo\/"},"img":{"alt_text":"","src":"https:\/\/i0.wp.com\/www.grieta.org.mx\/wp-content\/uploads\/2020\/04\/Personal-m%C3%A9dico-se-manifiesta-en-Eje-Central-solicitan-insumos-cdmx-abr.jpg?resize=350%2C200","width":350,"height":200},"classes":[]},{"id":46659,"url":"https:\/\/www.grieta.org.mx\/index.php\/2020\/03\/23\/personal-del-imss-protesta-por-falta-de-insumos-y-protocolos-ante-covid-19-ciudad-de-mexico\/","url_meta":{"origin":47078,"position":4},"title":"Personal del IMSS protesta por falta de insumos y protocolos ante Covid-19 (Ciudad de M\u00e9xico)","author":"grieta","date":"23 marzo, 2020","format":false,"excerpt":"Foto: Jorge Gonz\u00e1lez Jorge Gonz\u00e1lez \/ Excelsior Enfermeras, camilleros y doctores de la Cl\u00ednica 32, piden capacitaci\u00f3n y medidas para la recepci\u00f3n de pacientes CIUDAD DE M\u00c9XICO. La ma\u00f1ana de este lunes, trabajadores del Instituto Mexicano del Seguro Social (IMSS) salieron a las calles a levantar la voz por la\u2026","rel":"","context":"En &quot;CINTILLO&quot;","block_context":{"text":"CINTILLO","link":"https:\/\/www.grieta.org.mx\/index.php\/category\/cintillo\/"},"img":{"alt_text":"","src":"https:\/\/i0.wp.com\/www.grieta.org.mx\/wp-content\/uploads\/2020\/03\/Personal-del-IMSS-protesta-por-falta-de-insumos-y-protocolos-ante-Covid-19-cdmx-mzo.jpg?resize=350%2C200&ssl=1","width":350,"height":200,"srcset":"https:\/\/i0.wp.com\/www.grieta.org.mx\/wp-content\/uploads\/2020\/03\/Personal-del-IMSS-protesta-por-falta-de-insumos-y-protocolos-ante-Covid-19-cdmx-mzo.jpg?resize=350%2C200&ssl=1 1x, https:\/\/i0.wp.com\/www.grieta.org.mx\/wp-content\/uploads\/2020\/03\/Personal-del-IMSS-protesta-por-falta-de-insumos-y-protocolos-ante-Covid-19-cdmx-mzo.jpg?resize=525%2C300&ssl=1 1.5x, https:\/\/i0.wp.com\/www.grieta.org.mx\/wp-content\/uploads\/2020\/03\/Personal-del-IMSS-protesta-por-falta-de-insumos-y-protocolos-ante-Covid-19-cdmx-mzo.jpg?resize=700%2C400&ssl=1 2x, https:\/\/i0.wp.com\/www.grieta.org.mx\/wp-content\/uploads\/2020\/03\/Personal-del-IMSS-protesta-por-falta-de-insumos-y-protocolos-ante-Covid-19-cdmx-mzo.jpg?resize=1050%2C600&ssl=1 3x"},"classes":[]},{"id":56308,"url":"https:\/\/www.grieta.org.mx\/index.php\/2021\/01\/13\/protestan-anestesiologos-del-hospital-nicolas-san-juan-por-no-recibir-vacuna-estado-de-mexico\/","url_meta":{"origin":47078,"position":5},"title":"Protestan anestesi\u00f3logos del hospital Nicol\u00e1s San Juan por no recibir vacuna (Estado de M\u00e9xico)","author":"grieta","date":"13 enero, 2021","format":false,"excerpt":"Fotos: Cortes\u00eda \/ Fernando Sapichu Filiberto Ramos \/ El Sol de Toluca Tras no ser considerados se manifestaron a las afueras del nosocomio a la espera de ser escuchados por las autoridades de salud Especialistas del hospital Doctor Nicol\u00e1s San Juan, ubicado en la capital mexiquense, protestaron este mi\u00e9rcoles luego\u2026","rel":"","context":"En &quot;CINTILLO&quot;","block_context":{"text":"CINTILLO","link":"https:\/\/www.grieta.org.mx\/index.php\/category\/cintillo\/"},"img":{"alt_text":"","src":"https:\/\/i0.wp.com\/www.grieta.org.mx\/wp-content\/uploads\/2021\/01\/Protestan-anestesiologos-del-hospital-Nicolas-San-Juan-por-no-recibir-vacuna-edomex-ene.jpg?resize=350%2C200&ssl=1","width":350,"height":200,"srcset":"https:\/\/i0.wp.com\/www.grieta.org.mx\/wp-content\/uploads\/2021\/01\/Protestan-anestesiologos-del-hospital-Nicolas-San-Juan-por-no-recibir-vacuna-edomex-ene.jpg?resize=350%2C200&ssl=1 1x, https:\/\/i0.wp.com\/www.grieta.org.mx\/wp-content\/uploads\/2021\/01\/Protestan-anestesiologos-del-hospital-Nicolas-San-Juan-por-no-recibir-vacuna-edomex-ene.jpg?resize=525%2C300&ssl=1 1.5x, https:\/\/i0.wp.com\/www.grieta.org.mx\/wp-content\/uploads\/2021\/01\/Protestan-anestesiologos-del-hospital-Nicolas-San-Juan-por-no-recibir-vacuna-edomex-ene.jpg?resize=700%2C400&ssl=1 2x"},"classes":[]}],"_links":{"self":[{"href":"https:\/\/www.grieta.org.mx\/index.php\/wp-json\/wp\/v2\/posts\/47078","targetHints":{"allow":["GET"]}}],"collection":[{"href":"https:\/\/www.grieta.org.mx\/index.php\/wp-json\/wp\/v2\/posts"}],"about":[{"href":"https:\/\/www.grieta.org.mx\/index.php\/wp-json\/wp\/v2\/types\/post"}],"author":[{"embeddable":true,"href":"https:\/\/www.grieta.org.mx\/index.php\/wp-json\/wp\/v2\/users\/2"}],"replies":[{"embeddable":true,"href":"https:\/\/www.grieta.org.mx\/index.php\/wp-json\/wp\/v2\/comments?post=47078"}],"version-history":[{"count":1,"href":"https:\/\/www.grieta.org.mx\/index.php\/wp-json\/wp\/v2\/posts\/47078\/revisions"}],"predecessor-version":[{"id":47082,"href":"https:\/\/www.grieta.org.mx\/index.php\/wp-json\/wp\/v2\/posts\/47078\/revisions\/47082"}],"wp:featuredmedia":[{"embeddable":true,"href":"https:\/\/www.grieta.org.mx\/index.php\/wp-json\/wp\/v2\/media\/47079"}],"wp:attachment":[{"href":"https:\/\/www.grieta.org.mx\/index.php\/wp-json\/wp\/v2\/media?parent=47078"}],"wp:term":[{"taxonomy":"category","embeddable":true,"href":"https:\/\/www.grieta.org.mx\/index.php\/wp-json\/wp\/v2\/categories?post=47078"},{"taxonomy":"post_tag","embeddable":true,"href":"https:\/\/www.grieta.org.mx\/index.php\/wp-json\/wp\/v2\/tags?post=47078"}],"curies":[{"name":"wp","href":"https:\/\/api.w.org\/{rel}","templated":true}]}}