{"id":47049,"date":"2020-04-01T00:06:38","date_gmt":"2020-04-01T06:06:38","guid":{"rendered":"http:\/\/www.grieta.org.mx\/?p=47049"},"modified":"2020-04-01T00:06:38","modified_gmt":"2020-04-01T06:06:38","slug":"frente-de-pueblos-exige-reunion-con-enagas-por-gasoducto-morelos-puebla-morelos","status":"publish","type":"post","link":"https:\/\/www.grieta.org.mx\/index.php\/2020\/04\/01\/frente-de-pueblos-exige-reunion-con-enagas-por-gasoducto-morelos-puebla-morelos\/","title":{"rendered":"Frente de Pueblos exige reuni\u00f3n con Enagas por gasoducto Morelos (Puebla, Morelos)"},"content":{"rendered":"<figure id=\"attachment_47050\" aria-describedby=\"caption-attachment-47050\" style=\"width: 800px\" class=\"wp-caption aligncenter\"><a href=\"http:\/\/www.grieta.org.mx\/wp-content\/uploads\/2020\/04\/ductos-proyecto-integral-morelos-gasoducto.jpg\"><img loading=\"lazy\" decoding=\"async\" data-attachment-id=\"47050\" data-permalink=\"https:\/\/www.grieta.org.mx\/index.php\/2020\/04\/01\/frente-de-pueblos-exige-reunion-con-enagas-por-gasoducto-morelos-puebla-morelos\/ductos-proyecto-integral-morelos-gasoducto\/\" data-orig-file=\"https:\/\/www.grieta.org.mx\/wp-content\/uploads\/2020\/04\/ductos-proyecto-integral-morelos-gasoducto.jpg\" data-orig-size=\"620,330\" data-comments-opened=\"0\" data-image-meta=\"{&quot;aperture&quot;:&quot;0&quot;,&quot;credit&quot;:&quot;&quot;,&quot;camera&quot;:&quot;&quot;,&quot;caption&quot;:&quot;&quot;,&quot;created_timestamp&quot;:&quot;0&quot;,&quot;copyright&quot;:&quot;&quot;,&quot;focal_length&quot;:&quot;0&quot;,&quot;iso&quot;:&quot;0&quot;,&quot;shutter_speed&quot;:&quot;0&quot;,&quot;title&quot;:&quot;&quot;,&quot;orientation&quot;:&quot;0&quot;}\" data-image-title=\"ductos-proyecto-integral-morelos-gasoducto\" data-image-description=\"\" data-image-caption=\"&lt;p&gt;Foto: EsImagen&lt;\/p&gt;\n\" data-medium-file=\"https:\/\/www.grieta.org.mx\/wp-content\/uploads\/2020\/04\/ductos-proyecto-integral-morelos-gasoducto-300x160.jpg\" data-large-file=\"https:\/\/www.grieta.org.mx\/wp-content\/uploads\/2020\/04\/ductos-proyecto-integral-morelos-gasoducto.jpg\" class=\"wp-image-47050\" src=\"http:\/\/www.grieta.org.mx\/wp-content\/uploads\/2020\/04\/ductos-proyecto-integral-morelos-gasoducto.jpg\" alt=\"\" width=\"800\" height=\"426\" srcset=\"https:\/\/www.grieta.org.mx\/wp-content\/uploads\/2020\/04\/ductos-proyecto-integral-morelos-gasoducto.jpg 620w, https:\/\/www.grieta.org.mx\/wp-content\/uploads\/2020\/04\/ductos-proyecto-integral-morelos-gasoducto-300x160.jpg 300w\" sizes=\"auto, (max-width: 800px) 100vw, 800px\" \/><\/a><figcaption id=\"caption-attachment-47050\" class=\"wp-caption-text\">Foto: EsImagen<\/figcaption><\/figure>\n<p>Redacci\u00f3n \/ \u00c1ngulo 7<\/p>\n<p>El Frente de Pueblos en Defensa de la Tierra y Agua Morelos, Puebla, Tlaxcala (Fpdtampt) exigi\u00f3, por segunda vez, a la espa\u00f1ola Enagas, una reuni\u00f3n para pedir que desista al Proyecto Integral Morelos (PIM), pues el gasoducto significar\u00eda una violaci\u00f3n grave a los derechos humanos.<\/p>\n<p>La organizaci\u00f3n indic\u00f3 que, el pasado 5 de marzo, la compa\u00f1\u00eda de gas que obtuvo la concesi\u00f3n recibi\u00f3 una carta de denuncia en sus oficinas, y a trav\u00e9s de medios digitales, donde se se\u00f1alaba su responsabilidad en la violaci\u00f3n de derechos humanos como el incumplimiento de la consulta previa, libre e informada y la omisi\u00f3n de las recomendaciones de las autoridades mexicanas para evitar el riesgo que tiene la obra por su proximidad al Popocatepetl.<\/p>\n<p>Tambi\u00e9n, le recalcaron los impactos ambientales en la construcci\u00f3n del gasoducto; la militarizaci\u00f3n de la obra y la criminalizaci\u00f3n de defensores del territorio que se oponen al proyecto; la realizaci\u00f3n de amenazas y el uso ilegal de firmas para legitimar el desarrollo de la obra.<\/p>\n<p>Por todo ello, se exig\u00eda una reuni\u00f3n con la direcci\u00f3n de la empresa y la puesta en marcha de medidas para frenar la violaci\u00f3n de los derechos humanos, como su retirada del proyecto, su renuncia a presentar litigios en tribunales de arbitraje internacional y la reparaci\u00f3n del da\u00f1o causado a las comunidades afectadas.<\/p>\n<p>La respuesta que recibieron \u2013indicaron\u2014fue se\u00f1alar que han dado cumplimiento al contrato para la construcci\u00f3n del gasoducto que ten\u00edan y que cualquier tipo de violaci\u00f3n de derechos humanos que se ha cometido durante la obra es ajena a su responsabilidad.<br \/>\n\u201cEnagas s\u00ed es responsable de violaciones a DH\u201d<\/p>\n<p>A pesar de estos argumentos, \u201cque son los que suelen emplear las compa\u00f1\u00edas transnacionales para desvincularse de los da\u00f1os que causa por obras contratadas por el Estado y por sus filiales, la realidad es que s\u00ed tiene responsabilidad, pues la empresa no est\u00e1 tomando en cuenta el principio de debida diligencia que debe guardar en materia de derechos humanos\u201d.<\/p>\n<p>Record\u00f3 a la empresa espa\u00f1ola la queja que las L\u00edneas Directrices de la OCDE para Empresas Multinacionales son exigentes en materia de debida diligencia, de tal forma que la posici\u00f3n de contratista no exime a la firma del cumplimiento de los m\u00e1s altos est\u00e1ndares internacionales, m\u00e1s all\u00e1 del mero cumplimiento de la legalidad en el pa\u00eds de destino.<\/p>\n<p>Finalmente, indicaron que Enagas no puede desentenderse de su responsabilidad sobre las graves violaciones a los derechos humanos que ha causado con el gasoducto que pretende operar en zona de peligro volc\u00e1nico, por lo que resaltaron que insistir\u00e1n en una reuni\u00f3n con la direcci\u00f3n de la compa\u00f1\u00eda, una vez finalice la situaci\u00f3n de emergencia por el Covid-19, su retirada del proyecto y la reparaci\u00f3n del da\u00f1o causado.<\/p>\n<p>Cabe mencionar que en febrero, tras una consulta que no tuvo el visto bueno del Fpdtampt, la Federaci\u00f3n dio a conocer que el proyecto continuaba, pues gan\u00f3 el s\u00ed con 59.5 por ciento a favor, sin embargo, a\u00fan hay amparos interpuestos en al menos 11 comunidades donde pasa la infraestructura.<\/p>\n<p><a href=\"https:\/\/www.angulo7.com.mx\/2020\/03\/31\/frente-de-pueblos-exige-reunion-con-enagas-por-gasoducto-morelos\/\">https:\/\/www.angulo7.com.mx\/2020\/03\/31\/frente-de-pueblos-exige-reunion-con-enagas-por-gasoducto-morelos\/<\/a><\/p>\n","protected":false},"excerpt":{"rendered":"<p>Redacci\u00f3n \/ \u00c1ngulo 7 El Frente de Pueblos en Defensa de la Tierra y Agua Morelos, Puebla, Tlaxcala (Fpdtampt) exigi\u00f3, por segunda vez, a la espa\u00f1ola Enagas, una reuni\u00f3n para &hellip; <a href=\"https:\/\/www.grieta.org.mx\/index.php\/2020\/04\/01\/frente-de-pueblos-exige-reunion-con-enagas-por-gasoducto-morelos-puebla-morelos\/\" class=\"more-link\">Leer m\u00e1s<\/a><\/p>\n","protected":false},"author":1,"featured_media":47050,"comment_status":"closed","ping_status":"closed","sticky":false,"template":"","format":"standard","meta":{"ngg_post_thumbnail":0,"_jetpack_newsletter_access":"","_jetpack_dont_email_post_to_subs":false,"_jetpack_newsletter_tier_id":0,"_jetpack_memberships_contains_paywalled_content":false,"_jetpack_memberships_contains_paid_content":false,"footnotes":""},"categories":[80,3,922,22,938,942,2,44,26,1171,1249],"tags":[628,775],"class_list":["post-47049","post","type-post","status-publish","format-standard","has-post-thumbnail","hentry","category-cintillo","category-megaproyectos","category-megaproyectos-estados","category-morelos","category-mp-morelos","category-mp-puebla","category-noticias-nacionales","category-proyecto-integral-morelos","category-puebla","category-rechazo-al-proyecto-integral-morelos-pim-en-morelos","category-rechazo-al-proyecto-interal-morelos-en-puebla","tag-defensa-del-territorio","tag-gasoducto-morelos","entry"],"jetpack_featured_media_url":"https:\/\/www.grieta.org.mx\/wp-content\/uploads\/2020\/04\/ductos-proyecto-integral-morelos-gasoducto.jpg","jetpack_sharing_enabled":true,"jetpack_shortlink":"https:\/\/wp.me\/p7ZJR4-ceR","jetpack_likes_enabled":false,"jetpack-related-posts":[{"id":28690,"url":"https:\/\/www.grieta.org.mx\/index.php\/2019\/01\/30\/opositores-a-gasoducto-temen-que-amlo-lo-apruebe-sin-escucharlos-puebla-morelos-tlaxcala\/","url_meta":{"origin":47049,"position":0},"title":"Opositores a gasoducto temen que AMLO lo apruebe sin escucharlos (Puebla, Morelos, Tlaxcala)","author":"grieta","date":"30 enero, 2019","format":false,"excerpt":"Laura Ruiz \/ e-consulta En v\u00edsperas del resolutivo que el 11 de febrero dar\u00e1 el presidente Andr\u00e9s Manuel L\u00f3pez Obrador (AMLO) sobre el Proyecto Integral Morelos o Gasoducto Morelos, activistas lamentaron que su gobierno ha actuado con miras a aprobar la continuidad del proyecto pese a sus afectaciones. Al fijar\u2026","rel":"","context":"En &quot;CINTILLO&quot;","block_context":{"text":"CINTILLO","link":"https:\/\/www.grieta.org.mx\/index.php\/category\/cintillo\/"},"img":{"alt_text":"","src":"https:\/\/i0.wp.com\/www.grieta.org.mx\/wp-content\/uploads\/2019\/02\/gas_5_0.jpg?resize=350%2C200&ssl=1","width":350,"height":200,"srcset":"https:\/\/i0.wp.com\/www.grieta.org.mx\/wp-content\/uploads\/2019\/02\/gas_5_0.jpg?resize=350%2C200&ssl=1 1x, https:\/\/i0.wp.com\/www.grieta.org.mx\/wp-content\/uploads\/2019\/02\/gas_5_0.jpg?resize=525%2C300&ssl=1 1.5x"},"classes":[]},{"id":29268,"url":"https:\/\/www.grieta.org.mx\/index.php\/2019\/02\/20\/asesinan-a-lider-de-opositores-a-la-termoelectrica-en-morelos\/","url_meta":{"origin":47049,"position":1},"title":"Asesinan a l\u00edder de opositores a la termoel\u00e9ctrica en Morelos","author":"grieta","date":"20 febrero, 2019","format":false,"excerpt":"Redacci\u00f3n \/ Quadratin Morelos TEMOAC, Mor., 20 de Febrero del 2019.- Fue confirmada la muerte de Samir Flores Soberanes tras un ataque armado la madrugada de este mi\u00e9rcoles en su domicilio en Amilcingo por un comando armado, seg\u00fan los primeros reportes. Se trata de qui\u00e9n encabez\u00f3 desde el inicio de\u2026","rel":"","context":"En &quot;10. Huexca&quot;","block_context":{"text":"10. Huexca","link":"https:\/\/www.grieta.org.mx\/index.php\/category\/espejos-de-la-resistencia\/10-huexca\/"},"img":{"alt_text":"","src":"https:\/\/i0.wp.com\/www.grieta.org.mx\/wp-content\/uploads\/2019\/02\/IMG_20190220_075909-1160x700.jpg?resize=350%2C200&ssl=1","width":350,"height":200,"srcset":"https:\/\/i0.wp.com\/www.grieta.org.mx\/wp-content\/uploads\/2019\/02\/IMG_20190220_075909-1160x700.jpg?resize=350%2C200&ssl=1 1x, https:\/\/i0.wp.com\/www.grieta.org.mx\/wp-content\/uploads\/2019\/02\/IMG_20190220_075909-1160x700.jpg?resize=525%2C300&ssl=1 1.5x, https:\/\/i0.wp.com\/www.grieta.org.mx\/wp-content\/uploads\/2019\/02\/IMG_20190220_075909-1160x700.jpg?resize=700%2C400&ssl=1 2x, https:\/\/i0.wp.com\/www.grieta.org.mx\/wp-content\/uploads\/2019\/02\/IMG_20190220_075909-1160x700.jpg?resize=1050%2C600&ssl=1 3x"},"classes":[]},{"id":37578,"url":"https:\/\/www.grieta.org.mx\/index.php\/2019\/07\/09\/frente-unido-todos-somos-cacalotepec-pedira-replica-a-amlo-contra-el-proyecto-integral-morelos\/","url_meta":{"origin":47049,"position":2},"title":"Frente Unido Todos Somos Cacalotepec pedir\u00e1 r\u00e9plica a AMLO contra el Proyecto Integral Morelos","author":"grieta","date":"9 julio, 2019","format":false,"excerpt":"Israel Tepox \/ Desde Puebla \u201cEl d\u00eda 8 de julio usted (AMLO) anunci\u00f3 que hablar\u00e1 con los afectados del PIM (Proyecto Integral Morelos) que nos va a ir a ver de manera directa y que nos explicar\u00e1 las cifras del proyecto, que buscar\u00e1 convencernos que el proyecto se tiene que\u2026","rel":"","context":"En &quot;10. Huexca&quot;","block_context":{"text":"10. Huexca","link":"https:\/\/www.grieta.org.mx\/index.php\/category\/espejos-de-la-resistencia\/10-huexca\/"},"img":{"alt_text":"","src":"https:\/\/i0.wp.com\/www.grieta.org.mx\/wp-content\/uploads\/2019\/08\/FB_IMG_1562710460892.jpg?resize=350%2C200&ssl=1","width":350,"height":200,"srcset":"https:\/\/i0.wp.com\/www.grieta.org.mx\/wp-content\/uploads\/2019\/08\/FB_IMG_1562710460892.jpg?resize=350%2C200&ssl=1 1x, https:\/\/i0.wp.com\/www.grieta.org.mx\/wp-content\/uploads\/2019\/08\/FB_IMG_1562710460892.jpg?resize=525%2C300&ssl=1 1.5x"},"classes":[]},{"id":32015,"url":"https:\/\/www.grieta.org.mx\/index.php\/2019\/04\/09\/juez-exige-al-gobierno-subsanar-irregularidades-en-la-construccion-del-gasoducto-en-morelos\/","url_meta":{"origin":47049,"position":3},"title":"Juez exige al gobierno subsanar irregularidades en la construcci\u00f3n del gasoducto en Morelos","author":"grieta","date":"9 abril, 2019","format":false,"excerpt":"POR JOS\u00c9 RA\u00daL LINARES Y JAIME LUIS BRITO \/ Proceso CIUDAD DE M\u00c9XICO (apro).- Ante el aumento de la actividad del volc\u00e1n Popocat\u00e9petl, un juez federal con sede en Puebla, otorg\u00f3 un amparo de plano a favor de dos comunidades cercanas al cr\u00e1ter, a fin de que las autoridades subsanen\u2026","rel":"","context":"En &quot;10. Huexca&quot;","block_context":{"text":"10. Huexca","link":"https:\/\/www.grieta.org.mx\/index.php\/category\/espejos-de-la-resistencia\/10-huexca\/"},"img":{"alt_text":"","src":"https:\/\/i0.wp.com\/www.grieta.org.mx\/wp-content\/uploads\/2019\/04\/gg51.jpg?resize=350%2C200&ssl=1","width":350,"height":200,"srcset":"https:\/\/i0.wp.com\/www.grieta.org.mx\/wp-content\/uploads\/2019\/04\/gg51.jpg?resize=350%2C200&ssl=1 1x, https:\/\/i0.wp.com\/www.grieta.org.mx\/wp-content\/uploads\/2019\/04\/gg51.jpg?resize=525%2C300&ssl=1 1.5x, https:\/\/i0.wp.com\/www.grieta.org.mx\/wp-content\/uploads\/2019\/04\/gg51.jpg?resize=700%2C400&ssl=1 2x, https:\/\/i0.wp.com\/www.grieta.org.mx\/wp-content\/uploads\/2019\/04\/gg51.jpg?resize=1050%2C600&ssl=1 3x"},"classes":[]},{"id":31703,"url":"https:\/\/www.grieta.org.mx\/index.php\/2019\/03\/28\/lo-que-sabemos-del-gasoducto-a-las-faldas-del-popocatepetl\/","url_meta":{"origin":47049,"position":4},"title":"Lo que sabemos del gasoducto a las faldas del Popocat\u00e9petl","author":"grieta","date":"28 marzo, 2019","format":false,"excerpt":"Carolina Garc\u00eda \/ El Universal El Proyecto Integral Morelos (PIM) consiste en la construcci\u00f3n de dos termoel\u00e9ctricas de ciclo combinado de 622 megawatts en la comunidad de Huexca, un gasoducto de 160 km de longitud y 30 pulgadas de di\u00e1metro (con capacidad para transportar diariamente 9 mil millones de litros\u2026","rel":"","context":"En &quot;10. Huexca&quot;","block_context":{"text":"10. Huexca","link":"https:\/\/www.grieta.org.mx\/index.php\/category\/espejos-de-la-resistencia\/10-huexca\/"},"img":{"alt_text":"","src":"https:\/\/i0.wp.com\/www.grieta.org.mx\/wp-content\/uploads\/2019\/04\/direct-4.jpg?resize=350%2C200&ssl=1","width":350,"height":200,"srcset":"https:\/\/i0.wp.com\/www.grieta.org.mx\/wp-content\/uploads\/2019\/04\/direct-4.jpg?resize=350%2C200&ssl=1 1x, https:\/\/i0.wp.com\/www.grieta.org.mx\/wp-content\/uploads\/2019\/04\/direct-4.jpg?resize=525%2C300&ssl=1 1.5x"},"classes":[]},{"id":19803,"url":"https:\/\/www.grieta.org.mx\/index.php\/2016\/08\/22\/rechazo-al-proyecto-interal-morelos-en-puebla\/","url_meta":{"origin":47049,"position":5},"title":"Rechazo al Proyecto Interal Morelos en Puebla","author":"grieta","date":"22 agosto, 2016","format":false,"excerpt":"22\/08\/16. Campesinos prueban riesgos del gasoducto Morelos a Juzgado Octavo (Puebla) La Jornada de Oriente 18\/07\/16. Ind\u00edgenas ven en el proyecto energ\u00e9tico cercano al volc\u00e1n Popocat\u00e9petl un riesgo para la poblaci\u00f3n Eju TV 08\/07\/16. Gasoducto Morelos violenta Ordenamiento Ecol\u00f3gico del Izta\u2013Popo: Tovar (Puebla) La Jornada de Oriente 23\/10\/14. Logran campesinos\u2026","rel":"","context":"En &quot;NOTICIAS NACIONALES&quot;","block_context":{"text":"NOTICIAS NACIONALES","link":"https:\/\/www.grieta.org.mx\/index.php\/category\/noticias-nacionales\/"},"img":{"alt_text":"","src":"https:\/\/i0.wp.com\/www.grieta.org.mx\/wp-content\/uploads\/2018\/03\/14524434_1106112876131411_958039263622046936_o.jpg?resize=350%2C200&ssl=1","width":350,"height":200,"srcset":"https:\/\/i0.wp.com\/www.grieta.org.mx\/wp-content\/uploads\/2018\/03\/14524434_1106112876131411_958039263622046936_o.jpg?resize=350%2C200&ssl=1 1x, https:\/\/i0.wp.com\/www.grieta.org.mx\/wp-content\/uploads\/2018\/03\/14524434_1106112876131411_958039263622046936_o.jpg?resize=525%2C300&ssl=1 1.5x, https:\/\/i0.wp.com\/www.grieta.org.mx\/wp-content\/uploads\/2018\/03\/14524434_1106112876131411_958039263622046936_o.jpg?resize=700%2C400&ssl=1 2x"},"classes":[]}],"_links":{"self":[{"href":"https:\/\/www.grieta.org.mx\/index.php\/wp-json\/wp\/v2\/posts\/47049","targetHints":{"allow":["GET"]}}],"collection":[{"href":"https:\/\/www.grieta.org.mx\/index.php\/wp-json\/wp\/v2\/posts"}],"about":[{"href":"https:\/\/www.grieta.org.mx\/index.php\/wp-json\/wp\/v2\/types\/post"}],"author":[{"embeddable":true,"href":"https:\/\/www.grieta.org.mx\/index.php\/wp-json\/wp\/v2\/users\/1"}],"replies":[{"embeddable":true,"href":"https:\/\/www.grieta.org.mx\/index.php\/wp-json\/wp\/v2\/comments?post=47049"}],"version-history":[{"count":1,"href":"https:\/\/www.grieta.org.mx\/index.php\/wp-json\/wp\/v2\/posts\/47049\/revisions"}],"predecessor-version":[{"id":47051,"href":"https:\/\/www.grieta.org.mx\/index.php\/wp-json\/wp\/v2\/posts\/47049\/revisions\/47051"}],"wp:featuredmedia":[{"embeddable":true,"href":"https:\/\/www.grieta.org.mx\/index.php\/wp-json\/wp\/v2\/media\/47050"}],"wp:attachment":[{"href":"https:\/\/www.grieta.org.mx\/index.php\/wp-json\/wp\/v2\/media?parent=47049"}],"wp:term":[{"taxonomy":"category","embeddable":true,"href":"https:\/\/www.grieta.org.mx\/index.php\/wp-json\/wp\/v2\/categories?post=47049"},{"taxonomy":"post_tag","embeddable":true,"href":"https:\/\/www.grieta.org.mx\/index.php\/wp-json\/wp\/v2\/tags?post=47049"}],"curies":[{"name":"wp","href":"https:\/\/api.w.org\/{rel}","templated":true}]}}