{"id":47033,"date":"2020-03-31T22:10:31","date_gmt":"2020-04-01T04:10:31","guid":{"rendered":"http:\/\/www.grieta.org.mx\/?p=47033"},"modified":"2020-03-31T22:10:59","modified_gmt":"2020-04-01T04:10:59","slug":"denuncian-detencion-del-defensor-otomi-ivan-vargas-gonzalez-xochicuautla-edomex","status":"publish","type":"post","link":"https:\/\/www.grieta.org.mx\/index.php\/2020\/03\/31\/denuncian-detencion-del-defensor-otomi-ivan-vargas-gonzalez-xochicuautla-edomex\/","title":{"rendered":"Denuncian detenci\u00f3n del defensor otom\u00ed Iv\u00e1n Vargas Gonz\u00e1lez (Xochicuautla, Edomex)"},"content":{"rendered":"<p>Neldy San Mart\u00edn\/ PROCESO<\/p>\n<figure id=\"attachment_47034\" aria-describedby=\"caption-attachment-47034\" style=\"width: 800px\" class=\"wp-caption aligncenter\"><img loading=\"lazy\" decoding=\"async\" data-attachment-id=\"47034\" data-permalink=\"https:\/\/www.grieta.org.mx\/index.php\/2020\/03\/31\/denuncian-detencion-del-defensor-otomi-ivan-vargas-gonzalez-xochicuautla-edomex\/ivan-vargas\/\" data-orig-file=\"https:\/\/www.grieta.org.mx\/wp-content\/uploads\/2020\/03\/Iv\u00e1n-Vargas.jpg\" data-orig-size=\"702,503\" data-comments-opened=\"0\" data-image-meta=\"{&quot;aperture&quot;:&quot;0&quot;,&quot;credit&quot;:&quot;&quot;,&quot;camera&quot;:&quot;&quot;,&quot;caption&quot;:&quot;&quot;,&quot;created_timestamp&quot;:&quot;0&quot;,&quot;copyright&quot;:&quot;&quot;,&quot;focal_length&quot;:&quot;0&quot;,&quot;iso&quot;:&quot;0&quot;,&quot;shutter_speed&quot;:&quot;0&quot;,&quot;title&quot;:&quot;&quot;,&quot;orientation&quot;:&quot;0&quot;}\" data-image-title=\"Iv\u00e1n Vargas\" data-image-description=\"\" data-image-caption=\"&lt;p&gt;El defensor otom\u00ed Iv\u00e1n Vargas Gonz\u00e1lez, detenido este martes 31 de marzo. Foto: Especial&lt;\/p&gt;\n\" data-medium-file=\"https:\/\/www.grieta.org.mx\/wp-content\/uploads\/2020\/03\/Iv\u00e1n-Vargas-300x215.jpg\" data-large-file=\"https:\/\/www.grieta.org.mx\/wp-content\/uploads\/2020\/03\/Iv\u00e1n-Vargas.jpg\" class=\"wp-image-47034\" src=\"http:\/\/www.grieta.org.mx\/wp-content\/uploads\/2020\/03\/Iv\u00e1n-Vargas.jpg\" alt=\"\" width=\"800\" height=\"573\" srcset=\"https:\/\/www.grieta.org.mx\/wp-content\/uploads\/2020\/03\/Iv\u00e1n-Vargas.jpg 702w, https:\/\/www.grieta.org.mx\/wp-content\/uploads\/2020\/03\/Iv\u00e1n-Vargas-300x215.jpg 300w, https:\/\/www.grieta.org.mx\/wp-content\/uploads\/2020\/03\/Iv\u00e1n-Vargas-698x500.jpg 698w\" sizes=\"auto, (max-width: 800px) 100vw, 800px\" \/><figcaption id=\"caption-attachment-47034\" class=\"wp-caption-text\">El defensor otom\u00ed Iv\u00e1n Vargas Gonz\u00e1lez, detenido este martes 31 de marzo. Foto: Especial<\/figcaption><\/figure>\n<p><strong>CIUDAD DE M\u00c9XICO (apro).- Pobladores de la comunidad ind\u00edgena otom\u00ed de San Francisco Xochicuautla, Estado de M\u00e9xico, denunciaron que el defensor otom\u00ed Iv\u00e1n Vargas Gonz\u00e1lez fue detenido este martes por polic\u00edas estatales y desconocen su paradero.<\/strong><\/p>\n<p>A las 9 de la ma\u00f1ana, Iv\u00e1n Vargas Gonz\u00e1lez y otros habitantes de la comunidad ind\u00edgena tuvieron que salir de sus casas, pese a las recomendaciones frente a la pandemia del covid-19, para impedir que los trabajadores de una filial de Grupo Higa continuaran las obras en su territorio para construir ilegalmente un tramo de la autopista Toluca-Naucalpan.<\/p>\n<p>Desoyendo la emergencia sanitaria y aun cuando la justicia ha ordenado la suspensi\u00f3n de las obras, empleados de la constructora Teya y Autovan, filial de Grupo Higa, retomaron el lunes las obras en el paraje \u201cla ndawada\u201d, resguardados por polic\u00edas estatales.<\/p>\n<p>Los habitantes notificaron a los trabajadores que no pod\u00edan estar ah\u00ed, porque un juez les otorg\u00f3 la suspensi\u00f3n definitiva de la obra. En respuesta, \u00e9stos empezaron a guardar sus herramientas, pero un polic\u00eda agredi\u00f3 a uno de los comuneros, seg\u00fan la narraci\u00f3n de los afectados.<\/p>\n<p>La tensi\u00f3n dur\u00f3 varios minutos. A empujones y golpes, los polic\u00edas de Alfredo del Mazo se enfrentaron con un grupo de hombres de la comunidad, entre ellos Iv\u00e1n Vargas, mientras algunas mujeres intentaban separarlos y otras grababan la escena con sus celulares.<\/p>\n<p>Horas m\u00e1s tarde, los habitantes se organizaron para bajar la maquinaria cuando vieron que presuntamente la polic\u00eda del estado se llevaba a su compa\u00f1ero en una patrulla.<\/p>\n<p>\u201cEl muchacho grit\u00f3: \u2018\u00a1ay\u00fadenme!, \u00a1ay\u00fadenme!\u2019, entonces ya volteamos y dijimos: \u00a1es Iv\u00e1n!, pero lo ten\u00edan abajo, lo iban empujando al suelo, entonces el muchacho iba grite y grite, y no s\u00e9 si le iban pegando, no lo s\u00e9\u201d, narr\u00f3 una de las se\u00f1oras que testific\u00f3 los hechos.<\/p>\n<p>El pasado jueves 5, el Juez Quinto de Distrito en materia de amparos y juicios federales en el Estado de M\u00e9xico resolvi\u00f3 el incidente de violaci\u00f3n de la suspensi\u00f3n definitiva, dentro del juicio de amparo 441\/2016.<\/p>\n<p>Los habitantes denunciaron que se ha incumplido la suspensi\u00f3n definitiva de la obra por parte de la empresa Teya-Autovan, filial de Grupo Higa, propiedad de Juan Armando Hinojosa Cant\u00fa, uno de los principales contratistas del sexenio de Enrique Pe\u00f1a Nieto.<\/p>\n<p>\u201cRequiere al Presidente Constitucional de los Estados Unidos Mexicanos, al secretario de Desarrollo Agrario, Territorial y Urbano (Sedatu) y al titular de Sistemas de Autopistas, Aeropuertos, Servicios Conexos y Auxiliares del Estado de M\u00e9xico (SAASCAEM), para que en el t\u00e9rmino de 24 horas cumplan con la suspensi\u00f3n definitiva otorgada\u2026 de no hacerlo ser\u00e1n denunciadas al Ministerio P\u00fablico de la federaci\u00f3n por el delito que establece la fracci\u00f3n III del art\u00edculo 262 de la Ley de Amparo\u201d, se\u00f1ala la resoluci\u00f3n.<\/p>\n<p>Desde 2015, la comunidad otom\u00ed ha encabezado una batalla legal en contra de la adjudicaci\u00f3n y construcci\u00f3n de la autopista de cuota Toluca-Naucalpan, y la justicia les ha dado la raz\u00f3n para salvaguardar los derechos de los pueblos originarios, su territorio, su cultura y sus ra\u00edces. Pese a ello, las obras contin\u00faan, e incluso los pobladores han denunciado graves da\u00f1os al bosque.<\/p>\n<p>\u201cLas empresas constructoras no han dejado de trabajar, el d\u00eda 12 de marzo nuestro bosque sufri\u00f3 otro ataque, a las 3:30 pm la empresa Teya y Autovan realiz\u00f3 una detonaci\u00f3n con explosivos de alto alcance en el paraje \u2018la ngoshti\u2019\u201d, acusaron en un comunicado el pasado 17 de marzo.<\/p>\n<p><a href=\"https:\/\/www.proceso.com.mx\/624038\/denuncian-detencion-del-defensor-otomi-ivan-vargas-gonzalez\" target=\"_blank\" rel=\"noopener noreferrer\">https:\/\/www.proceso.com.mx\/624038\/denuncian-detencion-del-defensor-otomi-ivan-vargas-gonzalez<\/a><\/p>\n","protected":false},"excerpt":{"rendered":"<p>Neldy San Mart\u00edn\/ PROCESO CIUDAD DE M\u00c9XICO (apro).- Pobladores de la comunidad ind\u00edgena otom\u00ed de San Francisco Xochicuautla, Estado de M\u00e9xico, denunciaron que el defensor otom\u00ed Iv\u00e1n Vargas Gonz\u00e1lez fue &hellip; <a href=\"https:\/\/www.grieta.org.mx\/index.php\/2020\/03\/31\/denuncian-detencion-del-defensor-otomi-ivan-vargas-gonzalez-xochicuautla-edomex\/\" class=\"more-link\">Leer m\u00e1s<\/a><\/p>\n","protected":false},"author":2,"featured_media":47034,"comment_status":"closed","ping_status":"closed","sticky":false,"template":"","format":"standard","meta":{"ngg_post_thumbnail":0,"_jetpack_newsletter_access":"","_jetpack_dont_email_post_to_subs":false,"_jetpack_newsletter_tier_id":0,"_jetpack_memberships_contains_paywalled_content":false,"_jetpack_memberships_contains_paid_content":false,"footnotes":""},"categories":[50,2798,306,80,2989,1278,964,1,954,16,1729,2,2661,2526,83,2398],"tags":[1037,2527],"class_list":["post-47033","post","type-post","status-publish","format-standard","has-post-thumbnail","hentry","category-6-xochicuautla","category-abuso-policiaco-y-tortura-en-el-estado-de-mexico","category-autopista-toluca-naucalpan","category-cintillo","category-despojo-de-tierras-en-el-estado-de-mexico","category-despojo-de-tierras-y-territorios","category-esp-edo-mex","category-espejos-de-la-resistencia","category-espejos-estados","category-estado-de-mexico","category-lucha-y-resistencia-del-pueblo-en-el-estado-de-mexico","category-noticias-nacionales","category-redes-de-resistencia-y-rebeldia","category-resistencia-de-los-pueblos-indigenas-del-estado-de-mexico","category-temas-nacionales","category-violencia-contra-luchadores-sociales-en-el-estado-de-mexico","tag-detenciones-arbitrarias","tag-xochicuautla","entry"],"jetpack_featured_media_url":"https:\/\/www.grieta.org.mx\/wp-content\/uploads\/2020\/03\/Iv\u00e1n-Vargas.jpg","jetpack_sharing_enabled":true,"jetpack_shortlink":"https:\/\/wp.me\/p7ZJR4-ceB","jetpack_likes_enabled":false,"jetpack-related-posts":[{"id":46092,"url":"https:\/\/www.grieta.org.mx\/index.php\/2020\/03\/10\/otorgan-suspension-de-la-autopista-toluca-naucalpan-y-vuelven-enfrentamientos-estado-de-mexico\/","url_meta":{"origin":47033,"position":0},"title":"Otorgan suspensi\u00f3n de la autopista Toluca-Naucalpan y vuelven enfrentamientos (Estado de M\u00e9xico)","author":"grieta","date":"10 marzo, 2020","format":false,"excerpt":"Foto: Cortes\u00eda San Francisco Xochicuautla Filiberto Ramos \/ El Sol de Toluca Uno de los cuatro juicios de amparo que se mantienen vigentes en contra de la obra vial tuvo resultados a favor de la comunidad de San Francisco Xochicuautla, seg\u00fan detallan los vecinos que se oponen a la obra\u2026","rel":"","context":"En &quot;6. Xochicuautla&quot;","block_context":{"text":"6. Xochicuautla","link":"https:\/\/www.grieta.org.mx\/index.php\/category\/espejos-de-la-resistencia\/6-xochicuautla\/"},"img":{"alt_text":"","src":"https:\/\/i0.wp.com\/www.grieta.org.mx\/wp-content\/uploads\/2020\/03\/Otorgan-suspensi%C3%B3n-de-la-autopista-Toluca-Naucalpan-y-vuelven-enfrentamientos-edomex-mzo.jpg?resize=350%2C200&ssl=1","width":350,"height":200,"srcset":"https:\/\/i0.wp.com\/www.grieta.org.mx\/wp-content\/uploads\/2020\/03\/Otorgan-suspensi%C3%B3n-de-la-autopista-Toluca-Naucalpan-y-vuelven-enfrentamientos-edomex-mzo.jpg?resize=350%2C200&ssl=1 1x, https:\/\/i0.wp.com\/www.grieta.org.mx\/wp-content\/uploads\/2020\/03\/Otorgan-suspensi%C3%B3n-de-la-autopista-Toluca-Naucalpan-y-vuelven-enfrentamientos-edomex-mzo.jpg?resize=525%2C300&ssl=1 1.5x, https:\/\/i0.wp.com\/www.grieta.org.mx\/wp-content\/uploads\/2020\/03\/Otorgan-suspensi%C3%B3n-de-la-autopista-Toluca-Naucalpan-y-vuelven-enfrentamientos-edomex-mzo.jpg?resize=700%2C400&ssl=1 2x"},"classes":[]},{"id":3285,"url":"https:\/\/www.grieta.org.mx\/index.php\/2015\/02\/27\/policia-del-estado-de-mexico-sitio-la-comunidad-otomi-de-xochicuautla-en-donde-se-pretende-imponer-proyecto-carretero\/","url_meta":{"origin":47033,"position":1},"title":"Polic\u00eda del Estado de M\u00e9xico siti\u00f3 la comunidad otom\u00ed de Xochicuautla, en donde se pretende imponer proyecto carretero","author":"grieta","date":"27 febrero, 2015","format":false,"excerpt":"Ciudad de M\u00e9xico, 27 de febrero de 2015. Desde las dos de la ma\u00f1ana de hoy, al menos 20 camionetas y tres camiones de la polic\u00eda del Estado de M\u00e9xico, sitiaron las orillas y centro de la comunidad de San Francisco de Xochicuautla, debido a la celebraci\u00f3n de una asamblea\u2026","rel":"","context":"En &quot;CINTILLO&quot;","block_context":{"text":"CINTILLO","link":"https:\/\/www.grieta.org.mx\/index.php\/category\/cintillo\/"},"img":{"alt_text":"","src":"https:\/\/i0.wp.com\/www.grieta.org.mx\/wp-content\/uploads\/2018\/03\/14524434_1106112876131411_958039263622046936_o.jpg?resize=350%2C200&ssl=1","width":350,"height":200,"srcset":"https:\/\/i0.wp.com\/www.grieta.org.mx\/wp-content\/uploads\/2018\/03\/14524434_1106112876131411_958039263622046936_o.jpg?resize=350%2C200&ssl=1 1x, https:\/\/i0.wp.com\/www.grieta.org.mx\/wp-content\/uploads\/2018\/03\/14524434_1106112876131411_958039263622046936_o.jpg?resize=525%2C300&ssl=1 1.5x, https:\/\/i0.wp.com\/www.grieta.org.mx\/wp-content\/uploads\/2018\/03\/14524434_1106112876131411_958039263622046936_o.jpg?resize=700%2C400&ssl=1 2x"},"classes":[]},{"id":3302,"url":"https:\/\/www.grieta.org.mx\/index.php\/2016\/09\/07\/despojo-de-tierra-en-xochicuautla-y-huitzizilapan-por-autopista-toluca-naucalpan\/","url_meta":{"origin":47033,"position":2},"title":"Despojo de tierra en Xochicuautla y Huitzizilapan por autopista Toluca-Naucalpan","author":"grieta","date":"7 septiembre, 2016","format":false,"excerpt":"07\/09\/16. Grupo Higa ignor\u00f3 a grupo de la ONU que investiga la construcci\u00f3n de autopista en XochicuautlaAnimal Pol\u00edtico 07\/09\/16. El derribo del Castillo en Xochicuautla, la afrenta contra habitantes expuesta ante la ONUAnimal Pol\u00edtico 01\/09\/16. Ni\u00f1os de Xochicuautla acusan a Pe\u00f1a, a La Gaviota e Higa por vulnerar derechosProceso 08\/06\/16.\u2026","rel":"","context":"En &quot;6. Xochicuautla&quot;","block_context":{"text":"6. Xochicuautla","link":"https:\/\/www.grieta.org.mx\/index.php\/category\/espejos-de-la-resistencia\/6-xochicuautla\/"},"img":{"alt_text":"","src":"https:\/\/i0.wp.com\/www.grieta.org.mx\/wp-content\/uploads\/2018\/03\/14524434_1106112876131411_958039263622046936_o.jpg?resize=350%2C200&ssl=1","width":350,"height":200,"srcset":"https:\/\/i0.wp.com\/www.grieta.org.mx\/wp-content\/uploads\/2018\/03\/14524434_1106112876131411_958039263622046936_o.jpg?resize=350%2C200&ssl=1 1x, https:\/\/i0.wp.com\/www.grieta.org.mx\/wp-content\/uploads\/2018\/03\/14524434_1106112876131411_958039263622046936_o.jpg?resize=525%2C300&ssl=1 1.5x, https:\/\/i0.wp.com\/www.grieta.org.mx\/wp-content\/uploads\/2018\/03\/14524434_1106112876131411_958039263622046936_o.jpg?resize=700%2C400&ssl=1 2x"},"classes":[]},{"id":47052,"url":"https:\/\/www.grieta.org.mx\/index.php\/2020\/04\/01\/grupo-higa-continua-autopista-ilegal-bajo-proteccion-de-guardia-y-policia-mexiquense-edomex\/","url_meta":{"origin":47033,"position":3},"title":"Grupo Higa contin\u00faa autopista ilegal, bajo protecci\u00f3n de Guardia y polic\u00eda mexiquense (Edomex)","author":"Admin","date":"1 abril, 2020","format":false,"excerpt":"Texto: Lydiette Carri\u00f3n \/ Pie de p\u00e1gina Ciudad de M\u00e9xico.- Este martes, los obreros que concluyen a todas prisas la autopista privada Naucalpan- Toluca llegaron a trabajar como si no hubiera emergencia sanitaria nacional; y como si no hubiera un amparo de suspensi\u00f3n definitiva. Llegaron en punto, a las nueve\u2026","rel":"","context":"En &quot;6. Xochicuautla&quot;","block_context":{"text":"6. Xochicuautla","link":"https:\/\/www.grieta.org.mx\/index.php\/category\/espejos-de-la-resistencia\/6-xochicuautla\/"},"img":{"alt_text":"","src":"https:\/\/i0.wp.com\/www.grieta.org.mx\/wp-content\/uploads\/2020\/04\/especial_xochichuautla.jpg?resize=350%2C200&ssl=1","width":350,"height":200,"srcset":"https:\/\/i0.wp.com\/www.grieta.org.mx\/wp-content\/uploads\/2020\/04\/especial_xochichuautla.jpg?resize=350%2C200&ssl=1 1x, https:\/\/i0.wp.com\/www.grieta.org.mx\/wp-content\/uploads\/2020\/04\/especial_xochichuautla.jpg?resize=525%2C300&ssl=1 1.5x, https:\/\/i0.wp.com\/www.grieta.org.mx\/wp-content\/uploads\/2020\/04\/especial_xochichuautla.jpg?resize=700%2C400&ssl=1 2x, https:\/\/i0.wp.com\/www.grieta.org.mx\/wp-content\/uploads\/2020\/04\/especial_xochichuautla.jpg?resize=1050%2C600&ssl=1 3x"},"classes":[]},{"id":39139,"url":"https:\/\/www.grieta.org.mx\/index.php\/2019\/09\/10\/nuevo-ataque-contra-comunidades-otomis-en-defensa-del-bosque\/","url_meta":{"origin":47033,"position":4},"title":"Nuevo ataque contra comunidades Otom\u00eds en defensa del bosque","author":"grieta","date":"10 septiembre, 2019","format":false,"excerpt":"Colectivo grieta, 10 de septiembre de 2019. El d\u00eda 9 de septiembre a las 9.30 de la ma\u00f1ana, pobladores de la comunidad San Francisco Xochicuautla en el Estado de M\u00e9xico, que resisten a la construcci\u00f3n de la autopista Toluca-Naucalpan, fueron agredidos por un grupo de golpeadores. En un comunicado hecho\u2026","rel":"","context":"En &quot;6. Xochicuautla&quot;","block_context":{"text":"6. Xochicuautla","link":"https:\/\/www.grieta.org.mx\/index.php\/category\/espejos-de-la-resistencia\/6-xochicuautla\/"},"img":{"alt_text":"","src":"https:\/\/i0.wp.com\/www.grieta.org.mx\/wp-content\/uploads\/2018\/03\/14524434_1106112876131411_958039263622046936_o.jpg?resize=350%2C200&ssl=1","width":350,"height":200,"srcset":"https:\/\/i0.wp.com\/www.grieta.org.mx\/wp-content\/uploads\/2018\/03\/14524434_1106112876131411_958039263622046936_o.jpg?resize=350%2C200&ssl=1 1x, https:\/\/i0.wp.com\/www.grieta.org.mx\/wp-content\/uploads\/2018\/03\/14524434_1106112876131411_958039263622046936_o.jpg?resize=525%2C300&ssl=1 1.5x, https:\/\/i0.wp.com\/www.grieta.org.mx\/wp-content\/uploads\/2018\/03\/14524434_1106112876131411_958039263622046936_o.jpg?resize=700%2C400&ssl=1 2x"},"classes":[]},{"id":46709,"url":"https:\/\/www.grieta.org.mx\/index.php\/2020\/03\/21\/comunidad-de-xochicuautla-logra-detener-carretera-impulsada-por-pena-nieto-estado-de-mexico\/","url_meta":{"origin":47033,"position":5},"title":"Comunidad de Xochicuautla logra detener carretera impulsada por Pe\u00f1a Nieto (Estado de M\u00e9xico)","author":"grieta","date":"21 marzo, 2020","format":false,"excerpt":"Texto: Lydiette Carri\u00f3n Fotos: Sa\u00fal L\u00f3pez Pie de P\u00e1gina La comunidad ind\u00edgena otom\u00ed H\u00f1ath\u00f6 San Francisco Xochicuautla y su barrio La Concepci\u00f3n ganaron la suspensi\u00f3n definitiva de la autopista M\u00e9xico-Naucalpan. \u00c9sta es la culminaci\u00f3n de 13 a\u00f1os de oposici\u00f3n al gobierno del Estado de M\u00e9xico y una empresa filial a\u2026","rel":"","context":"En &quot;6. Xochicuautla&quot;","block_context":{"text":"6. Xochicuautla","link":"https:\/\/www.grieta.org.mx\/index.php\/category\/espejos-de-la-resistencia\/6-xochicuautla\/"},"img":{"alt_text":"","src":"https:\/\/i0.wp.com\/www.grieta.org.mx\/wp-content\/uploads\/2020\/03\/Comunidad-de-Xochicuautla-logra-detener-carretera-impulsada-por-Pe%C3%B1a-Nieto-edomex-mzo.jpeg?resize=350%2C200&ssl=1","width":350,"height":200,"srcset":"https:\/\/i0.wp.com\/www.grieta.org.mx\/wp-content\/uploads\/2020\/03\/Comunidad-de-Xochicuautla-logra-detener-carretera-impulsada-por-Pe%C3%B1a-Nieto-edomex-mzo.jpeg?resize=350%2C200&ssl=1 1x, https:\/\/i0.wp.com\/www.grieta.org.mx\/wp-content\/uploads\/2020\/03\/Comunidad-de-Xochicuautla-logra-detener-carretera-impulsada-por-Pe%C3%B1a-Nieto-edomex-mzo.jpeg?resize=525%2C300&ssl=1 1.5x, https:\/\/i0.wp.com\/www.grieta.org.mx\/wp-content\/uploads\/2020\/03\/Comunidad-de-Xochicuautla-logra-detener-carretera-impulsada-por-Pe%C3%B1a-Nieto-edomex-mzo.jpeg?resize=700%2C400&ssl=1 2x, https:\/\/i0.wp.com\/www.grieta.org.mx\/wp-content\/uploads\/2020\/03\/Comunidad-de-Xochicuautla-logra-detener-carretera-impulsada-por-Pe%C3%B1a-Nieto-edomex-mzo.jpeg?resize=1050%2C600&ssl=1 3x"},"classes":[]}],"_links":{"self":[{"href":"https:\/\/www.grieta.org.mx\/index.php\/wp-json\/wp\/v2\/posts\/47033","targetHints":{"allow":["GET"]}}],"collection":[{"href":"https:\/\/www.grieta.org.mx\/index.php\/wp-json\/wp\/v2\/posts"}],"about":[{"href":"https:\/\/www.grieta.org.mx\/index.php\/wp-json\/wp\/v2\/types\/post"}],"author":[{"embeddable":true,"href":"https:\/\/www.grieta.org.mx\/index.php\/wp-json\/wp\/v2\/users\/2"}],"replies":[{"embeddable":true,"href":"https:\/\/www.grieta.org.mx\/index.php\/wp-json\/wp\/v2\/comments?post=47033"}],"version-history":[{"count":1,"href":"https:\/\/www.grieta.org.mx\/index.php\/wp-json\/wp\/v2\/posts\/47033\/revisions"}],"predecessor-version":[{"id":47035,"href":"https:\/\/www.grieta.org.mx\/index.php\/wp-json\/wp\/v2\/posts\/47033\/revisions\/47035"}],"wp:featuredmedia":[{"embeddable":true,"href":"https:\/\/www.grieta.org.mx\/index.php\/wp-json\/wp\/v2\/media\/47034"}],"wp:attachment":[{"href":"https:\/\/www.grieta.org.mx\/index.php\/wp-json\/wp\/v2\/media?parent=47033"}],"wp:term":[{"taxonomy":"category","embeddable":true,"href":"https:\/\/www.grieta.org.mx\/index.php\/wp-json\/wp\/v2\/categories?post=47033"},{"taxonomy":"post_tag","embeddable":true,"href":"https:\/\/www.grieta.org.mx\/index.php\/wp-json\/wp\/v2\/tags?post=47033"}],"curies":[{"name":"wp","href":"https:\/\/api.w.org\/{rel}","templated":true}]}}