{"id":47010,"date":"2020-03-30T18:34:53","date_gmt":"2020-03-31T00:34:53","guid":{"rendered":"http:\/\/www.grieta.org.mx\/?p=47010"},"modified":"2020-03-30T18:34:53","modified_gmt":"2020-03-31T00:34:53","slug":"medico-del-imss-en-san-luis-potosi-denuncia-que-estan-cambiando-diagnosticos-de-covid19","status":"publish","type":"post","link":"https:\/\/www.grieta.org.mx\/index.php\/2020\/03\/30\/medico-del-imss-en-san-luis-potosi-denuncia-que-estan-cambiando-diagnosticos-de-covid19\/","title":{"rendered":"M\u00e9dico del IMSS en San Luis Potos\u00ed denuncia que est\u00e1n cambiando diagn\u00f3sticos de #COVID19"},"content":{"rendered":"<p>Ar1zZ\/Ellos y nosotros<br \/>\n30 marzo 2020<\/p>\n<p><img loading=\"lazy\" decoding=\"async\" data-attachment-id=\"47011\" data-permalink=\"https:\/\/www.grieta.org.mx\/index.php\/2020\/03\/30\/medico-del-imss-en-san-luis-potosi-denuncia-que-estan-cambiando-diagnosticos-de-covid19\/medico-del-imss\/\" data-orig-file=\"https:\/\/www.grieta.org.mx\/wp-content\/uploads\/2020\/03\/M\u00e9dico-del-IMSS.jpg\" data-orig-size=\"1280,720\" data-comments-opened=\"0\" data-image-meta=\"{&quot;aperture&quot;:&quot;0&quot;,&quot;credit&quot;:&quot;&quot;,&quot;camera&quot;:&quot;&quot;,&quot;caption&quot;:&quot;&quot;,&quot;created_timestamp&quot;:&quot;0&quot;,&quot;copyright&quot;:&quot;&quot;,&quot;focal_length&quot;:&quot;0&quot;,&quot;iso&quot;:&quot;0&quot;,&quot;shutter_speed&quot;:&quot;0&quot;,&quot;title&quot;:&quot;&quot;,&quot;orientation&quot;:&quot;0&quot;}\" data-image-title=\"M\u00e9dico-del-IMSS\" data-image-description=\"\" data-image-caption=\"\" data-medium-file=\"https:\/\/www.grieta.org.mx\/wp-content\/uploads\/2020\/03\/M\u00e9dico-del-IMSS-300x169.jpg\" data-large-file=\"https:\/\/www.grieta.org.mx\/wp-content\/uploads\/2020\/03\/M\u00e9dico-del-IMSS-1024x576.jpg\" class=\"aligncenter wp-image-47011\" src=\"http:\/\/www.grieta.org.mx\/wp-content\/uploads\/2020\/03\/M\u00e9dico-del-IMSS.jpg\" alt=\"\" width=\"800\" height=\"450\" srcset=\"https:\/\/www.grieta.org.mx\/wp-content\/uploads\/2020\/03\/M\u00e9dico-del-IMSS.jpg 1280w, https:\/\/www.grieta.org.mx\/wp-content\/uploads\/2020\/03\/M\u00e9dico-del-IMSS-300x169.jpg 300w, https:\/\/www.grieta.org.mx\/wp-content\/uploads\/2020\/03\/M\u00e9dico-del-IMSS-768x432.jpg 768w, https:\/\/www.grieta.org.mx\/wp-content\/uploads\/2020\/03\/M\u00e9dico-del-IMSS-1024x576.jpg 1024w, https:\/\/www.grieta.org.mx\/wp-content\/uploads\/2020\/03\/M\u00e9dico-del-IMSS-889x500.jpg 889w\" sizes=\"auto, (max-width: 800px) 100vw, 800px\" \/><\/p>\n<p>Un m\u00e9dico del IMSS en la cl\u00ednica 50 en el estado de San Luis Potos\u00ed, denunci\u00f3 ante directivos de la instituci\u00f3n que a un paciente \u00absospechoso\u00bb de estar infectado con COVID19 le cambiaron el diagn\u00f3stico sin un motivo.<\/p>\n<p>En una reuni\u00f3n del personal de dicha instituci\u00f3n, el Dr. Ra\u00fal habla de c\u00f3mo esta persona estaba aislada y con un diagn\u00f3stico por coronavirus y que posteriormente fue llevado a un espacio privado donde hab\u00eda estado en contacto con personal sanitario, poni\u00e9ndolos en riesgo a todos.<\/p>\n<p>Pese a ello a las personas que estuvieron en contacto con el enfermo no se les puso en cuarentena y continuaron laborando con el riesgo que esto tendr\u00eda para las personas con las que hayan tenido contacto.<\/p>\n<p>Esta grav\u00edsima acusaci\u00f3n se suma a la de m\u00e9dicos y enfermeras que protestaron hace unos d\u00edas en una reuni\u00f3n del IMSS en la Ciudad de M\u00e9xico y que les dimos a conocer en este medio:<\/p>\n<p>\u2026personal del IMSS reprochaba a directivos del mismo que no les hab\u00edan dado una formaci\u00f3n adecuada para saber reaccionar ante la pandemia y que no ten\u00edan ni equipo ni material suficiente para no correr riesgos cuando se encontraban con casos de personas positivas al #COVID19.<\/p>\n<p>Aunado a esto est\u00e1 la protesta ocurrida en San Luis Potos\u00ed la semana pasada, donde un m\u00e9dico del IMSS se queja de lo mismo que en los casos mencionados: falta de equipo, falta de material, falta de un protocolo que ayude a no poner en riesgo su propia salud y la de los pacientes que atienden todos los d\u00edas:<\/p>\n<p>En el video, los m\u00e9dicos dicen que si en realidad no hay riesgo, entonces el gobierno deber\u00eda permitir que la consulta siga de manera normal y no con las nuevas restricciones que les han impuesto.<\/p>\n<p>Compartimos con ustedes el se\u00f1alamiento del m\u00e9dico que asegura que hubo un paciente con todos los s\u00edntomas de COVID19 y que por alguna raz\u00f3n el diagn\u00f3stico fue cambiado por neumon\u00eda.<\/p>\n<div class=\"jetpack-video-wrapper\"><iframe loading=\"lazy\" title=\"#COVID19 M\u00e9dico del IMSS en SLP denuncia que cambian diagn\u00f3sticos de casos sospechosos\" width=\"1170\" height=\"658\" src=\"https:\/\/www.youtube.com\/embed\/vEfyCxNdaHA?feature=oembed\" frameborder=\"0\" allow=\"accelerometer; autoplay; clipboard-write; encrypted-media; gyroscope; picture-in-picture\" allowfullscreen><\/iframe><\/div>\n<p><a href=\"https:\/\/www.ellosynosotros.com\/medico-del-imss-denuncia-que-estan-cambiando-diagnosticos-de-covid19\/\" target=\"_blank\" rel=\"noopener noreferrer\">https:\/\/www.ellosynosotros.com\/medico-del-imss-denuncia-que-estan-cambiando-diagnosticos-de-covid19\/<\/a><\/p>\n","protected":false},"excerpt":{"rendered":"<p>Ar1zZ\/Ellos y nosotros 30 marzo 2020 Un m\u00e9dico del IMSS en la cl\u00ednica 50 en el estado de San Luis Potos\u00ed, denunci\u00f3 ante directivos de la instituci\u00f3n que a un &hellip; <a href=\"https:\/\/www.grieta.org.mx\/index.php\/2020\/03\/30\/medico-del-imss-en-san-luis-potosi-denuncia-que-estan-cambiando-diagnosticos-de-covid19\/\" class=\"more-link\">Leer m\u00e1s<\/a><\/p>\n","protected":false},"author":2,"featured_media":47011,"comment_status":"closed","ping_status":"closed","sticky":false,"template":"","format":"standard","meta":{"ngg_post_thumbnail":0,"_jetpack_newsletter_access":"","_jetpack_dont_email_post_to_subs":false,"_jetpack_newsletter_tier_id":0,"_jetpack_memberships_contains_paywalled_content":false,"_jetpack_memberships_contains_paid_content":false,"footnotes":""},"categories":[80,918,1457,2,83],"tags":[3238,3198,3133,3226],"class_list":["post-47010","post","type-post","status-publish","format-standard","has-post-thumbnail","hentry","category-cintillo","category-privatizacion-del-sector-salud","category-crisis-del-sector-salud-en-san-luis-potosi","category-noticias-nacionales","category-temas-nacionales","tag-cambio-de-diagnosticos","tag-covid19","tag-crisis-del-sector-salud","tag-falta-de-material-y-equipo-medico","entry"],"jetpack_featured_media_url":"https:\/\/www.grieta.org.mx\/wp-content\/uploads\/2020\/03\/M\u00e9dico-del-IMSS.jpg","jetpack_sharing_enabled":true,"jetpack_shortlink":"https:\/\/wp.me\/p7ZJR4-cee","jetpack_likes_enabled":false,"jetpack-related-posts":[{"id":43023,"url":"https:\/\/www.grieta.org.mx\/index.php\/2020\/01\/10\/imss-en-san-luis-potosi-se-habria-quedado-sin-medicamento\/","url_meta":{"origin":47010,"position":0},"title":"IMSS en San Luis Potos\u00ed se habr\u00eda quedado sin medicamento","author":"grieta","date":"10 enero, 2020","format":false,"excerpt":"Derechohabientes muestran recetas con leyenda de \u201cmedicina pendiente\u201d. Tampoco hay dermat\u00f3logos Felipe C\u00e1rdenas\/El Sol de San Luis 10 enero 2020 Desde diciembre pasado centenares de pacientes del Instituto Mexicano del Seguro Social (IMSS) en San Luis Potos\u00ed no han recibido su medicamento para el control de sus enfermedades cr\u00f3nico degenerativas.\u2026","rel":"","context":"En &quot;CINTILLO&quot;","block_context":{"text":"CINTILLO","link":"https:\/\/www.grieta.org.mx\/index.php\/category\/cintillo\/"},"img":{"alt_text":"","src":"https:\/\/i0.wp.com\/www.grieta.org.mx\/wp-content\/uploads\/2020\/01\/5d8f7199-4367-4896-810b-c30f3322bc06.jpg?resize=350%2C200&ssl=1","width":350,"height":200,"srcset":"https:\/\/i0.wp.com\/www.grieta.org.mx\/wp-content\/uploads\/2020\/01\/5d8f7199-4367-4896-810b-c30f3322bc06.jpg?resize=350%2C200&ssl=1 1x, https:\/\/i0.wp.com\/www.grieta.org.mx\/wp-content\/uploads\/2020\/01\/5d8f7199-4367-4896-810b-c30f3322bc06.jpg?resize=525%2C300&ssl=1 1.5x, https:\/\/i0.wp.com\/www.grieta.org.mx\/wp-content\/uploads\/2020\/01\/5d8f7199-4367-4896-810b-c30f3322bc06.jpg?resize=700%2C400&ssl=1 2x"},"classes":[]},{"id":51163,"url":"https:\/\/www.grieta.org.mx\/index.php\/2020\/06\/12\/personal-medico-realiza-paro-de-labores-en-el-issste-san-luis-potosi\/","url_meta":{"origin":47010,"position":1},"title":"Personal m\u00e9dico realiza paro de labores en el ISSSTE  (San Luis Potos\u00ed)","author":"grieta","date":"12 junio, 2020","format":false,"excerpt":"Fernando L\u00f3ipez\/Quadrat\u00edn SLP 12 junio 2020 SAN LUIS POTOSI, SLP, 12 junio 2020.- El d\u00eda de ayer se despidi\u00f3 a la enfermera Olivia Soto que falleci\u00f3 con s\u00edntomas de Covid 19 en el Hospital General del Instituto de Seguridad y Servicios Sociales de los Trabajadores del Estado (ISSSTE), ubicado en\u2026","rel":"","context":"En &quot;CINTILLO&quot;","block_context":{"text":"CINTILLO","link":"https:\/\/www.grieta.org.mx\/index.php\/category\/cintillo\/"},"img":{"alt_text":"","src":"https:\/\/i0.wp.com\/www.grieta.org.mx\/wp-content\/uploads\/2020\/06\/WhatsApp-Image-2020-06-12-at-12.59.45-PM.jpeg?resize=350%2C200&ssl=1","width":350,"height":200,"srcset":"https:\/\/i0.wp.com\/www.grieta.org.mx\/wp-content\/uploads\/2020\/06\/WhatsApp-Image-2020-06-12-at-12.59.45-PM.jpeg?resize=350%2C200&ssl=1 1x, https:\/\/i0.wp.com\/www.grieta.org.mx\/wp-content\/uploads\/2020\/06\/WhatsApp-Image-2020-06-12-at-12.59.45-PM.jpeg?resize=525%2C300&ssl=1 1.5x, https:\/\/i0.wp.com\/www.grieta.org.mx\/wp-content\/uploads\/2020\/06\/WhatsApp-Image-2020-06-12-at-12.59.45-PM.jpeg?resize=700%2C400&ssl=1 2x"},"classes":[]},{"id":43584,"url":"https:\/\/www.grieta.org.mx\/index.php\/2020\/01\/25\/crisis-por-desabasto-de-medicamento-llega-a-san-luis-potosi\/","url_meta":{"origin":47010,"position":2},"title":"Crisis por desabasto de medicamento llega a San Luis Potos\u00ed","author":"grieta","date":"25 enero, 2020","format":false,"excerpt":"No hay insulina, metformina, derechohabientes dan su testimonio Patricia Calvillo y Felipe C\u00e1rdenas\/El Sol de San Luis 25 enero 2020 San Luis Potos\u00ed.- La crisis por el desabasto de medicamento lleg\u00f3 a San Luis Potos\u00ed, derechohabientes del Instituto Mexicano del Seguro Social (IMSS) denunciaron que no les est\u00e1n entregando medicinas\u2026","rel":"","context":"En &quot;CINTILLO&quot;","block_context":{"text":"CINTILLO","link":"https:\/\/www.grieta.org.mx\/index.php\/category\/cintillo\/"},"img":{"alt_text":"","src":"https:\/\/i0.wp.com\/www.grieta.org.mx\/wp-content\/uploads\/2020\/01\/Desabasto-medicamento-SLP.jpg?resize=350%2C200&ssl=1","width":350,"height":200,"srcset":"https:\/\/i0.wp.com\/www.grieta.org.mx\/wp-content\/uploads\/2020\/01\/Desabasto-medicamento-SLP.jpg?resize=350%2C200&ssl=1 1x, https:\/\/i0.wp.com\/www.grieta.org.mx\/wp-content\/uploads\/2020\/01\/Desabasto-medicamento-SLP.jpg?resize=525%2C300&ssl=1 1.5x, https:\/\/i0.wp.com\/www.grieta.org.mx\/wp-content\/uploads\/2020\/01\/Desabasto-medicamento-SLP.jpg?resize=700%2C400&ssl=1 2x"},"classes":[]},{"id":7972,"url":"https:\/\/www.grieta.org.mx\/index.php\/2015\/07\/31\/7972\/","url_meta":{"origin":47010,"position":3},"title":"Potosinos protestaron en contra de la \u201cprivatizaci\u00f3n\u201d del IMSS e ISSSTE (San Luis Potos\u00ed)","author":"grieta","date":"31 julio, 2015","format":false,"excerpt":"Jonathan Zavala \/ La Jornada San Luis Cerca de cien personas entre derechohabientes, doctores jubilados y trabajadores del Instituto Mexicano del Seguro Social (IMSS) llevaron a cabo el d\u00eda de hoy una manifestaci\u00f3n pac\u00edfica, que inici\u00f3 en las inmediaciones del jard\u00edn de Tequisquiapan, en contra de las reformas a la\u2026","rel":"","context":"En &quot;CINTILLO&quot;","block_context":{"text":"CINTILLO","link":"https:\/\/www.grieta.org.mx\/index.php\/category\/cintillo\/"},"img":{"alt_text":"","src":"https:\/\/i0.wp.com\/www.grieta.org.mx\/wp-content\/uploads\/2015\/07\/Potosinos-protestaron-en-contra-de-la-%E2%80%9Cprivatizaci%C3%B3n%E2%80%9D-del-IMSS-e-ISSSTE.jpg?resize=350%2C200&ssl=1","width":350,"height":200,"srcset":"https:\/\/i0.wp.com\/www.grieta.org.mx\/wp-content\/uploads\/2015\/07\/Potosinos-protestaron-en-contra-de-la-%E2%80%9Cprivatizaci%C3%B3n%E2%80%9D-del-IMSS-e-ISSSTE.jpg?resize=350%2C200&ssl=1 1x, https:\/\/i0.wp.com\/www.grieta.org.mx\/wp-content\/uploads\/2015\/07\/Potosinos-protestaron-en-contra-de-la-%E2%80%9Cprivatizaci%C3%B3n%E2%80%9D-del-IMSS-e-ISSSTE.jpg?resize=525%2C300&ssl=1 1.5x"},"classes":[]},{"id":32865,"url":"https:\/\/www.grieta.org.mx\/index.php\/2019\/04\/25\/hospital-del-issste-horno-sin-agua-y-sucio-san-luis-potosi\/","url_meta":{"origin":47010,"position":4},"title":"Hospital del ISSSTE, \u201chorno\u201d, sin agua y sucio (San Luis Potos\u00ed)","author":"grieta","date":"25 abril, 2019","format":false,"excerpt":"Rub\u00e9n Pacheco \/ Pulso Pacientes enfrentan serias carencias que generan focos de infecci\u00f3n, sobre todo con el calor El Hospital General del ISSSTE, localizado en la calle Carlos Diez Guti\u00e9rrez de la capital potosina, sufre desde falta de suministro de agua potable hasta insuficiencia en el aire acondicionado, denunciaron derechohabientes\u2026","rel":"","context":"En &quot;CINTILLO&quot;","block_context":{"text":"CINTILLO","link":"https:\/\/www.grieta.org.mx\/index.php\/category\/cintillo\/"},"img":{"alt_text":"","src":"https:\/\/i0.wp.com\/www.grieta.org.mx\/wp-content\/uploads\/2019\/05\/Hospital-del-ISSSTE-%E2%80%9Chorno%E2%80%9D-sin-agua-y-sucio-slp-may.jpg?resize=350%2C200&ssl=1","width":350,"height":200,"srcset":"https:\/\/i0.wp.com\/www.grieta.org.mx\/wp-content\/uploads\/2019\/05\/Hospital-del-ISSSTE-%E2%80%9Chorno%E2%80%9D-sin-agua-y-sucio-slp-may.jpg?resize=350%2C200&ssl=1 1x, https:\/\/i0.wp.com\/www.grieta.org.mx\/wp-content\/uploads\/2019\/05\/Hospital-del-ISSSTE-%E2%80%9Chorno%E2%80%9D-sin-agua-y-sucio-slp-may.jpg?resize=525%2C300&ssl=1 1.5x"},"classes":[]},{"id":47098,"url":"https:\/\/www.grieta.org.mx\/index.php\/2020\/03\/31\/personal-medico-se-manifiesta-en-eje-central-solicitan-insumos-ciudad-de-mexico\/","url_meta":{"origin":47010,"position":5},"title":"Personal m\u00e9dico se manifiesta en Eje Central, solicitan insumos (Ciudad de M\u00e9xico)","author":"grieta","date":"31 marzo, 2020","format":false,"excerpt":"Imagen tomada de: letraroja.com Letra Roja Los trabajadores solicitan a las autoridades insumos y equipo para poder realizar su trabajo de manera segura ante la contingencia M\u00e9xico. Este martes, personal m\u00e9dico inici\u00f3 una manifestaci\u00f3n en el cruce de Eje Central, L\u00e1zaro C\u00e1rdenas y Manuel Gonz\u00e1lez en la Ciudad de M\u00e9xico.\u2026","rel":"","context":"En &quot;CINTILLO&quot;","block_context":{"text":"CINTILLO","link":"https:\/\/www.grieta.org.mx\/index.php\/category\/cintillo\/"},"img":{"alt_text":"","src":"https:\/\/i0.wp.com\/www.grieta.org.mx\/wp-content\/uploads\/2020\/04\/Personal-m%C3%A9dico-se-manifiesta-en-Eje-Central-solicitan-insumos-cdmx-abr.jpg?resize=350%2C200","width":350,"height":200},"classes":[]}],"_links":{"self":[{"href":"https:\/\/www.grieta.org.mx\/index.php\/wp-json\/wp\/v2\/posts\/47010","targetHints":{"allow":["GET"]}}],"collection":[{"href":"https:\/\/www.grieta.org.mx\/index.php\/wp-json\/wp\/v2\/posts"}],"about":[{"href":"https:\/\/www.grieta.org.mx\/index.php\/wp-json\/wp\/v2\/types\/post"}],"author":[{"embeddable":true,"href":"https:\/\/www.grieta.org.mx\/index.php\/wp-json\/wp\/v2\/users\/2"}],"replies":[{"embeddable":true,"href":"https:\/\/www.grieta.org.mx\/index.php\/wp-json\/wp\/v2\/comments?post=47010"}],"version-history":[{"count":1,"href":"https:\/\/www.grieta.org.mx\/index.php\/wp-json\/wp\/v2\/posts\/47010\/revisions"}],"predecessor-version":[{"id":47013,"href":"https:\/\/www.grieta.org.mx\/index.php\/wp-json\/wp\/v2\/posts\/47010\/revisions\/47013"}],"wp:featuredmedia":[{"embeddable":true,"href":"https:\/\/www.grieta.org.mx\/index.php\/wp-json\/wp\/v2\/media\/47011"}],"wp:attachment":[{"href":"https:\/\/www.grieta.org.mx\/index.php\/wp-json\/wp\/v2\/media?parent=47010"}],"wp:term":[{"taxonomy":"category","embeddable":true,"href":"https:\/\/www.grieta.org.mx\/index.php\/wp-json\/wp\/v2\/categories?post=47010"},{"taxonomy":"post_tag","embeddable":true,"href":"https:\/\/www.grieta.org.mx\/index.php\/wp-json\/wp\/v2\/tags?post=47010"}],"curies":[{"name":"wp","href":"https:\/\/api.w.org\/{rel}","templated":true}]}}