{"id":46896,"date":"2020-03-23T12:01:36","date_gmt":"2020-03-23T18:01:36","guid":{"rendered":"http:\/\/www.grieta.org.mx\/?p=46896"},"modified":"2020-05-13T12:24:05","modified_gmt":"2020-05-13T17:24:05","slug":"jalisco-acceso-y-lucha-por-el-al-agua","status":"publish","type":"post","link":"https:\/\/www.grieta.org.mx\/index.php\/2020\/03\/23\/jalisco-acceso-y-lucha-por-el-al-agua\/","title":{"rendered":"Jalisco: acceso y lucha por el agua"},"content":{"rendered":"<p><img loading=\"lazy\" decoding=\"async\" data-attachment-id=\"46897\" data-permalink=\"https:\/\/www.grieta.org.mx\/index.php\/2020\/03\/23\/jalisco-acceso-y-lucha-por-el-al-agua\/2020-03-23_12-03-55___6385\/\" data-orig-file=\"https:\/\/www.grieta.org.mx\/wp-content\/uploads\/2020\/03\/2020-03-23_12-03-55___6385.jpg\" data-orig-size=\"750,500\" data-comments-opened=\"0\" data-image-meta=\"{&quot;aperture&quot;:&quot;0&quot;,&quot;credit&quot;:&quot;&quot;,&quot;camera&quot;:&quot;&quot;,&quot;caption&quot;:&quot;&quot;,&quot;created_timestamp&quot;:&quot;0&quot;,&quot;copyright&quot;:&quot;TODOS LOS DERECHOS RESERVADOS GRISEL REYES PAJARITO&quot;,&quot;focal_length&quot;:&quot;0&quot;,&quot;iso&quot;:&quot;0&quot;,&quot;shutter_speed&quot;:&quot;0&quot;,&quot;title&quot;:&quot;&quot;,&quot;orientation&quot;:&quot;0&quot;}\" data-image-title=\"2020-03-23_12-03-55___6385\" data-image-description=\"\" data-image-caption=\"\" data-medium-file=\"https:\/\/www.grieta.org.mx\/wp-content\/uploads\/2020\/03\/2020-03-23_12-03-55___6385-300x200.jpg\" data-large-file=\"https:\/\/www.grieta.org.mx\/wp-content\/uploads\/2020\/03\/2020-03-23_12-03-55___6385.jpg\" class=\"aligncenter wp-image-46897\" src=\"http:\/\/www.grieta.org.mx\/wp-content\/uploads\/2020\/03\/2020-03-23_12-03-55___6385.jpg\" alt=\"\" width=\"800\" height=\"533\" srcset=\"https:\/\/www.grieta.org.mx\/wp-content\/uploads\/2020\/03\/2020-03-23_12-03-55___6385.jpg 750w, https:\/\/www.grieta.org.mx\/wp-content\/uploads\/2020\/03\/2020-03-23_12-03-55___6385-300x200.jpg 300w\" sizes=\"auto, (max-width: 800px) 100vw, 800px\" \/><\/p>\n<p>Foto: Especial<\/p>\n<p>Lauro Rodr\u00edguez \/ El Diario NTR<\/p>\n<p>Ayer, como cada 22 de marzo, se conmemor\u00f3 el D\u00eda Internacional del Agua, el cual fue decretado por la Organizaci\u00f3n de las Naciones Unidas (ONU) en 1993 con el fin de concientizar sobre la relevancia de este l\u00edquido.<\/p>\n<p>De acuerdo con datos de la ONU, una de cada tres personas en el mundo no tiene acceso al agua potable. Y aunque en M\u00e9xico y Jalisco la situaci\u00f3n no llega a ese nivel, a\u00fan hay miles de personas que no cuentan con este servicio en casa.<\/p>\n<p>En su Encuesta Intercensal 2015, el Instituto Nacional de Estad\u00edstica y Geograf\u00eda (Inegi) dio a conocer el panorama en el que se encuentra el estado en cuanto al acceso de agua potable.<\/p>\n<p>Seg\u00fan el instituto, 1.9 por ciento de las viviendas no tiene agua potable, es decir, 39 mil 140 familias carecen del servicio en Jalisco.<\/p>\n<p>Esta cantidad, para dimensionarla, representa 10 por ciento de la cantidad de viviendas que existen en Guadalajara y tambi\u00e9n es el equivalente a 67 veces la cantidad de hogares que existen en el municipio menos poblado: Ejutla. De igual manera, el n\u00famero es mayor a la cantidad de casas contadas de una de las principales ciudades medias del estado: Ciudad Guzm\u00e1n, la cual tiene 27 mil 948 viviendas. De este tama\u00f1o es el problema jalisciense.<\/p>\n<p>Los resultados de la encuesta tambi\u00e9n indican que los que menos tienen acceso al servicio del agua son los municipios del norte del estado, muchos de ellos con comunidades ind\u00edgenas.<\/p>\n<p>En esta zona de Jalisco s\u00f3lo cuatro municipios \u2013Huej\u00facar, Colotl\u00e1n, Santa Mar\u00eda de los \u00c1ngeles y Totatiche\u2013 de los 10 que la conforman tienen garantizada una cobertura superior al 95 por ciento en el servicio del agua potable. Para el resto, la situaci\u00f3n es distinta.<\/p>\n<p>Mezquitic tiene un porcentaje de 69.2 por ciento de casas con agua potable. Al contar en ese entonces con un total de 4 mil 461 viviendas, mil 374 no tendr\u00edan el servicio.<\/p>\n<p>Un caso similar ocurre con Bola\u00f1os. Este municipio tiene un porcentaje de 68.1 por ciento. Contaba en ese entonces con mil 651 viviendas en total, de las cuales 527 no ten\u00edan agua potable. Ambos municipios est\u00e1n habitados por comunidades ind\u00edgenas.<\/p>\n<p>Los otros cuatro municipios de la regi\u00f3n, Villa Guerrero, Huejuquilla el Alto, Chimaltit\u00e1n y San Mart\u00edn de Bola\u00f1os, no pasan el 92 por ciento de acceso al agua potable.<\/p>\n<p>De acuerdo con el Inegi, las personas que no tienen agua potable en sus casas se ven obligados a acarrearla para satisfacer las necesidades diarias. Las principales maneras de hacerse del l\u00edquido son mediante pozos comunitarios, pipas, arroyos, de otras viviendas y de la recolecci\u00f3n de agua de lluvia.<\/p>\n<p><strong>PUEBLOS EN LUCHA<\/strong><\/p>\n<p>A la falta de agua potable en casa se suma la escasez provocada por grandes cultivos o megaproyectos, la cual est\u00e1 presente en el estado.<\/p>\n<p>En la comunidad de El Fresnito, Zapotl\u00e1n el Grande, justo al pie del Nevado de Colima, padecen de falta de agua desde hace ya varios a\u00f1os. No es por falta de tuber\u00edas o tomas domiciliarias, sino por la llegada de los cultivos del aguacate.<\/p>\n<p>\u201cEst\u00e1n vendiendo el agua del volc\u00e1n para las aguacateras, a personas que no son ni de aqu\u00ed\u201d, coment\u00f3 Irene Zepeda, habitante de la comunidad, a NTR.<\/p>\n<p>El Nevado de Colima es considerado la principal \u201cf\u00e1brica de agua\u201d del sur de Jalisco. Hasta hace tres a\u00f1os, los pobladores narran que de ah\u00ed se abastec\u00edan; el agua les serv\u00eda para beber y cocinar. En ese entonces, Alberto Esquer Guti\u00e9rrez, quien era presidente municipal y ahora es el actual secretario de Agricultura y Desarrollo Rural de Jalisco, cambi\u00f3 las redes y limit\u00f3 el agua del Nevado a los pobladores, quienes aseguran que todo fue para beneficiar a los empresarios aguacateros.<\/p>\n<p>\u201cPero pronto esto se va a convertir en un desierto porque hay sobre explotaci\u00f3n de los mantos acu\u00edferos y eso ninguna autoridad lo ve\u201d, reclam\u00f3 Francisco Ch\u00e1vez, otro de los pobladores.<\/p>\n<p>Esta situaci\u00f3n los ha llevado a mantener una lucha constante contra el gobierno municipal, quien ahora quiere cortarles completamente el agua del Nevado y adherirlos a todos al Sistema de Agua Potable de Zapotl\u00e1n, organismo que, a decir de los pobladores, no ha dado resultados en la comunidad durante los \u00faltimos tres a\u00f1os. Tras manifestaciones, consiguieron un acuerdo por este a\u00f1o, en el que propondr\u00e1n modelos y alternativas para soluci\u00f3n del problema.<\/p>\n<p>En otro punto del estado, justo en los Altos de Jalisco, se encuentra Temacapul\u00edn, comunidad que ha resistido y se ha negado a la culminaci\u00f3n de la Presa El Zapotillo, un cuerpo de agua que amenaza con inundarlos.<\/p>\n<p>En su \u00faltimo pronunciamiento, dado a conocer hace apenas unos d\u00edas, denunciaron que el gobierno federal no ha cumplido su palabra de detener las obras, pues comprobaron mediante documentaci\u00f3n oficial de la Comisi\u00f3n Nacional del Agua (Conagua) que en 2019 la presa registr\u00f3 avance en su construcci\u00f3n.<\/p>\n<p>A la fecha, los pobladores argumentan que para ellos la defensa del agua y del territorio va m\u00e1s all\u00e1 de la desaparici\u00f3n de sus pueblos.<\/p>\n<p>\u201cLa Presa El Zapotillo amenazar\u00eda con privar del caudal ecol\u00f3gico al r\u00edo Verde. A veces se dice: \u2018es que se van a inundar tres pueblitos chiquitos de Jalisco\u2019, \u2018qu\u00e9 tiene, es por el beneficio de las mayor\u00edas\u2019, cuando resulta que la mayor\u00eda de los que viven tambi\u00e9n aguas abajo de una represa va a salir afectado. No solamente las poblaciones, sino tambi\u00e9n, la flora y la fauna de esa regi\u00f3n\u201d, coment\u00f3 uno de los pobladores.<\/p>\n<p>A este escenario se suma que el gobernador de Jalisco, Enrique Alfaro Ram\u00edrez, no ha entablado di\u00e1logo con ellos, pero s\u00ed lo ha hecho con el sector empresarial que se ver\u00eda beneficiado con la presa. Situaci\u00f3n que los pone a luchar no solo contra las industrias, sino contra los tres niveles de gobierno.<\/p>\n<p>Por las anomal\u00edas de la obra, habitantes de Temacapul\u00edn, Acasico y Palmarejo dieron a conocer cuatro exigencias a la autoridad federal para que las cumpla sin opci\u00f3n a negociaci\u00f3n: reconocer p\u00fablicamente los da\u00f1os y violaciones a los derechos de las poblaciones, as\u00ed como establecer medidas de reparaci\u00f3n; abrir di\u00e1logo para encontrar alternativas sustentables a El Zapotillo; revisar el proyecto para integrar una carpeta de investigaci\u00f3n con posibles irregularidades, corrupci\u00f3n e impacto de la obra, y que haya apertura al di\u00e1logo entre los gobiernos federal y estatal con los pueblos dentro del \u00e1mbito de transparencia, con medios de comunicaci\u00f3n como testigos.<\/p>\n<p><strong>El acceso al agua en el Norte de Jalisco*<\/strong><\/p>\n<ul>\n<li>Bola\u00f1os 68.1<\/li>\n<li>Mezquitic 69.2<\/li>\n<li>Chimaltit\u00e1n 84.8<\/li>\n<li>Villa Guerrero 88.8<\/li>\n<li>Huejuquilla el Alto 91.8<\/li>\n<li>San Mart\u00edn de Bola\u00f1os 92<\/li>\n<li>Totatiche 96.5<\/li>\n<li>Huej\u00facar 99<\/li>\n<li>Colotl\u00e1n 99.1<\/li>\n<li>Santa Mar\u00eda de los \u00c1ngeles 99.1<\/li>\n<\/ul>\n<p><em>*Municipio y Porcentaje de acceso al agua potable<\/em><\/p>\n<p><a href=\"https:\/\/www.ntrguadalajara.com\/post.php?id_nota=145763\">https:\/\/www.ntrguadalajara.com\/post.php?id_nota=145763<\/a><\/p>\n","protected":false},"excerpt":{"rendered":"<p>Foto: Especial Lauro Rodr\u00edguez \/ El Diario NTR Ayer, como cada 22 de marzo, se conmemor\u00f3 el D\u00eda Internacional del Agua, el cual fue decretado por la Organizaci\u00f3n de las &hellip; <a href=\"https:\/\/www.grieta.org.mx\/index.php\/2020\/03\/23\/jalisco-acceso-y-lucha-por-el-al-agua\/\" class=\"more-link\">Leer m\u00e1s<\/a><\/p>\n","protected":false},"author":2,"featured_media":46897,"comment_status":"closed","ping_status":"closed","sticky":false,"template":"","format":"standard","meta":{"ngg_post_thumbnail":0,"_jetpack_newsletter_access":"","_jetpack_dont_email_post_to_subs":false,"_jetpack_newsletter_tier_id":0,"_jetpack_memberships_contains_paywalled_content":false,"_jetpack_memberships_contains_paid_content":false,"footnotes":""},"categories":[80,914,20,2,2342,83],"tags":[2403,1558,1243,764],"class_list":["post-46896","post","type-post","status-publish","format-standard","has-post-thumbnail","hentry","category-cintillo","category-privatizacion-del-agua","category-jalisco","category-noticias-nacionales","category-privatizacion-del-agua-en-jalisco","category-temas-nacionales","tag-crisis-del-agua","tag-desabasto-de-agua","tag-despojo-de-agua","tag-privatizacion-del-agua","entry"],"jetpack_featured_media_url":"https:\/\/www.grieta.org.mx\/wp-content\/uploads\/2020\/03\/2020-03-23_12-03-55___6385.jpg","jetpack_sharing_enabled":true,"jetpack_shortlink":"https:\/\/wp.me\/p7ZJR4-cco","jetpack_likes_enabled":false,"jetpack-related-posts":[{"id":66659,"url":"https:\/\/www.grieta.org.mx\/index.php\/2023\/03\/22\/el-gobernador-alfaro-mintio-en-la-onu-el-rio-santiago-no-esta-saneado-es-una-catastrofe-ambiental-jalisco\/","url_meta":{"origin":46896,"position":0},"title":"\u201cEl gobernador Alfaro minti\u00f3 en la ONU, el r\u00edo Santiago no est\u00e1 saneado es una cat\u00e1strofe ambiental\u201d (Jalisco)","author":"grieta","date":"22 marzo, 2023","format":false,"excerpt":"Imagen: Zona Docs #D\u00edaMundialDelAgua Organizaciones de la sociedad civil y\u00a0 personas defensoras del agua en Jalisco recriminaron las declaraciones que el Gobernador de Jalisco, Enrique Alfaro, ofreci\u00f3 en la\u00a0Conferencia del Agua 2023 que realiz\u00f3 la Organizaci\u00f3n de las Naciones Unidas en New York, ciudad hasta donde el mandatario viaj\u00f3 para\u2026","rel":"","context":"En &quot;CINTILLO&quot;","block_context":{"text":"CINTILLO","link":"https:\/\/www.grieta.org.mx\/index.php\/category\/cintillo\/"},"img":{"alt_text":"","src":"https:\/\/i0.wp.com\/www.grieta.org.mx\/wp-content\/uploads\/2023\/03\/WhatsApp-Image-2023-03-22-at-18.22.56-696x464-1.jpeg?resize=350%2C200&ssl=1","width":350,"height":200,"srcset":"https:\/\/i0.wp.com\/www.grieta.org.mx\/wp-content\/uploads\/2023\/03\/WhatsApp-Image-2023-03-22-at-18.22.56-696x464-1.jpeg?resize=350%2C200&ssl=1 1x, https:\/\/i0.wp.com\/www.grieta.org.mx\/wp-content\/uploads\/2023\/03\/WhatsApp-Image-2023-03-22-at-18.22.56-696x464-1.jpeg?resize=525%2C300&ssl=1 1.5x"},"classes":[]},{"id":62414,"url":"https:\/\/www.grieta.org.mx\/index.php\/2021\/10\/11\/padecen-falta-de-agua-en-la-colonia-las-aguilas-jalisco\/","url_meta":{"origin":46896,"position":1},"title":"Padecen falta de agua en la colonia Las \u00c1guilas (Jalisco)","author":"grieta","date":"11 octubre, 2021","format":false,"excerpt":"Foto: Jorge Alberto Mendoza Edgar Flores \/ El Diario NTR Vecinos de la colonia Las \u00c1guilas, en Zapopan, denunciaron que desde hace\u00a015 d\u00edas no cuentan con\u00a0el servicio de\u00a0agua potable. Aunque la escasez\u00a0no es generalizada, s\u00ed afecta a decenas de colonos, quienes acusaron que\u00a0el servicio se les suspendi\u00f3\u00a0sin previo aviso. \u201cNo\u2026","rel":"","context":"En &quot;CINTILLO&quot;","block_context":{"text":"CINTILLO","link":"https:\/\/www.grieta.org.mx\/index.php\/category\/cintillo\/"},"img":{"alt_text":"","src":"https:\/\/i0.wp.com\/www.grieta.org.mx\/wp-content\/uploads\/2021\/10\/2021-10-10_09-10-28___5376.jpg?resize=350%2C200&ssl=1","width":350,"height":200,"srcset":"https:\/\/i0.wp.com\/www.grieta.org.mx\/wp-content\/uploads\/2021\/10\/2021-10-10_09-10-28___5376.jpg?resize=350%2C200&ssl=1 1x, https:\/\/i0.wp.com\/www.grieta.org.mx\/wp-content\/uploads\/2021\/10\/2021-10-10_09-10-28___5376.jpg?resize=525%2C300&ssl=1 1.5x, https:\/\/i0.wp.com\/www.grieta.org.mx\/wp-content\/uploads\/2021\/10\/2021-10-10_09-10-28___5376.jpg?resize=700%2C400&ssl=1 2x"},"classes":[]},{"id":34362,"url":"https:\/\/www.grieta.org.mx\/index.php\/2019\/06\/03\/les-niegan-acceso-al-agua-ahora-van-a-tja-jalisco\/","url_meta":{"origin":46896,"position":2},"title":"Les niegan acceso al agua; ahora van a TJA (Jalisco)","author":"grieta","date":"3 junio, 2019","format":false,"excerpt":"Violeta Melendez \/ El Diario NTR Luego de que 60 familias de los fraccionamientos Los Silos, Los Agaves y Rancho Alegre, ubicados en carretera a Chapala, en Tlajomulco de Z\u00fa\u00f1iga, tramitaran en octubre de 2018, ante un juez de distrito, un amparo indirecto para que se les dote de agua\u2026","rel":"","context":"En &quot;CINTILLO&quot;","block_context":{"text":"CINTILLO","link":"https:\/\/www.grieta.org.mx\/index.php\/category\/cintillo\/"},"img":{"alt_text":"","src":"https:\/\/i0.wp.com\/www.grieta.org.mx\/wp-content\/uploads\/2019\/06\/2019-06-03_12-06-45___9647.jpg?resize=350%2C200&ssl=1","width":350,"height":200,"srcset":"https:\/\/i0.wp.com\/www.grieta.org.mx\/wp-content\/uploads\/2019\/06\/2019-06-03_12-06-45___9647.jpg?resize=350%2C200&ssl=1 1x, https:\/\/i0.wp.com\/www.grieta.org.mx\/wp-content\/uploads\/2019\/06\/2019-06-03_12-06-45___9647.jpg?resize=525%2C300&ssl=1 1.5x, https:\/\/i0.wp.com\/www.grieta.org.mx\/wp-content\/uploads\/2019\/06\/2019-06-03_12-06-45___9647.jpg?resize=700%2C400&ssl=1 2x"},"classes":[]},{"id":57991,"url":"https:\/\/www.grieta.org.mx\/index.php\/2021\/03\/22\/se-manifiestan-por-falta-de-agua-desde-hace-mes-y-medio-jalisco\/","url_meta":{"origin":46896,"position":3},"title":"Se manifiestan por falta de agua desde hace mes y medio (Jalisco)","author":"grieta","date":"22 marzo, 2021","format":false,"excerpt":"Foto: Francisco Rodr\u00edguez \/ El Occidental Viridiana Saavedra \/ El Occidental Personas que desde hace casi mes y medio no tienen agua, se manifestaron afuera de las oficinas del Sistema Intermunicipal de los Servicios de Agua Potable y Alcantarillado (Siapa), para exigir que les otorguen el servicio a trav\u00e9s de\u2026","rel":"","context":"En &quot;CINTILLO&quot;","block_context":{"text":"CINTILLO","link":"https:\/\/www.grieta.org.mx\/index.php\/category\/cintillo\/"},"img":{"alt_text":"","src":"https:\/\/i0.wp.com\/www.grieta.org.mx\/wp-content\/uploads\/2021\/03\/Agua-2.jpeg?resize=350%2C200&ssl=1","width":350,"height":200,"srcset":"https:\/\/i0.wp.com\/www.grieta.org.mx\/wp-content\/uploads\/2021\/03\/Agua-2.jpeg?resize=350%2C200&ssl=1 1x, https:\/\/i0.wp.com\/www.grieta.org.mx\/wp-content\/uploads\/2021\/03\/Agua-2.jpeg?resize=525%2C300&ssl=1 1.5x, https:\/\/i0.wp.com\/www.grieta.org.mx\/wp-content\/uploads\/2021\/03\/Agua-2.jpeg?resize=700%2C400&ssl=1 2x"},"classes":[]},{"id":59798,"url":"https:\/\/www.grieta.org.mx\/index.php\/2021\/06\/12\/vecinos-de-tlaquepaque-tienen-meses-que-acarrean-agua-para-sus-hogares-jalisco\/","url_meta":{"origin":46896,"position":4},"title":"Vecinos de Tlaquepaque tienen meses que acarrean agua para sus hogares (Jalisco)","author":"grieta","date":"12 junio, 2021","format":false,"excerpt":"Foto: Georgina Garc\u00eda Georgina Garc\u00eda \/ UDGTV No solo la zona norte de la ciudad carece de agua. En la privada de la Rep\u00fablica de Uruguay, del centro de San Pedro Tlaquepaque, tienen meses con un servicio intermitente. Los vecinos tuvieron que conseguir tinacos que colocaron afuera de sus viviendas\u2026","rel":"","context":"En &quot;CINTILLO&quot;","block_context":{"text":"CINTILLO","link":"https:\/\/www.grieta.org.mx\/index.php\/category\/cintillo\/"},"img":{"alt_text":"","src":"https:\/\/i0.wp.com\/www.grieta.org.mx\/wp-content\/uploads\/2021\/06\/Agua-Georgina-Garci%CC%81a-Soli%CC%81s-560x420-1.jpeg?resize=350%2C200&ssl=1","width":350,"height":200,"srcset":"https:\/\/i0.wp.com\/www.grieta.org.mx\/wp-content\/uploads\/2021\/06\/Agua-Georgina-Garci%CC%81a-Soli%CC%81s-560x420-1.jpeg?resize=350%2C200&ssl=1 1x, https:\/\/i0.wp.com\/www.grieta.org.mx\/wp-content\/uploads\/2021\/06\/Agua-Georgina-Garci%CC%81a-Soli%CC%81s-560x420-1.jpeg?resize=525%2C300&ssl=1 1.5x"},"classes":[]},{"id":59407,"url":"https:\/\/www.grieta.org.mx\/index.php\/2021\/05\/14\/vecinos-de-tabachines-suman-30-horas-con-toma-de-pozo-denuncian-altos-cobros-y-desabasto-de-agua-jalisco\/","url_meta":{"origin":46896,"position":5},"title":"Vecinos de Tabachines suman 30 horas con toma de pozo, denuncian altos cobros y desabasto de agua (Jalisco)","author":"grieta","date":"14 mayo, 2021","format":false,"excerpt":"Foto: Edgar Flores Edgar Flores \/ El Diario NTR Mantienen vecinos de Tabachines, plant\u00f3n en pozo de agua. Ya son casi 30 horas de protesta, y acusan falta de soluciones por parte del director del Sistema Intermunicipal de los Servicios de Agua Potable y Alcantarillado (Siapa), Carlos Enrique Torres Lugo.\u2026","rel":"","context":"En &quot;CINTILLO&quot;","block_context":{"text":"CINTILLO","link":"https:\/\/www.grieta.org.mx\/index.php\/category\/cintillo\/"},"img":{"alt_text":"","src":"https:\/\/i0.wp.com\/www.grieta.org.mx\/wp-content\/uploads\/2021\/05\/2021-05-14_06-05-07___1052-e1621283364314.jpg?resize=350%2C200&ssl=1","width":350,"height":200,"srcset":"https:\/\/i0.wp.com\/www.grieta.org.mx\/wp-content\/uploads\/2021\/05\/2021-05-14_06-05-07___1052-e1621283364314.jpg?resize=350%2C200&ssl=1 1x, https:\/\/i0.wp.com\/www.grieta.org.mx\/wp-content\/uploads\/2021\/05\/2021-05-14_06-05-07___1052-e1621283364314.jpg?resize=525%2C300&ssl=1 1.5x, https:\/\/i0.wp.com\/www.grieta.org.mx\/wp-content\/uploads\/2021\/05\/2021-05-14_06-05-07___1052-e1621283364314.jpg?resize=700%2C400&ssl=1 2x"},"classes":[]}],"_links":{"self":[{"href":"https:\/\/www.grieta.org.mx\/index.php\/wp-json\/wp\/v2\/posts\/46896","targetHints":{"allow":["GET"]}}],"collection":[{"href":"https:\/\/www.grieta.org.mx\/index.php\/wp-json\/wp\/v2\/posts"}],"about":[{"href":"https:\/\/www.grieta.org.mx\/index.php\/wp-json\/wp\/v2\/types\/post"}],"author":[{"embeddable":true,"href":"https:\/\/www.grieta.org.mx\/index.php\/wp-json\/wp\/v2\/users\/2"}],"replies":[{"embeddable":true,"href":"https:\/\/www.grieta.org.mx\/index.php\/wp-json\/wp\/v2\/comments?post=46896"}],"version-history":[{"count":1,"href":"https:\/\/www.grieta.org.mx\/index.php\/wp-json\/wp\/v2\/posts\/46896\/revisions"}],"predecessor-version":[{"id":49041,"href":"https:\/\/www.grieta.org.mx\/index.php\/wp-json\/wp\/v2\/posts\/46896\/revisions\/49041"}],"wp:featuredmedia":[{"embeddable":true,"href":"https:\/\/www.grieta.org.mx\/index.php\/wp-json\/wp\/v2\/media\/46897"}],"wp:attachment":[{"href":"https:\/\/www.grieta.org.mx\/index.php\/wp-json\/wp\/v2\/media?parent=46896"}],"wp:term":[{"taxonomy":"category","embeddable":true,"href":"https:\/\/www.grieta.org.mx\/index.php\/wp-json\/wp\/v2\/categories?post=46896"},{"taxonomy":"post_tag","embeddable":true,"href":"https:\/\/www.grieta.org.mx\/index.php\/wp-json\/wp\/v2\/tags?post=46896"}],"curies":[{"name":"wp","href":"https:\/\/api.w.org\/{rel}","templated":true}]}}