{"id":46875,"date":"2020-03-26T01:10:22","date_gmt":"2020-03-26T07:10:22","guid":{"rendered":"http:\/\/www.grieta.org.mx\/?p=46875"},"modified":"2020-03-27T01:18:48","modified_gmt":"2020-03-27T07:18:48","slug":"sin-agua-y-hacinados-en-tiendas-de-campana-asi-enfrentan-la-amenaza-del-coronavirus-damnificados-del-19-s-ciudad-de-mexico","status":"publish","type":"post","link":"https:\/\/www.grieta.org.mx\/index.php\/2020\/03\/26\/sin-agua-y-hacinados-en-tiendas-de-campana-asi-enfrentan-la-amenaza-del-coronavirus-damnificados-del-19-s-ciudad-de-mexico\/","title":{"rendered":"Sin agua y hacinados en tiendas de campa\u00f1a: as\u00ed enfrentan la amenaza del coronavirus damnificados del 19-S (Ciudad de M\u00e9xico)"},"content":{"rendered":"<p><img loading=\"lazy\" decoding=\"async\" data-attachment-id=\"46876\" data-permalink=\"https:\/\/www.grieta.org.mx\/index.php\/2020\/03\/26\/sin-agua-y-hacinados-en-tiendas-de-campana-asi-enfrentan-la-amenaza-del-coronavirus-damnificados-del-19-s-ciudad-de-mexico\/sin-agua-y-hacinados-en-tiendas-de-campana-asi-enfrentan-la-amenaza-del-coronavirus-damnificados-del-19s-cdmx-mzo\/\" data-orig-file=\"https:\/\/www.grieta.org.mx\/wp-content\/uploads\/2020\/03\/Sin-agua-y-hacinados-en-tiendas-de-campa\u00f1a-as\u00ed-enfrentan-la-amenaza-del-coronavirus-damnificados-del-19S-cdmx-mzo.jpg\" data-orig-size=\"960,639\" data-comments-opened=\"0\" data-image-meta=\"{&quot;aperture&quot;:&quot;0&quot;,&quot;credit&quot;:&quot;&quot;,&quot;camera&quot;:&quot;&quot;,&quot;caption&quot;:&quot;&quot;,&quot;created_timestamp&quot;:&quot;0&quot;,&quot;copyright&quot;:&quot;&quot;,&quot;focal_length&quot;:&quot;0&quot;,&quot;iso&quot;:&quot;0&quot;,&quot;shutter_speed&quot;:&quot;0&quot;,&quot;title&quot;:&quot;&quot;,&quot;orientation&quot;:&quot;1&quot;}\" data-image-title=\"Sin agua y hacinados en tiendas de campa\u00f1a as\u00ed enfrentan la amenaza del coronavirus damnificados del 19S cdmx mzo\" data-image-description=\"\" data-image-caption=\"\" data-medium-file=\"https:\/\/www.grieta.org.mx\/wp-content\/uploads\/2020\/03\/Sin-agua-y-hacinados-en-tiendas-de-campa\u00f1a-as\u00ed-enfrentan-la-amenaza-del-coronavirus-damnificados-del-19S-cdmx-mzo-300x200.jpg\" data-large-file=\"https:\/\/www.grieta.org.mx\/wp-content\/uploads\/2020\/03\/Sin-agua-y-hacinados-en-tiendas-de-campa\u00f1a-as\u00ed-enfrentan-la-amenaza-del-coronavirus-damnificados-del-19S-cdmx-mzo.jpg\" class=\"aligncenter  wp-image-46876\" src=\"http:\/\/www.grieta.org.mx\/wp-content\/uploads\/2020\/03\/Sin-agua-y-hacinados-en-tiendas-de-campa\u00f1a-as\u00ed-enfrentan-la-amenaza-del-coronavirus-damnificados-del-19S-cdmx-mzo.jpg\" alt=\"\" width=\"649\" height=\"432\" srcset=\"https:\/\/www.grieta.org.mx\/wp-content\/uploads\/2020\/03\/Sin-agua-y-hacinados-en-tiendas-de-campa\u00f1a-as\u00ed-enfrentan-la-amenaza-del-coronavirus-damnificados-del-19S-cdmx-mzo.jpg 960w, https:\/\/www.grieta.org.mx\/wp-content\/uploads\/2020\/03\/Sin-agua-y-hacinados-en-tiendas-de-campa\u00f1a-as\u00ed-enfrentan-la-amenaza-del-coronavirus-damnificados-del-19S-cdmx-mzo-300x200.jpg 300w, https:\/\/www.grieta.org.mx\/wp-content\/uploads\/2020\/03\/Sin-agua-y-hacinados-en-tiendas-de-campa\u00f1a-as\u00ed-enfrentan-la-amenaza-del-coronavirus-damnificados-del-19S-cdmx-mzo-768x511.jpg 768w, https:\/\/www.grieta.org.mx\/wp-content\/uploads\/2020\/03\/Sin-agua-y-hacinados-en-tiendas-de-campa\u00f1a-as\u00ed-enfrentan-la-amenaza-del-coronavirus-damnificados-del-19S-cdmx-mzo-751x500.jpg 751w\" sizes=\"auto, (max-width: 649px) 100vw, 649px\" \/><br \/>\n<em>En el campamento de damnificados de Roma 18, mujeres trasladan agua potable de una llave ubicada a 500 metros. Imagen tomada de: www.animalpolitico.com<\/em><\/p>\n<p>Zedryk Raziel \/ Animal Pol\u00edtico<\/p>\n<blockquote><p>Para damnificados de los sismos de 2017 que todav\u00eda no son reinstalados resulta imposible cumplir las recomendaciones de higiene contra el coronavirus.<\/p><\/blockquote>\n<p>El gobierno pidi\u00f3 lavarse las manos hasta 40 veces al d\u00eda, pero estas familias no tienen agua (y a veces tampoco jab\u00f3n). \u00bfQuedarse en casa y salir lo menos posible? Ellos no tienen casa. \u00bfGuardar la sana distancia? Viven hacinados en tiendas de campa\u00f1a, en la calle, desde hace dos a\u00f1os y medio.<\/p>\n<p>\u00bfDesinfectar las superficies de los muebles, cuidar la alimentaci\u00f3n, trabajar desde casa? Para los damnificados de los sismos de 2017 que a\u00fan no son reinstalados, las recomendaciones de higiene solicitadas por las autoridades para prevenir el contagio por coronavirus son sencillamente imposibles.<\/p>\n<p>\u201cNos dicen de no acercarnos mucho, \u00bfpero d\u00f3nde nos vamos a quedar todos?, \u00bfc\u00f3mo no vamos a estar todos juntos ah\u00ed?\u201d, pregunta Lourdes Anastasio Pedro, de 31 a\u00f1os, que habita el campamento de damnificados ubicado en la calle de Roma 18, en la colonia Ju\u00e1rez.<\/p>\n<p>Hace apenas dos meses que dio a luz a su tercer hijo, nacido sin hogar, y ya Lourdes est\u00e1 acarreando agua desde una toma de la Plaza Washington: mediante un diablito, transporta 100 litros en bidones de pl\u00e1stico a lo largo de 500 metros; ella y una de sus primas deber\u00e1n hacer 30 viajes para llenar un tinaco-cisterna que abastecer\u00e1 a las 80 personas del campamento, todas ellas ind\u00edgenas otom\u00edes originarias de Santiago Mexquititl\u00e1n, Quer\u00e9taro.<\/p>\n<p>\u201cLos ni\u00f1os tienen que lavarse las manos para que no los agarre el coronavirus\u201d, observa Lourdes. \u201cNos hace mucha falta el agua, porque nosotros no tenemos llave\u201d.<\/p>\n<p>Hab\u00eda, s\u00ed, una toma de agua m\u00e1s cercana, pero los vecinos la clausuraron para forzar a estos damnificados a irse; ya antes colgaron mantas alrededor del campamento exigiendo a las autoridades que los echen.<\/p>\n<p>\u201cAl principio, los vecinos pensaban que \u00e9ramos malas personas; unos que otros s\u00ed nos tratan bien, otros no: nos critican que somos mugrosos, cochinos; realmente no lo somos, porque se hace limpieza y ellos piensan que no; limpiamos toda la calle, la banqueta, para que no se vea mal del aspecto de estar sucio\u201d, explica Tel\u00e9sforo Francisco Mart\u00ednez, de 45 a\u00f1os.<\/p>\n<p>En efecto: la calle desprende un olor a aromatizante para pisos.<\/p>\n<p>El campamento se extiende frente a los restos de un edificio que fue habitado de manera irregular por la comunidad ind\u00edgena. Ahora, es una de las 335 viviendas de tipo multifamiliar que, a dos a\u00f1os y medio del sismo, a\u00fan requieren ser reconstruidas o rehabilitadas, seg\u00fan el censo oficial del gobierno capitalino.<\/p>\n<p>Aqu\u00ed, cerca de las carpas para dormir, los damnificados ensamblaron un cuarto con un excusado que fue conectado al drenaje, y armaron otro ba\u00f1o para asearse; tambi\u00e9n hay un lavadero montado en el arroyo vehicular, aunque por aqu\u00ed ya no transitan autos, debido al bloqueo con carpas de lona y tablas. En el centro del campamento cuelgan tendederos en los que ondea la ropa reci\u00e9n lavada; entre garrafones amontonados, sillones rasgados y trastes, sobresale una \u00fanica botella de gel antibacterial que les donaron.<\/p>\n<p>\u201cSe nos pide que tengamos limpias nuestras manos y todo, pero no tenemos la sustancia del gel, jab\u00f3n, agua, eso es lo que nos hace falta\u201d, dice Tel\u00e9sforo, que con una mano ahuyenta las moscas.<\/p>\n<p>En una de las tiendas de lona habitan tres familias de 11 personas (hay dos reci\u00e9n nacidos); los habitantes se apresuran a sacar los pa\u00f1ales sucios, ordenan a las prisas para mostrar los colchones tendidos en el suelo, mochilas escolares, zapatos, ropa colgada, un refrigerador del que una ni\u00f1a saca una Coca-Cola para el desayuno.<\/p>\n<p>\u201cNo queremos que se vayan a contagiar los ni\u00f1os, con todo esto de que est\u00e1 muy angosto el campamento, no podemos hacer de otra que estar amontonados al dormirnos\u201d, expone Tel\u00e9sforo. \u201cRealmente no podemos evitar el coronavirus porque est\u00e1 muy angosto y estamos muy apretados, y no tenemos de otra m\u00e1s que estar as\u00ed por lo mientras\u201d.<\/p>\n<p>Para sostenerse, Lourdes suele vender dulces en la Zona Rosa; otros venden artesan\u00edas o manzanas caramelizadas; otros son alba\u00f1iles. Y todos ya padecen la reducci\u00f3n de sus ingresos.<\/p>\n<p>\u201cA m\u00ed s\u00ed me preocupa mucho, porque yo tengo un beb\u00e9 que, la mera verdad, yo no le doy pecho, nada m\u00e1s le doy pura f\u00f3rmula, y s\u00ed me preocupa, porque no voy a tener dinero para comprarle de comer a mis hijas\u201d, lamenta.<\/p>\n<p>-\u00bfPor qu\u00e9 no le das pecho a tu beb\u00e9?<\/p>\n<p>-Porque no ten\u00eda nada de leche, por eso yo le di f\u00f3rmula -explica.<\/p>\n<p>***<\/p>\n<p>\u201cTenemos poca despensa; ahorita con esto no hemos podido salir a trabajar, s\u00ed hay gente en sus carros (en los cruces de sem\u00e1foros), pero no nos compran la mercanc\u00eda que llevamos, nada m\u00e1s nos ven y pareciera que nosotros tenemos el virus\u201d, se queja Elvira Isidro Eduardo, de 29 a\u00f1os. \u201cYo vend\u00eda manzanas, pero las ventas est\u00e1n muy bajas, y ahorita nos ven y nos cierran sus parabrisas, no nos compran\u201d.<\/p>\n<p>Habitante de otro campamento de damnificados ind\u00edgenas ubicado en la calle de Guanajuato 200, en la colonia Roma, Elvira est\u00e1 a dos semanas de dar a luz a su cuarta hija, lo que la hace parte de la poblaci\u00f3n vulnerable ante la epidemia del Covid-19.<\/p>\n<p>\u201cNo tenemos suficiente agua y la coladera que est\u00e1 aqu\u00ed al lado est\u00e1 tapada. La semana pasada, que llovi\u00f3 fuerte, se subi\u00f3 el agua hasta ac\u00e1, y queda el olor por m\u00e1s que le echamos cloro, y luego los borrachos se vienen a orinar y con la lluvia sale todo el olor\u201d, explica.<\/p>\n<p>Al lado del predio derruido, que era el hogar de 15 familias otom\u00edes de 40 personas, se construye un nuevo edificio entre polvaredas, lodo y escombros. Adem\u00e1s de Elvira, aqu\u00ed vive otra mujer embarazada de 16 a\u00f1os, y una adulta mayor de 91 a\u00f1os de edad; tambi\u00e9n viven 15 menores. Nadie tiene seguro social, ni Elvira, preocupada porque en un hospital privado podr\u00edan cobrarle al menos 10 mil pesos por su parto, o 15 mil, si se precisa una ces\u00e1rea.<\/p>\n<p>\u201cNo tengo seguro porque ya lo quitaron, ya ve que ya no existe el Seguro Popular ni la gratuidad que hab\u00eda antes\u201d, comenta. \u201cLa verdad, s\u00ed nos preocupa, porque, si nos llegara a tocar ese virus, no nos van a atender en ning\u00fan lado, si de por s\u00ed, cuando ibas a los hospitales, dec\u00edan que no estaban los doctores, imag\u00ednate, te pega esto y no te van a atender, \u00bfqu\u00e9 va a hacer uno?\u201d.<\/p>\n<p>En la entrada del predio pintaron en grande el rostro de Marichuy, excandidata presidencial del Concejo Ind\u00edgena de Gobierno (CIG), cuya mirada comprensiva cae sobre las tiendas que los damnificados usan para dormir, como si fuera la imagen de una virgen.<\/p>\n<p>\u201cYo no s\u00e9 qu\u00e9 pensar\u00eda el gobierno, no se fija en los ind\u00edgenas como nosotros\u201d, critica el esposo de Elvira, Israel Beltr\u00e1n Flores, de 31 a\u00f1os. \u201c\u00bfDe d\u00f3nde vamos a traer mucha agua? La otra semana se fue el agua. \u00bfD\u00f3nde vamos a hacer higiene, si no se puede en la condici\u00f3n que vivimos? Estamos acostumbrados nosotros a esto. \u00bfEl jab\u00f3n? Si nosotros vamos al d\u00eda, \u00bfde d\u00f3nde vamos a traer para comprar el jab\u00f3n o el gel?, \u00bfcu\u00e1nto sale el gel?, sale caro, nosotros no tenemos las condiciones para eso\u201d.<\/p>\n<p>Israel se desespera. Se\u00f1ala que all\u00e1 atr\u00e1s tiene dos cajas de manzanas podridas que no pudo vender, y el gobierno que no los ayuda, y su esposa que ya va a dar a luz.<\/p>\n<p>\u201cMe siento preocupado porque veo a mi esposa, ya viene en camino la beb\u00e9, faltan dos semanas, las estoy viendo duras porque yo no s\u00e9 c\u00f3mo hacerle\u201d, se sincera.<\/p>\n<p>-\u00bfY el presidente L\u00f3pez Obrador?<\/p>\n<p>-De que se subi\u00f3 a su silla presidencial, la verdad, no hemos visto nada. Que me perdone, pero el presidente no apoya al ind\u00edgena, no nos toman en cuenta, es como si fu\u00e9ramos una basura.<\/p>\n<p>***<\/p>\n<p>\u201c\u00bfC\u00f3mo nos vamos a meter en una casa que no tenemos? Porque el arrimado, a los tres d\u00edas, apesta\u201d, dice Jorge Mart\u00ednez Mendoza, 78 a\u00f1os, la pierna cruzada y los brazos extendidos en el respaldo del viejo sill\u00f3n que tiene en su campamento, frente al predio de Concepci\u00f3n B\u00e9istegui 1503, en la colonia Narvarte.<\/p>\n<p>\u201cVino Mancera y dijo que lo iba a tirar en 15 d\u00edas, y s\u00ed lo tir\u00f3, y nos dijo que ser\u00eda el primer edificio que iba a reconstruir, y mentira, creo que vamos a ser los \u00faltimos, ya va para tres a\u00f1os, y ni para atr\u00e1s ni para adelante\u201d, se\u00f1ala.<\/p>\n<p>Jubilado y derechohabiente del ISSSTE, a Jorge le han dicho en el seguro que, para prevenir el coronavirus, basta con no juntarse con extranjeros y lavarse las manos.<\/p>\n<p>\u201cAqu\u00ed somos puros conocidos y todos est\u00e1n bien de salud\u201d, observa.<\/p>\n<p>Lo que s\u00ed, es que el agua que obtienen de una toma habilitada por los mismos damnificados llega sucia.<\/p>\n<p>\u201cSale amarilla, sale mal, por eso compramos garrafones de agua que valen 25 o 30 pesos\u201d, explica.<\/p>\n<p>En la tienda de junto, entre trajes colgados de ganchos, dos camas, una tienda de dormir y un televisor, Enrique Alc\u00e1ntar Garc\u00eda, de 67 a\u00f1os, mantiene el negocio de planchadur\u00eda que ten\u00eda en una accesoria del edificio destruido por el sismo. Con un ventilador intenta refrescar el bochorno causado por el encierro de lonas de pl\u00e1stico. A las 2 de la tarde, el clima es de 29 grados y, sin embargo, afuera resulta ser m\u00e1s fresco que adentro.<\/p>\n<p>-\u00bfC\u00f3mo ve que el gobierno pide a la gente mantenerse en su casa?<\/p>\n<p>-Eso es lo m\u00e1s dif\u00edcil para nosotros, que no tenemos d\u00f3nde cubrirnos, estamos a la intemperie, estamos vulnerables nosotros, aunque tratamos de aislarnos un poquito \u2013dice.<\/p>\n<p>Enrique se\u00f1ala las lonas que dividen su cama del exterior: considera que eso, de alguna manera, ayuda a mantener aislados y seguros tanto a \u00e9l como a su hijo adolescente.<\/p>\n<p>\u201cEs una cosa muy dif\u00edcil para todos, aqu\u00ed afortunadamente no nos ha tocado nada, estamos aislados, tenemos la precauci\u00f3n de no saludar a la gente de mano ni nada. Pero, cualquier cosa que pase alguien infectado, pues s\u00ed nos puede infectar a todos, \u00bfno?\u201d, cuestiona.<\/p>\n<p>Y ahora Enrique duda, observa las lonas que lo guarecen, desgastadas ya, agujereadas, cuarteadas. Si el gobierno no va a resolver la reconstrucci\u00f3n, dice, que al menos ayude a renovar los materiales del campamento de damnificados.<\/p>\n<p>\u201cAhorita el calor, y luego en la tarde, si llueve, se nos mete el agua, porque las lonas ya no resisten, ya est\u00e1n todas picadas, esta lona ya tiene tres a\u00f1os puesta. Ya urge el cambio, y nos urge, por lo menos, que nos pongan una lona nueva\u201d, pide.<\/p>\n<p>Pero el se\u00f1or Jorge disiente, cansado, dice, de Mancera que no cumpli\u00f3 y de Sheinbaum que no ayuda a las 20 familias damnificadas de este inmueble; cansado, dice, de que el encargado del Programa de Reconstrucci\u00f3n, C\u00e9sar Cravioto, haga citas con ellos y los deje esperando y al final nunca llegue.<\/p>\n<p>\u201cVamos a ir a cerrar el Eje 5, est\u00e9 el virus o no est\u00e9 el virus, yo voy a cerrar, porque aqu\u00ed no sacamos al buey de la barranca\u201d, amaga. \u201cYo veo que esto no funciona, as\u00ed que, con el virus que hay, yo voy a cerrar el Eje 5. No me queda de otra\u201d.<\/p>\n<p><a href=\"https:\/\/www.animalpolitico.com\/2020\/03\/damnificados-19-s-coronavirus-sin-agua-hacinados\/\" target=\"_blank\" rel=\"noopener noreferrer\">https:\/\/www.animalpolitico.com\/2020\/03\/damnificados-19-s-coronavirus-sin-agua-hacinados\/<\/a><\/p>\n","protected":false},"excerpt":{"rendered":"<p>En el campamento de damnificados de Roma 18, mujeres trasladan agua potable de una llave ubicada a 500 metros. Imagen tomada de: www.animalpolitico.com Zedryk Raziel \/ Animal Pol\u00edtico Para damnificados &hellip; <a href=\"https:\/\/www.grieta.org.mx\/index.php\/2020\/03\/26\/sin-agua-y-hacinados-en-tiendas-de-campana-asi-enfrentan-la-amenaza-del-coronavirus-damnificados-del-19-s-ciudad-de-mexico\/\" class=\"more-link\">Leer m\u00e1s<\/a><\/p>\n","protected":false},"author":2,"featured_media":46876,"comment_status":"closed","ping_status":"closed","sticky":false,"template":"","format":"standard","meta":{"ngg_post_thumbnail":0,"_jetpack_newsletter_access":"","_jetpack_dont_email_post_to_subs":false,"_jetpack_newsletter_tier_id":0,"_jetpack_memberships_contains_paywalled_content":false,"_jetpack_memberships_contains_paid_content":false,"footnotes":""},"categories":[80,14,1119,914,918,3033,1026,1742,1225,910,3036,1819,1827,86,2,2797,2119,2219,83],"tags":[2403,3133,1028,2841,158],"class_list":["post-46875","post","type-post","status-publish","format-standard","has-post-thumbnail","hentry","category-cintillo","category-ciudad-de-mexico","category-conflictos-por-falta-de-agua-en-la-ciudad-de-mexico","category-privatizacion-del-agua","category-privatizacion-del-sector-salud","category-crisis-en-el-sector-salud-en-la-ciudad-de-mexico","category-damnificados-por-el-sismo-del-19-de-septiembre","category-damnificados-y-reconstruccion-en-la-ciudad-de-mexico","category-explotacion-laboral-en-la-ciudad-de-mexico","category-explotacion-y-precariedad-laboral","category-incremento-en-el-costo-de-la-vida-en-la-ciudad-de-mexico","category-la-ninez-bajo-la-tormenta-capitalista-en-la-ciudad-de-mexico","category-la-ninez-en-la-tormenta-capitalista","category-migrantes","category-noticias-nacionales","category-pobreza-en-la-ciudad-de-mexico","category-precarizacion-de-las-condiciones-laborales-en-la-ciudad-de-mexico","category-resistencias-en-la-ciudad-de-mexico","category-temas-nacionales","tag-crisis-del-agua","tag-crisis-del-sector-salud","tag-damnificados","tag-explotacion-y-precariedad-laboral","tag-migrantes","entry"],"jetpack_featured_media_url":"https:\/\/www.grieta.org.mx\/wp-content\/uploads\/2020\/03\/Sin-agua-y-hacinados-en-tiendas-de-campa\u00f1a-as\u00ed-enfrentan-la-amenaza-del-coronavirus-damnificados-del-19S-cdmx-mzo.jpg","jetpack_sharing_enabled":true,"jetpack_shortlink":"https:\/\/wp.me\/p7ZJR4-cc3","jetpack_likes_enabled":false,"jetpack-related-posts":[{"id":45218,"url":"https:\/\/www.grieta.org.mx\/index.php\/2020\/02\/25\/familiares-de-ninos-con-cancer-y-pacientes-con-vih-clausuran-palacio-nacional-ciudad-de-mexico\/","url_meta":{"origin":46875,"position":0},"title":"Familiares de ni\u00f1os con c\u00e1ncer y pacientes con VIH \u201cclausuran\u201d Palacio Nacional (Ciudad de M\u00e9xico)","author":"grieta","date":"25 febrero, 2020","format":false,"excerpt":"Los diversos contingentes formaron un grupo de 35 personas que se plantaron junto a la puerta. Foto: Daniel Ojeda Gerardo Su\u00e1rez \/ El Heraldo de M\u00e9xico Los inconformes pegaron varios sellos con la frase \"clausurado\" en la puerta central del inmueble donde despacha el Presidente Familiares de ni\u00f1os con c\u00e1ncer\u2026","rel":"","context":"En &quot;CINTILLO&quot;","block_context":{"text":"CINTILLO","link":"https:\/\/www.grieta.org.mx\/index.php\/category\/cintillo\/"},"img":{"alt_text":"","src":"https:\/\/i0.wp.com\/www.grieta.org.mx\/wp-content\/uploads\/2020\/02\/Familiares-de-ni%C3%B1os-con-c%C3%A1ncer-y-pacientes-con-VIH-clausuran-Palacio-Nacional-cdmx-feb.jpg?resize=350%2C200&ssl=1","width":350,"height":200,"srcset":"https:\/\/i0.wp.com\/www.grieta.org.mx\/wp-content\/uploads\/2020\/02\/Familiares-de-ni%C3%B1os-con-c%C3%A1ncer-y-pacientes-con-VIH-clausuran-Palacio-Nacional-cdmx-feb.jpg?resize=350%2C200&ssl=1 1x, https:\/\/i0.wp.com\/www.grieta.org.mx\/wp-content\/uploads\/2020\/02\/Familiares-de-ni%C3%B1os-con-c%C3%A1ncer-y-pacientes-con-VIH-clausuran-Palacio-Nacional-cdmx-feb.jpg?resize=525%2C300&ssl=1 1.5x, https:\/\/i0.wp.com\/www.grieta.org.mx\/wp-content\/uploads\/2020\/02\/Familiares-de-ni%C3%B1os-con-c%C3%A1ncer-y-pacientes-con-VIH-clausuran-Palacio-Nacional-cdmx-feb.jpg?resize=700%2C400&ssl=1 2x, https:\/\/i0.wp.com\/www.grieta.org.mx\/wp-content\/uploads\/2020\/02\/Familiares-de-ni%C3%B1os-con-c%C3%A1ncer-y-pacientes-con-VIH-clausuran-Palacio-Nacional-cdmx-feb.jpg?resize=1050%2C600&ssl=1 3x"},"classes":[]},{"id":47548,"url":"https:\/\/www.grieta.org.mx\/index.php\/2020\/04\/08\/trabajadoras-sexuales-expulsadas-de-hoteles-por-cuarentena-instalan-campamento-temporal-ciudad-de-mexico\/","url_meta":{"origin":46875,"position":1},"title":"Trabajadoras sexuales, expulsadas de hoteles por cuarentena, instalan campamento temporal (Ciudad de M\u00e9xico)","author":"grieta","date":"8 abril, 2020","format":false,"excerpt":"Imagen tomada de:news.culturacolectiva.com Cultura Colectiva La mayor\u00eda de los y las trabajadores sexuales se quedaron sin empleo y duermen en la calle ante el cierre de hoteles y posadas por la pandemia. Ante la vulnerabilidad tras el cierre de hoteles y posadas por la emergencia sanitaria que representa el coronavirus\u2026","rel":"","context":"En &quot;CINTILLO&quot;","block_context":{"text":"CINTILLO","link":"https:\/\/www.grieta.org.mx\/index.php\/category\/cintillo\/"},"img":{"alt_text":"","src":"https:\/\/i0.wp.com\/www.grieta.org.mx\/wp-content\/uploads\/2020\/04\/Trabajadoras-sexuales-expulsadas-de-hoteles-por-cuarentena-instalan-campamento-temporal-cdmx-abr.jpeg?resize=350%2C200&ssl=1","width":350,"height":200,"srcset":"https:\/\/i0.wp.com\/www.grieta.org.mx\/wp-content\/uploads\/2020\/04\/Trabajadoras-sexuales-expulsadas-de-hoteles-por-cuarentena-instalan-campamento-temporal-cdmx-abr.jpeg?resize=350%2C200&ssl=1 1x, https:\/\/i0.wp.com\/www.grieta.org.mx\/wp-content\/uploads\/2020\/04\/Trabajadoras-sexuales-expulsadas-de-hoteles-por-cuarentena-instalan-campamento-temporal-cdmx-abr.jpeg?resize=525%2C300&ssl=1 1.5x, https:\/\/i0.wp.com\/www.grieta.org.mx\/wp-content\/uploads\/2020\/04\/Trabajadoras-sexuales-expulsadas-de-hoteles-por-cuarentena-instalan-campamento-temporal-cdmx-abr.jpeg?resize=700%2C400&ssl=1 2x"},"classes":[]},{"id":48327,"url":"https:\/\/www.grieta.org.mx\/index.php\/2020\/04\/27\/personal-medico-bloquea-ermita-iztapalapa-por-falta-de-insumos-ciudad-de-mexico\/","url_meta":{"origin":46875,"position":2},"title":"Personal m\u00e9dico bloquea Ermita Iztapalapa por falta de insumos (Ciudad de M\u00e9xico)","author":"grieta","date":"27 abril, 2020","format":false,"excerpt":"Foto: @GRAWPEREZ Diario de M\u00e9xico Ciudad de M\u00e9xico. -M\u00e9dicos, enfermeras y personal de salud que trabaja en el Hospital Pedi\u00e1trico de Iztapalapa, mantienen bloqueada la circulaci\u00f3n en la Avenida Ermita Iztapalapa, entre Eje 3 Oriente y La Viga. El personal m\u00e9dico asegura que no tienen los materiales necesarios, como cubrebocas\u2026","rel":"","context":"En &quot;CINTILLO&quot;","block_context":{"text":"CINTILLO","link":"https:\/\/www.grieta.org.mx\/index.php\/category\/cintillo\/"},"img":{"alt_text":"","src":"https:\/\/i0.wp.com\/www.grieta.org.mx\/wp-content\/uploads\/2020\/04\/Personal-m%C3%A9dico-bloquea-Ermita-Iztapalapa-por-falta-de-insumos-cdmx-abr.jpg?resize=350%2C200&ssl=1","width":350,"height":200,"srcset":"https:\/\/i0.wp.com\/www.grieta.org.mx\/wp-content\/uploads\/2020\/04\/Personal-m%C3%A9dico-bloquea-Ermita-Iztapalapa-por-falta-de-insumos-cdmx-abr.jpg?resize=350%2C200&ssl=1 1x, https:\/\/i0.wp.com\/www.grieta.org.mx\/wp-content\/uploads\/2020\/04\/Personal-m%C3%A9dico-bloquea-Ermita-Iztapalapa-por-falta-de-insumos-cdmx-abr.jpg?resize=525%2C300&ssl=1 1.5x, https:\/\/i0.wp.com\/www.grieta.org.mx\/wp-content\/uploads\/2020\/04\/Personal-m%C3%A9dico-bloquea-Ermita-Iztapalapa-por-falta-de-insumos-cdmx-abr.jpg?resize=700%2C400&ssl=1 2x, https:\/\/i0.wp.com\/www.grieta.org.mx\/wp-content\/uploads\/2020\/04\/Personal-m%C3%A9dico-bloquea-Ermita-Iztapalapa-por-falta-de-insumos-cdmx-abr.jpg?resize=1050%2C600&ssl=1 3x"},"classes":[]},{"id":46671,"url":"https:\/\/www.grieta.org.mx\/index.php\/2020\/03\/21\/se-derrumban-techos-de-naves-de-la-central-de-abasto-por-granizada-hay-1-herido-ciudad-de-mexico\/","url_meta":{"origin":46875,"position":3},"title":"Se derrumban techos de naves de la Central de Abasto por granizada; hay 1 herido (Ciudad de M\u00e9xico)","author":"grieta","date":"21 marzo, 2020","format":false,"excerpt":"Tomada de Twitter @SGIRPC_CDMX El Financiero Protecci\u00f3n Civil federal agreg\u00f3 tambi\u00e9n que en una sucursal de la empresa Elektra, seis personas quedaron temporalmente atrapadas. Los techos de tres naves de la Central de Abasto se vinieron abajo este s\u00e1bado despu\u00e9s de la granizada que cay\u00f3 en la Ciudad de M\u00e9xico.\u2026","rel":"","context":"En &quot;CINTILLO&quot;","block_context":{"text":"CINTILLO","link":"https:\/\/www.grieta.org.mx\/index.php\/category\/cintillo\/"},"img":{"alt_text":"","src":"https:\/\/i0.wp.com\/www.grieta.org.mx\/wp-content\/uploads\/2020\/03\/Se-derrumban-techos-de-naves-de-la-Central-de-Abasto-por-granizada-hay-1-herido-cdmx-mzo.jpg?resize=350%2C200","width":350,"height":200},"classes":[]},{"id":46484,"url":"https:\/\/www.grieta.org.mx\/index.php\/2020\/03\/23\/grave-situacion-que-vive-la-comunidad-otomi-en-la-ciudad-de-mexico-ante-covid-19\/","url_meta":{"origin":46875,"position":4},"title":"Grave, situaci\u00f3n que vive la comunidad otom\u00ed en la Ciudad de M\u00e9xico ante Covid-19","author":"grieta","date":"23 marzo, 2020","format":false,"excerpt":"Foto tomada de: www.somoselmedio.com Mercedes Matz\/@abraxas_m \/ Somos el medio Filiberto Margarito Juan, concejal de la comunidad otom\u00ed residente de la Ciudad de M\u00e9xico, calific\u00f3 como grave la situaci\u00f3n que enfrentan alrededor de 110 familias pertenecientes a la comunidad a consecuencia de la falta de acceso al agua, y al\u2026","rel":"","context":"En &quot;CINTILLO&quot;","block_context":{"text":"CINTILLO","link":"https:\/\/www.grieta.org.mx\/index.php\/category\/cintillo\/"},"img":{"alt_text":"","src":"https:\/\/i0.wp.com\/www.grieta.org.mx\/wp-content\/uploads\/2020\/03\/Grave-situaci%C3%B3n-que-vive-la-comunidad-otom%C3%AD-en-la-Ciudad-de-M%C3%A9xico-ante-Covid-19-cdmx-mzo.jpeg?resize=350%2C200&ssl=1","width":350,"height":200,"srcset":"https:\/\/i0.wp.com\/www.grieta.org.mx\/wp-content\/uploads\/2020\/03\/Grave-situaci%C3%B3n-que-vive-la-comunidad-otom%C3%AD-en-la-Ciudad-de-M%C3%A9xico-ante-Covid-19-cdmx-mzo.jpeg?resize=350%2C200&ssl=1 1x, https:\/\/i0.wp.com\/www.grieta.org.mx\/wp-content\/uploads\/2020\/03\/Grave-situaci%C3%B3n-que-vive-la-comunidad-otom%C3%AD-en-la-Ciudad-de-M%C3%A9xico-ante-Covid-19-cdmx-mzo.jpeg?resize=525%2C300&ssl=1 1.5x"},"classes":[]},{"id":71967,"url":"https:\/\/www.grieta.org.mx\/index.php\/2025\/07\/08\/trabajadores-de-la-salud-bloquean-paseo-de-la-reforma-denuncian-irregularidades-ciudad-de-mexico\/","url_meta":{"origin":46875,"position":5},"title":"Trabajadores de la salud bloquean Paseo de la Reforma; denuncian irregularidades (Ciudad de M\u00e9xico)","author":"grieta","date":"8 julio, 2025","format":false,"excerpt":"Natalia Estrada Garc\u00eda \/ Enfoque noticias CDMX.- Trabajadoras y trabajadores pertenecientes al sector salud fueron agredidos tras mantener un bloqueo sobre carriles laterales del Perif\u00e9rico y avenida Paseo de la Reforma en la colonia Bosques de Chapultepec, Miguel Hidalgo. Laura Quintero delegada estatal de Ciudad de M\u00e9xico de la Fuerza\u2026","rel":"","context":"En &quot;Abuso policiaco y tortura en la Ciudad de M\u00e9xico&quot;","block_context":{"text":"Abuso policiaco y tortura en la Ciudad de M\u00e9xico","link":"https:\/\/www.grieta.org.mx\/index.php\/category\/noticias-nacionales\/ciudad-de-mexico\/abuso-policiaco-y-tortura-en-la-ciudad-de-mexico\/"},"img":{"alt_text":"","src":"https:\/\/i0.wp.com\/www.grieta.org.mx\/wp-content\/uploads\/2025\/07\/Captura-de-pantalla-2025-07-08-233604.png?resize=350%2C200&ssl=1","width":350,"height":200,"srcset":"https:\/\/i0.wp.com\/www.grieta.org.mx\/wp-content\/uploads\/2025\/07\/Captura-de-pantalla-2025-07-08-233604.png?resize=350%2C200&ssl=1 1x, https:\/\/i0.wp.com\/www.grieta.org.mx\/wp-content\/uploads\/2025\/07\/Captura-de-pantalla-2025-07-08-233604.png?resize=525%2C300&ssl=1 1.5x, https:\/\/i0.wp.com\/www.grieta.org.mx\/wp-content\/uploads\/2025\/07\/Captura-de-pantalla-2025-07-08-233604.png?resize=700%2C400&ssl=1 2x"},"classes":[]}],"_links":{"self":[{"href":"https:\/\/www.grieta.org.mx\/index.php\/wp-json\/wp\/v2\/posts\/46875","targetHints":{"allow":["GET"]}}],"collection":[{"href":"https:\/\/www.grieta.org.mx\/index.php\/wp-json\/wp\/v2\/posts"}],"about":[{"href":"https:\/\/www.grieta.org.mx\/index.php\/wp-json\/wp\/v2\/types\/post"}],"author":[{"embeddable":true,"href":"https:\/\/www.grieta.org.mx\/index.php\/wp-json\/wp\/v2\/users\/2"}],"replies":[{"embeddable":true,"href":"https:\/\/www.grieta.org.mx\/index.php\/wp-json\/wp\/v2\/comments?post=46875"}],"version-history":[{"count":1,"href":"https:\/\/www.grieta.org.mx\/index.php\/wp-json\/wp\/v2\/posts\/46875\/revisions"}],"predecessor-version":[{"id":46877,"href":"https:\/\/www.grieta.org.mx\/index.php\/wp-json\/wp\/v2\/posts\/46875\/revisions\/46877"}],"wp:featuredmedia":[{"embeddable":true,"href":"https:\/\/www.grieta.org.mx\/index.php\/wp-json\/wp\/v2\/media\/46876"}],"wp:attachment":[{"href":"https:\/\/www.grieta.org.mx\/index.php\/wp-json\/wp\/v2\/media?parent=46875"}],"wp:term":[{"taxonomy":"category","embeddable":true,"href":"https:\/\/www.grieta.org.mx\/index.php\/wp-json\/wp\/v2\/categories?post=46875"},{"taxonomy":"post_tag","embeddable":true,"href":"https:\/\/www.grieta.org.mx\/index.php\/wp-json\/wp\/v2\/tags?post=46875"}],"curies":[{"name":"wp","href":"https:\/\/api.w.org\/{rel}","templated":true}]}}