{"id":46864,"date":"2020-03-25T00:37:29","date_gmt":"2020-03-25T06:37:29","guid":{"rendered":"http:\/\/www.grieta.org.mx\/?p=46864"},"modified":"2020-03-27T00:43:54","modified_gmt":"2020-03-27T06:43:54","slug":"habitantes-de-leonardo-bravo-se-arman-para-defenderse-de-grupos-delictivos-guerrero","status":"publish","type":"post","link":"https:\/\/www.grieta.org.mx\/index.php\/2020\/03\/25\/habitantes-de-leonardo-bravo-se-arman-para-defenderse-de-grupos-delictivos-guerrero\/","title":{"rendered":"Habitantes de Leonardo Bravo se arman para defenderse de grupos delictivos (Guerrero)"},"content":{"rendered":"<figure id=\"attachment_46865\" aria-describedby=\"caption-attachment-46865\" style=\"width: 800px\" class=\"wp-caption aligncenter\"><a href=\"http:\/\/www.grieta.org.mx\/wp-content\/uploads\/2020\/03\/Leonardo-Bravo-870x522.jpg\"><img loading=\"lazy\" decoding=\"async\" data-attachment-id=\"46865\" data-permalink=\"https:\/\/www.grieta.org.mx\/index.php\/2020\/03\/25\/habitantes-de-leonardo-bravo-se-arman-para-defenderse-de-grupos-delictivos-guerrero\/leonardo-bravo-870x522\/\" data-orig-file=\"https:\/\/www.grieta.org.mx\/wp-content\/uploads\/2020\/03\/Leonardo-Bravo-870x522.jpg\" data-orig-size=\"870,522\" data-comments-opened=\"0\" data-image-meta=\"{&quot;aperture&quot;:&quot;0&quot;,&quot;credit&quot;:&quot;&quot;,&quot;camera&quot;:&quot;&quot;,&quot;caption&quot;:&quot;&quot;,&quot;created_timestamp&quot;:&quot;0&quot;,&quot;copyright&quot;:&quot;&quot;,&quot;focal_length&quot;:&quot;0&quot;,&quot;iso&quot;:&quot;0&quot;,&quot;shutter_speed&quot;:&quot;0&quot;,&quot;title&quot;:&quot;&quot;,&quot;orientation&quot;:&quot;0&quot;}\" data-image-title=\"Leonardo-Bravo-870&amp;#215;522\" data-image-description=\"\" data-image-caption=\"&lt;p&gt;Al menos 500 habitantes de 16 comunidades del Leonardo Bravo decidieron levantarse en armas ante la indiferencia \u2013se\u00f1alaron\u2014del gobierno estatal y federal. Foto: especial&lt;\/p&gt;\n\" data-medium-file=\"https:\/\/www.grieta.org.mx\/wp-content\/uploads\/2020\/03\/Leonardo-Bravo-870x522-300x180.jpg\" data-large-file=\"https:\/\/www.grieta.org.mx\/wp-content\/uploads\/2020\/03\/Leonardo-Bravo-870x522.jpg\" class=\"wp-image-46865\" src=\"http:\/\/www.grieta.org.mx\/wp-content\/uploads\/2020\/03\/Leonardo-Bravo-870x522.jpg\" alt=\"\" width=\"800\" height=\"480\" srcset=\"https:\/\/www.grieta.org.mx\/wp-content\/uploads\/2020\/03\/Leonardo-Bravo-870x522.jpg 870w, https:\/\/www.grieta.org.mx\/wp-content\/uploads\/2020\/03\/Leonardo-Bravo-870x522-300x180.jpg 300w, https:\/\/www.grieta.org.mx\/wp-content\/uploads\/2020\/03\/Leonardo-Bravo-870x522-768x461.jpg 768w, https:\/\/www.grieta.org.mx\/wp-content\/uploads\/2020\/03\/Leonardo-Bravo-870x522-833x500.jpg 833w\" sizes=\"auto, (max-width: 800px) 100vw, 800px\" \/><\/a><figcaption id=\"caption-attachment-46865\" class=\"wp-caption-text\">Al menos 500 habitantes de 16 comunidades del Leonardo Bravo decidieron levantarse en armas ante la indiferencia \u2013se\u00f1alaron\u2014del gobierno estatal y federal. Foto: especial<\/figcaption><\/figure>\n<p>Ezequiel Flores Contreras \/ Proceso<\/p>\n<p>CHILPANCINGO, Gro. (apro).- Al menos 500 habitantes de 16 comunidades del municipio de Leonardo Bravo decidieron levantarse en armas portando escopetas, palos y machetes ante la indiferencia \u2013se\u00f1alaron\u2014de los gobiernos estatal y federal para revertir la situaci\u00f3n de violencia que se vive en la sierra de la entidad.<\/p>\n<p>Se trata de mujeres, ni\u00f1os y adultos, algunos de ellos desplazados de sus poblados por la violencia y que desde el a\u00f1o pasado han lanzado gritos de ayuda para que las autoridades intervengan frente a la confrontaci\u00f3n que mantienen grupos delictivos de Chichihualco y Tlacotepec, de acuerdo con reportes oficiales.<\/p>\n<p>Los inconformes difundieron fotos y un comunicado donde reprochan \u201cel desinter\u00e9s\u201d del gobernador H\u00e9ctor Astudillo Flores y la indolencia del presidente Andr\u00e9s Manuel L\u00f3pez Obrador, quienes a pesar de tener informaci\u00f3n precisa acerca de lo que pasa en el corredor minero de Xochipala \u2013 Filo de caballos, actualmente disputado por grupos armados, se han negado a proteger la integridad f\u00edsica de los ciudadanos.<\/p>\n<p>\u201cHoy 24 de marzo estamos aqu\u00ed pidiendo a las instituciones, porque hoy hemos visto que el gobierno ha hecho caso omiso, la Sierra de Leonardo Bravo sigue siendo pisoteada por los grupos delincuenciales\u201d, indica el comunicado.<\/p>\n<p>\u201cSomos gente pac\u00edfica que lo \u00fanico que queremos es paz y seguridad en nuestro corredor. Somos gente trabajadora, gente humilde y es por eso que hoy hemos decidido armarnos, tomar las armas, porque vemos que alrededor de nuestros corredores hay gente extra\u00f1a que seguido nos han amenazado con diferentes balaceras y llev\u00e1ndose a nuestros familiares\u201d, sentenciaron los pobladores de las comunidades de Leonardo Bravo.<\/p>\n<p><a href=\"http:\/\/www.grieta.org.mx\/wp-content\/uploads\/2020\/03\/IMG_0030-1024x768.jpg\"><img loading=\"lazy\" decoding=\"async\" data-attachment-id=\"46867\" data-permalink=\"https:\/\/www.grieta.org.mx\/index.php\/2020\/03\/25\/habitantes-de-leonardo-bravo-se-arman-para-defenderse-de-grupos-delictivos-guerrero\/img_0030-1024x768\/\" data-orig-file=\"https:\/\/www.grieta.org.mx\/wp-content\/uploads\/2020\/03\/IMG_0030-1024x768.jpg\" data-orig-size=\"1024,768\" data-comments-opened=\"0\" data-image-meta=\"{&quot;aperture&quot;:&quot;0&quot;,&quot;credit&quot;:&quot;&quot;,&quot;camera&quot;:&quot;&quot;,&quot;caption&quot;:&quot;&quot;,&quot;created_timestamp&quot;:&quot;1585119509&quot;,&quot;copyright&quot;:&quot;&quot;,&quot;focal_length&quot;:&quot;0&quot;,&quot;iso&quot;:&quot;0&quot;,&quot;shutter_speed&quot;:&quot;0&quot;,&quot;title&quot;:&quot;&quot;,&quot;orientation&quot;:&quot;1&quot;}\" data-image-title=\"IMG_0030-1024&amp;#215;768\" data-image-description=\"\" data-image-caption=\"\" data-medium-file=\"https:\/\/www.grieta.org.mx\/wp-content\/uploads\/2020\/03\/IMG_0030-1024x768-300x225.jpg\" data-large-file=\"https:\/\/www.grieta.org.mx\/wp-content\/uploads\/2020\/03\/IMG_0030-1024x768-1024x768.jpg\" class=\"aligncenter wp-image-46867\" src=\"http:\/\/www.grieta.org.mx\/wp-content\/uploads\/2020\/03\/IMG_0030-1024x768-1024x768.jpg\" alt=\"\" width=\"800\" height=\"600\" srcset=\"https:\/\/www.grieta.org.mx\/wp-content\/uploads\/2020\/03\/IMG_0030-1024x768.jpg 1024w, https:\/\/www.grieta.org.mx\/wp-content\/uploads\/2020\/03\/IMG_0030-1024x768-300x225.jpg 300w, https:\/\/www.grieta.org.mx\/wp-content\/uploads\/2020\/03\/IMG_0030-1024x768-768x576.jpg 768w, https:\/\/www.grieta.org.mx\/wp-content\/uploads\/2020\/03\/IMG_0030-1024x768-667x500.jpg 667w\" sizes=\"auto, (max-width: 800px) 100vw, 800px\" \/><\/a><\/p>\n<p>Violencia en ascenso<\/p>\n<p>Los civiles armados se mantienen desde ayer apostados en entradas y salidas del poblado de Chichihualco, la cabecera municipal de Leonardo Bravo, as\u00ed como en otras 15 comunidades que se mantienen en alerta m\u00e1xima ante las constantes balaceras.<\/p>\n<p>Desde hace un mes, la violencia se recrudeci\u00f3 en esta franja de la sierra donde se han reportado asesinatos masivos, as\u00ed como la incursi\u00f3n de grupos armados en diferentes poblados que ha dejado una nueva ola de desplazados.<\/p>\n<p>Incluso, la semana pasada el alcalde de Leonardo Bravo, Ismael C\u00e1stulo encabez\u00f3 una marcha en Chichihualco para exigir al gobierno federal y estatal que restablezcan la paz y seguridad en su municipio, pero tampoco fue escuchado.<\/p>\n<p><a href=\"https:\/\/www.proceso.com.mx\/623191\/habitantes-de-leonardo-bravo-se-arman-para-defenderse-de-grupos-delictivos\">https:\/\/www.proceso.com.mx\/623191\/habitantes-de-leonardo-bravo-se-arman-para-defenderse-de-grupos-delictivos<\/a><\/p>\n","protected":false},"excerpt":{"rendered":"<p>Ezequiel Flores Contreras \/ Proceso CHILPANCINGO, Gro. (apro).- Al menos 500 habitantes de 16 comunidades del municipio de Leonardo Bravo decidieron levantarse en armas portando escopetas, palos y machetes ante &hellip; <a href=\"https:\/\/www.grieta.org.mx\/index.php\/2020\/03\/25\/habitantes-de-leonardo-bravo-se-arman-para-defenderse-de-grupos-delictivos-guerrero\/\" class=\"more-link\">Leer m\u00e1s<\/a><\/p>\n","protected":false},"author":1,"featured_media":46867,"comment_status":"closed","ping_status":"closed","sticky":false,"template":"","format":"standard","meta":{"ngg_post_thumbnail":0,"_jetpack_newsletter_access":"","_jetpack_dont_email_post_to_subs":false,"_jetpack_newsletter_tier_id":0,"_jetpack_memberships_contains_paywalled_content":false,"_jetpack_memberships_contains_paid_content":false,"footnotes":""},"categories":[80,1342,18,1128,2852,2],"tags":[628,232],"class_list":["post-46864","post","type-post","status-publish","format-standard","has-post-thumbnail","hentry","category-cintillo","category-desplazados-por-violencia-en-guerrero","category-guerrero","category-incremento-en-la-violencia-en-guerrero","category-la-ninez-en-la-tormenta-en-guerrero","category-noticias-nacionales","tag-defensa-del-territorio","tag-desplazados","entry"],"jetpack_featured_media_url":"https:\/\/www.grieta.org.mx\/wp-content\/uploads\/2020\/03\/IMG_0030-1024x768.jpg","jetpack_sharing_enabled":true,"jetpack_shortlink":"https:\/\/wp.me\/p7ZJR4-cbS","jetpack_likes_enabled":false,"jetpack-related-posts":[{"id":40611,"url":"https:\/\/www.grieta.org.mx\/index.php\/2019\/10\/17\/desplazados-de-leonardo-bravo-y-zitlala-bloquearon-la-autopista-del-sol-guerrero\/","url_meta":{"origin":46864,"position":0},"title":"Desplazados de Leonardo Bravo y Zitlala, bloquearon la Autopista del Sol (Guerrero)","author":"Admin","date":"17 octubre, 2019","format":false,"excerpt":"Javier Tinoco Memije \/ El Sol de Acapulco Habitantes de Leonardo Bravo y Zitlala, desplazados por la violencia, bloquean la Autopista del Sol, a la altura del Parador del Marqu\u00e9s en el municipio de Chilpancingo, para exigir al gobierno del estado que les garantice su regreso a las comunidades serranas\u2026","rel":"","context":"En &quot;CINTILLO&quot;","block_context":{"text":"CINTILLO","link":"https:\/\/www.grieta.org.mx\/index.php\/category\/cintillo\/"},"img":{"alt_text":"","src":"https:\/\/i0.wp.com\/www.grieta.org.mx\/wp-content\/uploads\/2019\/10\/desplazados.jpg?resize=350%2C200&ssl=1","width":350,"height":200,"srcset":"https:\/\/i0.wp.com\/www.grieta.org.mx\/wp-content\/uploads\/2019\/10\/desplazados.jpg?resize=350%2C200&ssl=1 1x, https:\/\/i0.wp.com\/www.grieta.org.mx\/wp-content\/uploads\/2019\/10\/desplazados.jpg?resize=525%2C300&ssl=1 1.5x, https:\/\/i0.wp.com\/www.grieta.org.mx\/wp-content\/uploads\/2019\/10\/desplazados.jpg?resize=700%2C400&ssl=1 2x"},"classes":[]},{"id":39271,"url":"https:\/\/www.grieta.org.mx\/index.php\/2019\/09\/16\/desplazados-en-guerrero-toman-caseta-de-autopista-del-sol\/","url_meta":{"origin":46864,"position":1},"title":"Desplazados en Guerrero toman caseta de Autopista del Sol","author":"Admin","date":"16 septiembre, 2019","format":false,"excerpt":"Francisca Meza Carranza \/ Quadrat\u00edn CHILPANCINGO, Gro., 16 de septiembre de 2019.- Desplazados de la sierra de Leonardo Bravo y Tlaltempanapa, municipio de Zitlala, tomaron la caseta de cobro de la Autopista del Sol en esta ciudad, con el fin de recaudar fondos para sobrellevar sus gastos a 10 meses\u2026","rel":"","context":"En &quot;CINTILLO&quot;","block_context":{"text":"CINTILLO","link":"https:\/\/www.grieta.org.mx\/index.php\/category\/cintillo\/"},"img":{"alt_text":"","src":"https:\/\/i0.wp.com\/www.grieta.org.mx\/wp-content\/uploads\/2019\/09\/desplazadoscaseta-1160x700.jpg?resize=350%2C200&ssl=1","width":350,"height":200,"srcset":"https:\/\/i0.wp.com\/www.grieta.org.mx\/wp-content\/uploads\/2019\/09\/desplazadoscaseta-1160x700.jpg?resize=350%2C200&ssl=1 1x, https:\/\/i0.wp.com\/www.grieta.org.mx\/wp-content\/uploads\/2019\/09\/desplazadoscaseta-1160x700.jpg?resize=525%2C300&ssl=1 1.5x, https:\/\/i0.wp.com\/www.grieta.org.mx\/wp-content\/uploads\/2019\/09\/desplazadoscaseta-1160x700.jpg?resize=700%2C400&ssl=1 2x, https:\/\/i0.wp.com\/www.grieta.org.mx\/wp-content\/uploads\/2019\/09\/desplazadoscaseta-1160x700.jpg?resize=1050%2C600&ssl=1 3x"},"classes":[]},{"id":41375,"url":"https:\/\/www.grieta.org.mx\/index.php\/2019\/11\/10\/desplazados-de-zitlala-y-leonardo-bravo-cumplen-un-ano-sin-hogar-guerrero\/","url_meta":{"origin":46864,"position":2},"title":"Desplazados de Zitlala y Leonardo Bravo cumplen un a\u00f1o sin hogar  (Guerrero)","author":"Admin","date":"10 noviembre, 2019","format":false,"excerpt":"Juan Manuel Molina \/ Bajo Palabra Chilpancingo, Guerrero.- Familias desplazadas de comunidades de Leonardo Bravo y Zitlala, a causa del crimen organizado, cumplieron un a\u00f1o sin poder regresar a sus hogares. El defensor de derechos humanos, Manuel Olivares Hern\u00e1ndez, quien ha acompa\u00f1ado a las familias desde el \u00e9xodo en noviembre\u2026","rel":"","context":"En &quot;CINTILLO&quot;","block_context":{"text":"CINTILLO","link":"https:\/\/www.grieta.org.mx\/index.php\/category\/cintillo\/"},"img":{"alt_text":"","src":"https:\/\/i0.wp.com\/www.grieta.org.mx\/wp-content\/uploads\/2019\/11\/Desplazados-Guerrero-1.jpg?resize=350%2C200&ssl=1","width":350,"height":200,"srcset":"https:\/\/i0.wp.com\/www.grieta.org.mx\/wp-content\/uploads\/2019\/11\/Desplazados-Guerrero-1.jpg?resize=350%2C200&ssl=1 1x, https:\/\/i0.wp.com\/www.grieta.org.mx\/wp-content\/uploads\/2019\/11\/Desplazados-Guerrero-1.jpg?resize=525%2C300&ssl=1 1.5x, https:\/\/i0.wp.com\/www.grieta.org.mx\/wp-content\/uploads\/2019\/11\/Desplazados-Guerrero-1.jpg?resize=700%2C400&ssl=1 2x, https:\/\/i0.wp.com\/www.grieta.org.mx\/wp-content\/uploads\/2019\/11\/Desplazados-Guerrero-1.jpg?resize=1050%2C600&ssl=1 3x"},"classes":[]},{"id":36009,"url":"https:\/\/www.grieta.org.mx\/index.php\/2019\/07\/01\/al-menos-800-nuevos-desplazados-en-el-naranjo-guerrero-por-choque-de-grupos-armados\/","url_meta":{"origin":46864,"position":3},"title":"Al menos 800 nuevos desplazados en El Naranjo, Guerrero, por choque de grupos armados","author":"Admin","date":"1 julio, 2019","format":false,"excerpt":"Ezequiel Flores Contreras \/ PROCESO CHILPANCINGO, Gro. (apro).- Al menos 800 personas fueron desplazadas del poblado de El Naranjo, municipio de Leonardo Bravo, ante la confrontaci\u00f3n que mantienen grupos armados por el control de las zonas de producci\u00f3n de amapola y la industria minera en la Sierra de la entidad.\u2026","rel":"","context":"En &quot;CINTILLO&quot;","block_context":{"text":"CINTILLO","link":"https:\/\/www.grieta.org.mx\/index.php\/category\/cintillo\/"},"img":{"alt_text":"","src":"https:\/\/i0.wp.com\/www.grieta.org.mx\/wp-content\/uploads\/2019\/07\/WhatsApp-Image-2019-07-01-at-18.12.37-1078x640.jpg?resize=350%2C200&ssl=1","width":350,"height":200,"srcset":"https:\/\/i0.wp.com\/www.grieta.org.mx\/wp-content\/uploads\/2019\/07\/WhatsApp-Image-2019-07-01-at-18.12.37-1078x640.jpg?resize=350%2C200&ssl=1 1x, https:\/\/i0.wp.com\/www.grieta.org.mx\/wp-content\/uploads\/2019\/07\/WhatsApp-Image-2019-07-01-at-18.12.37-1078x640.jpg?resize=525%2C300&ssl=1 1.5x, https:\/\/i0.wp.com\/www.grieta.org.mx\/wp-content\/uploads\/2019\/07\/WhatsApp-Image-2019-07-01-at-18.12.37-1078x640.jpg?resize=700%2C400&ssl=1 2x, https:\/\/i0.wp.com\/www.grieta.org.mx\/wp-content\/uploads\/2019\/07\/WhatsApp-Image-2019-07-01-at-18.12.37-1078x640.jpg?resize=1050%2C600&ssl=1 3x"},"classes":[]},{"id":32078,"url":"https:\/\/www.grieta.org.mx\/index.php\/2019\/04\/10\/sigue-exodo-de-familias-de-pueblos-de-la-sierra-de-leonardo-bravo-por-la-violencia-guerrero\/","url_meta":{"origin":46864,"position":4},"title":"Sigue \u00e9xodo de familias de pueblos de la sierra de Leonardo Bravo por la violencia (Guerrero)","author":"grieta","date":"10 abril, 2019","format":false,"excerpt":"Beatriz Garc\u00eda \/ La Jornada Guerrero Chilpancingo, 8 de abril. El desplazado Crescencio Pacheco declar\u00f3 que siguen registrando familias que est\u00e1n desplaz\u00e1ndose por grupos criminales en la zona, que mantienen aterrados a los pobladores, orill\u00e1ndolos a irse a Estados Unidos, pedir refugio a familiares o concentrarse en el albergue que\u2026","rel":"","context":"En &quot;CINTILLO&quot;","block_context":{"text":"CINTILLO","link":"https:\/\/www.grieta.org.mx\/index.php\/category\/cintillo\/"},"img":{"alt_text":"","src":"https:\/\/i0.wp.com\/www.grieta.org.mx\/wp-content\/uploads\/2019\/04\/442f37d3ee385afe0a2055390d091f47_L.jpg?resize=350%2C200&ssl=1","width":350,"height":200,"srcset":"https:\/\/i0.wp.com\/www.grieta.org.mx\/wp-content\/uploads\/2019\/04\/442f37d3ee385afe0a2055390d091f47_L.jpg?resize=350%2C200&ssl=1 1x, https:\/\/i0.wp.com\/www.grieta.org.mx\/wp-content\/uploads\/2019\/04\/442f37d3ee385afe0a2055390d091f47_L.jpg?resize=525%2C300&ssl=1 1.5x, https:\/\/i0.wp.com\/www.grieta.org.mx\/wp-content\/uploads\/2019\/04\/442f37d3ee385afe0a2055390d091f47_L.jpg?resize=700%2C400&ssl=1 2x"},"classes":[]},{"id":47626,"url":"https:\/\/www.grieta.org.mx\/index.php\/2020\/03\/25\/desplazados-en-guerrero-aqui-el-virus-que-esta-matando-a-la-gente-es-la-violencia\/","url_meta":{"origin":46864,"position":5},"title":"Desplazados en Guerrero: \u201cAqu\u00ed el virus que est\u00e1 matando a la gente es la violencia\u201d","author":"Admin","date":"25 marzo, 2020","format":false,"excerpt":"Ezequiel Flores Contreras \/ Proceso CHICHIHUALCO, Gro. (apro).- Esta ma\u00f1ana se reportaron enfrentamientos armados en las zonas aleda\u00f1as a Chichihualco, cabecera municipal de Leonardo Bravo, donde la banda delictiva de Tlacotepec que dirige On\u00e9simo Marquina Chapa, alias El Necho, irrumpi\u00f3 en las comunidades de Tepozonalco y El Naranjo para desplazar\u2026","rel":"","context":"En &quot;CINTILLO&quot;","block_context":{"text":"CINTILLO","link":"https:\/\/www.grieta.org.mx\/index.php\/category\/cintillo\/"},"img":{"alt_text":"","src":"https:\/\/i0.wp.com\/www.grieta.org.mx\/wp-content\/uploads\/2020\/04\/guerrero-870x522.jpeg?resize=350%2C200&ssl=1","width":350,"height":200,"srcset":"https:\/\/i0.wp.com\/www.grieta.org.mx\/wp-content\/uploads\/2020\/04\/guerrero-870x522.jpeg?resize=350%2C200&ssl=1 1x, https:\/\/i0.wp.com\/www.grieta.org.mx\/wp-content\/uploads\/2020\/04\/guerrero-870x522.jpeg?resize=525%2C300&ssl=1 1.5x, https:\/\/i0.wp.com\/www.grieta.org.mx\/wp-content\/uploads\/2020\/04\/guerrero-870x522.jpeg?resize=700%2C400&ssl=1 2x"},"classes":[]}],"_links":{"self":[{"href":"https:\/\/www.grieta.org.mx\/index.php\/wp-json\/wp\/v2\/posts\/46864","targetHints":{"allow":["GET"]}}],"collection":[{"href":"https:\/\/www.grieta.org.mx\/index.php\/wp-json\/wp\/v2\/posts"}],"about":[{"href":"https:\/\/www.grieta.org.mx\/index.php\/wp-json\/wp\/v2\/types\/post"}],"author":[{"embeddable":true,"href":"https:\/\/www.grieta.org.mx\/index.php\/wp-json\/wp\/v2\/users\/1"}],"replies":[{"embeddable":true,"href":"https:\/\/www.grieta.org.mx\/index.php\/wp-json\/wp\/v2\/comments?post=46864"}],"version-history":[{"count":1,"href":"https:\/\/www.grieta.org.mx\/index.php\/wp-json\/wp\/v2\/posts\/46864\/revisions"}],"predecessor-version":[{"id":46870,"href":"https:\/\/www.grieta.org.mx\/index.php\/wp-json\/wp\/v2\/posts\/46864\/revisions\/46870"}],"wp:featuredmedia":[{"embeddable":true,"href":"https:\/\/www.grieta.org.mx\/index.php\/wp-json\/wp\/v2\/media\/46867"}],"wp:attachment":[{"href":"https:\/\/www.grieta.org.mx\/index.php\/wp-json\/wp\/v2\/media?parent=46864"}],"wp:term":[{"taxonomy":"category","embeddable":true,"href":"https:\/\/www.grieta.org.mx\/index.php\/wp-json\/wp\/v2\/categories?post=46864"},{"taxonomy":"post_tag","embeddable":true,"href":"https:\/\/www.grieta.org.mx\/index.php\/wp-json\/wp\/v2\/tags?post=46864"}],"curies":[{"name":"wp","href":"https:\/\/api.w.org\/{rel}","templated":true}]}}