{"id":4682,"date":"2015-10-03T14:58:33","date_gmt":"2015-10-03T14:58:33","guid":{"rendered":"http:\/\/50.22.11.12\/~grietaor\/?p=4682"},"modified":"2016-03-25T15:00:03","modified_gmt":"2016-03-25T15:00:03","slug":"caprichos-personales-o-politicos-no-deben-obstaculizar-el-ccco-dice-dirigente-del-pan","status":"publish","type":"post","link":"https:\/\/www.grieta.org.mx\/index.php\/2015\/10\/03\/caprichos-personales-o-politicos-no-deben-obstaculizar-el-ccco-dice-dirigente-del-pan\/","title":{"rendered":"Caprichos personales o pol\u00edticos no deben obstaculizar el CCCO, dice dirigente del PAN"},"content":{"rendered":"<p>Jaime Guerrero, Oaxaca.<\/p>\n<p>3 de octubre de 2015.- OAXACA (p\u00e1gina3.mx).- El presidente del Comit\u00e9 Directivo Estatal del Partido Acci\u00f3n Nacional, Juan Mendoza Reyes, dijo que no se debe permitir que por caprichos personales o pol\u00edticos se obstaculice el desarrollo de la entidad como la construcci\u00f3n del Centro Cultural y de Convenciones de la Ciudad de Oaxaca (CCCO).<\/p>\n<p>El ex presidente de la Junta de Coordinaci\u00f3n Pol\u00edtica del Congreso del Estado, asegur\u00f3 que no se trata de una defensa a intereses particulares, sino la decisi\u00f3n firme de no admitir que la entidad permanezca en el rezago.<\/p>\n<p>Mendoza Reyes aval\u00f3 la construcci\u00f3n del espacio en referencia y exigi\u00f3 al Instituto Estatal Electoral y de Participaci\u00f3n Ciudadana (IEEPCO), la aplicaci\u00f3n sin cargas partidistas de la consulta ciudadana, que para definir el tema, se efectuar\u00e1 el pr\u00f3ximo domingo.<\/p>\n<p>Resulta lamentable afirm\u00f3, que a cada acto u obra del gobierno estatal que pretende elevar las condiciones de la entidad, se le pongan obst\u00e1culos; m\u00e1s triste resulta que haya gente que se deje llevar por falsos argumentos mesi\u00e1nicos, que surgen por protagonismo o pretensiones totalmente ajenas al inter\u00e9s com\u00fan, dijo Mendoza Reyes.<\/p>\n<p>A juicio del dirigente del PAN, es ego\u00edsta mantener a Oaxaca en el retraso y subdesarrollo s\u00f3lo porque algunos personajes acostumbrados a ser el centro de atenci\u00f3n, hoy la pierden ante la expectativa que puede crear la aplicaci\u00f3n de nuevos atractivos o ante la posibilidad de que sea una administraci\u00f3n, que no coincide con sus camarillas pol\u00edticas, la que concrete un proyecto que impulsar\u00e1 a la entidad.<\/p>\n<p>Muchos a\u00f1os, el sector comercial y empresarial de Oaxaca ha exigido que se creen otras alternativas que hagan que las miradas del turismo nacional e internacional se ubiquen en nuestro estado, se\u00f1al\u00f3.<\/p>\n<p>Mendoza Reyes, consider\u00f3 imperativo atraer mayores inversiones mediante la creaci\u00f3n y oferta de un espacio, donde se puedan realizar encuentros de diferentes tipos y a la altura de las mejores opciones en el pa\u00eds.<\/p>\n<p>Cuestion\u00f3 lo que llam\u00f3 el encaprichamiento para evitar contar con un sitio que fomente la llegada del turismo, abra la oportunidad de inversiones, genere empleos y derrama econ\u00f3mica que beneficie a la entidad.<\/p>\n<p>En tanto, el dirigente del PAN, llam\u00f3 a la sociedad a hacer uso de su derecho a manifestar su opini\u00f3n respecto a este tema, pensando en las oportunidades y los beneficios a que conlleva.<\/p>\n<p>Es momento de pensar en Oaxaca, en su gente y en su desarrollo, ya es tiempo de crecer, puntualiz\u00f3 el presidente estatal del PAN.<\/p>\n<p><a href=\"http:\/\/pagina3.mx\/2015\/10\/caprichos-personales-o-politicos-no-deben-obstaculizar-el-ccco-dice-dirigente-del-pan\/\" target=\"_blank\">pagina3.mx\/2015\/10\/caprichos-personales-o-politicos-no-deben-obstaculizar-el-ccco-dice-dirigente-del-pan\/<\/a>03<\/p>\n","protected":false},"excerpt":{"rendered":"<p>Jaime Guerrero, Oaxaca. 3 de octubre de 2015.- OAXACA (p\u00e1gina3.mx).- El presidente del Comit\u00e9 Directivo Estatal del Partido Acci\u00f3n Nacional, Juan Mendoza Reyes, dijo que no se debe permitir que &hellip; <a href=\"https:\/\/www.grieta.org.mx\/index.php\/2015\/10\/03\/caprichos-personales-o-politicos-no-deben-obstaculizar-el-ccco-dice-dirigente-del-pan\/\" class=\"more-link\">Leer m\u00e1s<\/a><\/p>\n","protected":false},"author":2,"featured_media":21928,"comment_status":"closed","ping_status":"open","sticky":false,"template":"","format":"standard","meta":{"ngg_post_thumbnail":0,"_jetpack_newsletter_access":"","_jetpack_dont_email_post_to_subs":false,"_jetpack_newsletter_tier_id":0,"_jetpack_memberships_contains_paywalled_content":false,"_jetpack_memberships_contains_paid_content":false,"footnotes":""},"categories":[80],"tags":[154,184,93],"class_list":["post-4682","post","type-post","status-publish","format-standard","has-post-thumbnail","hentry","category-cintillo","tag-areas-naturales-protegidas","tag-despojo","tag-oaxaca","entry"],"jetpack_featured_media_url":"https:\/\/www.grieta.org.mx\/wp-content\/uploads\/2018\/03\/14524434_1106112876131411_958039263622046936_o.jpg","jetpack_sharing_enabled":true,"jetpack_shortlink":"https:\/\/wp.me\/p7ZJR4-1dw","jetpack_likes_enabled":false,"jetpack-related-posts":[{"id":4607,"url":"https:\/\/www.grieta.org.mx\/index.php\/2015\/10\/21\/oaxaquenos-resisten-a-la-destruccion-del-cerro-del-fortin\/","url_meta":{"origin":4682,"position":0},"title":"Oaxaque\u00f1os resisten a la destrucci\u00f3n del Cerro del Fort\u00edn","author":"grieta","date":"21 octubre, 2015","format":false,"excerpt":"21\/10\/15. Cu\u00e9 renuncia a construir en el Cerro del Fort\u00edn; cambia sede del Centro de Convenciones Proceso 06\/10\/15. Desde las esferas del gobierno amenazan a Francisco Toledo y Sergio Hern\u00e1ndez por oponerse al Centro de Convenciones P\u00e1gina 3 03\/10\/15. Caprichos personales o pol\u00edticos no deben obstaculizar el CCCO, dice dirigente\u2026","rel":"","context":"En &quot;\u00c1reas naturales protegidas&quot;","block_context":{"text":"\u00c1reas naturales protegidas","link":"https:\/\/www.grieta.org.mx\/index.php\/category\/megaproyectos\/areas-naturales-protegidas\/"},"img":{"alt_text":"","src":"https:\/\/i0.wp.com\/www.grieta.org.mx\/wp-content\/uploads\/2018\/03\/14524434_1106112876131411_958039263622046936_o.jpg?resize=350%2C200&ssl=1","width":350,"height":200,"srcset":"https:\/\/i0.wp.com\/www.grieta.org.mx\/wp-content\/uploads\/2018\/03\/14524434_1106112876131411_958039263622046936_o.jpg?resize=350%2C200&ssl=1 1x, https:\/\/i0.wp.com\/www.grieta.org.mx\/wp-content\/uploads\/2018\/03\/14524434_1106112876131411_958039263622046936_o.jpg?resize=525%2C300&ssl=1 1.5x, https:\/\/i0.wp.com\/www.grieta.org.mx\/wp-content\/uploads\/2018\/03\/14524434_1106112876131411_958039263622046936_o.jpg?resize=700%2C400&ssl=1 2x"},"classes":[]},{"id":4678,"url":"https:\/\/www.grieta.org.mx\/index.php\/2015\/09\/21\/obligan-a-trabajadores-del-gobierno-del-estado-a-conseguir-copias-de-credencial-de-elector-a-favor-de-ccco\/","url_meta":{"origin":4682,"position":1},"title":"Obligan a trabajadores del Gobierno del Estado, a conseguir copias de credencial de elector a favor de CCCO","author":"grieta","date":"21 septiembre, 2015","format":false,"excerpt":"Jaime Guerrero, Oaxaca. 21 de septiembre de 2015.- OAXACA (p\u00e1gina3.mx).- A dos semanas de realizarse la consulta p\u00fablica sobre la procedencia de la construcci\u00f3n del Centro Cultural y de Convenciones de Oaxaca (CCCO) en el Cerro del Fort\u00edn, el Gobierno del Estado a trav\u00e9s de la Secretar\u00eda de Turismo y\u2026","rel":"","context":"En &quot;CINTILLO&quot;","block_context":{"text":"CINTILLO","link":"https:\/\/www.grieta.org.mx\/index.php\/category\/cintillo\/"},"img":{"alt_text":"","src":"https:\/\/i0.wp.com\/www.grieta.org.mx\/wp-content\/uploads\/2018\/03\/14524434_1106112876131411_958039263622046936_o.jpg?resize=350%2C200&ssl=1","width":350,"height":200,"srcset":"https:\/\/i0.wp.com\/www.grieta.org.mx\/wp-content\/uploads\/2018\/03\/14524434_1106112876131411_958039263622046936_o.jpg?resize=350%2C200&ssl=1 1x, https:\/\/i0.wp.com\/www.grieta.org.mx\/wp-content\/uploads\/2018\/03\/14524434_1106112876131411_958039263622046936_o.jpg?resize=525%2C300&ssl=1 1.5x, https:\/\/i0.wp.com\/www.grieta.org.mx\/wp-content\/uploads\/2018\/03\/14524434_1106112876131411_958039263622046936_o.jpg?resize=700%2C400&ssl=1 2x"},"classes":[]},{"id":4674,"url":"https:\/\/www.grieta.org.mx\/index.php\/2015\/09\/05\/el-organismo-se-deslinda-de-la-embajadora-harriet-turner\/","url_meta":{"origin":4682,"position":2},"title":"El organismo se deslinda de la \u201cembajadora\u201d Harriet Turner","author":"grieta","date":"5 septiembre, 2015","format":false,"excerpt":"Jorge A. P\u00e9rez Alfonso, Oaxaca. La Unesco se deslind\u00f3 de Harriet Turner, quien acudi\u00f3 en d\u00edas pasados a la ciudad de Oaxaca asegurando ser embajadora de la paz y buena voluntad de dicho organismo, en cuyo nombre aval\u00f3 la construcci\u00f3n del Centro Cultural y de Convenciones de Oaxaca (CCCO. En\u2026","rel":"","context":"En &quot;CINTILLO&quot;","block_context":{"text":"CINTILLO","link":"https:\/\/www.grieta.org.mx\/index.php\/category\/cintillo\/"},"img":{"alt_text":"","src":"https:\/\/i0.wp.com\/www.grieta.org.mx\/wp-content\/uploads\/2018\/03\/14524434_1106112876131411_958039263622046936_o.jpg?resize=350%2C200&ssl=1","width":350,"height":200,"srcset":"https:\/\/i0.wp.com\/www.grieta.org.mx\/wp-content\/uploads\/2018\/03\/14524434_1106112876131411_958039263622046936_o.jpg?resize=350%2C200&ssl=1 1x, https:\/\/i0.wp.com\/www.grieta.org.mx\/wp-content\/uploads\/2018\/03\/14524434_1106112876131411_958039263622046936_o.jpg?resize=525%2C300&ssl=1 1.5x, https:\/\/i0.wp.com\/www.grieta.org.mx\/wp-content\/uploads\/2018\/03\/14524434_1106112876131411_958039263622046936_o.jpg?resize=700%2C400&ssl=1 2x"},"classes":[]},{"id":4676,"url":"https:\/\/www.grieta.org.mx\/index.php\/2015\/09\/08\/expertos-argumentan-inviabilidad-del-ccco-en-el-cerro-del-fortin\/","url_meta":{"origin":4682,"position":3},"title":"Expertos argumentan inviabilidad del CCCO en el Cerro del Fort\u00edn","author":"grieta","date":"8 septiembre, 2015","format":false,"excerpt":"David Yeudel, Oaxaca. Un grupo de expertos en la materia, convocados por el Patronato Pro Defensa y Conservaci\u00f3n del Patrimonio Cultural y Natural de Oaxaca (Pro-Oax), presidida por el maestro Francisco Toledo, explicaron t\u00e9cnicamente sobre la inviabilidad de la construcci\u00f3n del Centro cultural y de Convenciones de Oaxaca en el\u2026","rel":"","context":"En &quot;CINTILLO&quot;","block_context":{"text":"CINTILLO","link":"https:\/\/www.grieta.org.mx\/index.php\/category\/cintillo\/"},"img":{"alt_text":"","src":"https:\/\/i0.wp.com\/www.grieta.org.mx\/wp-content\/uploads\/2018\/03\/14524434_1106112876131411_958039263622046936_o.jpg?resize=350%2C200&ssl=1","width":350,"height":200,"srcset":"https:\/\/i0.wp.com\/www.grieta.org.mx\/wp-content\/uploads\/2018\/03\/14524434_1106112876131411_958039263622046936_o.jpg?resize=350%2C200&ssl=1 1x, https:\/\/i0.wp.com\/www.grieta.org.mx\/wp-content\/uploads\/2018\/03\/14524434_1106112876131411_958039263622046936_o.jpg?resize=525%2C300&ssl=1 1.5x, https:\/\/i0.wp.com\/www.grieta.org.mx\/wp-content\/uploads\/2018\/03\/14524434_1106112876131411_958039263622046936_o.jpg?resize=700%2C400&ssl=1 2x"},"classes":[]},{"id":4686,"url":"https:\/\/www.grieta.org.mx\/index.php\/2015\/10\/21\/cue-renuncia-a-construir-en-el-cerro-del-fortin-cambia-sede-del-centro-de-convenciones\/","url_meta":{"origin":4682,"position":4},"title":"Cu\u00e9 renuncia a construir en el Cerro del Fort\u00edn; cambia sede del Centro de Convenciones","author":"grieta","date":"21 octubre, 2015","format":false,"excerpt":"Pedro Mat\u00edas, Oaxaca. OAXACA, Oax. (apro).- Con el argumento de \u201cgarantizar la unidad de la sociedad oaxaque\u00f1a\u201d, el gobernador Gabino Cu\u00e9 Monteagudo determin\u00f3 cambiar la sede del Centro Cultural y de Convenciones de Oaxaca (CCCO) que beneficiaba a su secretario de Turismo, Jos\u00e9 Zorrilla, y que le gener\u00f3 una confrontaci\u00f3n\u2026","rel":"","context":"En &quot;CINTILLO&quot;","block_context":{"text":"CINTILLO","link":"https:\/\/www.grieta.org.mx\/index.php\/category\/cintillo\/"},"img":{"alt_text":"","src":"https:\/\/i0.wp.com\/www.grieta.org.mx\/wp-content\/uploads\/2018\/03\/14524434_1106112876131411_958039263622046936_o.jpg?resize=350%2C200&ssl=1","width":350,"height":200,"srcset":"https:\/\/i0.wp.com\/www.grieta.org.mx\/wp-content\/uploads\/2018\/03\/14524434_1106112876131411_958039263622046936_o.jpg?resize=350%2C200&ssl=1 1x, https:\/\/i0.wp.com\/www.grieta.org.mx\/wp-content\/uploads\/2018\/03\/14524434_1106112876131411_958039263622046936_o.jpg?resize=525%2C300&ssl=1 1.5x, https:\/\/i0.wp.com\/www.grieta.org.mx\/wp-content\/uploads\/2018\/03\/14524434_1106112876131411_958039263622046936_o.jpg?resize=700%2C400&ssl=1 2x"},"classes":[]},{"id":4608,"url":"https:\/\/www.grieta.org.mx\/index.php\/2015\/06\/30\/frente-en-defensa-del-cerro-del-fortin-busca-clausurar-el-ccco\/","url_meta":{"origin":4682,"position":5},"title":"Frente en Defensa del Cerro del Fort\u00edn busca clausurar el CCCO","author":"grieta","date":"30 junio, 2015","format":false,"excerpt":"Jazm\u00edn G\u00f3mez, Oaxaca OAXACA, (pagina3.mx).- Desde las 10:30 horas en las escaleras del Cerro del Fort\u00edn comenzaron a concentrarse integrantes de las 59 organizaciones que conforman el Frente en Defensa del Cerro del Fort\u00edn para llevar a cabo la clausura ciudadana del Centro Cultural y de Convenciones de Oaxaca que\u2026","rel":"","context":"En &quot;CINTILLO&quot;","block_context":{"text":"CINTILLO","link":"https:\/\/www.grieta.org.mx\/index.php\/category\/cintillo\/"},"img":{"alt_text":"","src":"https:\/\/i0.wp.com\/www.grieta.org.mx\/wp-content\/uploads\/2018\/03\/14524434_1106112876131411_958039263622046936_o.jpg?resize=350%2C200&ssl=1","width":350,"height":200,"srcset":"https:\/\/i0.wp.com\/www.grieta.org.mx\/wp-content\/uploads\/2018\/03\/14524434_1106112876131411_958039263622046936_o.jpg?resize=350%2C200&ssl=1 1x, https:\/\/i0.wp.com\/www.grieta.org.mx\/wp-content\/uploads\/2018\/03\/14524434_1106112876131411_958039263622046936_o.jpg?resize=525%2C300&ssl=1 1.5x, https:\/\/i0.wp.com\/www.grieta.org.mx\/wp-content\/uploads\/2018\/03\/14524434_1106112876131411_958039263622046936_o.jpg?resize=700%2C400&ssl=1 2x"},"classes":[]}],"_links":{"self":[{"href":"https:\/\/www.grieta.org.mx\/index.php\/wp-json\/wp\/v2\/posts\/4682","targetHints":{"allow":["GET"]}}],"collection":[{"href":"https:\/\/www.grieta.org.mx\/index.php\/wp-json\/wp\/v2\/posts"}],"about":[{"href":"https:\/\/www.grieta.org.mx\/index.php\/wp-json\/wp\/v2\/types\/post"}],"author":[{"embeddable":true,"href":"https:\/\/www.grieta.org.mx\/index.php\/wp-json\/wp\/v2\/users\/2"}],"replies":[{"embeddable":true,"href":"https:\/\/www.grieta.org.mx\/index.php\/wp-json\/wp\/v2\/comments?post=4682"}],"version-history":[{"count":1,"href":"https:\/\/www.grieta.org.mx\/index.php\/wp-json\/wp\/v2\/posts\/4682\/revisions"}],"predecessor-version":[{"id":4683,"href":"https:\/\/www.grieta.org.mx\/index.php\/wp-json\/wp\/v2\/posts\/4682\/revisions\/4683"}],"wp:featuredmedia":[{"embeddable":true,"href":"https:\/\/www.grieta.org.mx\/index.php\/wp-json\/wp\/v2\/media\/21928"}],"wp:attachment":[{"href":"https:\/\/www.grieta.org.mx\/index.php\/wp-json\/wp\/v2\/media?parent=4682"}],"wp:term":[{"taxonomy":"category","embeddable":true,"href":"https:\/\/www.grieta.org.mx\/index.php\/wp-json\/wp\/v2\/categories?post=4682"},{"taxonomy":"post_tag","embeddable":true,"href":"https:\/\/www.grieta.org.mx\/index.php\/wp-json\/wp\/v2\/tags?post=4682"}],"curies":[{"name":"wp","href":"https:\/\/api.w.org\/{rel}","templated":true}]}}