{"id":4678,"date":"2015-09-21T14:47:45","date_gmt":"2015-09-21T14:47:45","guid":{"rendered":"http:\/\/50.22.11.12\/~grietaor\/?p=4678"},"modified":"2016-03-25T14:51:27","modified_gmt":"2016-03-25T14:51:27","slug":"obligan-a-trabajadores-del-gobierno-del-estado-a-conseguir-copias-de-credencial-de-elector-a-favor-de-ccco","status":"publish","type":"post","link":"https:\/\/www.grieta.org.mx\/index.php\/2015\/09\/21\/obligan-a-trabajadores-del-gobierno-del-estado-a-conseguir-copias-de-credencial-de-elector-a-favor-de-ccco\/","title":{"rendered":"Obligan a trabajadores del Gobierno del Estado, a conseguir copias de credencial de elector a favor de CCCO"},"content":{"rendered":"<p>Jaime Guerrero, Oaxaca.<\/p>\n<p>21 de septiembre de 2015.- OAXACA (p\u00e1gina3.mx).- A dos semanas de realizarse la consulta p\u00fablica sobre la procedencia de la construcci\u00f3n del Centro Cultural y de Convenciones de Oaxaca (CCCO) en el Cerro del Fort\u00edn, el Gobierno del Estado a trav\u00e9s de la Secretar\u00eda de Turismo y Desarrollo Econ\u00f3mico (STYDE), obliga a sus trabajadores de confianza a obtener adeptos a favor del complejo tur\u00edstico.<\/p>\n<p>Los empleados de confianza fueron obligados a que de manera individual consigan 10 fotocopias de credenciales de elector con residencia en la capital del estado para que con \u00e9stas incidan en la determinaci\u00f3n de la Consulta que realizar\u00e1 el Instituto Estatal Electoral y de Participaci\u00f3n Ciudadana de Oaxaca (IEEPCO) el pr\u00f3ximo 4 de octubre.<\/p>\n<p>Empleados que pidieron el anonimato, revelaron que las y los trabajadores est\u00e1n siendo condicionados para mantener su empleo, pues fueron advertidos de que en caso de no presentar los datos de las credenciales solicitados, enfrentar\u00e1n el riesgo de ser removidos de su funci\u00f3n.<\/p>\n<p>\u201cFuimos avisador por nuestros jefes inmediatos que por \u00f3rdenes del Secretario de Turismo, Jos\u00e9 Zorrilla de San Mart\u00edn Diego, que tenemos que conseguir copias de la credencial de elector de diez personas (previo consentimiento para ser utilizados sus datos) para que se pronuncien a favor de la construcci\u00f3n del Centro de Convenciones\u201d, revel\u00f3 un trabajador.<\/p>\n<p>Por ello, indic\u00f3, se ven obligados a recurrir a familiares y amigos que otorguen sus datos y se pronuncien a favor de la construcci\u00f3n del CCCO durante la consulta ciudadana que organiza el IEEPCO a solicitud del gobernador, Gabino Cu\u00e9 Monteagudo.<\/p>\n<p>De su lado, el Consejero del IEEPCO, Gerardo Garc\u00eda Marroqu\u00edn, reiter\u00f3 que la realizaci\u00f3n de la consulta p\u00fablica para determinar el lugar de la construcci\u00f3n del Centro Cultural y de Convenciones de Oaxaca (CCCO) en el Cerro del Fort\u00edn es ilegal porque no existe disposici\u00f3n constitucional y legal para organizar una consulta ciudadana.<\/p>\n<p>Aclar\u00f3 que el procedimiento que procede es la figura del Plebiscito.<\/p>\n<p>Garc\u00eda Marroqu\u00edn aclar\u00f3 que no comparte la consulta p\u00fablica, ante la falta de fundamento jur\u00eddico para que el IEEPCO pueda actuar en el ejercicio ciudadano.<\/p>\n<p>Refiri\u00f3 que los mecanismos de democracia directa que se encuentran en la Constituci\u00f3n Local y la Ley de Participaci\u00f3n Ciudadana para el Estado de Oaxaca, en ambos ordenamientos se reconocen como mecanismos de participaci\u00f3n ciudadana al plebiscito, el refer\u00e9ndum, la revocaci\u00f3n de mandato, la audiencia p\u00fablica, el cabildo en sesi\u00f3n abierta y los consejos consultivos ciudadanos.<\/p>\n<p>Y conforme a la normatividad aplicable, el Gobernador s\u00f3lo puede solicitar ante el Instituto el Refer\u00e9ndum (Art. 24 y 25 LPCEO), mecanismo de participaci\u00f3n ciudadana que no encuadra sobre lo que se pretende consultar por no tratarse de una norma o precepto de car\u00e1cter general.<\/p>\n<p>A su juicio, a la petici\u00f3n de Cu\u00e9 Monteagudo le corresponde el Plebiscito, para efectuar la consulta ciudadana sobre la procedencia o no de la construcci\u00f3n del Centro Cultural y de Convenciones de Oaxaca, lo cual colocar\u00eda al IEEPCO en la ruta de la legalidad.<\/p>\n<p>Garc\u00eda Marroqu\u00edn advirti\u00f3 que un acuerdo de voluntades que no tiene sustento jur\u00eddico para el objeto que se propone, no puede colocarse por encima de los mecanismos de participaci\u00f3n ciudadana que se encuentran establecidos en la Ley de Participaci\u00f3n Ciudadana, en aras de que conforme a derecho se implemente la v\u00eda o ruta legalmente establecida para realizar la consulta que ha solicitado Cu\u00e9 Monteagudo.<\/p>\n<p><a href=\"http:\/\/pagina3.mx\/2015\/09\/obligan-a-trabajadores-del-gobierno-del-estado-a-conseguir-copias-de-credencial-de-elector-a-favor-de-ccco\/\" target=\"_blank\">pagina3.mx\/2015\/09\/obligan-a-trabajadores-del-gobierno-del-estado-a-conseguir-copias-de-credencial-de-elector-a-favor-de-ccco\/<\/a><\/p>\n","protected":false},"excerpt":{"rendered":"<p>Jaime Guerrero, Oaxaca. 21 de septiembre de 2015.- OAXACA (p\u00e1gina3.mx).- A dos semanas de realizarse la consulta p\u00fablica sobre la procedencia de la construcci\u00f3n del Centro Cultural y de Convenciones &hellip; <a href=\"https:\/\/www.grieta.org.mx\/index.php\/2015\/09\/21\/obligan-a-trabajadores-del-gobierno-del-estado-a-conseguir-copias-de-credencial-de-elector-a-favor-de-ccco\/\" class=\"more-link\">Leer m\u00e1s<\/a><\/p>\n","protected":false},"author":2,"featured_media":21928,"comment_status":"closed","ping_status":"open","sticky":false,"template":"","format":"standard","meta":{"ngg_post_thumbnail":0,"_jetpack_newsletter_access":"","_jetpack_dont_email_post_to_subs":false,"_jetpack_newsletter_tier_id":0,"_jetpack_memberships_contains_paywalled_content":false,"_jetpack_memberships_contains_paid_content":false,"footnotes":""},"categories":[80],"tags":[362,361,93],"class_list":["post-4678","post","type-post","status-publish","format-standard","has-post-thumbnail","hentry","category-cintillo","tag-cerro-del-fortin","tag-consulta-publica","tag-oaxaca","entry"],"jetpack_featured_media_url":"https:\/\/www.grieta.org.mx\/wp-content\/uploads\/2018\/03\/14524434_1106112876131411_958039263622046936_o.jpg","jetpack_sharing_enabled":true,"jetpack_shortlink":"https:\/\/wp.me\/p7ZJR4-1ds","jetpack_likes_enabled":false,"jetpack-related-posts":[{"id":4607,"url":"https:\/\/www.grieta.org.mx\/index.php\/2015\/10\/21\/oaxaquenos-resisten-a-la-destruccion-del-cerro-del-fortin\/","url_meta":{"origin":4678,"position":0},"title":"Oaxaque\u00f1os resisten a la destrucci\u00f3n del Cerro del Fort\u00edn","author":"grieta","date":"21 octubre, 2015","format":false,"excerpt":"21\/10\/15. Cu\u00e9 renuncia a construir en el Cerro del Fort\u00edn; cambia sede del Centro de Convenciones Proceso 06\/10\/15. Desde las esferas del gobierno amenazan a Francisco Toledo y Sergio Hern\u00e1ndez por oponerse al Centro de Convenciones P\u00e1gina 3 03\/10\/15. Caprichos personales o pol\u00edticos no deben obstaculizar el CCCO, dice dirigente\u2026","rel":"","context":"En &quot;\u00c1reas naturales protegidas&quot;","block_context":{"text":"\u00c1reas naturales protegidas","link":"https:\/\/www.grieta.org.mx\/index.php\/category\/megaproyectos\/areas-naturales-protegidas\/"},"img":{"alt_text":"","src":"https:\/\/i0.wp.com\/www.grieta.org.mx\/wp-content\/uploads\/2018\/03\/14524434_1106112876131411_958039263622046936_o.jpg?resize=350%2C200&ssl=1","width":350,"height":200,"srcset":"https:\/\/i0.wp.com\/www.grieta.org.mx\/wp-content\/uploads\/2018\/03\/14524434_1106112876131411_958039263622046936_o.jpg?resize=350%2C200&ssl=1 1x, https:\/\/i0.wp.com\/www.grieta.org.mx\/wp-content\/uploads\/2018\/03\/14524434_1106112876131411_958039263622046936_o.jpg?resize=525%2C300&ssl=1 1.5x, https:\/\/i0.wp.com\/www.grieta.org.mx\/wp-content\/uploads\/2018\/03\/14524434_1106112876131411_958039263622046936_o.jpg?resize=700%2C400&ssl=1 2x"},"classes":[]},{"id":4608,"url":"https:\/\/www.grieta.org.mx\/index.php\/2015\/06\/30\/frente-en-defensa-del-cerro-del-fortin-busca-clausurar-el-ccco\/","url_meta":{"origin":4678,"position":1},"title":"Frente en Defensa del Cerro del Fort\u00edn busca clausurar el CCCO","author":"grieta","date":"30 junio, 2015","format":false,"excerpt":"Jazm\u00edn G\u00f3mez, Oaxaca OAXACA, (pagina3.mx).- Desde las 10:30 horas en las escaleras del Cerro del Fort\u00edn comenzaron a concentrarse integrantes de las 59 organizaciones que conforman el Frente en Defensa del Cerro del Fort\u00edn para llevar a cabo la clausura ciudadana del Centro Cultural y de Convenciones de Oaxaca que\u2026","rel":"","context":"En &quot;CINTILLO&quot;","block_context":{"text":"CINTILLO","link":"https:\/\/www.grieta.org.mx\/index.php\/category\/cintillo\/"},"img":{"alt_text":"","src":"https:\/\/i0.wp.com\/www.grieta.org.mx\/wp-content\/uploads\/2018\/03\/14524434_1106112876131411_958039263622046936_o.jpg?resize=350%2C200&ssl=1","width":350,"height":200,"srcset":"https:\/\/i0.wp.com\/www.grieta.org.mx\/wp-content\/uploads\/2018\/03\/14524434_1106112876131411_958039263622046936_o.jpg?resize=350%2C200&ssl=1 1x, https:\/\/i0.wp.com\/www.grieta.org.mx\/wp-content\/uploads\/2018\/03\/14524434_1106112876131411_958039263622046936_o.jpg?resize=525%2C300&ssl=1 1.5x, https:\/\/i0.wp.com\/www.grieta.org.mx\/wp-content\/uploads\/2018\/03\/14524434_1106112876131411_958039263622046936_o.jpg?resize=700%2C400&ssl=1 2x"},"classes":[]},{"id":4686,"url":"https:\/\/www.grieta.org.mx\/index.php\/2015\/10\/21\/cue-renuncia-a-construir-en-el-cerro-del-fortin-cambia-sede-del-centro-de-convenciones\/","url_meta":{"origin":4678,"position":2},"title":"Cu\u00e9 renuncia a construir en el Cerro del Fort\u00edn; cambia sede del Centro de Convenciones","author":"grieta","date":"21 octubre, 2015","format":false,"excerpt":"Pedro Mat\u00edas, Oaxaca. OAXACA, Oax. (apro).- Con el argumento de \u201cgarantizar la unidad de la sociedad oaxaque\u00f1a\u201d, el gobernador Gabino Cu\u00e9 Monteagudo determin\u00f3 cambiar la sede del Centro Cultural y de Convenciones de Oaxaca (CCCO) que beneficiaba a su secretario de Turismo, Jos\u00e9 Zorrilla, y que le gener\u00f3 una confrontaci\u00f3n\u2026","rel":"","context":"En &quot;CINTILLO&quot;","block_context":{"text":"CINTILLO","link":"https:\/\/www.grieta.org.mx\/index.php\/category\/cintillo\/"},"img":{"alt_text":"","src":"https:\/\/i0.wp.com\/www.grieta.org.mx\/wp-content\/uploads\/2018\/03\/14524434_1106112876131411_958039263622046936_o.jpg?resize=350%2C200&ssl=1","width":350,"height":200,"srcset":"https:\/\/i0.wp.com\/www.grieta.org.mx\/wp-content\/uploads\/2018\/03\/14524434_1106112876131411_958039263622046936_o.jpg?resize=350%2C200&ssl=1 1x, https:\/\/i0.wp.com\/www.grieta.org.mx\/wp-content\/uploads\/2018\/03\/14524434_1106112876131411_958039263622046936_o.jpg?resize=525%2C300&ssl=1 1.5x, https:\/\/i0.wp.com\/www.grieta.org.mx\/wp-content\/uploads\/2018\/03\/14524434_1106112876131411_958039263622046936_o.jpg?resize=700%2C400&ssl=1 2x"},"classes":[]},{"id":4676,"url":"https:\/\/www.grieta.org.mx\/index.php\/2015\/09\/08\/expertos-argumentan-inviabilidad-del-ccco-en-el-cerro-del-fortin\/","url_meta":{"origin":4678,"position":3},"title":"Expertos argumentan inviabilidad del CCCO en el Cerro del Fort\u00edn","author":"grieta","date":"8 septiembre, 2015","format":false,"excerpt":"David Yeudel, Oaxaca. Un grupo de expertos en la materia, convocados por el Patronato Pro Defensa y Conservaci\u00f3n del Patrimonio Cultural y Natural de Oaxaca (Pro-Oax), presidida por el maestro Francisco Toledo, explicaron t\u00e9cnicamente sobre la inviabilidad de la construcci\u00f3n del Centro cultural y de Convenciones de Oaxaca en el\u2026","rel":"","context":"En &quot;CINTILLO&quot;","block_context":{"text":"CINTILLO","link":"https:\/\/www.grieta.org.mx\/index.php\/category\/cintillo\/"},"img":{"alt_text":"","src":"https:\/\/i0.wp.com\/www.grieta.org.mx\/wp-content\/uploads\/2018\/03\/14524434_1106112876131411_958039263622046936_o.jpg?resize=350%2C200&ssl=1","width":350,"height":200,"srcset":"https:\/\/i0.wp.com\/www.grieta.org.mx\/wp-content\/uploads\/2018\/03\/14524434_1106112876131411_958039263622046936_o.jpg?resize=350%2C200&ssl=1 1x, https:\/\/i0.wp.com\/www.grieta.org.mx\/wp-content\/uploads\/2018\/03\/14524434_1106112876131411_958039263622046936_o.jpg?resize=525%2C300&ssl=1 1.5x, https:\/\/i0.wp.com\/www.grieta.org.mx\/wp-content\/uploads\/2018\/03\/14524434_1106112876131411_958039263622046936_o.jpg?resize=700%2C400&ssl=1 2x"},"classes":[]},{"id":4680,"url":"https:\/\/www.grieta.org.mx\/index.php\/2015\/10\/02\/appj-pide-a-gabino-cue-no-construir-centro-de-convenciones-en-cerro-de-fortin\/","url_meta":{"origin":4678,"position":4},"title":"APPJ pide a Gabino Cu\u00e9 no construir Centro de Convenciones en Cerro de Fort\u00edn","author":"grieta","date":"2 octubre, 2015","format":false,"excerpt":"Diana Manzo, Oaxaca. 2 de octubre.-JUCHIT\u00c1N,OAX.-Integrantes de la Asamblea Popular del Pueblo Juchiteco (APPJ) hicieron un llamado urgente al gobierno del estado de Oaxaca, Gabino Cu\u00e9 Monteagudo para que para que evite continuar con la construcci\u00f3n del Centro de Convenciones en el Cerro del Fort\u00edn, el cual aseguraron es patrimonio\u2026","rel":"","context":"En &quot;CINTILLO&quot;","block_context":{"text":"CINTILLO","link":"https:\/\/www.grieta.org.mx\/index.php\/category\/cintillo\/"},"img":{"alt_text":"","src":"https:\/\/i0.wp.com\/www.grieta.org.mx\/wp-content\/uploads\/2018\/03\/14524434_1106112876131411_958039263622046936_o.jpg?resize=350%2C200&ssl=1","width":350,"height":200,"srcset":"https:\/\/i0.wp.com\/www.grieta.org.mx\/wp-content\/uploads\/2018\/03\/14524434_1106112876131411_958039263622046936_o.jpg?resize=350%2C200&ssl=1 1x, https:\/\/i0.wp.com\/www.grieta.org.mx\/wp-content\/uploads\/2018\/03\/14524434_1106112876131411_958039263622046936_o.jpg?resize=525%2C300&ssl=1 1.5x, https:\/\/i0.wp.com\/www.grieta.org.mx\/wp-content\/uploads\/2018\/03\/14524434_1106112876131411_958039263622046936_o.jpg?resize=700%2C400&ssl=1 2x"},"classes":[]},{"id":4668,"url":"https:\/\/www.grieta.org.mx\/index.php\/2015\/07\/16\/habra-proceso-de-consulta-publica-sobre-el-centro-de-convenciones-en-el-cerro-del-fortin\/","url_meta":{"origin":4678,"position":5},"title":"Habr\u00e1 proceso de consulta p\u00fablica sobre el Centro de Convenciones en el Cerro del Fort\u00edn","author":"grieta","date":"16 julio, 2015","format":false,"excerpt":"Desinform\u00e9monos Por presiones de las organizaciones agrupadas en el Frente de Defensa del Cerro del Fort\u00edn, el gobernador de Oaxaca, Gabino Cu\u00e9 Monteagudo acept\u00f3 someter a consulta p\u00fablica el Centro Cultural y de Convenciones que ser\u00e1 construido en la capital oaxaque\u00f1a y sobre un \u00e1rea protegida pretenden, adem\u00e1s de redise\u00f1ar\u2026","rel":"","context":"En &quot;CINTILLO&quot;","block_context":{"text":"CINTILLO","link":"https:\/\/www.grieta.org.mx\/index.php\/category\/cintillo\/"},"img":{"alt_text":"","src":"https:\/\/i0.wp.com\/www.grieta.org.mx\/wp-content\/uploads\/2018\/03\/14524434_1106112876131411_958039263622046936_o.jpg?resize=350%2C200&ssl=1","width":350,"height":200,"srcset":"https:\/\/i0.wp.com\/www.grieta.org.mx\/wp-content\/uploads\/2018\/03\/14524434_1106112876131411_958039263622046936_o.jpg?resize=350%2C200&ssl=1 1x, https:\/\/i0.wp.com\/www.grieta.org.mx\/wp-content\/uploads\/2018\/03\/14524434_1106112876131411_958039263622046936_o.jpg?resize=525%2C300&ssl=1 1.5x, https:\/\/i0.wp.com\/www.grieta.org.mx\/wp-content\/uploads\/2018\/03\/14524434_1106112876131411_958039263622046936_o.jpg?resize=700%2C400&ssl=1 2x"},"classes":[]}],"_links":{"self":[{"href":"https:\/\/www.grieta.org.mx\/index.php\/wp-json\/wp\/v2\/posts\/4678","targetHints":{"allow":["GET"]}}],"collection":[{"href":"https:\/\/www.grieta.org.mx\/index.php\/wp-json\/wp\/v2\/posts"}],"about":[{"href":"https:\/\/www.grieta.org.mx\/index.php\/wp-json\/wp\/v2\/types\/post"}],"author":[{"embeddable":true,"href":"https:\/\/www.grieta.org.mx\/index.php\/wp-json\/wp\/v2\/users\/2"}],"replies":[{"embeddable":true,"href":"https:\/\/www.grieta.org.mx\/index.php\/wp-json\/wp\/v2\/comments?post=4678"}],"version-history":[{"count":1,"href":"https:\/\/www.grieta.org.mx\/index.php\/wp-json\/wp\/v2\/posts\/4678\/revisions"}],"predecessor-version":[{"id":4679,"href":"https:\/\/www.grieta.org.mx\/index.php\/wp-json\/wp\/v2\/posts\/4678\/revisions\/4679"}],"wp:featuredmedia":[{"embeddable":true,"href":"https:\/\/www.grieta.org.mx\/index.php\/wp-json\/wp\/v2\/media\/21928"}],"wp:attachment":[{"href":"https:\/\/www.grieta.org.mx\/index.php\/wp-json\/wp\/v2\/media?parent=4678"}],"wp:term":[{"taxonomy":"category","embeddable":true,"href":"https:\/\/www.grieta.org.mx\/index.php\/wp-json\/wp\/v2\/categories?post=4678"},{"taxonomy":"post_tag","embeddable":true,"href":"https:\/\/www.grieta.org.mx\/index.php\/wp-json\/wp\/v2\/tags?post=4678"}],"curies":[{"name":"wp","href":"https:\/\/api.w.org\/{rel}","templated":true}]}}