{"id":46773,"date":"2020-03-25T21:19:07","date_gmt":"2020-03-26T03:19:07","guid":{"rendered":"http:\/\/www.grieta.org.mx\/?p=46773"},"modified":"2020-03-25T21:19:07","modified_gmt":"2020-03-26T03:19:07","slug":"colectivos-de-busqueda-de-personas-no-pararan-durante-contingencia-sanitaria-guanajauato","status":"publish","type":"post","link":"https:\/\/www.grieta.org.mx\/index.php\/2020\/03\/25\/colectivos-de-busqueda-de-personas-no-pararan-durante-contingencia-sanitaria-guanajauato\/","title":{"rendered":"Colectivos de b\u00fasqueda de personas no parar\u00e1n durante contingencia sanitaria (Guanajauato)"},"content":{"rendered":"<p>Alfonsina Avila \/ Zona Franca, 25 de marzo de 2020<br \/>\nLe\u00f3n, Gto. Los colectivos de familiares de personas desaparecidas en Guanajuato no paran ante la contigencia. Las 175 familias que integran \u201cSembrando Comunidad\u201d y \u201cA t\u00fa Encuentro\u201d han establecido una forma virtual a trav\u00e9s de redes sociales para contin\u00faa trabajando en sus propuestas para lograr una ley estatal que recoja sus se\u00f1alamientos.<\/p>\n<p>As\u00ed lo inform\u00f3 Jos\u00e9 Guti\u00e9rrez, representante de los colectivos, quien dijo que est\u00e1n acatando las medidas sanitarias ante la contingencia del Covid-19.<\/p>\n<figure id=\"attachment_46776\" aria-describedby=\"caption-attachment-46776\" style=\"width: 800px\" class=\"wp-caption aligncenter\"><img loading=\"lazy\" decoding=\"async\" data-attachment-id=\"46776\" data-permalink=\"https:\/\/www.grieta.org.mx\/index.php\/2020\/03\/25\/colectivos-de-busqueda-de-personas-no-pararan-durante-contingencia-sanitaria-guanajauato\/img_20200103_205449_214-e1578510578165\/\" data-orig-file=\"https:\/\/www.grieta.org.mx\/wp-content\/uploads\/2020\/03\/IMG_20200103_205449_214-e1578510578165.jpg\" data-orig-size=\"960,928\" data-comments-opened=\"0\" data-image-meta=\"{&quot;aperture&quot;:&quot;0&quot;,&quot;credit&quot;:&quot;&quot;,&quot;camera&quot;:&quot;&quot;,&quot;caption&quot;:&quot;&quot;,&quot;created_timestamp&quot;:&quot;0&quot;,&quot;copyright&quot;:&quot;&quot;,&quot;focal_length&quot;:&quot;0&quot;,&quot;iso&quot;:&quot;0&quot;,&quot;shutter_speed&quot;:&quot;0&quot;,&quot;title&quot;:&quot;&quot;,&quot;orientation&quot;:&quot;0&quot;}\" data-image-title=\"IMG_20200103_205449_214-e1578510578165\" data-image-description=\"\" data-image-caption=\"&lt;p&gt;Foto: Tere Segura.&lt;\/p&gt;\n\" data-medium-file=\"https:\/\/www.grieta.org.mx\/wp-content\/uploads\/2020\/03\/IMG_20200103_205449_214-e1578510578165-300x290.jpg\" data-large-file=\"https:\/\/www.grieta.org.mx\/wp-content\/uploads\/2020\/03\/IMG_20200103_205449_214-e1578510578165.jpg\" class=\"wp-image-46776\" src=\"http:\/\/www.grieta.org.mx\/wp-content\/uploads\/2020\/03\/IMG_20200103_205449_214-e1578510578165.jpg\" alt=\"\" width=\"800\" height=\"773\" srcset=\"https:\/\/www.grieta.org.mx\/wp-content\/uploads\/2020\/03\/IMG_20200103_205449_214-e1578510578165.jpg 960w, https:\/\/www.grieta.org.mx\/wp-content\/uploads\/2020\/03\/IMG_20200103_205449_214-e1578510578165-300x290.jpg 300w, https:\/\/www.grieta.org.mx\/wp-content\/uploads\/2020\/03\/IMG_20200103_205449_214-e1578510578165-768x742.jpg 768w, https:\/\/www.grieta.org.mx\/wp-content\/uploads\/2020\/03\/IMG_20200103_205449_214-e1578510578165-517x500.jpg 517w\" sizes=\"auto, (max-width: 800px) 100vw, 800px\" \/><figcaption id=\"caption-attachment-46776\" class=\"wp-caption-text\">Foto: Tere Segura.<\/figcaption><\/figure>\n<p><em><br \/>\n\u201cLos colectivos estamos atendiendo las medidas de seguridad y sanidad relacionadas con lo del Covid-19 y estamos acatando todas las medidas de la fase 2 en la que nos encontamos ahora. Continuamos con la organizaci\u00f3n y el movimiento, solamente estamos buscando formas de organizarnos, pero atendiendo este tipo de contingencias lo m\u00e1s com\u00fan y lo que ya se hab\u00eda manifestando es la organizaci\u00f3n por medio de las redes sociales\u201d, coment\u00f3.<\/em><\/p>\n<p>El representente dijo que tienen un grupo de Facebook, WhatsApp y Telegram donde comparten noticias sobre fosas clandestinas y cualquier hallazgo o detenci\u00f3n de las autoridades o informaci\u00f3n, as\u00ed est\u00e1n atentos.<\/p>\n<p>A\u00f1adi\u00f3 que si es necesario, tienen reuniones peque\u00f1as y guardando las condiciones sanitarias, pero de forma permanente est\u00e1n usando plataformas virtuales para seguir con el trabajo de los colectivos.<\/p>\n<p><em> \u201cNosotros dentro de la organizaci\u00f3n, no estamos en contacto todos, porque ahora son alrededor de 175 familias que integran el colectivo, entonces reunirnos el d\u00eda de hoy es algo irresponsable y que terminar\u00eda poniendo en riesgo a las compa\u00f1eras y compa\u00f1eros del colectivo, lo cual no es la finalidad\u201d, dijo.<\/em><\/p>\n<p>Jos\u00e9 Guti\u00e9rrez expuso que estos d\u00edas que est\u00e1n en cuarentena est\u00e1n trabajando la propuesta legislativa a trav\u00e9s de videoconferencias, y revisan los protocolos, as\u00ed como los derechos de las v\u00edctimas y mecanismos de identificaci\u00f3n forense y el c\u00f3mo se tiene que compilar la informaci\u00f3n y sistematizarla.<\/p>\n<p><a href=\"https:\/\/zonafranca.mx\/politica-sociedad\/colectivos-de-busqueda-de-personas-no-pararan-durante-contingencia-sanitaria\/\">https:\/\/zonafranca.mx\/politica-sociedad\/colectivos-de-busqueda-de-personas-no-pararan-durante-contingencia-sanitaria\/<\/a><\/p>\n","protected":false},"excerpt":{"rendered":"<p>Alfonsina Avila \/ Zona Franca, 25 de marzo de 2020 Le\u00f3n, Gto. Los colectivos de familiares de personas desaparecidas en Guanajuato no paran ante la contigencia. Las 175 familias que &hellip; <a href=\"https:\/\/www.grieta.org.mx\/index.php\/2020\/03\/25\/colectivos-de-busqueda-de-personas-no-pararan-durante-contingencia-sanitaria-guanajauato\/\" class=\"more-link\">Leer m\u00e1s<\/a><\/p>\n","protected":false},"author":2,"featured_media":46776,"comment_status":"closed","ping_status":"closed","sticky":false,"template":"","format":"standard","meta":{"ngg_post_thumbnail":0,"_jetpack_newsletter_access":"","_jetpack_dont_email_post_to_subs":false,"_jetpack_newsletter_tier_id":0,"_jetpack_memberships_contains_paywalled_content":false,"_jetpack_memberships_contains_paid_content":false,"footnotes":""},"categories":[80,87,1432,17,2690,2910],"tags":[3018,2220],"class_list":["post-46773","post","type-post","status-publish","format-standard","has-post-thumbnail","hentry","category-cintillo","category-desaparecidos","category-desaparecidos-en-guanajuato","category-guanajuato","category-resistencias","category-resistencias-en-guanajuato","tag-colectivos-de-busqueda-de-desaparecidos","tag-colectivos-rastreadores-de-desaparecidos","entry"],"jetpack_featured_media_url":"https:\/\/www.grieta.org.mx\/wp-content\/uploads\/2020\/03\/IMG_20200103_205449_214-e1578510578165.jpg","jetpack_sharing_enabled":true,"jetpack_shortlink":"https:\/\/wp.me\/p7ZJR4-cap","jetpack_likes_enabled":false,"jetpack-related-posts":[{"id":57634,"url":"https:\/\/www.grieta.org.mx\/index.php\/2021\/03\/09\/colectivos-de-busqueda-inician-planton-en-el-teatro-juarez-de-guanajuato\/","url_meta":{"origin":46773,"position":0},"title":"Colectivos de b\u00fasqueda inician plant\u00f3n en el Teatro Ju\u00e1rez de Guanajuato","author":"grieta","date":"9 marzo, 2021","format":false,"excerpt":"Redaci\u00f3n Notus 09 de marzo de 2021 Guanajuato, Gto.- Los colectivos de b\u00fasqueda, \u201cHasta encontrarte\u201d, \u201cSalamanca unidos buscando desaparecidos\u201d, \u201cColectivo buscadoras\u201d, \u201cLuz y Justicia\u201d y \u201cProyecto de b\u00fasqueda Guanajuato\u201d, son los colectivos que se reunieron el d\u00eda de hoy con casas de campa\u00f1a para plantarse en las escalinatas del Teatro\u2026","rel":"","context":"En &quot;CINTILLO&quot;","block_context":{"text":"CINTILLO","link":"https:\/\/www.grieta.org.mx\/index.php\/category\/cintillo\/"},"img":{"alt_text":"","src":"https:\/\/i0.wp.com\/www.grieta.org.mx\/wp-content\/uploads\/2021\/03\/https-_i1.wp.com_notus.com_.mx_wp-content_uploads_2021_03_colectivo-de-busqueda-planton-teatro-juazrez-1.jpgresize7082C398ssl1.jpg?resize=350%2C200&ssl=1","width":350,"height":200,"srcset":"https:\/\/i0.wp.com\/www.grieta.org.mx\/wp-content\/uploads\/2021\/03\/https-_i1.wp.com_notus.com_.mx_wp-content_uploads_2021_03_colectivo-de-busqueda-planton-teatro-juazrez-1.jpgresize7082C398ssl1.jpg?resize=350%2C200&ssl=1 1x, https:\/\/i0.wp.com\/www.grieta.org.mx\/wp-content\/uploads\/2021\/03\/https-_i1.wp.com_notus.com_.mx_wp-content_uploads_2021_03_colectivo-de-busqueda-planton-teatro-juazrez-1.jpgresize7082C398ssl1.jpg?resize=525%2C300&ssl=1 1.5x, https:\/\/i0.wp.com\/www.grieta.org.mx\/wp-content\/uploads\/2021\/03\/https-_i1.wp.com_notus.com_.mx_wp-content_uploads_2021_03_colectivo-de-busqueda-planton-teatro-juazrez-1.jpgresize7082C398ssl1.jpg?resize=700%2C400&ssl=1 2x"},"classes":[]},{"id":58761,"url":"https:\/\/www.grieta.org.mx\/index.php\/2021\/03\/20\/colectivos-hallan-un-cuerpo-en-cortazar-y-las-autoridades-los-ignoran\/","url_meta":{"origin":46773,"position":1},"title":"Colectivos hallan un cuerpo en Cortazar&#8230; y las autoridades los ignoran (Guanajuato)","author":"grieta","date":"20 marzo, 2021","format":false,"excerpt":"Colectivos de familiares de personas desaparecidas en Guanajuato ubicaron los restos de una persona en Cortazar, y aunque llamaron a diferentes instancias estatales y municipales, ninguna se present\u00f3 en el lugar. Por Ver\u00f3nica Espinosa \/ Proceso, s\u00e1bado, 20 de marzo de 2021 GUANAJUATO, Gto., (proceso.com.mx).- Integrantes de colectivos de familiares\u2026","rel":"","context":"En &quot;CINTILLO&quot;","block_context":{"text":"CINTILLO","link":"https:\/\/www.grieta.org.mx\/index.php\/category\/cintillo\/"},"img":{"alt_text":"","src":"https:\/\/i0.wp.com\/www.grieta.org.mx\/wp-content\/uploads\/2021\/04\/f800x450-132110_183556_5050.jpg?resize=350%2C200&ssl=1","width":350,"height":200,"srcset":"https:\/\/i0.wp.com\/www.grieta.org.mx\/wp-content\/uploads\/2021\/04\/f800x450-132110_183556_5050.jpg?resize=350%2C200&ssl=1 1x, https:\/\/i0.wp.com\/www.grieta.org.mx\/wp-content\/uploads\/2021\/04\/f800x450-132110_183556_5050.jpg?resize=525%2C300&ssl=1 1.5x, https:\/\/i0.wp.com\/www.grieta.org.mx\/wp-content\/uploads\/2021\/04\/f800x450-132110_183556_5050.jpg?resize=700%2C400&ssl=1 2x"},"classes":[]},{"id":51977,"url":"https:\/\/www.grieta.org.mx\/index.php\/2020\/07\/15\/tambien-nos-puede-escuchar-familiares-de-desaparecidos-en-guanajuato-a-amlo\/","url_meta":{"origin":46773,"position":2},"title":"&#8216;Tambi\u00e9n nos puede escuchar&#8217; : familiares de desaparecidos en Guanajuato a AMLO","author":"grieta","date":"15 julio, 2020","format":false,"excerpt":"Con informaci\u00f3n de Redacci\u00f3n Animal Pol\u00edtico, 15 de julio de 2020 Familiares de personas desaparecidas en Guanajuato se reunieron frete a la XII Regi\u00f3n Militar, en donde se realiza la conferencia matutina del presidente Andr\u00e9s Manuel L\u00f3pez Obrador, acompa\u00f1ado del gobernador del estado, Diego Sinhue Rodr\u00edguez, y otros miembros del\u2026","rel":"","context":"En &quot;CINTILLO&quot;","block_context":{"text":"CINTILLO","link":"https:\/\/www.grieta.org.mx\/index.php\/category\/cintillo\/"},"img":{"alt_text":"","src":"https:\/\/i0.wp.com\/www.grieta.org.mx\/wp-content\/uploads\/2020\/07\/WhatsApp-Image-2020-07-15-at-09.16.07.jpeg?resize=350%2C200&ssl=1","width":350,"height":200,"srcset":"https:\/\/i0.wp.com\/www.grieta.org.mx\/wp-content\/uploads\/2020\/07\/WhatsApp-Image-2020-07-15-at-09.16.07.jpeg?resize=350%2C200&ssl=1 1x, https:\/\/i0.wp.com\/www.grieta.org.mx\/wp-content\/uploads\/2020\/07\/WhatsApp-Image-2020-07-15-at-09.16.07.jpeg?resize=525%2C300&ssl=1 1.5x"},"classes":[]},{"id":57226,"url":"https:\/\/www.grieta.org.mx\/index.php\/2021\/02\/21\/familiares-de-desaparecidos-piden-transparentar-busqueda-en-guanajuato\/","url_meta":{"origin":46773,"position":3},"title":"Familiares de desaparecidos piden transparentar b\u00fasqueda en Guanajuato","author":"grieta","date":"21 febrero, 2021","format":false,"excerpt":"\u00a0 Familiares de v\u00edctimas de desaparici\u00f3n forzada en Guanajuato pidieron a las autoridades que les informen sobre la b\u00fasqueda de restos, debido a que no son invitados por el sem\u00e1foro epidemiol\u00f3gico rojo en la entidad \u00a0 Por Ver\u00f3nica Espinosa \/ Proceso, domingo, 21 de febrero de 2021 GUANAJUATO, Gto. (proceso.com.mx).\u2013\u2026","rel":"","context":"En &quot;CINTILLO&quot;","block_context":{"text":"CINTILLO","link":"https:\/\/www.grieta.org.mx\/index.php\/category\/cintillo\/"},"img":{"alt_text":"","src":"https:\/\/i0.wp.com\/www.grieta.org.mx\/wp-content\/uploads\/2021\/02\/f800x450-128062_179508_5050.jpg?resize=350%2C200&ssl=1","width":350,"height":200,"srcset":"https:\/\/i0.wp.com\/www.grieta.org.mx\/wp-content\/uploads\/2021\/02\/f800x450-128062_179508_5050.jpg?resize=350%2C200&ssl=1 1x, https:\/\/i0.wp.com\/www.grieta.org.mx\/wp-content\/uploads\/2021\/02\/f800x450-128062_179508_5050.jpg?resize=525%2C300&ssl=1 1.5x, https:\/\/i0.wp.com\/www.grieta.org.mx\/wp-content\/uploads\/2021\/02\/f800x450-128062_179508_5050.jpg?resize=700%2C400&ssl=1 2x"},"classes":[]},{"id":67603,"url":"https:\/\/www.grieta.org.mx\/index.php\/2023\/09\/01\/en-guanajuato-quitan-seguridad-a-mujeres-buscadoras\/","url_meta":{"origin":46773,"position":4},"title":"En Guanajuato, quitan seguridad a mujeres buscadoras","author":"grieta","date":"1 septiembre, 2023","format":false,"excerpt":"El gobierno de Guanajuato ha quitado el apoyo en seguridad para las brigadas de b\u00fasqueda independientes que desde hace algunos a\u00f1os realizan colectivos de familiares de personas desaparecidas. Su tarea no es menor, pues en los \u00faltimos tres a\u00f1os, cinco familiares dedicados a la b\u00fasqueda han sido asesinados en Guanajuato\u2026","rel":"","context":"En &quot;CINTILLO&quot;","block_context":{"text":"CINTILLO","link":"https:\/\/www.grieta.org.mx\/index.php\/category\/cintillo\/"},"img":{"alt_text":"","src":"https:\/\/i0.wp.com\/www.grieta.org.mx\/wp-content\/uploads\/2023\/09\/mamas_buscadoras_guanajuato.jpg?resize=350%2C200&ssl=1","width":350,"height":200,"srcset":"https:\/\/i0.wp.com\/www.grieta.org.mx\/wp-content\/uploads\/2023\/09\/mamas_buscadoras_guanajuato.jpg?resize=350%2C200&ssl=1 1x, https:\/\/i0.wp.com\/www.grieta.org.mx\/wp-content\/uploads\/2023\/09\/mamas_buscadoras_guanajuato.jpg?resize=525%2C300&ssl=1 1.5x, https:\/\/i0.wp.com\/www.grieta.org.mx\/wp-content\/uploads\/2023\/09\/mamas_buscadoras_guanajuato.jpg?resize=700%2C400&ssl=1 2x"},"classes":[]},{"id":57720,"url":"https:\/\/www.grieta.org.mx\/index.php\/2021\/03\/09\/buscadoras-de-desaparecidos-instalan-planton-en-guanajuato\/","url_meta":{"origin":46773,"position":5},"title":"Buscadoras de desaparecidos instalan plant\u00f3n en Guanajuato","author":"grieta","date":"9 marzo, 2021","format":false,"excerpt":"Mujeres que buscan a sus familiares desaparecidos instalaron un plant\u00f3n en Guanajuato luego de que la Fiscal\u00eda rompiera acuerdos para la recuperaci\u00f3n de restos humanos hallados en Celaya. Por Ver\u00f3nica Espinosa Proceso, martes, 9 de marzo de 2021 GUANAJUATO, Gto., (apro).- Molestas por la falta de cumplimiento de compromisos asumidos\u2026","rel":"","context":"En &quot;CINTILLO&quot;","block_context":{"text":"CINTILLO","link":"https:\/\/www.grieta.org.mx\/index.php\/category\/cintillo\/"},"img":{"alt_text":"","src":"https:\/\/i0.wp.com\/www.grieta.org.mx\/wp-content\/uploads\/2018\/03\/14524434_1106112876131411_958039263622046936_o.jpg?resize=350%2C200&ssl=1","width":350,"height":200,"srcset":"https:\/\/i0.wp.com\/www.grieta.org.mx\/wp-content\/uploads\/2018\/03\/14524434_1106112876131411_958039263622046936_o.jpg?resize=350%2C200&ssl=1 1x, https:\/\/i0.wp.com\/www.grieta.org.mx\/wp-content\/uploads\/2018\/03\/14524434_1106112876131411_958039263622046936_o.jpg?resize=525%2C300&ssl=1 1.5x, https:\/\/i0.wp.com\/www.grieta.org.mx\/wp-content\/uploads\/2018\/03\/14524434_1106112876131411_958039263622046936_o.jpg?resize=700%2C400&ssl=1 2x"},"classes":[]}],"_links":{"self":[{"href":"https:\/\/www.grieta.org.mx\/index.php\/wp-json\/wp\/v2\/posts\/46773","targetHints":{"allow":["GET"]}}],"collection":[{"href":"https:\/\/www.grieta.org.mx\/index.php\/wp-json\/wp\/v2\/posts"}],"about":[{"href":"https:\/\/www.grieta.org.mx\/index.php\/wp-json\/wp\/v2\/types\/post"}],"author":[{"embeddable":true,"href":"https:\/\/www.grieta.org.mx\/index.php\/wp-json\/wp\/v2\/users\/2"}],"replies":[{"embeddable":true,"href":"https:\/\/www.grieta.org.mx\/index.php\/wp-json\/wp\/v2\/comments?post=46773"}],"version-history":[{"count":1,"href":"https:\/\/www.grieta.org.mx\/index.php\/wp-json\/wp\/v2\/posts\/46773\/revisions"}],"predecessor-version":[{"id":46777,"href":"https:\/\/www.grieta.org.mx\/index.php\/wp-json\/wp\/v2\/posts\/46773\/revisions\/46777"}],"wp:featuredmedia":[{"embeddable":true,"href":"https:\/\/www.grieta.org.mx\/index.php\/wp-json\/wp\/v2\/media\/46776"}],"wp:attachment":[{"href":"https:\/\/www.grieta.org.mx\/index.php\/wp-json\/wp\/v2\/media?parent=46773"}],"wp:term":[{"taxonomy":"category","embeddable":true,"href":"https:\/\/www.grieta.org.mx\/index.php\/wp-json\/wp\/v2\/categories?post=46773"},{"taxonomy":"post_tag","embeddable":true,"href":"https:\/\/www.grieta.org.mx\/index.php\/wp-json\/wp\/v2\/tags?post=46773"}],"curies":[{"name":"wp","href":"https:\/\/api.w.org\/{rel}","templated":true}]}}