{"id":46748,"date":"2020-03-13T00:33:51","date_gmt":"2020-03-13T06:33:51","guid":{"rendered":"http:\/\/www.grieta.org.mx\/?p=46748"},"modified":"2020-03-25T00:43:25","modified_gmt":"2020-03-25T06:43:25","slug":"justicia-rebajas-en-colegiatura-y-voto-directo-para-elegir-rector-en-el-pliego-petitorio-de-alumnos-paristas-estado-de-mexico","status":"publish","type":"post","link":"https:\/\/www.grieta.org.mx\/index.php\/2020\/03\/13\/justicia-rebajas-en-colegiatura-y-voto-directo-para-elegir-rector-en-el-pliego-petitorio-de-alumnos-paristas-estado-de-mexico\/","title":{"rendered":"Justicia, rebajas en colegiatura y voto directo para elegir rector, en el pliego petitorio de alumnos paristas (Estado de M\u00e9xico)"},"content":{"rendered":"<p><img loading=\"lazy\" decoding=\"async\" data-attachment-id=\"46749\" data-permalink=\"https:\/\/www.grieta.org.mx\/index.php\/2020\/03\/13\/justicia-rebajas-en-colegiatura-y-voto-directo-para-elegir-rector-en-el-pliego-petitorio-de-alumnos-paristas-estado-de-mexico\/justicia-rebajas-en-colegiatura-y-voto-directo-para-elegir-rector-en-el-pliego-petitorio-de-alumnos-paristas-edomex-mzo\/\" data-orig-file=\"https:\/\/www.grieta.org.mx\/wp-content\/uploads\/2020\/03\/Justicia-rebajas-en-colegiatura-y-voto-directo-para-elegir-rector-en-el-pliego-petitorio-de-alumnos-paristas-edomex-mzo.jpg\" data-orig-size=\"748,411\" data-comments-opened=\"0\" data-image-meta=\"{&quot;aperture&quot;:&quot;0&quot;,&quot;credit&quot;:&quot;Rams\\u00e9s Mercado&quot;,&quot;camera&quot;:&quot;&quot;,&quot;caption&quot;:&quot;&quot;,&quot;created_timestamp&quot;:&quot;0&quot;,&quot;copyright&quot;:&quot;&quot;,&quot;focal_length&quot;:&quot;0&quot;,&quot;iso&quot;:&quot;0&quot;,&quot;shutter_speed&quot;:&quot;0&quot;,&quot;title&quot;:&quot;&quot;,&quot;orientation&quot;:&quot;1&quot;}\" data-image-title=\"Justicia, rebajas en colegiatura y voto directo para elegir rector, en el pliego petitorio de alumnos paristas edomex mzo\" data-image-description=\"\" data-image-caption=\"\" data-medium-file=\"https:\/\/www.grieta.org.mx\/wp-content\/uploads\/2020\/03\/Justicia-rebajas-en-colegiatura-y-voto-directo-para-elegir-rector-en-el-pliego-petitorio-de-alumnos-paristas-edomex-mzo-300x165.jpg\" data-large-file=\"https:\/\/www.grieta.org.mx\/wp-content\/uploads\/2020\/03\/Justicia-rebajas-en-colegiatura-y-voto-directo-para-elegir-rector-en-el-pliego-petitorio-de-alumnos-paristas-edomex-mzo.jpg\" class=\"aligncenter  wp-image-46749\" src=\"http:\/\/www.grieta.org.mx\/wp-content\/uploads\/2020\/03\/Justicia-rebajas-en-colegiatura-y-voto-directo-para-elegir-rector-en-el-pliego-petitorio-de-alumnos-paristas-edomex-mzo.jpg\" alt=\"\" width=\"650\" height=\"357\" srcset=\"https:\/\/www.grieta.org.mx\/wp-content\/uploads\/2020\/03\/Justicia-rebajas-en-colegiatura-y-voto-directo-para-elegir-rector-en-el-pliego-petitorio-de-alumnos-paristas-edomex-mzo.jpg 748w, https:\/\/www.grieta.org.mx\/wp-content\/uploads\/2020\/03\/Justicia-rebajas-en-colegiatura-y-voto-directo-para-elegir-rector-en-el-pliego-petitorio-de-alumnos-paristas-edomex-mzo-300x165.jpg 300w\" sizes=\"auto, (max-width: 650px) 100vw, 650px\" \/><br \/>\n<em>Foto: Rams\u00e9s Mercado<\/em><\/p>\n<p>Viceversa Noticias<\/p>\n<p>Toluca, M\u00e9xico; 13 de marzo de 2020. Alumnos en paro de la Universidad Aut\u00f3noma del Estado de M\u00e9xico entregaron el pliego petitorio en el que demandan atenci\u00f3n y soluci\u00f3n a abusos sexuales cometidos por docentes y alumnos, as\u00ed como atenci\u00f3n y modificaciones en otras \u00e1reas a la Rector\u00eda.<\/p>\n<p>Sin embargo, en el encuentro entre paristas y autoridades el rector Alfredo Barrera Baca volvi\u00f3 a faltar, por lo que el abogado de la UAEM\u00e9x, Luis Ra\u00fal Ortiz Ram\u00edrez, hizo de representante, lo cual fue aceptado por los estudiantes.<\/p>\n<p>Al recibir el pliego, en el estacionamiento de la Biblioteca Central de la universidad, Ortiz respondi\u00f3 que hasta el momento contabiliza 200 denuncias recibidas, de las cuales 40 son graves y 31 ya son investigadas por la Fiscal\u00eda General del Estado de M\u00e9xico.<\/p>\n<p><img loading=\"lazy\" decoding=\"async\" data-attachment-id=\"46750\" data-permalink=\"https:\/\/www.grieta.org.mx\/index.php\/2020\/03\/13\/justicia-rebajas-en-colegiatura-y-voto-directo-para-elegir-rector-en-el-pliego-petitorio-de-alumnos-paristas-estado-de-mexico\/justicia-rebajas-en-colegiatura-y-voto-directo-para-elegir-rector-en-el-pliego-petitorio-de-alumnos-paristas-edomex-mzo-2\/\" data-orig-file=\"https:\/\/www.grieta.org.mx\/wp-content\/uploads\/2020\/03\/Justicia-rebajas-en-colegiatura-y-voto-directo-para-elegir-rector-en-el-pliego-petitorio-de-alumnos-paristas-edomex-mzo-2.jpg\" data-orig-size=\"748,411\" data-comments-opened=\"0\" data-image-meta=\"{&quot;aperture&quot;:&quot;0&quot;,&quot;credit&quot;:&quot;Rams\\u00e9s Mercado&quot;,&quot;camera&quot;:&quot;&quot;,&quot;caption&quot;:&quot;&quot;,&quot;created_timestamp&quot;:&quot;0&quot;,&quot;copyright&quot;:&quot;&quot;,&quot;focal_length&quot;:&quot;0&quot;,&quot;iso&quot;:&quot;0&quot;,&quot;shutter_speed&quot;:&quot;0&quot;,&quot;title&quot;:&quot;&quot;,&quot;orientation&quot;:&quot;1&quot;}\" data-image-title=\"Justicia, rebajas en colegiatura y voto directo para elegir rector, en el pliego petitorio de alumnos paristas edomex mzo 2\" data-image-description=\"\" data-image-caption=\"\" data-medium-file=\"https:\/\/www.grieta.org.mx\/wp-content\/uploads\/2020\/03\/Justicia-rebajas-en-colegiatura-y-voto-directo-para-elegir-rector-en-el-pliego-petitorio-de-alumnos-paristas-edomex-mzo-2-300x165.jpg\" data-large-file=\"https:\/\/www.grieta.org.mx\/wp-content\/uploads\/2020\/03\/Justicia-rebajas-en-colegiatura-y-voto-directo-para-elegir-rector-en-el-pliego-petitorio-de-alumnos-paristas-edomex-mzo-2.jpg\" class=\"aligncenter  wp-image-46750\" src=\"http:\/\/www.grieta.org.mx\/wp-content\/uploads\/2020\/03\/Justicia-rebajas-en-colegiatura-y-voto-directo-para-elegir-rector-en-el-pliego-petitorio-de-alumnos-paristas-edomex-mzo-2.jpg\" alt=\"\" width=\"646\" height=\"355\" srcset=\"https:\/\/www.grieta.org.mx\/wp-content\/uploads\/2020\/03\/Justicia-rebajas-en-colegiatura-y-voto-directo-para-elegir-rector-en-el-pliego-petitorio-de-alumnos-paristas-edomex-mzo-2.jpg 748w, https:\/\/www.grieta.org.mx\/wp-content\/uploads\/2020\/03\/Justicia-rebajas-en-colegiatura-y-voto-directo-para-elegir-rector-en-el-pliego-petitorio-de-alumnos-paristas-edomex-mzo-2-300x165.jpg 300w\" sizes=\"auto, (max-width: 646px) 100vw, 646px\" \/><br \/>\n<em>Foto: Rams\u00e9s Mercado<\/em><\/p>\n<p>Adem\u00e1s de la aplicaci\u00f3n de la justicia y casis de abuso sexual, los paristas exigen la soluci\u00f3n e implementaci\u00f3n de situaciones muy puntuales, entre la que se destaca el nombramiento del rector por medio del voto directo y la anulaci\u00f3n de la representatividad, en el proceso electoral, de los consejeros. Rechazan, adem\u00e1s, la existencia de candidatos \u00fanicos y de la conformaci\u00f3n de una sola planilla.<\/p>\n<blockquote><p>Los alumnos tambi\u00e9n exigen la facultad de proponer la destituci\u00f3n de funcionarios de la instituci\u00f3n, la reducci\u00f3n de tr\u00e1mites burocr\u00e1ticos y la reducci\u00f3n en 80 por ciento del costo de las inscripciones.<\/p><\/blockquote>\n<p>Adem\u00e1s, plantean que se haga una auditor\u00eda al presupuesto de la UAEM\u00e9x, que el rector y los funcionarios declaren sus bienes en Transparencia, y que se realice una publicaci\u00f3n mensual de los estados de cuenta de estos. Los alumnos exigen que las auditor\u00edas a las facultades estar\u00e1n a cargo de una ONG y el estudiantado podr\u00e1 participar como observador.<\/p>\n<p>Tambi\u00e9n se\u00f1alan que los profesores deber\u00e1n ser evaluados y quienes obtengan calificaciones menores ser\u00e1n obligados a tomar cursos.<\/p>\n<p>El abogado firm\u00f3 como entregado el pliego petitorio, que abarca algunos puntos m\u00e1s, y se dej\u00f3 constancia de la ausencia de Alfredo Barrera Baca. La funci\u00f3n del abogado de la UAEM\u00e9x en el caso de las denuncias que se han presentado es la de acompa\u00f1ar a las afectadas y servir de puente ante la Fiscal\u00eda.<\/p>\n<p><img loading=\"lazy\" decoding=\"async\" data-attachment-id=\"46751\" data-permalink=\"https:\/\/www.grieta.org.mx\/index.php\/2020\/03\/13\/justicia-rebajas-en-colegiatura-y-voto-directo-para-elegir-rector-en-el-pliego-petitorio-de-alumnos-paristas-estado-de-mexico\/justicia-rebajas-en-colegiatura-y-voto-directo-para-elegir-rector-en-el-pliego-petitorio-de-alumnos-paristas-edomex-mzo-3\/\" data-orig-file=\"https:\/\/www.grieta.org.mx\/wp-content\/uploads\/2020\/03\/Justicia-rebajas-en-colegiatura-y-voto-directo-para-elegir-rector-en-el-pliego-petitorio-de-alumnos-paristas-edomex-mzo-3.jpg\" data-orig-size=\"748,411\" data-comments-opened=\"0\" data-image-meta=\"{&quot;aperture&quot;:&quot;0&quot;,&quot;credit&quot;:&quot;Rams\\u00e9s Mercado&quot;,&quot;camera&quot;:&quot;&quot;,&quot;caption&quot;:&quot;&quot;,&quot;created_timestamp&quot;:&quot;0&quot;,&quot;copyright&quot;:&quot;&quot;,&quot;focal_length&quot;:&quot;0&quot;,&quot;iso&quot;:&quot;0&quot;,&quot;shutter_speed&quot;:&quot;0&quot;,&quot;title&quot;:&quot;&quot;,&quot;orientation&quot;:&quot;1&quot;}\" data-image-title=\"Justicia, rebajas en colegiatura y voto directo para elegir rector, en el pliego petitorio de alumnos paristas edomex mzo 3\" data-image-description=\"\" data-image-caption=\"\" data-medium-file=\"https:\/\/www.grieta.org.mx\/wp-content\/uploads\/2020\/03\/Justicia-rebajas-en-colegiatura-y-voto-directo-para-elegir-rector-en-el-pliego-petitorio-de-alumnos-paristas-edomex-mzo-3-300x165.jpg\" data-large-file=\"https:\/\/www.grieta.org.mx\/wp-content\/uploads\/2020\/03\/Justicia-rebajas-en-colegiatura-y-voto-directo-para-elegir-rector-en-el-pliego-petitorio-de-alumnos-paristas-edomex-mzo-3.jpg\" class=\"aligncenter  wp-image-46751\" src=\"http:\/\/www.grieta.org.mx\/wp-content\/uploads\/2020\/03\/Justicia-rebajas-en-colegiatura-y-voto-directo-para-elegir-rector-en-el-pliego-petitorio-de-alumnos-paristas-edomex-mzo-3.jpg\" alt=\"\" width=\"643\" height=\"353\" srcset=\"https:\/\/www.grieta.org.mx\/wp-content\/uploads\/2020\/03\/Justicia-rebajas-en-colegiatura-y-voto-directo-para-elegir-rector-en-el-pliego-petitorio-de-alumnos-paristas-edomex-mzo-3.jpg 748w, https:\/\/www.grieta.org.mx\/wp-content\/uploads\/2020\/03\/Justicia-rebajas-en-colegiatura-y-voto-directo-para-elegir-rector-en-el-pliego-petitorio-de-alumnos-paristas-edomex-mzo-3-300x165.jpg 300w\" sizes=\"auto, (max-width: 643px) 100vw, 643px\" \/><br \/>\n<em>Foto: Rams\u00e9s Mercado<\/em><\/p>\n<p>Ortiz se\u00f1al\u00f3 que las denuncias generan indicios de prueba, y que dada la naturaleza de los il\u00edcitos otorgan al testimonio de la v\u00edctima un valor de mucho peso, porque al momento de cometerse el delito no hay m\u00e1s testigos que el implicado y la v\u00edctima, generalmente. Por eso, dijo, que la denuncia se acompa\u00f1e de otro tipo de material como captura de pantalla, fotos o videos resulta importante.<\/p>\n<p>Levanta paro Facultad de Arquitectura<\/p>\n<p>La Facultad de Arquitectura y Dise\u00f1o reanud\u00f3 labores luego de que el grupo de estudiantes que desde el 28 de febrero realiz\u00f3 el paro de actividades, entreg\u00f3 las instalaciones a la directora de este espacio acad\u00e9mico, Martha Patricia Zarza Delgado, quien indic\u00f3 que la disposici\u00f3n para entablar un di\u00e1logo constructivo que permita la atenci\u00f3n de las demandas de la comunidad posibilit\u00f3 el restablecimiento de las actividades a mil 800 estudiantes, 400 profesores y 40 trabajadores administrativos de las licenciaturas en Arquitectura, Dise\u00f1o Gr\u00e1fico, Dise\u00f1o Industrial, Administraci\u00f3n y Promoci\u00f3n de la Obra Urbana y programas de estudios avanzados.<\/p>\n<p>Abund\u00f3 que, a trav\u00e9s del Consejo de Gobierno de la Facultad de Arquitectura y Dise\u00f1o, la planta docente realiza los ajustes pertinentes que permitan la recuperaci\u00f3n de los siete d\u00edas h\u00e1biles que se detuvo la actividad acad\u00e9mica.<\/p>\n<p>Por su parte, el colectivo de estudiantes realiz\u00f3 un llamado a la comunidad estudiantil para formalizar las denuncias sobre acoso y violencia sexual. Refrend\u00f3 su disposici\u00f3n para mantener un di\u00e1logo permanente con las autoridades universitarias, pues para que exista conciliaci\u00f3n y cambio se requieren herramientas como la cooperaci\u00f3n, la buena disposici\u00f3n y la b\u00fasqueda de di\u00e1logo.<\/p>\n<p>Al dar lectura a su reporte de trabajo durante el paro, as\u00ed como al pliego petitorio, el colectivo de estudiantes destac\u00f3 que solicita el seguimiento de las denuncias formales sobre acoso y violencia sexual, reforzamiento de la seguridad al interior y exterior de la Facultad y contrataci\u00f3n de personal para el resguardo de la comunidad universitaria.<\/p>\n<p><a href=\"http:\/\/viceversanoticias.com\/2020\/03\/13\/justicia-rebajas-en-colegiatura-y-voto-directo-para-elegir-rector-en-el-pliego-petitorio-de-alumnos-paristas\/\" target=\"_blank\" rel=\"noopener noreferrer\">http:\/\/viceversanoticias.com\/2020\/03\/13\/justicia-rebajas-en-colegiatura-y-voto-directo-para-elegir-rector-en-el-pliego-petitorio-de-alumnos-paristas\/<\/a><\/p>\n","protected":false},"excerpt":{"rendered":"<p>Foto: Rams\u00e9s Mercado Viceversa Noticias Toluca, M\u00e9xico; 13 de marzo de 2020. Alumnos en paro de la Universidad Aut\u00f3noma del Estado de M\u00e9xico entregaron el pliego petitorio en el que &hellip; <a href=\"https:\/\/www.grieta.org.mx\/index.php\/2020\/03\/13\/justicia-rebajas-en-colegiatura-y-voto-directo-para-elegir-rector-en-el-pliego-petitorio-de-alumnos-paristas-estado-de-mexico\/\" class=\"more-link\">Leer m\u00e1s<\/a><\/p>\n","protected":false},"author":2,"featured_media":46749,"comment_status":"closed","ping_status":"closed","sticky":false,"template":"","format":"standard","meta":{"ngg_post_thumbnail":0,"_jetpack_newsletter_access":"","_jetpack_dont_email_post_to_subs":false,"_jetpack_newsletter_tier_id":0,"_jetpack_memberships_contains_paywalled_content":false,"_jetpack_memberships_contains_paid_content":false,"footnotes":""},"categories":[80,916,2900,16,1729,2,83,2720],"tags":[1824,2566,1893,1565,1630],"class_list":["post-46748","post","type-post","status-publish","format-standard","has-post-thumbnail","hentry","category-cintillo","category-privatizacion-del-la-educacion-publica","category-crisis-en-el-sistema-educativo-en-el-estado-de-mexico","category-estado-de-mexico","category-lucha-y-resistencia-del-pueblo-en-el-estado-de-mexico","category-noticias-nacionales","category-temas-nacionales","category-violencia-contra-las-mujeres-en-el-estado-de-mexico","tag-acoso-sexual","tag-crisis-en-el-sistema-educativo","tag-escuelas-en-paro","tag-violencia-contra-estudiantes","tag-violencia-contra-las-mujeres","entry"],"jetpack_featured_media_url":"https:\/\/www.grieta.org.mx\/wp-content\/uploads\/2020\/03\/Justicia-rebajas-en-colegiatura-y-voto-directo-para-elegir-rector-en-el-pliego-petitorio-de-alumnos-paristas-edomex-mzo.jpg","jetpack_sharing_enabled":true,"jetpack_shortlink":"https:\/\/wp.me\/p7ZJR4-ca0","jetpack_likes_enabled":false,"jetpack-related-posts":[{"id":44006,"url":"https:\/\/www.grieta.org.mx\/index.php\/2020\/02\/06\/suman-16-escuelas-de-la-unam-en-paro-ciudad-de-mexico\/","url_meta":{"origin":46748,"position":0},"title":"Suman 16 escuelas de la UNAM en paro (Ciudad de M\u00e9xico)","author":"grieta","date":"6 febrero, 2020","format":false,"excerpt":"Foto: Archivo El Universal Teresa Moreno \/ El Universal Hoy se entreg\u00f3 CCH Vallejo, pero el plantel Oriente va a paro de 72 horas; mientras en Prepa 9, paristas nuevamente impidieron el paso de la directora Gabriela Mart\u00ednez, quien llevaba la respuesta a su pliego petitorio que envi\u00f3 el rector\u2026","rel":"","context":"En &quot;CINTILLO&quot;","block_context":{"text":"CINTILLO","link":"https:\/\/www.grieta.org.mx\/index.php\/category\/cintillo\/"},"img":{"alt_text":"","src":"https:\/\/i0.wp.com\/www.grieta.org.mx\/wp-content\/uploads\/2020\/02\/UNAM_-suman-16-escuelas-en-paro-cdmx-feb.jpg?resize=350%2C200","width":350,"height":200},"classes":[]},{"id":46328,"url":"https:\/\/www.grieta.org.mx\/index.php\/2020\/03\/17\/paristas-de-uaemex-denuncian-red-de-espionaje-estado-de-mexico\/","url_meta":{"origin":46748,"position":1},"title":"Paristas de UAEMex denuncian red de espionaje (Estado de M\u00e9xico)","author":"grieta","date":"17 marzo, 2020","format":false,"excerpt":"El rector de la UAEMex, Alfredo Barrera, con estudiantes de la Facultad de Arquitectura y Dise\u00f1o. Foto: Twitter @Rector_UAEM \u00a0 Veneranda Mendoza \/ Proceso TOLUCA, Edomex. (apro).- El Comit\u00e9 Coordinador de Lucha (Cocol) de la Universidad Aut\u00f3noma del Estado de M\u00e9xico (UAEMex), conformado por asamble\u00edstas de las cinco facultades en\u2026","rel":"","context":"En &quot;CINTILLO&quot;","block_context":{"text":"CINTILLO","link":"https:\/\/www.grieta.org.mx\/index.php\/category\/cintillo\/"},"img":{"alt_text":"","src":"https:\/\/i0.wp.com\/www.grieta.org.mx\/wp-content\/uploads\/2020\/03\/Paristas-de-UAEMex-denuncian-red-de-espionaje-edomex-mzo.jpg?resize=350%2C200&ssl=1","width":350,"height":200,"srcset":"https:\/\/i0.wp.com\/www.grieta.org.mx\/wp-content\/uploads\/2020\/03\/Paristas-de-UAEMex-denuncian-red-de-espionaje-edomex-mzo.jpg?resize=350%2C200&ssl=1 1x, https:\/\/i0.wp.com\/www.grieta.org.mx\/wp-content\/uploads\/2020\/03\/Paristas-de-UAEMex-denuncian-red-de-espionaje-edomex-mzo.jpg?resize=525%2C300&ssl=1 1.5x, https:\/\/i0.wp.com\/www.grieta.org.mx\/wp-content\/uploads\/2020\/03\/Paristas-de-UAEMex-denuncian-red-de-espionaje-edomex-mzo.jpg?resize=700%2C400&ssl=1 2x"},"classes":[]},{"id":71976,"url":"https:\/\/www.grieta.org.mx\/index.php\/2025\/07\/07\/alumnos-paristas-de-la-facultad-de-medicina-bloquearon-la-esquina-de-paseo-colon-y-tollocan-en-protesta-por-la-cancelacion-por-tercera-vez-de-una-mesa-de-trabajo-que-realizarian-con-autoridades-ciu\/","url_meta":{"origin":46748,"position":2},"title":"Alumnos paristas de la Facultad de Medicina bloquearon la esquina de Paseo Col\u00f3n y Tollocan en protesta por la cancelaci\u00f3n, por tercera vez, de una mesa de trabajo que realizar\u00edan con autoridades (Ciudad de M\u00e9xico)","author":"grieta","date":"7 julio, 2025","format":false,"excerpt":"Viceversa Noticias Alumnos paristas de la Facultad de Medicina bloquearon la esquina de Paseo Col\u00f3n y Tollocan en protesta por la cancelaci\u00f3n, por tercera vez, de una mesa de trabajo que realizar\u00edan con autoridades universitarias, lo cual ha retrasado la posibilidad de reanudar actividades en esa instancia, perteneciente a la\u2026","rel":"","context":"En &quot;CINTILLO&quot;","block_context":{"text":"CINTILLO","link":"https:\/\/www.grieta.org.mx\/index.php\/category\/cintillo\/"},"img":{"alt_text":"","src":"https:\/\/i0.wp.com\/www.grieta.org.mx\/wp-content\/uploads\/2025\/07\/paro1.jpg?resize=350%2C200&ssl=1","width":350,"height":200,"srcset":"https:\/\/i0.wp.com\/www.grieta.org.mx\/wp-content\/uploads\/2025\/07\/paro1.jpg?resize=350%2C200&ssl=1 1x, https:\/\/i0.wp.com\/www.grieta.org.mx\/wp-content\/uploads\/2025\/07\/paro1.jpg?resize=525%2C300&ssl=1 1.5x, https:\/\/i0.wp.com\/www.grieta.org.mx\/wp-content\/uploads\/2025\/07\/paro1.jpg?resize=700%2C400&ssl=1 2x, https:\/\/i0.wp.com\/www.grieta.org.mx\/wp-content\/uploads\/2025\/07\/paro1.jpg?resize=1050%2C600&ssl=1 3x, https:\/\/i0.wp.com\/www.grieta.org.mx\/wp-content\/uploads\/2025\/07\/paro1.jpg?resize=1400%2C800&ssl=1 4x"},"classes":[]},{"id":45227,"url":"https:\/\/www.grieta.org.mx\/index.php\/2020\/02\/26\/en-paro-indefinido-facultades-de-ciencias-politicas-y-humanidades-de-uaemex-estado-de-mexico\/","url_meta":{"origin":46748,"position":3},"title":"En paro indefinido, facultades de Ciencias Pol\u00edticas y Humanidades de UAEM\u00e9x (Estado de M\u00e9xico)","author":"grieta","date":"26 febrero, 2020","format":false,"excerpt":"Foto: Jorge Alvarado \/ El Universal Claudia Gonz\u00e1lez \/ El Universal Esta medida es parte de la demanda de atenci\u00f3n a la ola de quejas por violencia de g\u00e9nero y acoso sexual; el rector Alfredo Barrera Baca rechaz\u00f3 que el conflicto haya rebasado a la instituci\u00f3n Los alumnos de las\u2026","rel":"","context":"En &quot;CINTILLO&quot;","block_context":{"text":"CINTILLO","link":"https:\/\/www.grieta.org.mx\/index.php\/category\/cintillo\/"},"img":{"alt_text":"","src":"https:\/\/i0.wp.com\/www.grieta.org.mx\/wp-content\/uploads\/2020\/02\/En-paro-indefinido-facultades-de-Ciencias-Pol%C3%ADticas-y-humanidades-de-uaemex-edomex-feb.jpg?resize=350%2C200","width":350,"height":200},"classes":[]},{"id":46730,"url":"https:\/\/www.grieta.org.mx\/index.php\/2020\/03\/14\/estudiantes-de-la-uaem-rompen-inercias-estado-de-mexico\/","url_meta":{"origin":46748,"position":4},"title":"Estudiantes de la UAEM rompen inercias (Estado de M\u00e9xico)","author":"grieta","date":"14 marzo, 2020","format":false,"excerpt":"Foto: Mariano Soriano \/ El Sol de Toluca El Sol de Toluca El presente movimiento estudiantil dentro de la m\u00e1xima casa de estudios mexiquense ha marcado un precedente ya que desde 1976 no viv\u00eda un hecho similar El actual paro de labores inici\u00f3 con una serie de denuncias de estudiantes\u2026","rel":"","context":"En &quot;CINTILLO&quot;","block_context":{"text":"CINTILLO","link":"https:\/\/www.grieta.org.mx\/index.php\/category\/cintillo\/"},"img":{"alt_text":"","src":"https:\/\/i0.wp.com\/www.grieta.org.mx\/wp-content\/uploads\/2020\/03\/Estudiantes-de-la-UAEM-rompen-inercias-edomex-mzo.jpg?resize=350%2C200&ssl=1","width":350,"height":200,"srcset":"https:\/\/i0.wp.com\/www.grieta.org.mx\/wp-content\/uploads\/2020\/03\/Estudiantes-de-la-UAEM-rompen-inercias-edomex-mzo.jpg?resize=350%2C200&ssl=1 1x, https:\/\/i0.wp.com\/www.grieta.org.mx\/wp-content\/uploads\/2020\/03\/Estudiantes-de-la-UAEM-rompen-inercias-edomex-mzo.jpg?resize=525%2C300&ssl=1 1.5x, https:\/\/i0.wp.com\/www.grieta.org.mx\/wp-content\/uploads\/2020\/03\/Estudiantes-de-la-UAEM-rompen-inercias-edomex-mzo.jpg?resize=700%2C400&ssl=1 2x"},"classes":[]},{"id":44010,"url":"https:\/\/www.grieta.org.mx\/index.php\/2020\/02\/06\/cecyt-7-del-ipn-analiza-realizar-paro-indefinido-ciudad-de-mexico\/","url_meta":{"origin":46748,"position":5},"title":"CECyT 7 del IPN analiza realizar paro indefinido (Ciudad de M\u00e9xico)","author":"grieta","date":"6 febrero, 2020","format":false,"excerpt":"Alumnos en Cecyt 7 del IPN. (Tomada de Rene Garc\u00eda) Selene Flores \/ Milenio En su pliego petitorio los alumnos del Centro de Estudios Cient\u00edficos y Tecnol\u00f3gicos (CECyT) 7 \u201cCuauht\u00e9moc\u201d, exigen entre otras cosas, el reabastecimiento de materiales de cada una de las especialidades t\u00e9cnicas y de los laboratorios de\u2026","rel":"","context":"En &quot;CINTILLO&quot;","block_context":{"text":"CINTILLO","link":"https:\/\/www.grieta.org.mx\/index.php\/category\/cintillo\/"},"img":{"alt_text":"","src":"https:\/\/i0.wp.com\/www.grieta.org.mx\/wp-content\/uploads\/2020\/02\/CECyT-7-del-IPN-analiza-realizar-paro-indefinido-cdmx-feb.jpg?resize=350%2C200&ssl=1","width":350,"height":200,"srcset":"https:\/\/i0.wp.com\/www.grieta.org.mx\/wp-content\/uploads\/2020\/02\/CECyT-7-del-IPN-analiza-realizar-paro-indefinido-cdmx-feb.jpg?resize=350%2C200&ssl=1 1x, https:\/\/i0.wp.com\/www.grieta.org.mx\/wp-content\/uploads\/2020\/02\/CECyT-7-del-IPN-analiza-realizar-paro-indefinido-cdmx-feb.jpg?resize=525%2C300&ssl=1 1.5x, https:\/\/i0.wp.com\/www.grieta.org.mx\/wp-content\/uploads\/2020\/02\/CECyT-7-del-IPN-analiza-realizar-paro-indefinido-cdmx-feb.jpg?resize=700%2C400&ssl=1 2x"},"classes":[]}],"_links":{"self":[{"href":"https:\/\/www.grieta.org.mx\/index.php\/wp-json\/wp\/v2\/posts\/46748","targetHints":{"allow":["GET"]}}],"collection":[{"href":"https:\/\/www.grieta.org.mx\/index.php\/wp-json\/wp\/v2\/posts"}],"about":[{"href":"https:\/\/www.grieta.org.mx\/index.php\/wp-json\/wp\/v2\/types\/post"}],"author":[{"embeddable":true,"href":"https:\/\/www.grieta.org.mx\/index.php\/wp-json\/wp\/v2\/users\/2"}],"replies":[{"embeddable":true,"href":"https:\/\/www.grieta.org.mx\/index.php\/wp-json\/wp\/v2\/comments?post=46748"}],"version-history":[{"count":1,"href":"https:\/\/www.grieta.org.mx\/index.php\/wp-json\/wp\/v2\/posts\/46748\/revisions"}],"predecessor-version":[{"id":46752,"href":"https:\/\/www.grieta.org.mx\/index.php\/wp-json\/wp\/v2\/posts\/46748\/revisions\/46752"}],"wp:featuredmedia":[{"embeddable":true,"href":"https:\/\/www.grieta.org.mx\/index.php\/wp-json\/wp\/v2\/media\/46749"}],"wp:attachment":[{"href":"https:\/\/www.grieta.org.mx\/index.php\/wp-json\/wp\/v2\/media?parent=46748"}],"wp:term":[{"taxonomy":"category","embeddable":true,"href":"https:\/\/www.grieta.org.mx\/index.php\/wp-json\/wp\/v2\/categories?post=46748"},{"taxonomy":"post_tag","embeddable":true,"href":"https:\/\/www.grieta.org.mx\/index.php\/wp-json\/wp\/v2\/tags?post=46748"}],"curies":[{"name":"wp","href":"https:\/\/api.w.org\/{rel}","templated":true}]}}