{"id":46734,"date":"2020-03-12T23:39:30","date_gmt":"2020-03-13T05:39:30","guid":{"rendered":"http:\/\/www.grieta.org.mx\/?p=46734"},"modified":"2020-03-24T23:46:28","modified_gmt":"2020-03-25T05:46:28","slug":"por-organizar-tendedero-de-denuncias-profesora-sera-sancionada-por-director-de-bachilleres-4-ciudad-de-mexico","status":"publish","type":"post","link":"https:\/\/www.grieta.org.mx\/index.php\/2020\/03\/12\/por-organizar-tendedero-de-denuncias-profesora-sera-sancionada-por-director-de-bachilleres-4-ciudad-de-mexico\/","title":{"rendered":"Por \u201corganizar\u201d tendedero de denuncias, profesora ser\u00e1 sancionada por director de Bachilleres 4 (Ciudad de M\u00e9xico)"},"content":{"rendered":"<p><img loading=\"lazy\" decoding=\"async\" data-attachment-id=\"46735\" data-permalink=\"https:\/\/www.grieta.org.mx\/index.php\/2020\/03\/12\/por-organizar-tendedero-de-denuncias-profesora-sera-sancionada-por-director-de-bachilleres-4-ciudad-de-mexico\/por-organizar-tendedero-de-denuncias-profesora-sera-sancionada-por-director-de-bachilleres-4-cdmx-mzo\/\" data-orig-file=\"https:\/\/www.grieta.org.mx\/wp-content\/uploads\/2020\/03\/Por-organizar-tendedero-de-denuncias-profesora-ser\u00e1-sancionada-por-director-de-Bachilleres-4-cdmx-mzo.jpg\" data-orig-size=\"635,356\" data-comments-opened=\"0\" data-image-meta=\"{&quot;aperture&quot;:&quot;0&quot;,&quot;credit&quot;:&quot;&quot;,&quot;camera&quot;:&quot;&quot;,&quot;caption&quot;:&quot;&quot;,&quot;created_timestamp&quot;:&quot;0&quot;,&quot;copyright&quot;:&quot;&quot;,&quot;focal_length&quot;:&quot;0&quot;,&quot;iso&quot;:&quot;0&quot;,&quot;shutter_speed&quot;:&quot;0&quot;,&quot;title&quot;:&quot;&quot;,&quot;orientation&quot;:&quot;0&quot;}\" data-image-title=\"Por organizar tendedero de denuncias, profesora ser\u00e1 sancionada por director de Bachilleres 4 cdmx mzo\" data-image-description=\"\" data-image-caption=\"\" data-medium-file=\"https:\/\/www.grieta.org.mx\/wp-content\/uploads\/2020\/03\/Por-organizar-tendedero-de-denuncias-profesora-ser\u00e1-sancionada-por-director-de-Bachilleres-4-cdmx-mzo-300x168.jpg\" data-large-file=\"https:\/\/www.grieta.org.mx\/wp-content\/uploads\/2020\/03\/Por-organizar-tendedero-de-denuncias-profesora-ser\u00e1-sancionada-por-director-de-Bachilleres-4-cdmx-mzo.jpg\" class=\"aligncenter  wp-image-46735\" src=\"http:\/\/www.grieta.org.mx\/wp-content\/uploads\/2020\/03\/Por-organizar-tendedero-de-denuncias-profesora-ser\u00e1-sancionada-por-director-de-Bachilleres-4-cdmx-mzo.jpg\" alt=\"\" width=\"583\" height=\"327\" srcset=\"https:\/\/www.grieta.org.mx\/wp-content\/uploads\/2020\/03\/Por-organizar-tendedero-de-denuncias-profesora-ser\u00e1-sancionada-por-director-de-Bachilleres-4-cdmx-mzo.jpg 635w, https:\/\/www.grieta.org.mx\/wp-content\/uploads\/2020\/03\/Por-organizar-tendedero-de-denuncias-profesora-ser\u00e1-sancionada-por-director-de-Bachilleres-4-cdmx-mzo-300x168.jpg 300w\" sizes=\"auto, (max-width: 583px) 100vw, 583px\" \/><br \/>\n<em>Imagen tomada de: www.radioformula.com.mx<\/em><\/p>\n<p>Radio F\u00f3rmula<\/p>\n<blockquote><p>La profesora realiz\u00f3 una actividad con los alumnos para exponer frases de acoso que han escuchado de sus profesores y compa\u00f1eros<\/p><\/blockquote>\n<p>Jos\u00e9 Ra\u00fal S\u00e1nchez, director del Colegio de Bachilleres Plantel 4, anunci\u00f3 que sancionar\u00e1 a la profesora Ericka Mart\u00ednez, por \u201corganizar\u201d un tendedero de denuncia entre las y los alumnos del plantel; hecho que conden\u00f3 el Colectivo de profesoras feministas de la instituci\u00f3n.<\/p>\n<p>El pasado 9 de marzo, d\u00eda del paro nacional de mujeres, la profesora propuso realizar un peri\u00f3dico mural que, \u201cse\u00f1alara t\u00e9rminos fundamentales para la lucha de mujeres, ante la necesidad de las estudiantes por expresarse\u201d. Fue as\u00ed que el alumnado expuso algunas \u201cfrases de acoso que escuchan de profesores y compa\u00f1eros, todo esto sin se\u00f1alar a los perpetradores\u201d, como se acord\u00f3 con como el director, quien autoriz\u00f3 dicha actividad.<\/p>\n<p>\u201cLa reacci\u00f3n que hubo ante ellos, fue la denuncia en un tendedero hecha por alumnas y alumnos, hartos del trato de algunos profesores que siguen perpetuando una cultura machista y mis\u00f3gina\u201d.<\/p>\n<p>De acuerdo con un comunicado emitido por el colectivo de profesora del Colegio de Bachilleres, Ericka Mart\u00ednez no es responsable de esta reacci\u00f3n, pues ella s\u00f3lo hizo caso al llamado del Secretario de Educaci\u00f3n P\u00fablica, quien pidi\u00f3 a las profesoras hacer paro activo el 9 de marzo, para hablar del tema de la mujer.<\/p>\n<p>Tras esta reacci\u00f3n Jos\u00e9 Ra\u00fal S\u00e1nchez, se\u00f1al\u00f3 que la maestra que hab\u00eda organizado la actividad tendr\u00eda sanciones. Por lo que, el colectivo conden\u00f3 la decisi\u00f3n del director, y cualquier acci\u00f3n que busque inhibir o reprimir las actividades acad\u00e9micas a favor de una sociedad equitativa.<\/p>\n<p>\u201cExigimos que se garanticen los derechos laborales de la profesora, los derechos de libre expresi\u00f3n del estudiantado y cualquiera que apoye las acciones a favor de una sociedad libre de violencia de g\u00e9nero\u201d, expresaron.<\/p>\n<p><img loading=\"lazy\" decoding=\"async\" data-attachment-id=\"46736\" data-permalink=\"https:\/\/www.grieta.org.mx\/index.php\/2020\/03\/12\/por-organizar-tendedero-de-denuncias-profesora-sera-sancionada-por-director-de-bachilleres-4-ciudad-de-mexico\/es7rha3wsaerinh\/\" data-orig-file=\"https:\/\/www.grieta.org.mx\/wp-content\/uploads\/2020\/03\/ES7Rha3WsAErInH.png\" data-orig-size=\"553,680\" data-comments-opened=\"0\" data-image-meta=\"{&quot;aperture&quot;:&quot;0&quot;,&quot;credit&quot;:&quot;&quot;,&quot;camera&quot;:&quot;&quot;,&quot;caption&quot;:&quot;&quot;,&quot;created_timestamp&quot;:&quot;0&quot;,&quot;copyright&quot;:&quot;&quot;,&quot;focal_length&quot;:&quot;0&quot;,&quot;iso&quot;:&quot;0&quot;,&quot;shutter_speed&quot;:&quot;0&quot;,&quot;title&quot;:&quot;&quot;,&quot;orientation&quot;:&quot;0&quot;}\" data-image-title=\"ES7Rha3WsAErInH\" data-image-description=\"\" data-image-caption=\"\" data-medium-file=\"https:\/\/www.grieta.org.mx\/wp-content\/uploads\/2020\/03\/ES7Rha3WsAErInH-244x300.png\" data-large-file=\"https:\/\/www.grieta.org.mx\/wp-content\/uploads\/2020\/03\/ES7Rha3WsAErInH.png\" class=\"aligncenter  wp-image-46736\" src=\"http:\/\/www.grieta.org.mx\/wp-content\/uploads\/2020\/03\/ES7Rha3WsAErInH.png\" alt=\"\" width=\"542\" height=\"666\" srcset=\"https:\/\/www.grieta.org.mx\/wp-content\/uploads\/2020\/03\/ES7Rha3WsAErInH.png 553w, https:\/\/www.grieta.org.mx\/wp-content\/uploads\/2020\/03\/ES7Rha3WsAErInH-244x300.png 244w, https:\/\/www.grieta.org.mx\/wp-content\/uploads\/2020\/03\/ES7Rha3WsAErInH-407x500.png 407w\" sizes=\"auto, (max-width: 542px) 100vw, 542px\" \/><br \/>\n<em>Imagen tomada de: www.radioformula.com.mx<\/em><\/p>\n<p><a href=\"https:\/\/www.radioformula.com.mx\/noticias\/20200312\/por-organizar-tendedero-de-denuncias-profesora-sera-sancionada-por-director-de-bachilleres-4\/\" target=\"_blank\" rel=\"noopener noreferrer\">https:\/\/www.radioformula.com.mx\/noticias\/20200312\/por-organizar-tendedero-de-denuncias-profesora-sera-sancionada-por-director-de-bachilleres-4\/<\/a><\/p>\n","protected":false},"excerpt":{"rendered":"<p>Imagen tomada de: www.radioformula.com.mx Radio F\u00f3rmula La profesora realiz\u00f3 una actividad con los alumnos para exponer frases de acoso que han escuchado de sus profesores y compa\u00f1eros Jos\u00e9 Ra\u00fal S\u00e1nchez, &hellip; <a href=\"https:\/\/www.grieta.org.mx\/index.php\/2020\/03\/12\/por-organizar-tendedero-de-denuncias-profesora-sera-sancionada-por-director-de-bachilleres-4-ciudad-de-mexico\/\" class=\"more-link\">Leer m\u00e1s<\/a><\/p>\n","protected":false},"author":2,"featured_media":46735,"comment_status":"closed","ping_status":"closed","sticky":false,"template":"","format":"standard","meta":{"ngg_post_thumbnail":0,"_jetpack_newsletter_access":"","_jetpack_dont_email_post_to_subs":false,"_jetpack_newsletter_tier_id":0,"_jetpack_memberships_contains_paywalled_content":false,"_jetpack_memberships_contains_paid_content":false,"footnotes":""},"categories":[80,14,1080,916,2958,1225,910,3161,1670,2,2119,83,1823,2388],"tags":[1824,2566,2841,130,1565,1630],"class_list":["post-46734","post","type-post","status-publish","format-standard","has-post-thumbnail","hentry","category-cintillo","category-ciudad-de-mexico","category-conflictos-laborales-en-la-ciudad-de-mexico","category-privatizacion-del-la-educacion-publica","category-crisis-de-la-educacion-publica-en-la-ciudad-de-mexico","category-explotacion-laboral-en-la-ciudad-de-mexico","category-explotacion-y-precariedad-laboral","category-luchas-de-las-mujeres-en-la-ciudad-de-mexico","category-movilizaciones-y-protestas-de-estudiantes-de-la-ciudad-de-mexico","category-noticias-nacionales","category-precarizacion-de-las-condiciones-laborales-en-la-ciudad-de-mexico","category-temas-nacionales","category-violencia-contra-estudiantes","category-violencia-contra-las-mujeres-en-la-ciudad-de-mexico","tag-acoso-sexual","tag-crisis-en-el-sistema-educativo","tag-explotacion-y-precariedad-laboral","tag-represion","tag-violencia-contra-estudiantes","tag-violencia-contra-las-mujeres","entry"],"jetpack_featured_media_url":"https:\/\/www.grieta.org.mx\/wp-content\/uploads\/2020\/03\/Por-organizar-tendedero-de-denuncias-profesora-ser\u00e1-sancionada-por-director-de-Bachilleres-4-cdmx-mzo.jpg","jetpack_sharing_enabled":true,"jetpack_shortlink":"https:\/\/wp.me\/p7ZJR4-c9M","jetpack_likes_enabled":false,"jetpack-related-posts":[{"id":40133,"url":"https:\/\/www.grieta.org.mx\/index.php\/2019\/10\/10\/estudiantes-exigen-a-la-secretaria-de-cultura-mas-presupuesto-para-la-enah-ciudad-de-mexico\/","url_meta":{"origin":46734,"position":0},"title":"Estudiantes exigen a la Secretar\u00eda de Cultura m\u00e1s presupuesto para la ENAH (Ciudad de M\u00e9xico)","author":"grieta","date":"10 octubre, 2019","format":false,"excerpt":"Jordana Gonz\u00e1lez \/ Contral\u00ednea Estudiantes de la Escuela Nacional de Antropolog\u00eda e Historia (ENAH) realizaron una \u201ctoma\u201d simb\u00f3lica de la Secretar\u00eda de Cultura la tarde de este jueves, en exigencia de mejores condiciones laborales y estudiantiles, as\u00ed como la asignaci\u00f3n de mayor presupuesto para la instituci\u00f3n educativa. Asimismo, acusaron el\u2026","rel":"","context":"En &quot;CINTILLO&quot;","block_context":{"text":"CINTILLO","link":"https:\/\/www.grieta.org.mx\/index.php\/category\/cintillo\/"},"img":{"alt_text":"","src":"https:\/\/i0.wp.com\/www.grieta.org.mx\/wp-content\/uploads\/2019\/10\/Estudiantes-exigen-a-la-Secretar%C3%ADa-de-Cultura-m%C3%A1s-presupuesto-para-la-ENAH-oct-cdmx.jpg?resize=350%2C200&ssl=1","width":350,"height":200,"srcset":"https:\/\/i0.wp.com\/www.grieta.org.mx\/wp-content\/uploads\/2019\/10\/Estudiantes-exigen-a-la-Secretar%C3%ADa-de-Cultura-m%C3%A1s-presupuesto-para-la-ENAH-oct-cdmx.jpg?resize=350%2C200&ssl=1 1x, https:\/\/i0.wp.com\/www.grieta.org.mx\/wp-content\/uploads\/2019\/10\/Estudiantes-exigen-a-la-Secretar%C3%ADa-de-Cultura-m%C3%A1s-presupuesto-para-la-ENAH-oct-cdmx.jpg?resize=525%2C300&ssl=1 1.5x"},"classes":[]},{"id":43683,"url":"https:\/\/www.grieta.org.mx\/index.php\/2020\/01\/28\/profesores-de-ffyl-rechazan-evaluar-como-medida-de-presion-contra-paristas-ciudad-de-mexico\/","url_meta":{"origin":46734,"position":1},"title":"Profesores de FFyL rechazan evaluar como medida de presi\u00f3n contra paristas (Ciudad de M\u00e9xico)","author":"grieta","date":"28 enero, 2020","format":false,"excerpt":"Revista Consideraciones Distintas profesoras y profesores de la Facultad de Filosof\u00eda y Letras de la UNAM, se reunieron en asamblea para discutir el acuerdo aprobado por el Consejo T\u00e9cnico de la FFyL, en el sentido de llevar acabo la evaluaci\u00f3n del semestre 2020-1 entre el 27 de enero y el\u2026","rel":"","context":"En &quot;CINTILLO&quot;","block_context":{"text":"CINTILLO","link":"https:\/\/www.grieta.org.mx\/index.php\/category\/cintillo\/"},"img":{"alt_text":"","src":"https:\/\/i0.wp.com\/www.grieta.org.mx\/wp-content\/uploads\/2020\/01\/Profesores-de-FFyL-rechazan-evaluar-como-medida-de-presi%C3%B3n-contra-paristas-cdmx-ene.jpeg?resize=350%2C200&ssl=1","width":350,"height":200,"srcset":"https:\/\/i0.wp.com\/www.grieta.org.mx\/wp-content\/uploads\/2020\/01\/Profesores-de-FFyL-rechazan-evaluar-como-medida-de-presi%C3%B3n-contra-paristas-cdmx-ene.jpeg?resize=350%2C200&ssl=1 1x, https:\/\/i0.wp.com\/www.grieta.org.mx\/wp-content\/uploads\/2020\/01\/Profesores-de-FFyL-rechazan-evaluar-como-medida-de-presi%C3%B3n-contra-paristas-cdmx-ene.jpeg?resize=525%2C300&ssl=1 1.5x, https:\/\/i0.wp.com\/www.grieta.org.mx\/wp-content\/uploads\/2020\/01\/Profesores-de-FFyL-rechazan-evaluar-como-medida-de-presi%C3%B3n-contra-paristas-cdmx-ene.jpeg?resize=700%2C400&ssl=1 2x, https:\/\/i0.wp.com\/www.grieta.org.mx\/wp-content\/uploads\/2020\/01\/Profesores-de-FFyL-rechazan-evaluar-como-medida-de-presi%C3%B3n-contra-paristas-cdmx-ene.jpeg?resize=1050%2C600&ssl=1 3x, https:\/\/i0.wp.com\/www.grieta.org.mx\/wp-content\/uploads\/2020\/01\/Profesores-de-FFyL-rechazan-evaluar-como-medida-de-presi%C3%B3n-contra-paristas-cdmx-ene.jpeg?resize=1400%2C800&ssl=1 4x"},"classes":[]},{"id":43996,"url":"https:\/\/www.grieta.org.mx\/index.php\/2020\/02\/06\/entregan-cch-vallejo-tras-dos-dias-de-paro-ciudad-de-mexico\/","url_meta":{"origin":46734,"position":2},"title":"Entregan CCH Vallejo tras dos d\u00edas de paro (Ciudad de M\u00e9xico)","author":"grieta","date":"6 febrero, 2020","format":false,"excerpt":"El martes pasado, un grupo de alumnos decidi\u00f3 realizar un paro de labores. Foto: Cuartoscuro\/Archivo Notimex Las actividades acad\u00e9micas y administrativas se reanudar\u00e1n ma\u00f1ana viernes 7 en los horarios acostumbrados CIUDAD DE M\u00c9XICO. La Universidad Nacional Aut\u00f3noma de M\u00e9xico inform\u00f3 que esta tarde fueron entregadas a las autoridades las instalaciones\u2026","rel":"","context":"En &quot;CINTILLO&quot;","block_context":{"text":"CINTILLO","link":"https:\/\/www.grieta.org.mx\/index.php\/category\/cintillo\/"},"img":{"alt_text":"","src":"https:\/\/i0.wp.com\/www.grieta.org.mx\/wp-content\/uploads\/2020\/02\/Entregan-CCH-Vallejo-tras-dos-d%C3%ADas-de-paro-cdmx-feb.jpg?resize=350%2C200&ssl=1","width":350,"height":200,"srcset":"https:\/\/i0.wp.com\/www.grieta.org.mx\/wp-content\/uploads\/2020\/02\/Entregan-CCH-Vallejo-tras-dos-d%C3%ADas-de-paro-cdmx-feb.jpg?resize=350%2C200&ssl=1 1x, https:\/\/i0.wp.com\/www.grieta.org.mx\/wp-content\/uploads\/2020\/02\/Entregan-CCH-Vallejo-tras-dos-d%C3%ADas-de-paro-cdmx-feb.jpg?resize=525%2C300&ssl=1 1.5x"},"classes":[]},{"id":40522,"url":"https:\/\/www.grieta.org.mx\/index.php\/2019\/10\/25\/sindicato-de-trabajadores-del-instituto-de-educacion-media-superior-emplazan-a-huelga-ciudad-de-mexico\/","url_meta":{"origin":46734,"position":3},"title":"Sindicato de trabajadores del Instituto de Educaci\u00f3n Media Superior emplazan a huelga (Ciudad de M\u00e9xico)","author":"grieta","date":"25 octubre, 2019","format":false,"excerpt":"\u00a0 La Izquierda Diario de M\u00e9xico El Sindicato pidi\u00f3 crear oportunamente plazas para los nuevos planteles y basificar a los profesores de modalidad semiescolar El Sindicato de la Uni\u00f3n de Trabajadores del Instituto de Educaci\u00f3n Media Superior (Sutiems) emplaz\u00f3 a huelga el pr\u00f3ximo 5 de noviembre. Hizo un llamado a\u2026","rel":"","context":"En &quot;CINTILLO&quot;","block_context":{"text":"CINTILLO","link":"https:\/\/www.grieta.org.mx\/index.php\/category\/cintillo\/"},"img":{"alt_text":"","src":"https:\/\/i0.wp.com\/www.grieta.org.mx\/wp-content\/uploads\/2019\/10\/Sindicato-de-trabajadores-del-Instituto-de-Educaci%C3%B3n-Media-Superior-emplazan-a-huelga-cdmx-oct.jpg?resize=350%2C200&ssl=1","width":350,"height":200},"classes":[]},{"id":40137,"url":"https:\/\/www.grieta.org.mx\/index.php\/2019\/10\/11\/alumnos-de-la-unam-marchan-contra-violencia-de-genero-y-porros-ciudad-de-mexico\/","url_meta":{"origin":46734,"position":4},"title":"Alumnos de la UNAM marchan contra violencia de g\u00e9nero y porros (Ciudad de M\u00e9xico)","author":"grieta","date":"11 octubre, 2019","format":false,"excerpt":"El Heraldo de M\u00e9xico La movilizaci\u00f3n de estudiantes recorri\u00f3 algunas de las facultades de la Universidad Nacional, para posteriormente desplazarse sobre avenida Insurgentes Sur Estudiantes de la Facultad de Ciencias Pol\u00edticas y Sociales de la Universidad Nacional Aut\u00f3noma de M\u00e9xico (UNAM) realizaron este viernes una marcha en contra de la\u2026","rel":"","context":"En &quot;CINTILLO&quot;","block_context":{"text":"CINTILLO","link":"https:\/\/www.grieta.org.mx\/index.php\/category\/cintillo\/"},"img":{"alt_text":"","src":"https:\/\/i0.wp.com\/www.grieta.org.mx\/wp-content\/uploads\/2019\/10\/Alumnos-de-la-UNAM-marchan-contra-violencia-de-g%C3%A9nero-y-porros-oct-cdmx.jpg?resize=350%2C200&ssl=1","width":350,"height":200,"srcset":"https:\/\/i0.wp.com\/www.grieta.org.mx\/wp-content\/uploads\/2019\/10\/Alumnos-de-la-UNAM-marchan-contra-violencia-de-g%C3%A9nero-y-porros-oct-cdmx.jpg?resize=350%2C200&ssl=1 1x, https:\/\/i0.wp.com\/www.grieta.org.mx\/wp-content\/uploads\/2019\/10\/Alumnos-de-la-UNAM-marchan-contra-violencia-de-g%C3%A9nero-y-porros-oct-cdmx.jpg?resize=525%2C300&ssl=1 1.5x"},"classes":[]},{"id":41139,"url":"https:\/\/www.grieta.org.mx\/index.php\/2019\/11\/15\/encapuchados-toman-instalaciones-de-prepa-3-denuncia-acoso-sexual-ciudad-de-mexico\/","url_meta":{"origin":46734,"position":5},"title":"Encapuchados toman instalaciones de Prepa 3; denuncia acoso sexual (Ciudad de M\u00e9xico)","author":"grieta","date":"15 noviembre, 2019","format":false,"excerpt":"Vanessa Solis \/ El Sol de M\u00e9xico Alumnos del plantel exigen la renuncia de docentes que presuntamente acosan a las alumnas Mujeres encapuchadas tomaron las instalaciones de les Escuela Nacional Preparatoria n\u00famero 3 de la UNAM, esto para exigir la renuncia de profesores que acosan a las alumnas. A trav\u00e9s\u2026","rel":"","context":"En &quot;CINTILLO&quot;","block_context":{"text":"CINTILLO","link":"https:\/\/www.grieta.org.mx\/index.php\/category\/cintillo\/"},"img":{"alt_text":"","src":"https:\/\/i0.wp.com\/www.grieta.org.mx\/wp-content\/uploads\/2019\/11\/Encapuchados-toman-instalaciones-de-Prepa-3-denuncia-acoso-sexual-cdmx-nov.png?resize=350%2C200&ssl=1","width":350,"height":200,"srcset":"https:\/\/i0.wp.com\/www.grieta.org.mx\/wp-content\/uploads\/2019\/11\/Encapuchados-toman-instalaciones-de-Prepa-3-denuncia-acoso-sexual-cdmx-nov.png?resize=350%2C200&ssl=1 1x, https:\/\/i0.wp.com\/www.grieta.org.mx\/wp-content\/uploads\/2019\/11\/Encapuchados-toman-instalaciones-de-Prepa-3-denuncia-acoso-sexual-cdmx-nov.png?resize=525%2C300&ssl=1 1.5x, https:\/\/i0.wp.com\/www.grieta.org.mx\/wp-content\/uploads\/2019\/11\/Encapuchados-toman-instalaciones-de-Prepa-3-denuncia-acoso-sexual-cdmx-nov.png?resize=700%2C400&ssl=1 2x"},"classes":[]}],"_links":{"self":[{"href":"https:\/\/www.grieta.org.mx\/index.php\/wp-json\/wp\/v2\/posts\/46734","targetHints":{"allow":["GET"]}}],"collection":[{"href":"https:\/\/www.grieta.org.mx\/index.php\/wp-json\/wp\/v2\/posts"}],"about":[{"href":"https:\/\/www.grieta.org.mx\/index.php\/wp-json\/wp\/v2\/types\/post"}],"author":[{"embeddable":true,"href":"https:\/\/www.grieta.org.mx\/index.php\/wp-json\/wp\/v2\/users\/2"}],"replies":[{"embeddable":true,"href":"https:\/\/www.grieta.org.mx\/index.php\/wp-json\/wp\/v2\/comments?post=46734"}],"version-history":[{"count":1,"href":"https:\/\/www.grieta.org.mx\/index.php\/wp-json\/wp\/v2\/posts\/46734\/revisions"}],"predecessor-version":[{"id":46737,"href":"https:\/\/www.grieta.org.mx\/index.php\/wp-json\/wp\/v2\/posts\/46734\/revisions\/46737"}],"wp:featuredmedia":[{"embeddable":true,"href":"https:\/\/www.grieta.org.mx\/index.php\/wp-json\/wp\/v2\/media\/46735"}],"wp:attachment":[{"href":"https:\/\/www.grieta.org.mx\/index.php\/wp-json\/wp\/v2\/media?parent=46734"}],"wp:term":[{"taxonomy":"category","embeddable":true,"href":"https:\/\/www.grieta.org.mx\/index.php\/wp-json\/wp\/v2\/categories?post=46734"},{"taxonomy":"post_tag","embeddable":true,"href":"https:\/\/www.grieta.org.mx\/index.php\/wp-json\/wp\/v2\/tags?post=46734"}],"curies":[{"name":"wp","href":"https:\/\/api.w.org\/{rel}","templated":true}]}}