{"id":46687,"date":"2020-03-18T19:15:55","date_gmt":"2020-03-19T01:15:55","guid":{"rendered":"http:\/\/www.grieta.org.mx\/?p=46687"},"modified":"2020-03-24T19:30:10","modified_gmt":"2020-03-25T01:30:10","slug":"sedena-ayudara-con-la-construccion-de-dos-tramos-del-tren-maya-amlo","status":"publish","type":"post","link":"https:\/\/www.grieta.org.mx\/index.php\/2020\/03\/18\/sedena-ayudara-con-la-construccion-de-dos-tramos-del-tren-maya-amlo\/","title":{"rendered":"Sedena ayudar\u00e1 con la construcci\u00f3n de dos tramos del Tren Maya: AMLO"},"content":{"rendered":"<p>Redacci\u00f3n\/El Financiero<br \/>\n18 marzo 2020<\/p>\n<blockquote class=\"twitter-tweet\" data-width=\"550\" data-dnt=\"true\">\n<p lang=\"es\" dir=\"ltr\">&quot;Est\u00e1 apalabrado que (los ingenieros militares) van a terminar el 21 de marzo (el aeropuerto de Santa Luc\u00eda) y nos van a ayudar a construir dos tramos grandes del Tren Maya, para que tambi\u00e9n en el 23 tengamos los mil 500 km del Tren Maya&quot;, inform\u00f3 <a href=\"https:\/\/twitter.com\/lopezobrador_?ref_src=twsrc%5Etfw\">@lopezobrador_<\/a>. <a href=\"https:\/\/t.co\/oLcPTh4Yga\">pic.twitter.com\/oLcPTh4Yga<\/a><\/p>\n<p>&mdash; El Financiero TV (@ElFinancieroTv) <a href=\"https:\/\/twitter.com\/ElFinancieroTv\/status\/1240290082470293506?ref_src=twsrc%5Etfw\">March 18, 2020<\/a><\/p><\/blockquote>\n<p><script async src=\"https:\/\/platform.twitter.com\/widgets.js\" charset=\"utf-8\"><\/script><\/p>\n<blockquote><p>El mandatario apunt\u00f3 que en el Ej\u00e9rcito hay buenos constructores y que ha recurrido a ellos debido a que resistieron &#8216;el vendaval neoliberal&#8217;.<\/p><\/blockquote>\n<p>El presidente Andr\u00e9s Manuel L\u00f3pez Obrador adelant\u00f3 este mi\u00e9rcoles que ingenieros militares de la Secretar\u00eda de la Defensa Nacional (Sedena) apoyar\u00e1n con la construcci\u00f3n de un par de tramos del Tren Maya.<\/p>\n<p>&#8220;Los ingenieros militares nos est\u00e1n ayudando mucho, trabajan d\u00eda y noche. Les voy a decir algo, ya tenemos el compromiso, est\u00e1 apalabrado, que van a terminar el 21 de marzo (el Aeropuerto Internacional de Santa Luc\u00eda) y nos van a ayudar a construir dos tramos grandes del Tren Maya, para que tambi\u00e9n en el 2023 tengamos los mil 500 kil\u00f3metros del tren&#8221;, coment\u00f3 en su conferencia de prensa matutina.<\/p>\n<p>El mandatario federal agradeci\u00f3 a la Sedena su apoyo y destac\u00f3 que en el Ej\u00e9rcito hay muy buenos constructores.<\/p>\n<p>&#8220;\u00bfY qu\u00e9 nos est\u00e1 pasando, por qu\u00e9 recurro al apoyo de las Fuerzas Armadas? \u00bfPor qu\u00e9 me respaldo, tanto en la Secretar\u00eda de Marina como en la Secretar\u00eda de la Defensa? Porque son dos pilares del Estado y resistieron el vendaval neoliberal. La mayor\u00eda de las instituciones quedaron desechas. Todo lo que es la industria de la construcci\u00f3n se destruy\u00f3 en el periodo neoliberal&#8221;, puntualiz\u00f3.<\/p>\n<p><a href=\"https:\/\/www.elfinanciero.com.mx\/nacional\/sedena-ayudara-con-la-construccion-de-dos-tramos-del-tren-maya-anuncia-amlo\" rel=\"noopener noreferrer\" target=\"_blank\">https:\/\/www.elfinanciero.com.mx\/nacional\/sedena-ayudara-con-la-construccion-de-dos-tramos-del-tren-maya-anuncia-amlo<\/a><\/p>\n","protected":false},"excerpt":{"rendered":"<p>Redacci\u00f3n\/El Financiero 18 marzo 2020 &quot;Est\u00e1 apalabrado que (los ingenieros militares) van a terminar el 21 de marzo (el aeropuerto de Santa Luc\u00eda) y nos van a ayudar a construir &hellip; <a href=\"https:\/\/www.grieta.org.mx\/index.php\/2020\/03\/18\/sedena-ayudara-con-la-construccion-de-dos-tramos-del-tren-maya-amlo\/\" class=\"more-link\">Leer m\u00e1s<\/a><\/p>\n","protected":false},"author":2,"featured_media":46693,"comment_status":"closed","ping_status":"closed","sticky":false,"template":"","format":"standard","meta":{"ngg_post_thumbnail":0,"_jetpack_newsletter_access":"","_jetpack_dont_email_post_to_subs":false,"_jetpack_newsletter_tier_id":0,"_jetpack_memberships_contains_paywalled_content":false,"_jetpack_memberships_contains_paid_content":false,"footnotes":""},"categories":[80,3,912,83,2026],"tags":[2974,1878],"class_list":["post-46687","post","type-post","status-publish","format-standard","has-post-thumbnail","hentry","category-cintillo","category-megaproyectos","category-militarizacion","category-temas-nacionales","category-tren-maya","tag-aumento-de-la-militarizacion","tag-tren-maya","entry"],"jetpack_featured_media_url":"https:\/\/www.grieta.org.mx\/wp-content\/uploads\/2020\/03\/pej.png","jetpack_sharing_enabled":true,"jetpack_shortlink":"https:\/\/wp.me\/p7ZJR4-c91","jetpack_likes_enabled":false,"jetpack-related-posts":[{"id":57806,"url":"https:\/\/www.grieta.org.mx\/index.php\/2021\/03\/16\/el-ejercito-recibira-los-ingresos-del-tren-maya-sin-pasar-por-la-shcp-fonatur\/","url_meta":{"origin":46687,"position":0},"title":"El Ej\u00e9rcito recibir\u00e1 los ingresos del Tren Maya, sin pasar por la SHCP: Fonatur","author":"grieta","date":"16 marzo, 2021","format":false,"excerpt":"Mathieu Tourliere \/ Proceso CIUDAD DE M\u00c9XICO (apro).- En un en\u00e9simo cambio al proyecto inicial del Tren Maya, Rogelio Jim\u00e9nez Pons, titular del Fondo Nacional de Fomento al Turismo (Fonatur), indic\u00f3 hoy que el Ej\u00e9rcito concentrar\u00e1 los ingresos de todo el tren, sin que \u00e9stos pasen por la Secretar\u00eda de\u2026","rel":"","context":"En &quot;Campeche&quot;","block_context":{"text":"Campeche","link":"https:\/\/www.grieta.org.mx\/index.php\/category\/noticias-nacionales\/campeche\/"},"img":{"alt_text":"","src":"https:\/\/i0.wp.com\/www.grieta.org.mx\/wp-content\/uploads\/2021\/02\/130288-e1613585374702.jpg?resize=350%2C200&ssl=1","width":350,"height":200,"srcset":"https:\/\/i0.wp.com\/www.grieta.org.mx\/wp-content\/uploads\/2021\/02\/130288-e1613585374702.jpg?resize=350%2C200&ssl=1 1x, https:\/\/i0.wp.com\/www.grieta.org.mx\/wp-content\/uploads\/2021\/02\/130288-e1613585374702.jpg?resize=525%2C300&ssl=1 1.5x, https:\/\/i0.wp.com\/www.grieta.org.mx\/wp-content\/uploads\/2021\/02\/130288-e1613585374702.jpg?resize=700%2C400&ssl=1 2x"},"classes":[]},{"id":66796,"url":"https:\/\/www.grieta.org.mx\/index.php\/2023\/04\/13\/paran-trabajadores-de-tren-maya\/","url_meta":{"origin":46687,"position":1},"title":"Paran trabajadores de Tren Maya","author":"grieta","date":"13 abril, 2023","format":false,"excerpt":"Benito Jim\u00e9nez \/ Agencia Reforma \/ Heraldo.mx CIUDAD DE M\u00c9XICO.- Al menos 120 trabajadores de la Estaci\u00f3n Centenario del Tramo 7 del Tren Maya pararon ayer sus labores en demanda de la revisi\u00f3n de contratos y en protesta de supuestos malos tratos por parte de ingenieros militares que tienen a\u2026","rel":"","context":"En &quot;Campeche&quot;","block_context":{"text":"Campeche","link":"https:\/\/www.grieta.org.mx\/index.php\/category\/noticias-nacionales\/campeche\/"},"img":{"alt_text":"","src":"https:\/\/i0.wp.com\/www.grieta.org.mx\/wp-content\/uploads\/2023\/04\/ParanTrabajadores-e1681602408864.jpg?resize=350%2C200&ssl=1","width":350,"height":200,"srcset":"https:\/\/i0.wp.com\/www.grieta.org.mx\/wp-content\/uploads\/2023\/04\/ParanTrabajadores-e1681602408864.jpg?resize=350%2C200&ssl=1 1x, https:\/\/i0.wp.com\/www.grieta.org.mx\/wp-content\/uploads\/2023\/04\/ParanTrabajadores-e1681602408864.jpg?resize=525%2C300&ssl=1 1.5x, https:\/\/i0.wp.com\/www.grieta.org.mx\/wp-content\/uploads\/2023\/04\/ParanTrabajadores-e1681602408864.jpg?resize=700%2C400&ssl=1 2x"},"classes":[]},{"id":66097,"url":"https:\/\/www.grieta.org.mx\/index.php\/2023\/01\/17\/el-tren-maya-requerira-6-mil-500-guardias-militares\/","url_meta":{"origin":46687,"position":2},"title":"El Tren Maya requerir\u00e1 6 mil 500 guardias militares","author":"grieta","date":"17 enero, 2023","format":false,"excerpt":"Revista Proceso Ciudad de M\u00e9xico (AP) \u2014 Los costos ambientales y financieros del planeado Tren Maya en M\u00e9xico ya son colosales, pero las autoridades revelaron el martes 17 otro costo inesperado del proyecto impulsado por el presidente Andr\u00e9s Manuel L\u00f3pez Obrador. La Secretar\u00eda de la Defensa Nacional (Sedena) revel\u00f3 que\u2026","rel":"","context":"En &quot;Campeche&quot;","block_context":{"text":"Campeche","link":"https:\/\/www.grieta.org.mx\/index.php\/category\/noticias-nacionales\/campeche\/"},"img":{"alt_text":"","src":"https:\/\/i0.wp.com\/www.grieta.org.mx\/wp-content\/uploads\/2023\/01\/TrenMallaMilitarizacion-e1674339121228.jpg?resize=350%2C200&ssl=1","width":350,"height":200,"srcset":"https:\/\/i0.wp.com\/www.grieta.org.mx\/wp-content\/uploads\/2023\/01\/TrenMallaMilitarizacion-e1674339121228.jpg?resize=350%2C200&ssl=1 1x, https:\/\/i0.wp.com\/www.grieta.org.mx\/wp-content\/uploads\/2023\/01\/TrenMallaMilitarizacion-e1674339121228.jpg?resize=525%2C300&ssl=1 1.5x, https:\/\/i0.wp.com\/www.grieta.org.mx\/wp-content\/uploads\/2023\/01\/TrenMallaMilitarizacion-e1674339121228.jpg?resize=700%2C400&ssl=1 2x"},"classes":[]},{"id":67872,"url":"https:\/\/www.grieta.org.mx\/index.php\/2023\/10\/06\/tren-maya-sedena-incrementara-seguridad-en-quintana-roo-con-mas-de-3-mil-elementos\/","url_meta":{"origin":46687,"position":3},"title":"Tren Maya: Sedena incrementar\u00e1 seguridad en Quintana Roo con m\u00e1s de 3 mil elementos","author":"grieta","date":"6 octubre, 2023","format":false,"excerpt":"Con la inauguraci\u00f3n del Tren Maya que se dar\u00e1 durante diciembre, el Secretario de la Defensa Nacional de M\u00e9xico Luis Cresencio Sandoval inform\u00f3 que en Quintana Roo se incrementar\u00e1 la seguridad con la presencia de la Guardia Nacional, pues habr\u00e1 tres nuevas bases a\u00e9reas. De acuerdo con los datos del\u2026","rel":"","context":"En &quot;CINTILLO&quot;","block_context":{"text":"CINTILLO","link":"https:\/\/www.grieta.org.mx\/index.php\/category\/cintillo\/"},"img":{"alt_text":"","src":"https:\/\/i0.wp.com\/www.grieta.org.mx\/wp-content\/uploads\/2023\/10\/TrenMalla-e1696860496274.jpg?resize=350%2C200&ssl=1","width":350,"height":200,"srcset":"https:\/\/i0.wp.com\/www.grieta.org.mx\/wp-content\/uploads\/2023\/10\/TrenMalla-e1696860496274.jpg?resize=350%2C200&ssl=1 1x, https:\/\/i0.wp.com\/www.grieta.org.mx\/wp-content\/uploads\/2023\/10\/TrenMalla-e1696860496274.jpg?resize=525%2C300&ssl=1 1.5x, https:\/\/i0.wp.com\/www.grieta.org.mx\/wp-content\/uploads\/2023\/10\/TrenMalla-e1696860496274.jpg?resize=700%2C400&ssl=1 2x"},"classes":[]},{"id":67059,"url":"https:\/\/www.grieta.org.mx\/index.php\/2023\/05\/03\/caravana-el-sur-resiste-pide-a-la-sedena-suspender-obras-en-el-tramo-7-del-tren-maya-campeche\/","url_meta":{"origin":46687,"position":4},"title":"Caravana El Sur Resiste pide a la Sedena suspender obras en el Tramo 7 del Tren Maya (Campeche)","author":"grieta","date":"3 mayo, 2023","format":false,"excerpt":"Cambio 22 XPUJIL, CAMPECHE, 3 de mayo.- Los integrantes del movimiento Caravana El Sur Resiste llegaron al campamento de la Secretar\u00eda de la Defensa Nacional (Sedena) en Xpujil, municipio de Calakmul, Campeche, para hacer entrega a los ingenieros militares de documentos que acreditan que el Tramo 7 del Tren Maya\u2026","rel":"","context":"En &quot;25. Xpujil&quot;","block_context":{"text":"25. Xpujil","link":"https:\/\/www.grieta.org.mx\/index.php\/category\/espejos-de-la-resistencia\/25-xpujil\/"},"img":{"alt_text":"","src":"https:\/\/i0.wp.com\/www.grieta.org.mx\/wp-content\/uploads\/2023\/06\/SurResiste-e1687537548743.jpg?resize=350%2C200&ssl=1","width":350,"height":200,"srcset":"https:\/\/i0.wp.com\/www.grieta.org.mx\/wp-content\/uploads\/2023\/06\/SurResiste-e1687537548743.jpg?resize=350%2C200&ssl=1 1x, https:\/\/i0.wp.com\/www.grieta.org.mx\/wp-content\/uploads\/2023\/06\/SurResiste-e1687537548743.jpg?resize=525%2C300&ssl=1 1.5x, https:\/\/i0.wp.com\/www.grieta.org.mx\/wp-content\/uploads\/2023\/06\/SurResiste-e1687537548743.jpg?resize=700%2C400&ssl=1 2x"},"classes":[]},{"id":70006,"url":"https:\/\/www.grieta.org.mx\/index.php\/2024\/09\/25\/bajo-ordenes-militares-el-salvamento-arqueologico-en-obras-del-tren-maya\/","url_meta":{"origin":46687,"position":5},"title":"Bajo \u00f3rdenes militares, el salvamento arqueol\u00f3gico en obras del Tren Maya","author":"grieta","date":"25 septiembre, 2024","format":false,"excerpt":"Cristopher Cabello \/ El Universal En el cuaderno de trabajo \u201cLa construcci\u00f3n del Tren Maya y la destrucci\u00f3n del patrimonio en la Pen\u00ednsula de Yucat\u00e1n\u201d(2024), el antrop\u00f3logo e investigador Juan Manuel Sandoval report\u00f3 la destrucci\u00f3n de vestigios arqueol\u00f3gicos en el Tramo 7 de la obra ferroviaria. Un tema que llam\u00f3\u2026","rel":"","context":"En &quot;Campeche&quot;","block_context":{"text":"Campeche","link":"https:\/\/www.grieta.org.mx\/index.php\/category\/noticias-nacionales\/campeche\/"},"img":{"alt_text":"","src":"https:\/\/i0.wp.com\/www.grieta.org.mx\/wp-content\/uploads\/2024\/10\/Militares-e1728167418810.jpg?resize=350%2C200&ssl=1","width":350,"height":200,"srcset":"https:\/\/i0.wp.com\/www.grieta.org.mx\/wp-content\/uploads\/2024\/10\/Militares-e1728167418810.jpg?resize=350%2C200&ssl=1 1x, https:\/\/i0.wp.com\/www.grieta.org.mx\/wp-content\/uploads\/2024\/10\/Militares-e1728167418810.jpg?resize=525%2C300&ssl=1 1.5x, https:\/\/i0.wp.com\/www.grieta.org.mx\/wp-content\/uploads\/2024\/10\/Militares-e1728167418810.jpg?resize=700%2C400&ssl=1 2x"},"classes":[]}],"_links":{"self":[{"href":"https:\/\/www.grieta.org.mx\/index.php\/wp-json\/wp\/v2\/posts\/46687","targetHints":{"allow":["GET"]}}],"collection":[{"href":"https:\/\/www.grieta.org.mx\/index.php\/wp-json\/wp\/v2\/posts"}],"about":[{"href":"https:\/\/www.grieta.org.mx\/index.php\/wp-json\/wp\/v2\/types\/post"}],"author":[{"embeddable":true,"href":"https:\/\/www.grieta.org.mx\/index.php\/wp-json\/wp\/v2\/users\/2"}],"replies":[{"embeddable":true,"href":"https:\/\/www.grieta.org.mx\/index.php\/wp-json\/wp\/v2\/comments?post=46687"}],"version-history":[{"count":1,"href":"https:\/\/www.grieta.org.mx\/index.php\/wp-json\/wp\/v2\/posts\/46687\/revisions"}],"predecessor-version":[{"id":46694,"href":"https:\/\/www.grieta.org.mx\/index.php\/wp-json\/wp\/v2\/posts\/46687\/revisions\/46694"}],"wp:featuredmedia":[{"embeddable":true,"href":"https:\/\/www.grieta.org.mx\/index.php\/wp-json\/wp\/v2\/media\/46693"}],"wp:attachment":[{"href":"https:\/\/www.grieta.org.mx\/index.php\/wp-json\/wp\/v2\/media?parent=46687"}],"wp:term":[{"taxonomy":"category","embeddable":true,"href":"https:\/\/www.grieta.org.mx\/index.php\/wp-json\/wp\/v2\/categories?post=46687"},{"taxonomy":"post_tag","embeddable":true,"href":"https:\/\/www.grieta.org.mx\/index.php\/wp-json\/wp\/v2\/tags?post=46687"}],"curies":[{"name":"wp","href":"https:\/\/api.w.org\/{rel}","templated":true}]}}