{"id":46629,"date":"2020-03-22T12:35:18","date_gmt":"2020-03-22T18:35:18","guid":{"rendered":"http:\/\/www.grieta.org.mx\/?p=46629"},"modified":"2020-03-24T19:12:31","modified_gmt":"2020-03-25T01:12:31","slug":"por-coronavirus-amlo-entregara-control-de-10-hospitales-al-ejercito","status":"publish","type":"post","link":"https:\/\/www.grieta.org.mx\/index.php\/2020\/03\/22\/por-coronavirus-amlo-entregara-control-de-10-hospitales-al-ejercito\/","title":{"rendered":"Por coronavirus, AMLO entregar\u00e1 control de 10 hospitales al Ej\u00e9rcito"},"content":{"rendered":"<p>Alberto Morales\/El Universal<br \/>\n22 marzo 2020<\/p>\n<div class=\"jetpack-video-wrapper\"><iframe loading=\"lazy\" title=\"Por coronavirus, AMLO entregar\u00e1 control de 10 hospitales al Ej\u00e9rcito\" width=\"1170\" height=\"658\" src=\"https:\/\/www.youtube.com\/embed\/sL1qTZ1ZZsg?feature=oembed\" frameborder=\"0\" allow=\"accelerometer; autoplay; clipboard-write; encrypted-media; gyroscope; picture-in-picture\" allowfullscreen><\/iframe><\/div>\n<blockquote><p>El presidente L\u00f3pez Obrador dijo que su gobierno ya se est\u00e1 preparando para tener los hospitales, las camas y los equipos que se necesiten durante la contingencia por el coronavirus<\/p><\/blockquote>\n<p>Oaxaca.- El presidente Andr\u00e9s Manuel L\u00f3pez Obrador dijo que su gobierno se prepara, de ser necesario, para enfrentar la etapa cr\u00edtica del coronavirus.<\/p>\n<p>Por medio de un video que subi\u00f3 a sus redes sociales, el titular del Ejecutivo dijo que su gobierno ya se est\u00e1 preparando para tener los hospitales, las camas, los equipos que se necesiten durante la contingencia.<\/p>\n<p>Acompa\u00f1ado por el gobernador Alejandro Murat, el titular del Ejecutivo visit\u00f3 el nuevo hospital de la Mujer y del Ni\u00f1o Oaxaque\u00f1o que cuenta con 120 camas y equipo de atenci\u00f3n m\u00e9dica, para atender a enfermos graves o delicados.<\/p>\n<p>El Presidente instruy\u00f3 a la secretaria de Hacienda a que entregue recursos a la Defensa Nacional con el objeto de que tenga a su cargo 10 hospitales, que de se ser necesario en la aplicaci\u00f3n del Plan DN-III y el Plan Marina, ambas instituciones refuercen a las autoridades sanitarias.<\/p>\n<p>\u201cVamos a atender dos formas de atender a la poblaci\u00f3n, los centros de Salud, del Insabi, los que est\u00e1n a cargo de los gobiernos estatales; del ISSSTE, del Seguro, Pemex y otro plan que va a estar a cargo del Ej\u00e9rcito y la Secretar\u00eda de Marina\u201d.<\/p>\n<p>Al gobernador de Oaxaca agradeci\u00f3 al titular del Ejecutivo que ya se prepare a este entidad para dar atenci\u00f3n a los oaxaque\u00f1os que as\u00ed lo requieran.<\/p>\n<p>El presidente L\u00f3pez Obrador dijo que el hospital de Juchit\u00e1n ya est\u00e1 terminado, falta equiparlo, pero tambi\u00e9n ser\u00e1 para atender casos con Covid-19.<\/p>\n<p><a href=\"https:\/\/www.eluniversal.com.mx\/nacion\/coronavirus-amlo-entregara-control-de-10-hospitales-al-ejercito\" rel=\"noopener noreferrer\" target=\"_blank\">https:\/\/www.eluniversal.com.mx\/nacion\/coronavirus-amlo-entregara-control-de-10-hospitales-al-ejercito<\/a><\/p>\n","protected":false},"excerpt":{"rendered":"<p>Alberto Morales\/El Universal 22 marzo 2020 El presidente L\u00f3pez Obrador dijo que su gobierno ya se est\u00e1 preparando para tener los hospitales, las camas y los equipos que se necesiten &hellip; <a href=\"https:\/\/www.grieta.org.mx\/index.php\/2020\/03\/22\/por-coronavirus-amlo-entregara-control-de-10-hospitales-al-ejercito\/\" class=\"more-link\">Leer m\u00e1s<\/a><\/p>\n","protected":false},"author":2,"featured_media":46686,"comment_status":"closed","ping_status":"closed","sticky":false,"template":"","format":"standard","meta":{"ngg_post_thumbnail":0,"_jetpack_newsletter_access":"","_jetpack_dont_email_post_to_subs":false,"_jetpack_newsletter_tier_id":0,"_jetpack_memberships_contains_paywalled_content":false,"_jetpack_memberships_contains_paid_content":false,"footnotes":""},"categories":[80,912,1606,2,25,83],"tags":[],"class_list":["post-46629","post","type-post","status-publish","format-standard","has-post-thumbnail","hentry","category-cintillo","category-militarizacion","category-militarizacion-en-oaxaca","category-noticias-nacionales","category-oaxaca","category-temas-nacionales","entry"],"jetpack_featured_media_url":"https:\/\/www.grieta.org.mx\/wp-content\/uploads\/2020\/03\/covid.png","jetpack_sharing_enabled":true,"jetpack_shortlink":"https:\/\/wp.me\/p7ZJR4-c85","jetpack_likes_enabled":false,"jetpack-related-posts":[{"id":49280,"url":"https:\/\/www.grieta.org.mx\/index.php\/2020\/05\/15\/ante-colapso-de-hospitales-habilitan-red-hospitalaria-para-atender-pacientes-de-coronavirus-en-oaxaca\/","url_meta":{"origin":46629,"position":0},"title":"Ante colapso de hospitales, habilitan red hospitalaria para atender pacientes de coronavirus en Oaxaca","author":"grieta","date":"15 mayo, 2020","format":false,"excerpt":"P\u00e1gina 3 \/ Pedro Mat\u00edas. Ampl\u00edan a 25 la red hospitalaria ante incremento de caso de covid-19. Pese a pugnas con personal sindicalizado Murat determin\u00f3 Hospital Covid al Aurelio Valdivieso OAXACA, Oax.- Ante el colapso de los dos principales hospitales covid-19 de la capital de Oaxaca, el gobernador Alejandro Murat\u2026","rel":"","context":"En &quot;CINTILLO&quot;","block_context":{"text":"CINTILLO","link":"https:\/\/www.grieta.org.mx\/index.php\/category\/cintillo\/"},"img":{"alt_text":"","src":"https:\/\/i0.wp.com\/www.grieta.org.mx\/wp-content\/uploads\/2020\/05\/Hospital-Aurelio-Valdivieso-Oax-1024x529.jpg?resize=350%2C200&ssl=1","width":350,"height":200,"srcset":"https:\/\/i0.wp.com\/www.grieta.org.mx\/wp-content\/uploads\/2020\/05\/Hospital-Aurelio-Valdivieso-Oax-1024x529.jpg?resize=350%2C200&ssl=1 1x, https:\/\/i0.wp.com\/www.grieta.org.mx\/wp-content\/uploads\/2020\/05\/Hospital-Aurelio-Valdivieso-Oax-1024x529.jpg?resize=525%2C300&ssl=1 1.5x, https:\/\/i0.wp.com\/www.grieta.org.mx\/wp-content\/uploads\/2020\/05\/Hospital-Aurelio-Valdivieso-Oax-1024x529.jpg?resize=700%2C400&ssl=1 2x"},"classes":[]},{"id":48850,"url":"https:\/\/www.grieta.org.mx\/index.php\/2020\/05\/04\/tiene-presidente-obrador-otros-datos-para-federacion-hospitales-covid-19-de-chetumal-y-tulum-ya-estan-funcionando-aunque-aun-no-pueden-recibir-pacientes\/","url_meta":{"origin":46629,"position":1},"title":"Tiene Presidente Obrador \u2018otros datos\u2019: Para Federaci\u00f3n, hospitales COVID-19 de Chetumal y Tulum ya est\u00e1n funcionando\u2026 aunque a\u00fan no pueden recibir pacientes","author":"grieta","date":"4 mayo, 2020","format":false,"excerpt":"AGENCIA SIM \/ Noticaribe CIUDAD DE M\u00c9XICO.- Desde el 15 de abril pasado, la Secretar\u00eda de la Defensa Nacional (Sedena) recibi\u00f3 las instalaciones del hospital oncol\u00f3gico de Chetumal, inmueble que servir\u00e1 para la atenci\u00f3n de pacientes del COVID-19, seg\u00fan anunci\u00f3 el propio presidente de M\u00e9xico, Andr\u00e9s Manuel L\u00f3pez Obrador, donde\u2026","rel":"","context":"En &quot;CINTILLO&quot;","block_context":{"text":"CINTILLO","link":"https:\/\/www.grieta.org.mx\/index.php\/category\/cintillo\/"},"img":{"alt_text":"","src":"https:\/\/i0.wp.com\/www.grieta.org.mx\/wp-content\/uploads\/2020\/05\/Hospital.png?resize=350%2C200&ssl=1","width":350,"height":200,"srcset":"https:\/\/i0.wp.com\/www.grieta.org.mx\/wp-content\/uploads\/2020\/05\/Hospital.png?resize=350%2C200&ssl=1 1x, https:\/\/i0.wp.com\/www.grieta.org.mx\/wp-content\/uploads\/2020\/05\/Hospital.png?resize=525%2C300&ssl=1 1.5x, https:\/\/i0.wp.com\/www.grieta.org.mx\/wp-content\/uploads\/2020\/05\/Hospital.png?resize=700%2C400&ssl=1 2x"},"classes":[]},{"id":46432,"url":"https:\/\/www.grieta.org.mx\/index.php\/2020\/03\/16\/oaxaca-sin-capacidad-de-atender-brote-masivo-de-coronavirus-ante-desabasto-de-medicamentos\/","url_meta":{"origin":46629,"position":2},"title":"Oaxaca, sin capacidad de atender brote masivo de Coronavirus ante desabasto de medicamentos","author":"grieta","date":"16 marzo, 2020","format":false,"excerpt":"P\u00e1gina 3 \/ Pedro Mat\u00edas. OAXACA, Oax.- Oaxaca no tiene la capacidad de atender un brote masivo del Covid-19, por Coronavirus. Enfrenta un d\u00e9ficit de alrededor de dos mil especialistas, personal m\u00e9dico y de enfermer\u00eda. Aunado a ello est\u00e1 el desabasto de medicamentos, ya que la mayor\u00eda de hospitales se\u2026","rel":"","context":"En &quot;CINTILLO&quot;","block_context":{"text":"CINTILLO","link":"https:\/\/www.grieta.org.mx\/index.php\/category\/cintillo\/"},"img":{"alt_text":"","src":"https:\/\/i0.wp.com\/www.grieta.org.mx\/wp-content\/uploads\/2020\/03\/brote-masivo-coronavirus-Oaxaca-696x418.jpg?resize=350%2C200&ssl=1","width":350,"height":200,"srcset":"https:\/\/i0.wp.com\/www.grieta.org.mx\/wp-content\/uploads\/2020\/03\/brote-masivo-coronavirus-Oaxaca-696x418.jpg?resize=350%2C200&ssl=1 1x, https:\/\/i0.wp.com\/www.grieta.org.mx\/wp-content\/uploads\/2020\/03\/brote-masivo-coronavirus-Oaxaca-696x418.jpg?resize=525%2C300&ssl=1 1.5x"},"classes":[]},{"id":60855,"url":"https:\/\/www.grieta.org.mx\/index.php\/2021\/07\/31\/oaxaca-a-punto-del-semaforo-rojo-y-con-19-hospitales-saturados\/","url_meta":{"origin":46629,"position":3},"title":"Oaxaca, a punto del sem\u00e1foro rojo y con 19 hospitales saturados","author":"grieta","date":"31 julio, 2021","format":false,"excerpt":"Proceso \/ Pedro Mat\u00edas. Oaxaca se encuentra en la antesala del sem\u00e1foro epidemiol\u00f3gico rojo, al registrar dos mil 454 casos activos de coronavirus y 19 de sus hospitales con una ocupaci\u00f3n de 100%. OAXACA, Oax. (proceso.com.mx).\u2013 Oaxaca se encuentra en la antesala del sem\u00e1foro epidemiol\u00f3gico rojo, al registrar dos mil\u2026","rel":"","context":"En &quot;CINTILLO&quot;","block_context":{"text":"CINTILLO","link":"https:\/\/www.grieta.org.mx\/index.php\/category\/cintillo\/"},"img":{"alt_text":"","src":"https:\/\/i0.wp.com\/www.grieta.org.mx\/wp-content\/uploads\/2021\/08\/1.jpg?resize=350%2C200&ssl=1","width":350,"height":200,"srcset":"https:\/\/i0.wp.com\/www.grieta.org.mx\/wp-content\/uploads\/2021\/08\/1.jpg?resize=350%2C200&ssl=1 1x, https:\/\/i0.wp.com\/www.grieta.org.mx\/wp-content\/uploads\/2021\/08\/1.jpg?resize=525%2C300&ssl=1 1.5x, https:\/\/i0.wp.com\/www.grieta.org.mx\/wp-content\/uploads\/2021\/08\/1.jpg?resize=700%2C400&ssl=1 2x"},"classes":[]},{"id":49084,"url":"https:\/\/www.grieta.org.mx\/index.php\/2020\/05\/13\/dos-de-los-principales-hospitales-para-atencion-del-covid-19-en-oaxaca-a-punto-de-colapsar\/","url_meta":{"origin":46629,"position":4},"title":"Dos de los principales hospitales para atenci\u00f3n del covid-19 en Oaxaca, a punto de colapsar","author":"grieta","date":"13 mayo, 2020","format":false,"excerpt":"Proceso \/ Pedro Mat\u00edas. El General de Zona 1 del IMSS, es uno de los hospitales que est\u00e1n a punto de colapsar por la atenci\u00f3n a pacientes con covid-19. Foto: Google Maps. OAXACA, Oax. (apro).- La Secretar\u00eda de Salud de Oaxaca reconoci\u00f3 que los hospitales Regional de Alta Especialidad de\u2026","rel":"","context":"En &quot;CINTILLO&quot;","block_context":{"text":"CINTILLO","link":"https:\/\/www.grieta.org.mx\/index.php\/category\/cintillo\/"},"img":{"alt_text":"","src":"https:\/\/i0.wp.com\/www.grieta.org.mx\/wp-content\/uploads\/2020\/05\/IMSS-hospital-general.jpg?resize=350%2C200&ssl=1","width":350,"height":200,"srcset":"https:\/\/i0.wp.com\/www.grieta.org.mx\/wp-content\/uploads\/2020\/05\/IMSS-hospital-general.jpg?resize=350%2C200&ssl=1 1x, https:\/\/i0.wp.com\/www.grieta.org.mx\/wp-content\/uploads\/2020\/05\/IMSS-hospital-general.jpg?resize=525%2C300&ssl=1 1.5x"},"classes":[]},{"id":51955,"url":"https:\/\/www.grieta.org.mx\/index.php\/2020\/07\/17\/lopez-obrador-anuncia-la-militarizacion-de-puertos-y-aduanas\/","url_meta":{"origin":46629,"position":5},"title":"L\u00f3pez Obrador anuncia la militarizaci\u00f3n de puertos y aduanas","author":"grieta","date":"17 julio, 2020","format":false,"excerpt":"El\u00edas Camhaji\/El Pa\u00eds 17 julio 2020 El presidente de M\u00e9xico justifica la decisi\u00f3n ante el aumento de la llegada desde China de precursores sint\u00e9ticos para fabricar fentanilo Andr\u00e9s Manuel L\u00f3pez Obrador, presidente de M\u00e9xico, en Manzanillo, Colima (M\u00e9xico). En v\u00eddeo, L\u00f3pez Obrador durante el anuncio.FOTO | VIDEO: PRESIDENCIA DE M\u00c9XICO\u2026","rel":"","context":"En &quot;CINTILLO&quot;","block_context":{"text":"CINTILLO","link":"https:\/\/www.grieta.org.mx\/index.php\/category\/cintillo\/"},"img":{"alt_text":"","src":"https:\/\/i0.wp.com\/www.grieta.org.mx\/wp-content\/uploads\/2020\/07\/peje-aduanas.png?resize=350%2C200&ssl=1","width":350,"height":200,"srcset":"https:\/\/i0.wp.com\/www.grieta.org.mx\/wp-content\/uploads\/2020\/07\/peje-aduanas.png?resize=350%2C200&ssl=1 1x, https:\/\/i0.wp.com\/www.grieta.org.mx\/wp-content\/uploads\/2020\/07\/peje-aduanas.png?resize=525%2C300&ssl=1 1.5x, https:\/\/i0.wp.com\/www.grieta.org.mx\/wp-content\/uploads\/2020\/07\/peje-aduanas.png?resize=700%2C400&ssl=1 2x"},"classes":[]}],"_links":{"self":[{"href":"https:\/\/www.grieta.org.mx\/index.php\/wp-json\/wp\/v2\/posts\/46629","targetHints":{"allow":["GET"]}}],"collection":[{"href":"https:\/\/www.grieta.org.mx\/index.php\/wp-json\/wp\/v2\/posts"}],"about":[{"href":"https:\/\/www.grieta.org.mx\/index.php\/wp-json\/wp\/v2\/types\/post"}],"author":[{"embeddable":true,"href":"https:\/\/www.grieta.org.mx\/index.php\/wp-json\/wp\/v2\/users\/2"}],"replies":[{"embeddable":true,"href":"https:\/\/www.grieta.org.mx\/index.php\/wp-json\/wp\/v2\/comments?post=46629"}],"version-history":[{"count":1,"href":"https:\/\/www.grieta.org.mx\/index.php\/wp-json\/wp\/v2\/posts\/46629\/revisions"}],"predecessor-version":[{"id":46685,"href":"https:\/\/www.grieta.org.mx\/index.php\/wp-json\/wp\/v2\/posts\/46629\/revisions\/46685"}],"wp:featuredmedia":[{"embeddable":true,"href":"https:\/\/www.grieta.org.mx\/index.php\/wp-json\/wp\/v2\/media\/46686"}],"wp:attachment":[{"href":"https:\/\/www.grieta.org.mx\/index.php\/wp-json\/wp\/v2\/media?parent=46629"}],"wp:term":[{"taxonomy":"category","embeddable":true,"href":"https:\/\/www.grieta.org.mx\/index.php\/wp-json\/wp\/v2\/categories?post=46629"},{"taxonomy":"post_tag","embeddable":true,"href":"https:\/\/www.grieta.org.mx\/index.php\/wp-json\/wp\/v2\/tags?post=46629"}],"curies":[{"name":"wp","href":"https:\/\/api.w.org\/{rel}","templated":true}]}}