{"id":46551,"date":"2020-03-16T13:15:41","date_gmt":"2020-03-16T19:15:41","guid":{"rendered":"http:\/\/www.grieta.org.mx\/?p=46551"},"modified":"2020-03-23T13:26:45","modified_gmt":"2020-03-23T19:26:45","slug":"coronavirus-sube-el-precio-del-pollo-en-tamaulipas","status":"publish","type":"post","link":"https:\/\/www.grieta.org.mx\/index.php\/2020\/03\/16\/coronavirus-sube-el-precio-del-pollo-en-tamaulipas\/","title":{"rendered":"Coronavirus sube el precio del pollo en Tamaulipas"},"content":{"rendered":"<p>Carlos Ju\u00e1rez\/HOYT.am<br \/>\n16 marzo 2020<\/p>\n<blockquote><p>De 26 pesos pas\u00f3 a 33 y podr\u00eda subir hasta los 40 pesos antes de que concluya marzo. Tambi\u00e9n hay un marcado desabasto de este producto<\/p><\/blockquote>\n<p><img loading=\"lazy\" decoding=\"async\" data-attachment-id=\"46552\" data-permalink=\"https:\/\/www.grieta.org.mx\/index.php\/2020\/03\/16\/coronavirus-sube-el-precio-del-pollo-en-tamaulipas\/coronavirus-sube-el-precio-del-pollo-en-tamaulipas\/\" data-orig-file=\"https:\/\/www.grieta.org.mx\/wp-content\/uploads\/2020\/03\/Coronavirus-sube-el-precio-del-pollo-en-Tamaulipas.jpg\" data-orig-size=\"960,502\" data-comments-opened=\"0\" data-image-meta=\"{&quot;aperture&quot;:&quot;0&quot;,&quot;credit&quot;:&quot;&quot;,&quot;camera&quot;:&quot;&quot;,&quot;caption&quot;:&quot;&quot;,&quot;created_timestamp&quot;:&quot;0&quot;,&quot;copyright&quot;:&quot;&quot;,&quot;focal_length&quot;:&quot;0&quot;,&quot;iso&quot;:&quot;0&quot;,&quot;shutter_speed&quot;:&quot;0&quot;,&quot;title&quot;:&quot;&quot;,&quot;orientation&quot;:&quot;0&quot;}\" data-image-title=\"Coronavirus-sube-el-precio-del-pollo-en-Tamaulipas\" data-image-description=\"\" data-image-caption=\"\" data-medium-file=\"https:\/\/www.grieta.org.mx\/wp-content\/uploads\/2020\/03\/Coronavirus-sube-el-precio-del-pollo-en-Tamaulipas-300x157.jpg\" data-large-file=\"https:\/\/www.grieta.org.mx\/wp-content\/uploads\/2020\/03\/Coronavirus-sube-el-precio-del-pollo-en-Tamaulipas.jpg\" src=\"http:\/\/www.grieta.org.mx\/wp-content\/uploads\/2020\/03\/Coronavirus-sube-el-precio-del-pollo-en-Tamaulipas.jpg\" alt=\"\" width=\"960\" height=\"502\" class=\"aligncenter size-full wp-image-46552\" srcset=\"https:\/\/www.grieta.org.mx\/wp-content\/uploads\/2020\/03\/Coronavirus-sube-el-precio-del-pollo-en-Tamaulipas.jpg 960w, https:\/\/www.grieta.org.mx\/wp-content\/uploads\/2020\/03\/Coronavirus-sube-el-precio-del-pollo-en-Tamaulipas-300x157.jpg 300w, https:\/\/www.grieta.org.mx\/wp-content\/uploads\/2020\/03\/Coronavirus-sube-el-precio-del-pollo-en-Tamaulipas-768x402.jpg 768w, https:\/\/www.grieta.org.mx\/wp-content\/uploads\/2020\/03\/Coronavirus-sube-el-precio-del-pollo-en-Tamaulipas-956x500.jpg 956w\" sizes=\"auto, (max-width: 960px) 100vw, 960px\" \/><\/p>\n<p>Ciudad Madero, Tamaulipas. &#8211; La pandemia del Coronavirus COVID-19 est\u00e1 generando una carest\u00eda en el pollo y huevo en Tamaulipas, en las \u00faltimas semanas pas\u00f3 de 26 a 33 pesos el kilo, sin embargo, podr\u00eda subir hasta los 40 pesos antes de que concluya marzo, manifest\u00f3 el empresario Miguel Rodr\u00edguez.<\/p>\n<p>Dijo que son dos factores, uno la especulaci\u00f3n en el producto generado por el coronavirus, lo que provoc\u00f3 que la distribuci\u00f3n pasara de 30 a 15 toneladas semanales<\/p>\n<p>Otro, asegura, se debe a la cancelaci\u00f3n de la importaci\u00f3n desde pa\u00edses como Estados Unidos, Brasil y Chile.<\/p>\n<p>&#8220;El pollo lo traemos en 33 pesos el kilo, pero va para arriba, de 26 que estaba subi\u00f3 a 33 pesos, es casi un 30 por ciento. Lo que pasa es que la gente est\u00e1 especulando mucho por la enfermedad que hay, como se cerraron fronteras no est\u00e1 entrando pollo ni huevo de otros lados&#8221;, declar\u00f3.<\/p>\n<p>Actualmente dependen de Jalisco, Nuevo Le\u00f3n y M\u00e9xico para poder comercializar el pollo fresco al 70 por ciento de los 250 negocios y tiendas que se encargan de ofertar el producto en negocios y tiendas comerciales.<\/p>\n<p>&#8220;Los proveedores mexicanos son los que est\u00e1n abasteciendo casi todo el pa\u00eds. Nos llega menos pollo, hay riesgo de que se pueda escasear, semanalmente nos estaban llegando unas de 20 a 30 toneladas y ahorita solo 15, nosotros somos distribuidores, conseguimos el pollo ya sea en M\u00e9xico, Guadalajara o Monterrey&#8221;, declar\u00f3.<\/p>\n<p>Rodr\u00edguez explic\u00f3 que de la misma manera se afecta al huevo que en los comercios de la zona sur de Tamaulipas, dependiendo su calidad y tama\u00f1o, va desde los 80 a los 95 pesos la tapa con 30 piezas.<\/p>\n<p><a href=\"https:\/\/www.hoytamaulipas.net\/notas\/413364\/Coronavirus-sube-el-precio-del-pollo-en-Tamaulipas.html\" rel=\"noopener noreferrer\" target=\"_blank\">https:\/\/www.hoytamaulipas.net\/notas\/413364\/Coronavirus-sube-el-precio-del-pollo-en-Tamaulipas.html<\/a><\/p>\n","protected":false},"excerpt":{"rendered":"<p>Carlos Ju\u00e1rez\/HOYT.am 16 marzo 2020 De 26 pesos pas\u00f3 a 33 y podr\u00eda subir hasta los 40 pesos antes de que concluya marzo. Tambi\u00e9n hay un marcado desabasto de este &hellip; <a href=\"https:\/\/www.grieta.org.mx\/index.php\/2020\/03\/16\/coronavirus-sube-el-precio-del-pollo-en-tamaulipas\/\" class=\"more-link\">Leer m\u00e1s<\/a><\/p>\n","protected":false},"author":2,"featured_media":46552,"comment_status":"closed","ping_status":"closed","sticky":false,"template":"","format":"standard","meta":{"ngg_post_thumbnail":0,"_jetpack_newsletter_access":"","_jetpack_dont_email_post_to_subs":false,"_jetpack_newsletter_tier_id":0,"_jetpack_memberships_contains_paywalled_content":false,"_jetpack_memberships_contains_paid_content":false,"footnotes":""},"categories":[80,2,3020,33],"tags":[3219,3198,2962],"class_list":["post-46551","post","type-post","status-publish","format-standard","has-post-thumbnail","hentry","category-cintillo","category-noticias-nacionales","category-precarizacion-de-la-vida-en-tamaulipas","category-tamaulipas","tag-aumento-de-precios","tag-covid19","tag-precarizacion-de-la-vida","entry"],"jetpack_featured_media_url":"https:\/\/www.grieta.org.mx\/wp-content\/uploads\/2020\/03\/Coronavirus-sube-el-precio-del-pollo-en-Tamaulipas.jpg","jetpack_sharing_enabled":true,"jetpack_shortlink":"https:\/\/wp.me\/p7ZJR4-c6P","jetpack_likes_enabled":false,"jetpack-related-posts":[{"id":43035,"url":"https:\/\/www.grieta.org.mx\/index.php\/2020\/01\/03\/sube-la-tortilla-a-20-y-el-pan-dulce-a-8-en-tampico\/","url_meta":{"origin":46551,"position":0},"title":"SUBE LA TORTILLA A $20 Y EL PAN DULCE A $8 EN TAMPICO","author":"grieta","date":"3 enero, 2020","format":false,"excerpt":"Si bien han tenido un poco de aumento en los insumos, les ha favorecido que no tienen incrementos en el gas ni en la luz Silvia Mej\u00eda\/Expresso press 3 enero 2020 TAMPICO, TAMAULIPAS.- En el segundo d\u00eda del a\u00f1o, la tortilla y el pan de dulce subieron de precio en\u2026","rel":"","context":"En &quot;CINTILLO&quot;","block_context":{"text":"CINTILLO","link":"https:\/\/www.grieta.org.mx\/index.php\/category\/cintillo\/"},"img":{"alt_text":"","src":"https:\/\/i0.wp.com\/www.grieta.org.mx\/wp-content\/uploads\/2020\/01\/pan.jpg?resize=350%2C200&ssl=1","width":350,"height":200,"srcset":"https:\/\/i0.wp.com\/www.grieta.org.mx\/wp-content\/uploads\/2020\/01\/pan.jpg?resize=350%2C200&ssl=1 1x, https:\/\/i0.wp.com\/www.grieta.org.mx\/wp-content\/uploads\/2020\/01\/pan.jpg?resize=525%2C300&ssl=1 1.5x, https:\/\/i0.wp.com\/www.grieta.org.mx\/wp-content\/uploads\/2020\/01\/pan.jpg?resize=700%2C400&ssl=1 2x"},"classes":[]},{"id":49210,"url":"https:\/\/www.grieta.org.mx\/index.php\/2020\/04\/19\/personal-medico-no-denuncia-agresiones-en-sur-de-tamaulipas\/","url_meta":{"origin":46551,"position":1},"title":"Personal m\u00e9dico no denuncia agresiones en sur de Tamaulipas","author":"grieta","date":"19 abril, 2020","format":false,"excerpt":"Anahy Meza\/Milenio 19 abril 2020 Las personas que ataquen al personal m\u00e9dico podr\u00edan alcanzar hasta 3 a\u00f1os de prisi\u00f3n y una multa de 17 mil pesos. Foto: Archivo Milenio Personal m\u00e9dico que ha sido atacado en Tamaulipas por ciudadanos que los acusan de ser portadores de covid-19, no han denunciado\u2026","rel":"","context":"En &quot;CINTILLO&quot;","block_context":{"text":"CINTILLO","link":"https:\/\/www.grieta.org.mx\/index.php\/category\/cintillo\/"},"img":{"alt_text":"","src":"https:\/\/i0.wp.com\/www.grieta.org.mx\/wp-content\/uploads\/2020\/04\/la-oferta-de-empleo-crecio-1.jpeg?resize=350%2C200&ssl=1","width":350,"height":200,"srcset":"https:\/\/i0.wp.com\/www.grieta.org.mx\/wp-content\/uploads\/2020\/04\/la-oferta-de-empleo-crecio-1.jpeg?resize=350%2C200&ssl=1 1x, https:\/\/i0.wp.com\/www.grieta.org.mx\/wp-content\/uploads\/2020\/04\/la-oferta-de-empleo-crecio-1.jpeg?resize=525%2C300&ssl=1 1.5x, https:\/\/i0.wp.com\/www.grieta.org.mx\/wp-content\/uploads\/2020\/04\/la-oferta-de-empleo-crecio-1.jpeg?resize=700%2C400&ssl=1 2x"},"classes":[]},{"id":52307,"url":"https:\/\/www.grieta.org.mx\/index.php\/2020\/07\/24\/albergue-de-migrantes-afectado-por-altas-tarifas-de-cfe-tamaulipas\/","url_meta":{"origin":46551,"position":2},"title":"Albergue de migrantes afectado por altas tarifas de CFE (Tamaulipas)","author":"grieta","date":"24 julio, 2020","format":false,"excerpt":"Astrid Blanco\/NotiGape 24 julio 2020 Tal y como sucedi\u00f3 con los domicilios particulares, el albergue para migrantes, Senda de Vida, result\u00f3 afectado por las altas tarifas en los recibos de la Comisi\u00f3n Federal de Electricidad (CFE), con una deuda superior a los 13 mil pesos y un l\u00edmite de pago\u2026","rel":"","context":"En &quot;CINTILLO&quot;","block_context":{"text":"CINTILLO","link":"https:\/\/www.grieta.org.mx\/index.php\/category\/cintillo\/"},"img":{"alt_text":"","src":"https:\/\/i0.wp.com\/www.grieta.org.mx\/wp-content\/uploads\/2020\/08\/wFmcd8GPC2B3GFeiZsi7.png?resize=350%2C200&ssl=1","width":350,"height":200,"srcset":"https:\/\/i0.wp.com\/www.grieta.org.mx\/wp-content\/uploads\/2020\/08\/wFmcd8GPC2B3GFeiZsi7.png?resize=350%2C200&ssl=1 1x, https:\/\/i0.wp.com\/www.grieta.org.mx\/wp-content\/uploads\/2020\/08\/wFmcd8GPC2B3GFeiZsi7.png?resize=525%2C300&ssl=1 1.5x, https:\/\/i0.wp.com\/www.grieta.org.mx\/wp-content\/uploads\/2020\/08\/wFmcd8GPC2B3GFeiZsi7.png?resize=700%2C400&ssl=1 2x"},"classes":[]},{"id":49715,"url":"https:\/\/www.grieta.org.mx\/index.php\/2020\/05\/19\/en-matamoros-se-perdieron-mas-de-2-mil-empleos-de-enero-a-abril-tamaulipas\/","url_meta":{"origin":46551,"position":3},"title":"En Matamoros se perdieron m\u00e1s de 2 mil empleos de enero a abril (Tamaulipas)","author":"grieta","date":"19 mayo, 2020","format":false,"excerpt":"\u00c1ngel Arias\/Hoy T.am 19 mayo 2020 La industria de la transformaci\u00f3n (maquiladoras) perdi\u00f3 mil 496 empleos, por su parte, el rubro de la construcci\u00f3n dej\u00f3 ir a mil 200 trabajadores y las empresas prestadoras de servicios corrieron a casi 200 empresas. Matamoros, Tamaulipas. - De acuerdo a las estad\u00edsticas que\u2026","rel":"","context":"En &quot;CINTILLO&quot;","block_context":{"text":"CINTILLO","link":"https:\/\/www.grieta.org.mx\/index.php\/category\/cintillo\/"},"img":{"alt_text":"","src":"https:\/\/i0.wp.com\/www.grieta.org.mx\/wp-content\/uploads\/2020\/05\/En-Matamoros-se-perdieron-mas-de-2-mil-empleos-de-enero-a-abril.jpg?resize=350%2C200&ssl=1","width":350,"height":200,"srcset":"https:\/\/i0.wp.com\/www.grieta.org.mx\/wp-content\/uploads\/2020\/05\/En-Matamoros-se-perdieron-mas-de-2-mil-empleos-de-enero-a-abril.jpg?resize=350%2C200&ssl=1 1x, https:\/\/i0.wp.com\/www.grieta.org.mx\/wp-content\/uploads\/2020\/05\/En-Matamoros-se-perdieron-mas-de-2-mil-empleos-de-enero-a-abril.jpg?resize=525%2C300&ssl=1 1.5x, https:\/\/i0.wp.com\/www.grieta.org.mx\/wp-content\/uploads\/2020\/05\/En-Matamoros-se-perdieron-mas-de-2-mil-empleos-de-enero-a-abril.jpg?resize=700%2C400&ssl=1 2x"},"classes":[]},{"id":47497,"url":"https:\/\/www.grieta.org.mx\/index.php\/2020\/04\/07\/carcel-y-multas-economicas-por-entrar-a-playa-de-tamaulipas\/","url_meta":{"origin":46551,"position":4},"title":"C\u00e1rcel y multas econ\u00f3micas por entrar a Playa de Tamaulipas","author":"grieta","date":"7 abril, 2020","format":false,"excerpt":"Carlos Ju\u00e1rez\/El Heraldo de M\u00e9xico 7 abril 2020 Las personas que insistan en meterse a la Playa Miramar, en el sur de Tamaulipas, pasar\u00e1n hasta 36 horas tras las rejas Foto: Especial Las personas que insistan en meterse a la Playa Miramar, en el sur de Tamaulipas, pasar\u00e1n hasta 36\u2026","rel":"","context":"En &quot;CINTILLO&quot;","block_context":{"text":"CINTILLO","link":"https:\/\/www.grieta.org.mx\/index.php\/category\/cintillo\/"},"img":{"alt_text":"","src":"https:\/\/i0.wp.com\/www.grieta.org.mx\/wp-content\/uploads\/2020\/04\/tamaulipas-playas-miramar-policia-multas.jpg?resize=350%2C200&ssl=1","width":350,"height":200,"srcset":"https:\/\/i0.wp.com\/www.grieta.org.mx\/wp-content\/uploads\/2020\/04\/tamaulipas-playas-miramar-policia-multas.jpg?resize=350%2C200&ssl=1 1x, https:\/\/i0.wp.com\/www.grieta.org.mx\/wp-content\/uploads\/2020\/04\/tamaulipas-playas-miramar-policia-multas.jpg?resize=525%2C300&ssl=1 1.5x, https:\/\/i0.wp.com\/www.grieta.org.mx\/wp-content\/uploads\/2020\/04\/tamaulipas-playas-miramar-policia-multas.jpg?resize=700%2C400&ssl=1 2x, https:\/\/i0.wp.com\/www.grieta.org.mx\/wp-content\/uploads\/2020\/04\/tamaulipas-playas-miramar-policia-multas.jpg?resize=1050%2C600&ssl=1 3x"},"classes":[]},{"id":31574,"url":"https:\/\/www.grieta.org.mx\/index.php\/2019\/04\/02\/trabajadores-de-salud-de-tamaulipas-se-manifiestan-por-aumento-salarial-prometido\/","url_meta":{"origin":46551,"position":5},"title":"Trabajadores de Salud de Tamaulipas se manifiestan por aumento salarial prometido","author":"grieta","date":"2 abril, 2019","format":false,"excerpt":"Lupita \u00c1lvarez \/ Gaceta Cd. Victoria, Tamaulipas.- M\u00e1s de 50 trabajadores eventuales de la Secretar\u00eda de Salud -que aseguraron representar a m\u00e1s de cuatro mil en todo el estado- organizaron una protesta en Palacio de Gobierno para exigir el aumento salarial que les fue prometido hace unos meses. Miguel \u00c1ngel\u2026","rel":"","context":"En &quot;CINTILLO&quot;","block_context":{"text":"CINTILLO","link":"https:\/\/www.grieta.org.mx\/index.php\/category\/cintillo\/"},"img":{"alt_text":"","src":"https:\/\/i0.wp.com\/www.grieta.org.mx\/wp-content\/uploads\/2019\/04\/Trabajadores-de-Salud-de-Tamaulipas-se-manifiestan-por-aumento-salarial-prometido-abr-tama-300x225.jpg?resize=350%2C200","width":350,"height":200},"classes":[]}],"_links":{"self":[{"href":"https:\/\/www.grieta.org.mx\/index.php\/wp-json\/wp\/v2\/posts\/46551","targetHints":{"allow":["GET"]}}],"collection":[{"href":"https:\/\/www.grieta.org.mx\/index.php\/wp-json\/wp\/v2\/posts"}],"about":[{"href":"https:\/\/www.grieta.org.mx\/index.php\/wp-json\/wp\/v2\/types\/post"}],"author":[{"embeddable":true,"href":"https:\/\/www.grieta.org.mx\/index.php\/wp-json\/wp\/v2\/users\/2"}],"replies":[{"embeddable":true,"href":"https:\/\/www.grieta.org.mx\/index.php\/wp-json\/wp\/v2\/comments?post=46551"}],"version-history":[{"count":1,"href":"https:\/\/www.grieta.org.mx\/index.php\/wp-json\/wp\/v2\/posts\/46551\/revisions"}],"predecessor-version":[{"id":46553,"href":"https:\/\/www.grieta.org.mx\/index.php\/wp-json\/wp\/v2\/posts\/46551\/revisions\/46553"}],"wp:featuredmedia":[{"embeddable":true,"href":"https:\/\/www.grieta.org.mx\/index.php\/wp-json\/wp\/v2\/media\/46552"}],"wp:attachment":[{"href":"https:\/\/www.grieta.org.mx\/index.php\/wp-json\/wp\/v2\/media?parent=46551"}],"wp:term":[{"taxonomy":"category","embeddable":true,"href":"https:\/\/www.grieta.org.mx\/index.php\/wp-json\/wp\/v2\/categories?post=46551"},{"taxonomy":"post_tag","embeddable":true,"href":"https:\/\/www.grieta.org.mx\/index.php\/wp-json\/wp\/v2\/tags?post=46551"}],"curies":[{"name":"wp","href":"https:\/\/api.w.org\/{rel}","templated":true}]}}