{"id":46540,"date":"2020-03-14T18:16:51","date_gmt":"2020-03-15T00:16:51","guid":{"rendered":"http:\/\/www.grieta.org.mx\/?p=46540"},"modified":"2020-03-22T18:24:00","modified_gmt":"2020-03-23T00:24:00","slug":"docentes-de-telebachillerato-comunitario-en-aguascalientes-levantan-paro-laboral","status":"publish","type":"post","link":"https:\/\/www.grieta.org.mx\/index.php\/2020\/03\/14\/docentes-de-telebachillerato-comunitario-en-aguascalientes-levantan-paro-laboral\/","title":{"rendered":"DOCENTES DE TELEBACHILLERATO COMUNITARIO EN AGUASCALIENTES LEVANTAN PARO LABORAL"},"content":{"rendered":"<p>Adrian Javier Flores Nieves\/La Jornada Aguascalientes<br \/>\n14 marzo 2020<\/p>\n<p><img loading=\"lazy\" decoding=\"async\" data-attachment-id=\"46541\" data-permalink=\"https:\/\/www.grieta.org.mx\/index.php\/2020\/03\/14\/docentes-de-telebachillerato-comunitario-en-aguascalientes-levantan-paro-laboral\/48724367873_06679f4a48_c\/\" data-orig-file=\"https:\/\/www.grieta.org.mx\/wp-content\/uploads\/2020\/03\/48724367873_06679f4a48_c.jpg\" data-orig-size=\"750,500\" data-comments-opened=\"0\" data-image-meta=\"{&quot;aperture&quot;:&quot;0&quot;,&quot;credit&quot;:&quot;&quot;,&quot;camera&quot;:&quot;&quot;,&quot;caption&quot;:&quot;&quot;,&quot;created_timestamp&quot;:&quot;0&quot;,&quot;copyright&quot;:&quot;&quot;,&quot;focal_length&quot;:&quot;0&quot;,&quot;iso&quot;:&quot;0&quot;,&quot;shutter_speed&quot;:&quot;0&quot;,&quot;title&quot;:&quot;&quot;,&quot;orientation&quot;:&quot;0&quot;}\" data-image-title=\"48724367873_06679f4a48_c\" data-image-description=\"\" data-image-caption=\"\" data-medium-file=\"https:\/\/www.grieta.org.mx\/wp-content\/uploads\/2020\/03\/48724367873_06679f4a48_c-300x200.jpg\" data-large-file=\"https:\/\/www.grieta.org.mx\/wp-content\/uploads\/2020\/03\/48724367873_06679f4a48_c.jpg\" src=\"http:\/\/www.grieta.org.mx\/wp-content\/uploads\/2020\/03\/48724367873_06679f4a48_c.jpg\" alt=\"\" width=\"750\" height=\"500\" class=\"aligncenter size-full wp-image-46541\" srcset=\"https:\/\/www.grieta.org.mx\/wp-content\/uploads\/2020\/03\/48724367873_06679f4a48_c.jpg 750w, https:\/\/www.grieta.org.mx\/wp-content\/uploads\/2020\/03\/48724367873_06679f4a48_c-300x200.jpg 300w\" sizes=\"auto, (max-width: 750px) 100vw, 750px\" \/><\/p>\n<blockquote><p>Despu\u00e9s de dos meses y medio de atraso en sus pagos, se les inform\u00f3 que este lunes recibir\u00edan el pago de la mitad de su salario, que corresponde al monto que aporta el estado, quedando pendiente la parte que debe de dar la Federaci\u00f3n<br \/>\nAcusan de descoordinaci\u00f3n entre Gobierno del Estado y Federaci\u00f3n para la gesti\u00f3n de pagos que por ley merecen los trabajadores<br \/>\nEl retraso de pago en los maestros asciende a los 40 mil pesos<\/p><\/blockquote>\n<p>Docentes y coordinadores que pertenecen al subsistema de Telebachilleratos Comunitarios en Aguascalientes, iniciaron un paro laboral a ra\u00edz de la falta de sus pagos completos y a tiempo. Jazm\u00edn Guadalupe Rodr\u00edguez Mart\u00edn del Campo, representante de la asociaci\u00f3n civil Frente \u00danico Nacional de Trabajadores del Telebachillerato Comunitario en Aguascalientes explic\u00f3 que ellos est\u00e1n buscando que el gobierno del estado les ayude a gestionar y fungir como enlace con la federaci\u00f3n para que puedan obtener los pagos que por ley les compete. <\/p>\n<p>En Aguascalientes se cuenta con 82 planteles de telebachillerato comunitario, mismos que est\u00e1n integrados por aproximadamente 275 docentes y cerca de 4 mil alumnos. Este subsistema, al ser un programa, como tal no cuenta con un patrimonio, con ninguna infraestructura propia ni una reglamentaci\u00f3n, sino que se rige por un documento base en el que se estipula que se deben de aprovechar instalaciones prestadas. Es decir, funcionan a contraturno de las telesecundarias y, de ser necesario, se tienen que buscar lugares alternos para poder impartir las clases.<\/p>\n<p>Los maestros que pertenecen al programa de telebachilleratos comunitarios no cuentan con las mismas prestaciones que un profesor regular, de hecho, de acuerdo a Jazm\u00edn Rodr\u00edguez, en Aguascalientes ni siquiera tienen sus prestaciones de ley, s\u00f3lo su salario normal, que se integra de una parte de recurso estatal y otra del federal. Actualmente los maestros de este subsistema tienen 2 meses y medio de retraso en sus pagos; aunado a lo anterior, el pr\u00f3ximo pago s\u00f3lo tendr\u00e1 la parte estatal, lo que significa que nada m\u00e1s ser\u00e1 de la mitad.<\/p>\n<p>Jazm\u00edn Rodr\u00edguez subray\u00f3 que lo que ellos buscan es que las autoridades del estado les ayuden a gestionar un enlace o un recurso para que se cubra tambi\u00e9n la parte de la Federaci\u00f3n. \u201cEntonces mi pregunta es para las autoridades \u00bfd\u00f3nde est\u00e1 la parte de gesti\u00f3n hacia la federaci\u00f3n para que responda?\u201d, dijo. <\/p>\n<p>La representante de la asociaci\u00f3n civil que lucha por los derechos de los maestros de telebachilleratos acus\u00f3 de una descoordinaci\u00f3n entre ambos gobiernos, que termina afectando a terceros, en este caso, a los maestros y a los alumnos. <\/p>\n<p>Por lo pronto, al paro laboral se ha unido cerca del 30 o 40 por ciento de los docentes de telebachillerato comunitario; el paro s\u00ed deja que los alumnos entren a donde se vayan a impartir las clases, pero en tanto no haya di\u00e1logo ni se efect\u00fae el pago completo, los que decidieron unirse a la protesta no dar\u00e1n sus clases. <\/p>\n<p>En Veracruz ya se logr\u00f3 que a los maestros se les haga su pago completo, Chiapas se sumar\u00e1 al paro laboral de brazos ca\u00eddos el pr\u00f3ximo martes, y se espera que la presi\u00f3n ayude a discutir la problem\u00e1tica nacional respecto a este programa. <\/p>\n<p>El retraso en los pagos para cada docente asciende hasta los 30 mil pesos, el de los coordinadores a 40 mil, y es por ello que se le est\u00e1 exigiendo al gobierno del estado que funja como enlace con la federaci\u00f3n para que se haga la transacci\u00f3n adecuada y se cumpla con lo faltante.<\/p>\n<p>Los maestros buscar\u00e1n entablar conversaci\u00f3n con el Sindicato Nacional de Trabajadores de la Educaci\u00f3n (SNTE) para ver de qu\u00e9 manera se les puede ayudar, no obstante, los docentes de telebachilleratos comunitarios no est\u00e1n sindicalizados. Tampoco se ha tenido contacto con el enlace a la presidencia de Andr\u00e9s Manuel L\u00f3pez Obrador; el superdelegado Aldo Ruiz S\u00e1nchez, para notificarle de la ausencia del pago que tienen por parte del gobierno federal.<\/p>\n<p>Docentes que organizaron la rueda de prensa, aseguraron que ellos dependen del IEA, sin embargo, sus contratos son temporales y se van renovando cada cierto tiempo.<\/p>\n<p>En tanto no se reciba el salario completo, que tiene un retraso de dos meses y medio, algunos maestros seguir\u00e1n en paro nacional, es por ello que se exhorta a las autoridades a darle el seguimiento necesario; si bien el Gobierno del Estado ya cumpli\u00f3, los maestros est\u00e1n buscando apoyo para poder exigirle a la Federaci\u00f3n la parte que les corresponde. <\/p>\n<p><a href=\"https:\/\/www.lja.mx\/2020\/03\/docentes-de-telebachillerato-comunitario-en-aguascalientes-levantan-paro-laboral\/\" rel=\"noopener noreferrer\" target=\"_blank\">https:\/\/www.lja.mx\/2020\/03\/docentes-de-telebachillerato-comunitario-en-aguascalientes-levantan-paro-laboral\/<\/a><\/p>\n","protected":false},"excerpt":{"rendered":"<p>Adrian Javier Flores Nieves\/La Jornada Aguascalientes 14 marzo 2020 Despu\u00e9s de dos meses y medio de atraso en sus pagos, se les inform\u00f3 que este lunes recibir\u00edan el pago de &hellip; <a href=\"https:\/\/www.grieta.org.mx\/index.php\/2020\/03\/14\/docentes-de-telebachillerato-comunitario-en-aguascalientes-levantan-paro-laboral\/\" class=\"more-link\">Leer m\u00e1s<\/a><\/p>\n","protected":false},"author":2,"featured_media":46541,"comment_status":"closed","ping_status":"closed","sticky":false,"template":"","format":"standard","meta":{"ngg_post_thumbnail":0,"_jetpack_newsletter_access":"","_jetpack_dont_email_post_to_subs":false,"_jetpack_newsletter_tier_id":0,"_jetpack_memberships_contains_paywalled_content":false,"_jetpack_memberships_contains_paid_content":false,"footnotes":""},"categories":[4,80,2926,2],"tags":[3217,3218,2822],"class_list":["post-46540","post","type-post","status-publish","format-standard","has-post-thumbnail","hentry","category-aguascalientes","category-cintillo","category-crisis-de-la-educacion-publica-en-aguascalientes","category-noticias-nacionales","tag-falta-de-pagos-a-maestros","tag-paro-de-maestros","tag-telebachillerato","entry"],"jetpack_featured_media_url":"https:\/\/www.grieta.org.mx\/wp-content\/uploads\/2020\/03\/48724367873_06679f4a48_c.jpg","jetpack_sharing_enabled":true,"jetpack_shortlink":"https:\/\/wp.me\/p7ZJR4-c6E","jetpack_likes_enabled":false,"jetpack-related-posts":[{"id":17522,"url":"https:\/\/www.grieta.org.mx\/index.php\/2016\/07\/22\/apoyan-docentes-de-aguascalientes-marcha-de-cnte-en-morelia\/","url_meta":{"origin":46540,"position":0},"title":"Apoyan docentes de Aguascalientes marcha de CNTE en Morelia","author":"grieta","date":"22 julio, 2016","format":false,"excerpt":"Uriel Morales P\u00e9rez MORELIA, Mich., 22 de julio de 2016.- Comuneros y profesores de la Secci\u00f3n XVIII de la Coordinadora Nacional de Trabajadores de la Educaci\u00f3n (CNTE) iniciaron su marcha, despu\u00e9s del mediod\u00eda. Dicha marcha sali\u00f3 del Obelisco a L\u00e1zaro C\u00e1rdenas y se dirige hacia el plant\u00f3n en la plaza\u2026","rel":"","context":"En &quot;aguascalientes&quot;","block_context":{"text":"aguascalientes","link":"https:\/\/www.grieta.org.mx\/index.php\/category\/aguascalientes\/"},"img":{"alt_text":"","src":"https:\/\/i0.wp.com\/www.grieta.org.mx\/wp-content\/uploads\/2018\/03\/14524434_1106112876131411_958039263622046936_o.jpg?resize=350%2C200&ssl=1","width":350,"height":200,"srcset":"https:\/\/i0.wp.com\/www.grieta.org.mx\/wp-content\/uploads\/2018\/03\/14524434_1106112876131411_958039263622046936_o.jpg?resize=350%2C200&ssl=1 1x, https:\/\/i0.wp.com\/www.grieta.org.mx\/wp-content\/uploads\/2018\/03\/14524434_1106112876131411_958039263622046936_o.jpg?resize=525%2C300&ssl=1 1.5x, https:\/\/i0.wp.com\/www.grieta.org.mx\/wp-content\/uploads\/2018\/03\/14524434_1106112876131411_958039263622046936_o.jpg?resize=700%2C400&ssl=1 2x"},"classes":[]},{"id":65172,"url":"https:\/\/www.grieta.org.mx\/index.php\/2022\/09\/09\/continuan-manifestaciones-de-docentes-de-11-dgetis-de-aguascalientes\/","url_meta":{"origin":46540,"position":1},"title":"CONTIN\u00daAN MANIFESTACIONES DE DOCENTES DE 11 DGETIS DE AGUASCALIENTES","author":"grieta","date":"9 septiembre, 2022","format":false,"excerpt":"Claudia Rodr\u00edguez Loera\/La Jornada Aguascalientes 9 septiembre 2022 Docentes trabajan bajo protesta para exigir su basificaci\u00f3n Se\u00f1alan varias arbitrariedades contra sus derechos laborales A partir de esta semana, docentes de 11 planteles adscritos a la Direcci\u00f3n General de Educaci\u00f3n Tecnol\u00f3gica Industrial y de Servicios (DGETI) del estado de Aguascalientes iniciaron\u2026","rel":"","context":"En &quot;Aguascalientes&quot;","block_context":{"text":"Aguascalientes","link":"https:\/\/www.grieta.org.mx\/index.php\/category\/noticias-nacionales\/aguascalientes\/"},"img":{"alt_text":"","src":"https:\/\/i0.wp.com\/www.grieta.org.mx\/wp-content\/uploads\/2022\/09\/10563567815_93d1e9f772_k-1024x678-1.webp?resize=350%2C200&ssl=1","width":350,"height":200,"srcset":"https:\/\/i0.wp.com\/www.grieta.org.mx\/wp-content\/uploads\/2022\/09\/10563567815_93d1e9f772_k-1024x678-1.webp?resize=350%2C200&ssl=1 1x, https:\/\/i0.wp.com\/www.grieta.org.mx\/wp-content\/uploads\/2022\/09\/10563567815_93d1e9f772_k-1024x678-1.webp?resize=525%2C300&ssl=1 1.5x, https:\/\/i0.wp.com\/www.grieta.org.mx\/wp-content\/uploads\/2022\/09\/10563567815_93d1e9f772_k-1024x678-1.webp?resize=700%2C400&ssl=1 2x"},"classes":[]},{"id":32108,"url":"https:\/\/www.grieta.org.mx\/index.php\/2019\/04\/04\/sigue-sin-solucion-el-problema-de-los-maestros-de-ingles-aguascalientes\/","url_meta":{"origin":46540,"position":2},"title":"Sigue sin soluci\u00f3n el problema de los maestros de ingl\u00e9s (Aguascalientes)","author":"grieta","date":"4 abril, 2019","format":false,"excerpt":"Redacci\u00f3n\/Aguasdigital Aguascalientes, Ags.-La falta de atenci\u00f3n al problema que tienen los teachers de las escuelas p\u00fablicas que reciben su pago de manera irregular, algunos a trav\u00e9s de intermediarios y otros sin prestaciones, afecta en la preparaci\u00f3n de los chiquillos que deber\u00edan salir de las primarias hablando un poco de ingl\u00e9s.\u2026","rel":"","context":"En &quot;Aguascalientes&quot;","block_context":{"text":"Aguascalientes","link":"https:\/\/www.grieta.org.mx\/index.php\/category\/noticias-nacionales\/aguascalientes\/"},"img":{"alt_text":"","src":"https:\/\/i0.wp.com\/www.grieta.org.mx\/wp-content\/uploads\/2018\/03\/14524434_1106112876131411_958039263622046936_o.jpg?resize=350%2C200&ssl=1","width":350,"height":200,"srcset":"https:\/\/i0.wp.com\/www.grieta.org.mx\/wp-content\/uploads\/2018\/03\/14524434_1106112876131411_958039263622046936_o.jpg?resize=350%2C200&ssl=1 1x, https:\/\/i0.wp.com\/www.grieta.org.mx\/wp-content\/uploads\/2018\/03\/14524434_1106112876131411_958039263622046936_o.jpg?resize=525%2C300&ssl=1 1.5x, https:\/\/i0.wp.com\/www.grieta.org.mx\/wp-content\/uploads\/2018\/03\/14524434_1106112876131411_958039263622046936_o.jpg?resize=700%2C400&ssl=1 2x"},"classes":[]},{"id":15166,"url":"https:\/\/www.grieta.org.mx\/index.php\/2016\/06\/18\/entraran-en-paro-normalistas-de-aguascalientes\/","url_meta":{"origin":46540,"position":3},"title":"Entrar\u00e1n en paro normalistas de Aguascalientes","author":"grieta","date":"18 junio, 2016","format":false,"excerpt":"Karla M\u00e9ndez, Aguascalientes Todas las Escuelas Normales del estado de Aguascalientes entrar\u00e1n en un paro de labores el pr\u00f3ximo lunes, inform\u00f3 el l\u00edder del Sindicato de Trabajadores de la Educaci\u00f3n Secci\u00f3n 1, Mario Armando Valdez. \"En todas las normales del estado por la situaci\u00f3n de los corrimientos que est\u00e1 detenido\u2026","rel":"","context":"En &quot;Aguascalientes&quot;","block_context":{"text":"Aguascalientes","link":"https:\/\/www.grieta.org.mx\/index.php\/category\/noticias-nacionales\/aguascalientes\/"},"img":{"alt_text":"","src":"https:\/\/i0.wp.com\/www.grieta.org.mx\/wp-content\/uploads\/2018\/03\/14524434_1106112876131411_958039263622046936_o.jpg?resize=350%2C200&ssl=1","width":350,"height":200,"srcset":"https:\/\/i0.wp.com\/www.grieta.org.mx\/wp-content\/uploads\/2018\/03\/14524434_1106112876131411_958039263622046936_o.jpg?resize=350%2C200&ssl=1 1x, https:\/\/i0.wp.com\/www.grieta.org.mx\/wp-content\/uploads\/2018\/03\/14524434_1106112876131411_958039263622046936_o.jpg?resize=525%2C300&ssl=1 1.5x, https:\/\/i0.wp.com\/www.grieta.org.mx\/wp-content\/uploads\/2018\/03\/14524434_1106112876131411_958039263622046936_o.jpg?resize=700%2C400&ssl=1 2x"},"classes":[]},{"id":29970,"url":"https:\/\/www.grieta.org.mx\/index.php\/2019\/03\/02\/exigen-maestros-de-emsad-y-telebachillerato-pago-de-quincenas-atrasadas-colima\/","url_meta":{"origin":46540,"position":4},"title":"Exigen maestros de EMSAD y Telebachillerato, pago de quincenas atrasadas (Colima)","author":"grieta","date":"2 marzo, 2019","format":false,"excerpt":"Francis Bravo \/ El Comentario, Colima, 2 de marzo de 2019 Trabajadores de Educaci\u00f3n Media Superior a Distancia (Emsad) y de Telebachilleratos se manifestaron este jueves ante la Secretar\u00eda de Educaci\u00f3n del Gobierno del estado, por el rezago en el pago de sus quincenas. Ihovanna Alejandra Cruz, secretaria delegacional de\u2026","rel":"","context":"En &quot;CINTILLO&quot;","block_context":{"text":"CINTILLO","link":"https:\/\/www.grieta.org.mx\/index.php\/category\/cintillo\/"},"img":{"alt_text":"","src":"https:\/\/i0.wp.com\/www.grieta.org.mx\/wp-content\/uploads\/2019\/03\/f1cee85ab3ad3fec539f7fc5f69c507c-1170x480.jpg?resize=350%2C200&ssl=1","width":350,"height":200,"srcset":"https:\/\/i0.wp.com\/www.grieta.org.mx\/wp-content\/uploads\/2019\/03\/f1cee85ab3ad3fec539f7fc5f69c507c-1170x480.jpg?resize=350%2C200&ssl=1 1x, https:\/\/i0.wp.com\/www.grieta.org.mx\/wp-content\/uploads\/2019\/03\/f1cee85ab3ad3fec539f7fc5f69c507c-1170x480.jpg?resize=525%2C300&ssl=1 1.5x, https:\/\/i0.wp.com\/www.grieta.org.mx\/wp-content\/uploads\/2019\/03\/f1cee85ab3ad3fec539f7fc5f69c507c-1170x480.jpg?resize=700%2C400&ssl=1 2x, https:\/\/i0.wp.com\/www.grieta.org.mx\/wp-content\/uploads\/2019\/03\/f1cee85ab3ad3fec539f7fc5f69c507c-1170x480.jpg?resize=1050%2C600&ssl=1 3x"},"classes":[]},{"id":15179,"url":"https:\/\/www.grieta.org.mx\/index.php\/2016\/06\/21\/desestima-iea-paro-en-escuelas-normales-ags\/","url_meta":{"origin":46540,"position":5},"title":"Desestima IEA paro en escuelas normales (AGS)","author":"grieta","date":"21 junio, 2016","format":false,"excerpt":"Redacci\u00f3n El Heraldo, Aguascalientes. Desestim\u00f3 el Instituto de Educaci\u00f3n de Aguascalientes el paro de labores que se efectu\u00f3 el d\u00eda de ayer en las escuelas normales del estado; el director de la instancia, Francisco Ch\u00e1vez Rangel, neg\u00f3 que hubiera acciones de demanda en este sentido por parte de los maestros,\u2026","rel":"","context":"En &quot;aguascalientes&quot;","block_context":{"text":"aguascalientes","link":"https:\/\/www.grieta.org.mx\/index.php\/category\/aguascalientes\/"},"img":{"alt_text":"","src":"https:\/\/i0.wp.com\/www.grieta.org.mx\/wp-content\/uploads\/2018\/03\/14524434_1106112876131411_958039263622046936_o.jpg?resize=350%2C200&ssl=1","width":350,"height":200,"srcset":"https:\/\/i0.wp.com\/www.grieta.org.mx\/wp-content\/uploads\/2018\/03\/14524434_1106112876131411_958039263622046936_o.jpg?resize=350%2C200&ssl=1 1x, https:\/\/i0.wp.com\/www.grieta.org.mx\/wp-content\/uploads\/2018\/03\/14524434_1106112876131411_958039263622046936_o.jpg?resize=525%2C300&ssl=1 1.5x, https:\/\/i0.wp.com\/www.grieta.org.mx\/wp-content\/uploads\/2018\/03\/14524434_1106112876131411_958039263622046936_o.jpg?resize=700%2C400&ssl=1 2x"},"classes":[]}],"_links":{"self":[{"href":"https:\/\/www.grieta.org.mx\/index.php\/wp-json\/wp\/v2\/posts\/46540","targetHints":{"allow":["GET"]}}],"collection":[{"href":"https:\/\/www.grieta.org.mx\/index.php\/wp-json\/wp\/v2\/posts"}],"about":[{"href":"https:\/\/www.grieta.org.mx\/index.php\/wp-json\/wp\/v2\/types\/post"}],"author":[{"embeddable":true,"href":"https:\/\/www.grieta.org.mx\/index.php\/wp-json\/wp\/v2\/users\/2"}],"replies":[{"embeddable":true,"href":"https:\/\/www.grieta.org.mx\/index.php\/wp-json\/wp\/v2\/comments?post=46540"}],"version-history":[{"count":1,"href":"https:\/\/www.grieta.org.mx\/index.php\/wp-json\/wp\/v2\/posts\/46540\/revisions"}],"predecessor-version":[{"id":46542,"href":"https:\/\/www.grieta.org.mx\/index.php\/wp-json\/wp\/v2\/posts\/46540\/revisions\/46542"}],"wp:featuredmedia":[{"embeddable":true,"href":"https:\/\/www.grieta.org.mx\/index.php\/wp-json\/wp\/v2\/media\/46541"}],"wp:attachment":[{"href":"https:\/\/www.grieta.org.mx\/index.php\/wp-json\/wp\/v2\/media?parent=46540"}],"wp:term":[{"taxonomy":"category","embeddable":true,"href":"https:\/\/www.grieta.org.mx\/index.php\/wp-json\/wp\/v2\/categories?post=46540"},{"taxonomy":"post_tag","embeddable":true,"href":"https:\/\/www.grieta.org.mx\/index.php\/wp-json\/wp\/v2\/tags?post=46540"}],"curies":[{"name":"wp","href":"https:\/\/api.w.org\/{rel}","templated":true}]}}