{"id":46525,"date":"2020-03-13T15:55:55","date_gmt":"2020-03-13T21:55:55","guid":{"rendered":"http:\/\/www.grieta.org.mx\/?p=46525"},"modified":"2020-03-22T16:07:04","modified_gmt":"2020-03-22T22:07:04","slug":"derechohabientes-del-issste-ven-en-riesgo-su-vida-por-la-falta-de-medicos-e-insumos-nayarit","status":"publish","type":"post","link":"https:\/\/www.grieta.org.mx\/index.php\/2020\/03\/13\/derechohabientes-del-issste-ven-en-riesgo-su-vida-por-la-falta-de-medicos-e-insumos-nayarit\/","title":{"rendered":"Derechohabientes del ISSSTE ven en riesgo su vida por la falta de m\u00e9dicos e insumos (Nayarit)"},"content":{"rendered":"<p><img loading=\"lazy\" decoding=\"async\" data-attachment-id=\"46526\" data-permalink=\"https:\/\/www.grieta.org.mx\/index.php\/2020\/03\/13\/derechohabientes-del-issste-ven-en-riesgo-su-vida-por-la-falta-de-medicos-e-insumos-nayarit\/issste-tepic\/\" data-orig-file=\"https:\/\/www.grieta.org.mx\/wp-content\/uploads\/2020\/03\/ISSSTE-Tepic.jpg\" data-orig-size=\"800,600\" data-comments-opened=\"0\" data-image-meta=\"{&quot;aperture&quot;:&quot;0&quot;,&quot;credit&quot;:&quot;&quot;,&quot;camera&quot;:&quot;&quot;,&quot;caption&quot;:&quot;&quot;,&quot;created_timestamp&quot;:&quot;0&quot;,&quot;copyright&quot;:&quot;&quot;,&quot;focal_length&quot;:&quot;0&quot;,&quot;iso&quot;:&quot;0&quot;,&quot;shutter_speed&quot;:&quot;0&quot;,&quot;title&quot;:&quot;&quot;,&quot;orientation&quot;:&quot;0&quot;}\" data-image-title=\"ISSSTE-Tepic\" data-image-description=\"\" data-image-caption=\"\" data-medium-file=\"https:\/\/www.grieta.org.mx\/wp-content\/uploads\/2020\/03\/ISSSTE-Tepic-300x225.jpg\" data-large-file=\"https:\/\/www.grieta.org.mx\/wp-content\/uploads\/2020\/03\/ISSSTE-Tepic.jpg\" class=\"aligncenter wp-image-46526\" src=\"http:\/\/www.grieta.org.mx\/wp-content\/uploads\/2020\/03\/ISSSTE-Tepic.jpg\" alt=\"\" width=\"799\" height=\"599\" srcset=\"https:\/\/www.grieta.org.mx\/wp-content\/uploads\/2020\/03\/ISSSTE-Tepic.jpg 800w, https:\/\/www.grieta.org.mx\/wp-content\/uploads\/2020\/03\/ISSSTE-Tepic-300x225.jpg 300w, https:\/\/www.grieta.org.mx\/wp-content\/uploads\/2020\/03\/ISSSTE-Tepic-768x576.jpg 768w, https:\/\/www.grieta.org.mx\/wp-content\/uploads\/2020\/03\/ISSSTE-Tepic-667x500.jpg 667w\" sizes=\"auto, (max-width: 799px) 100vw, 799px\" \/><\/p>\n<p>Foto: Ilustrativa<\/p>\n<p>Misael Santana Huerta \/ Realidades de Nayarit<\/p>\n<p>Tepic. Nayarit. A 13 de Marzo de 2020. Los pacientes que llegan al ISSSTE, al pisar el interior para ser valorado, ante la falta de medicamentos y atenci\u00f3n m\u00e9dica, no asegura salir con vida. Esta situaci\u00f3n se da m\u00e1s los s\u00e1bados y domingos porque no hay el personal suficiente.<\/p>\n<p>Han llegado a tanto las deficiencias en el hospital del ISSSTE ubicado en Loma, que muchos familiares se ven obligados a comprar las medicinas de sus pacientes que tienen internados, se est\u00e1 dando el caso y hay testimonios a la vista, de que est\u00e1n faltando los especialistas en anestesiolog\u00eda, as\u00ed que una operaci\u00f3n de urgencia no la practican y el paciente se muere, as\u00ed se simple.<\/p>\n<p>Si hay alguna operaci\u00f3n programada, por falta de estos especialistas, las suspenden y les dicen a los pacientes que se regresar\u00e1n a piso o simplemente les dicen que se vayan a su casa y que vuelvan despu\u00e9s de una semana para ver si hay m\u00e9dicos y el material que se requiere para su cirug\u00eda.<\/p>\n<p>Hay familiares que les piden a los m\u00e9dicos de guardia que ellos pagar\u00e1n al anestesi\u00f3logo y compraran todo lo que se necesita para la operaci\u00f3n.<\/p>\n<p>Al ISSSTE le sigue faltando representantes con preparaci\u00f3n, visi\u00f3n de servicio, honestidad, responsabilidad en el trabajo, y dejar las grilla de grupos fuera de la instituci\u00f3n.<\/p>\n<p>De ah\u00ed que los derechohabientes del ISSSTE, le hagan un atento llamado al delegado estatal de Nayarit, Manuel Peraza Segovia para que de una vez por todas, designe a un delegado o encargado del ISSSTE, pero con voz y voto, para que ponga orden en la instituci\u00f3n y no le siga dejando las manos libres a quienes siguen manejado el ISSSTE en el estado, a su libre albedr\u00edo.<\/p>\n<p>Los sufridos derechohabientes, pero aguantadores, padecen la falta de atenci\u00f3n m\u00e9dica; exigen que la atenci\u00f3n medica mejore y que las medicinas est\u00e9n cuando las necesitan.<\/p>\n<p>Mientras todo este desastre se da en el ISSSTE, mucho m\u00e9dico pillo se lleva a sus pacientes cautivos a sus cl\u00ednicas particulares o de grandes amigos en donde les sacan la lana, sin medir la situaci\u00f3n econ\u00f3mica por la que pasa el paciente.<\/p>\n<p>As\u00ed la vida en el ISSSTE, por lo tanto, urge que se ponga orden.<\/p>\n<p><a href=\"http:\/\/realidadesperiodico.com\/local\/urge-orden-en-el-issste\/\">http:\/\/realidadesperiodico.com\/local\/urge-orden-en-el-issste\/<\/a><\/p>\n","protected":false},"excerpt":{"rendered":"<p>Foto: Ilustrativa Misael Santana Huerta \/ Realidades de Nayarit Tepic. Nayarit. A 13 de Marzo de 2020. Los pacientes que llegan al ISSSTE, al pisar el interior para ser valorado, &hellip; <a href=\"https:\/\/www.grieta.org.mx\/index.php\/2020\/03\/13\/derechohabientes-del-issste-ven-en-riesgo-su-vida-por-la-falta-de-medicos-e-insumos-nayarit\/\" class=\"more-link\">Leer m\u00e1s<\/a><\/p>\n","protected":false},"author":2,"featured_media":46526,"comment_status":"closed","ping_status":"closed","sticky":false,"template":"","format":"standard","meta":{"ngg_post_thumbnail":0,"_jetpack_newsletter_access":"","_jetpack_dont_email_post_to_subs":false,"_jetpack_newsletter_tier_id":0,"_jetpack_memberships_contains_paywalled_content":false,"_jetpack_memberships_contains_paid_content":false,"footnotes":""},"categories":[80,918,2573,23,2,3165],"tags":[3133,2367,3134,2551],"class_list":["post-46525","post","type-post","status-publish","format-standard","has-post-thumbnail","hentry","category-cintillo","category-privatizacion-del-sector-salud","category-crisis-del-sector-salud-en-nayarit","category-nayarit","category-noticias-nacionales","category-resistencias","tag-crisis-del-sector-salud","tag-crisis-en-el-sector-salud","tag-falta-de-atencion-medica","tag-falta-de-medicinas","entry"],"jetpack_featured_media_url":"https:\/\/www.grieta.org.mx\/wp-content\/uploads\/2020\/03\/ISSSTE-Tepic.jpg","jetpack_sharing_enabled":true,"jetpack_shortlink":"https:\/\/wp.me\/p7ZJR4-c6p","jetpack_likes_enabled":false,"jetpack-related-posts":[{"id":60258,"url":"https:\/\/www.grieta.org.mx\/index.php\/2021\/06\/27\/con-marcha-exigen-a-issste-en-nayarit-medicamentos-para-enfermos-de-cancer\/","url_meta":{"origin":46525,"position":0},"title":"Con marcha exigen a ISSSTE en Nayarit medicamentos para enfermos de c\u00e1ncer","author":"grieta","date":"27 junio, 2021","format":false,"excerpt":"Foto: Cris Ben\u00edtez Crys Ben\u00edtez \/ El Occidental TEPIC, Nayarit (OEM-Informex).- Este domingo por la ma\u00f1ana pese a la lluvia, decenas de familiares de enfermos de c\u00e1ncer y trasplantados, realizaron una marcha desde las instalaciones de Cancerolog\u00eda hasta el Catedral, deteni\u00e9ndose en Palacio de Gobierno, para exigir al Instituto de\u2026","rel":"","context":"En &quot;CINTILLO&quot;","block_context":{"text":"CINTILLO","link":"https:\/\/www.grieta.org.mx\/index.php\/category\/cintillo\/"},"img":{"alt_text":"","src":"https:\/\/i0.wp.com\/www.grieta.org.mx\/wp-content\/uploads\/2021\/07\/Marcha-para-exigir-medicamentos-para-enfermos-de-cancer-en-Nayarit.jpg?resize=350%2C200&ssl=1","width":350,"height":200,"srcset":"https:\/\/i0.wp.com\/www.grieta.org.mx\/wp-content\/uploads\/2021\/07\/Marcha-para-exigir-medicamentos-para-enfermos-de-cancer-en-Nayarit.jpg?resize=350%2C200&ssl=1 1x, https:\/\/i0.wp.com\/www.grieta.org.mx\/wp-content\/uploads\/2021\/07\/Marcha-para-exigir-medicamentos-para-enfermos-de-cancer-en-Nayarit.jpg?resize=525%2C300&ssl=1 1.5x, https:\/\/i0.wp.com\/www.grieta.org.mx\/wp-content\/uploads\/2021\/07\/Marcha-para-exigir-medicamentos-para-enfermos-de-cancer-en-Nayarit.jpg?resize=700%2C400&ssl=1 2x"},"classes":[]},{"id":56629,"url":"https:\/\/www.grieta.org.mx\/index.php\/2021\/01\/29\/el-issste-sin-los-medicamentos-para-diabeticos-nayarit\/","url_meta":{"origin":46525,"position":1},"title":"El ISSSTE sin los medicamentos para diab\u00e9ticos (Nayarit)","author":"grieta","date":"29 enero, 2021","format":false,"excerpt":"Imagen: Realidades de Nayarit Misael Santana Huerta \/Realidades de Nayarit Tepic, Nayarit. A 29 de Enero de 2021. Desde la semana pasada un grupo de maestros y ciudadanos de la tercera edad, puso en nuestras manos una lista de medicamentos con que tiene el ISSSTE del FOVISSSTE, para controlar el\u2026","rel":"","context":"En &quot;CINTILLO&quot;","block_context":{"text":"CINTILLO","link":"https:\/\/www.grieta.org.mx\/index.php\/category\/cintillo\/"},"img":{"alt_text":"","src":"https:\/\/i0.wp.com\/www.grieta.org.mx\/wp-content\/uploads\/2021\/02\/5-8-696x379-1.jpg?resize=350%2C200&ssl=1","width":350,"height":200,"srcset":"https:\/\/i0.wp.com\/www.grieta.org.mx\/wp-content\/uploads\/2021\/02\/5-8-696x379-1.jpg?resize=350%2C200&ssl=1 1x, https:\/\/i0.wp.com\/www.grieta.org.mx\/wp-content\/uploads\/2021\/02\/5-8-696x379-1.jpg?resize=525%2C300&ssl=1 1.5x"},"classes":[]},{"id":53003,"url":"https:\/\/www.grieta.org.mx\/index.php\/2020\/09\/04\/cierran-el-nuevo-hospital-del-issste-nayarit\/","url_meta":{"origin":46525,"position":2},"title":"Cierran el nuevo hospital del ISSSTE (Nayarit)","author":"grieta","date":"4 septiembre, 2020","format":false,"excerpt":"Foto: Realidades de Nayarit Durante 5 d\u00edas no funcionar\u00e1 porque culminaron los contratos del personal m\u00e9dico que laboran all\u00ed Mildra Ben\u00edtez Robledo \/ Realidades de Nayarit Tepic, Nayarit.- Viernes 04 de septiembre del 2020.- El hospital del ISSSTE ubicado en la zona de La Cantera, Tepic, mismo que atiende a\u2026","rel":"","context":"En &quot;CINTILLO&quot;","block_context":{"text":"CINTILLO","link":"https:\/\/www.grieta.org.mx\/index.php\/category\/cintillo\/"},"img":{"alt_text":"","src":"https:\/\/i0.wp.com\/www.grieta.org.mx\/wp-content\/uploads\/2020\/09\/hospital.jpg?resize=350%2C200&ssl=1","width":350,"height":200,"srcset":"https:\/\/i0.wp.com\/www.grieta.org.mx\/wp-content\/uploads\/2020\/09\/hospital.jpg?resize=350%2C200&ssl=1 1x, https:\/\/i0.wp.com\/www.grieta.org.mx\/wp-content\/uploads\/2020\/09\/hospital.jpg?resize=525%2C300&ssl=1 1.5x, https:\/\/i0.wp.com\/www.grieta.org.mx\/wp-content\/uploads\/2020\/09\/hospital.jpg?resize=700%2C400&ssl=1 2x"},"classes":[]},{"id":47902,"url":"https:\/\/www.grieta.org.mx\/index.php\/2020\/04\/13\/rebelion-en-el-issste-nayarit\/","url_meta":{"origin":46525,"position":3},"title":"Rebeli\u00f3n en el ISSSTE (Nayarit)","author":"grieta","date":"13 abril, 2020","format":false,"excerpt":"Foto: Realidades de Nayarit Trabajadores del sector salud denuncian falta de equipo, insumos y protocolos para enfrentar la pandemia del COVID-19 Ver\u00f3nica Ram\u00edrez \/ Realidades de Nayarit Tepic, Nayarit. Lunes 13 de abril del 2020.- Se manifiesta personal de salud del \u00e1rea de urgencias del ISSSTE, exigen equipo de protecci\u00f3n,\u2026","rel":"","context":"En &quot;CINTILLO&quot;","block_context":{"text":"CINTILLO","link":"https:\/\/www.grieta.org.mx\/index.php\/category\/cintillo\/"},"img":{"alt_text":"","src":"https:\/\/i0.wp.com\/www.grieta.org.mx\/wp-content\/uploads\/2020\/04\/1-768x395.jpg?resize=350%2C200&ssl=1","width":350,"height":200,"srcset":"https:\/\/i0.wp.com\/www.grieta.org.mx\/wp-content\/uploads\/2020\/04\/1-768x395.jpg?resize=350%2C200&ssl=1 1x, https:\/\/i0.wp.com\/www.grieta.org.mx\/wp-content\/uploads\/2020\/04\/1-768x395.jpg?resize=525%2C300&ssl=1 1.5x, https:\/\/i0.wp.com\/www.grieta.org.mx\/wp-content\/uploads\/2020\/04\/1-768x395.jpg?resize=700%2C400&ssl=1 2x"},"classes":[]},{"id":44953,"url":"https:\/\/www.grieta.org.mx\/index.php\/2020\/02\/14\/faltan-medicamentos-en-el-issste-y-el-imss-quienes-tienen-cancer-son-quienes-mas-sufren-la-escasez-nayarit\/","url_meta":{"origin":46525,"position":4},"title":"Faltan medicamentos en el ISSSTE y el IMSS, quienes tienen c\u00e1ncer son quienes m\u00e1s sufren la escasez (Nayarit)","author":"grieta","date":"14 febrero, 2020","format":false,"excerpt":"Foto: Ilustrativa Javier Rojo Fregoso \/ Realidades de Nayarit La escasez de medicamentos en los diversos centros hospitalarios de Nayarit, es \u201del pan de cada d\u00eda\u201d se\u00f1alan familias afectadas con estas deficiencias que han venido mostrando diversas instituciones como son principalmente el IMSS Y EL ISSSTE, en donde d\u00eda tras\u2026","rel":"","context":"En &quot;CINTILLO&quot;","block_context":{"text":"CINTILLO","link":"https:\/\/www.grieta.org.mx\/index.php\/category\/cintillo\/"},"img":{"alt_text":"","src":"https:\/\/i0.wp.com\/www.grieta.org.mx\/wp-content\/uploads\/2020\/02\/medicina-1.jpg?resize=350%2C200&ssl=1","width":350,"height":200,"srcset":"https:\/\/i0.wp.com\/www.grieta.org.mx\/wp-content\/uploads\/2020\/02\/medicina-1.jpg?resize=350%2C200&ssl=1 1x, https:\/\/i0.wp.com\/www.grieta.org.mx\/wp-content\/uploads\/2020\/02\/medicina-1.jpg?resize=525%2C300&ssl=1 1.5x, https:\/\/i0.wp.com\/www.grieta.org.mx\/wp-content\/uploads\/2020\/02\/medicina-1.jpg?resize=700%2C400&ssl=1 2x"},"classes":[]},{"id":72093,"url":"https:\/\/www.grieta.org.mx\/index.php\/2025\/07\/18\/hospital-tondoroque-nuevamente-en-crisis-sin-medicamento-y-falta-de-aire-acondicionado-nayarit\/","url_meta":{"origin":46525,"position":5},"title":"Hospital Tondoroque nuevamente en crisis; sin medicamento y falta de aire acondicionado (Nayarit)","author":"grieta","date":"18 julio, 2025","format":false,"excerpt":"imagen: CPS El Hospital de Tondoroque, en Bah\u00eda de Banderas, atraviesa una de sus peores crisis: enfrenta desabasto de medicamentos y, nuevamente, su sistema de aire acondicionado se averi\u00f3, justo en medio de la intensa ola de calor que afecta a la regi\u00f3n. Pacientes internados y del \u00e1rea de urgencias\u2026","rel":"","context":"En &quot;CINTILLO&quot;","block_context":{"text":"CINTILLO","link":"https:\/\/www.grieta.org.mx\/index.php\/category\/cintillo\/"},"img":{"alt_text":"","src":"https:\/\/i0.wp.com\/www.grieta.org.mx\/wp-content\/uploads\/2025\/07\/WhatsApp-Image-2025-07-18-at-7.16.26-PM-1.jpeg.webp?resize=350%2C200&ssl=1","width":350,"height":200,"srcset":"https:\/\/i0.wp.com\/www.grieta.org.mx\/wp-content\/uploads\/2025\/07\/WhatsApp-Image-2025-07-18-at-7.16.26-PM-1.jpeg.webp?resize=350%2C200&ssl=1 1x, https:\/\/i0.wp.com\/www.grieta.org.mx\/wp-content\/uploads\/2025\/07\/WhatsApp-Image-2025-07-18-at-7.16.26-PM-1.jpeg.webp?resize=525%2C300&ssl=1 1.5x, https:\/\/i0.wp.com\/www.grieta.org.mx\/wp-content\/uploads\/2025\/07\/WhatsApp-Image-2025-07-18-at-7.16.26-PM-1.jpeg.webp?resize=700%2C400&ssl=1 2x, https:\/\/i0.wp.com\/www.grieta.org.mx\/wp-content\/uploads\/2025\/07\/WhatsApp-Image-2025-07-18-at-7.16.26-PM-1.jpeg.webp?resize=1050%2C600&ssl=1 3x"},"classes":[]}],"_links":{"self":[{"href":"https:\/\/www.grieta.org.mx\/index.php\/wp-json\/wp\/v2\/posts\/46525","targetHints":{"allow":["GET"]}}],"collection":[{"href":"https:\/\/www.grieta.org.mx\/index.php\/wp-json\/wp\/v2\/posts"}],"about":[{"href":"https:\/\/www.grieta.org.mx\/index.php\/wp-json\/wp\/v2\/types\/post"}],"author":[{"embeddable":true,"href":"https:\/\/www.grieta.org.mx\/index.php\/wp-json\/wp\/v2\/users\/2"}],"replies":[{"embeddable":true,"href":"https:\/\/www.grieta.org.mx\/index.php\/wp-json\/wp\/v2\/comments?post=46525"}],"version-history":[{"count":1,"href":"https:\/\/www.grieta.org.mx\/index.php\/wp-json\/wp\/v2\/posts\/46525\/revisions"}],"predecessor-version":[{"id":46528,"href":"https:\/\/www.grieta.org.mx\/index.php\/wp-json\/wp\/v2\/posts\/46525\/revisions\/46528"}],"wp:featuredmedia":[{"embeddable":true,"href":"https:\/\/www.grieta.org.mx\/index.php\/wp-json\/wp\/v2\/media\/46526"}],"wp:attachment":[{"href":"https:\/\/www.grieta.org.mx\/index.php\/wp-json\/wp\/v2\/media?parent=46525"}],"wp:term":[{"taxonomy":"category","embeddable":true,"href":"https:\/\/www.grieta.org.mx\/index.php\/wp-json\/wp\/v2\/categories?post=46525"},{"taxonomy":"post_tag","embeddable":true,"href":"https:\/\/www.grieta.org.mx\/index.php\/wp-json\/wp\/v2\/tags?post=46525"}],"curies":[{"name":"wp","href":"https:\/\/api.w.org\/{rel}","templated":true}]}}