{"id":46492,"date":"2020-03-21T11:39:36","date_gmt":"2020-03-21T17:39:36","guid":{"rendered":"http:\/\/www.grieta.org.mx\/?p=46492"},"modified":"2020-03-22T11:46:11","modified_gmt":"2020-03-22T17:46:11","slug":"exigimos-justicia-para-nuestras-hijas-leslie-maria-del-sol-e-ivanna-oaxaca","status":"publish","type":"post","link":"https:\/\/www.grieta.org.mx\/index.php\/2020\/03\/21\/exigimos-justicia-para-nuestras-hijas-leslie-maria-del-sol-e-ivanna-oaxaca\/","title":{"rendered":"Exigimos justicia para nuestras hijas: Leslie, Mar\u00eda del Sol e Ivanna (Oaxaca)"},"content":{"rendered":"<p>P\u00e1gina 3 \/ Soledad Jarqu\u00edn Edgar.<\/p>\n<p>* Tres casos con denominadores comunes: la responsabilidad de priistas y la impunidad. | * La Fiscal\u00eda ha cometido errores, omisiones y actos de negligencia. | * Murat no responde, hay complicidad y protecci\u00f3n.<\/p>\n<p>Exigimos justicia para nuestras hijas: Leslye, Mar\u00eda del Sol y Silvia Ivanna, quienes tienen un denominador com\u00fan: la protecci\u00f3n del PRI.<\/p>\n<p>Los casos de Leslye Wilson P\u00e9rez, Mar\u00eda del Sol Cruz Jarqu\u00edn y Silvia Ivanna Mingo L\u00f3pez tienen un denominador com\u00fan:<\/p>\n<p>La implicaci\u00f3n directa o indirecta de personas afiliadas al Partido Revolucionario Institucional (PRI)  y, al mismo tiempo, la impunidad.<\/p>\n<p>Las familias de las tres j\u00f3venes se\u00f1alamos que en los procesos de investigaci\u00f3n ha operado la negligencia, la omisi\u00f3n, la impericia.<\/p>\n<p>Y hasta dolo para proteger a los responsables de sus asesinatos directos e indirecto, por parte de elementos de la Fiscal\u00eda General del Estado.<\/p>\n<p>En ese sentido, hemos solicitado reiteradamente a la Fiscal\u00eda lo que por derecho le corresponde a nuestras hijas y a sus familias como v\u00edctimas indirectas: <\/p>\n<p>La justicia, que pasa por el ejercicio libre y sin condicionamiento alguno, ni hechos de corrupci\u00f3n, ni de protecci\u00f3n a quienes resulten implicados.<\/p>\n<p>Lo que hasta el d\u00eda de hoy no ha sido garantizado por el Fiscal Rub\u00e9n Vasconcelos, a quien le decimos que, si no puede, renuncie.<\/p>\n<p>A continuaci\u00f3n, un resumen de cada caso, en orden cronol\u00f3gico, de los lamentables sucesos en que fueron asesinadas:<\/p>\n<p>    Leslye Wilson P\u00e9rez,<br \/>\n    Mar\u00eda del Sol Cruz Jarqu\u00edn y<br \/>\n    Silvia Ivanna Mingo L\u00f3pez.<\/p>\n<p>Leslye Wilson<\/p>\n<p>1.- Leslye Wilson P\u00e9rez, de 25 a\u00f1os, fue asesinada el 21 de noviembre de 2011.<\/p>\n<p>Fue arrojada desde un sexto piso del fraccionamiento Punta Vizcaya en el conjunto habitacional de El Rosario, en un municipio conurbado a la capital oaxaque\u00f1a.<\/p>\n<p>En un principio se pretendi\u00f3 disfrazar de suicidio.<\/p>\n<p>Fue gracias a peritos de la entonces Procuradur\u00eda General de la Rep\u00fablica (PGR) que se demostr\u00f3 que hab\u00eda sido lanzada al vac\u00edo. <\/p>\n<p>De los siete involucrados solo una est\u00e1 en proceso Zuilma O.M.<\/p>\n<p>Las otras personas involucradas:<\/p>\n<p>    Ogilvie Berenice M.S.,<br \/>\n    Jael Jair C.M.,<br \/>\n    Cecilia R.S.,<br \/>\n    Er\u00e9ndira Osiris R.S.,<br \/>\n    Abraham Abdal\u00e1 R.S., y<br \/>\n    Edel Jaiver S. V., <\/p>\n<p>Todas las personas involucradas, familiares directos de la extinta exsenadora del PRI, Cirila S\u00e1nchez, siguen en libertad.<\/p>\n<p>Berenice M.S. fue detenida en febrero de 2014, pero absuelta en mayo de 2015.<\/p>\n<p>Jael Jair C.M., fue detenido en noviembre de 2015 pero liberado en 2018, posteriormente fue asesinado en una c\u00e9ntrica calle de la capital oaxaque\u00f1a en mayo de 2019. <\/p>\n<p>Cecilia R.S., fue detenida en la ciudad de M\u00e9xico en abril de 2015.<\/p>\n<p>En octubre de 2017 \u201cde manera extra\u00f1a le fue girada una orden de libertad a las 12 de la noche\u201d. <\/p>\n<p>Se apel\u00f3 ante el Juez y en noviembre de 2018 le fue revocada la sentencia absolutoria.<\/p>\n<p>Le giraron orden de reaprehensi\u00f3n y recibe una sentencia de 30 a\u00f1os, as\u00ed como el pago de reparaci\u00f3n del da\u00f1o por 134 mil 378 pesos.<\/p>\n<p>Sin embargo, no fue re-aprehendida.<\/p>\n<p>Cecilia R.S. al igual que su hermana Er\u00e9ndira Osiris R.S., y Abraham Abadal\u00e1 R.S. est\u00e1n pr\u00f3fugos de la justicia.<\/p>\n<p>Lo mismo que Edel Javier S.V. <\/p>\n<p>La \u00fanica persona que est\u00e1 recluida es Zuilma O.M.<br \/>\nMar\u00eda del Sol<\/p>\n<p>2.- Mar\u00eda del Sol Cruz Jarqu\u00edn, de 27 a\u00f1os de edad, fue asesinada, con armas de alto poder, el 2 de junio de 2018.<\/p>\n<p>Junto con la regidora con licencia Pamela Itamaray Ter\u00e1n Pineda y el chofer de \u00e9sta, Adelfo Guerra Jim\u00e9nez, en Juchit\u00e1n de Zaragoza.<\/p>\n<p>Fot\u00f3grafa y videasta, era jefa del Departamento de Comunicaci\u00f3n Ind\u00edgena e Intercultural de la entonces Secretar\u00eda de Asuntos Ind\u00edgenas (SAI) del Gobierno del Estado. <\/p>\n<p>En una flagrante violaci\u00f3n a la ley electoral, el priista Francisco Montero L\u00f3pez la envi\u00f3 a cubrir la campa\u00f1a pol\u00edtica de su hermano.<\/p>\n<p>El hermano del entonces titular de la SAI era regidor de Juchit\u00e1n y candidato a la alcald\u00eda por el PRI-PVEM-PNA.<\/p>\n<p>La indicaci\u00f3n fue so pena de perder su empleo, si no lo hac\u00eda.<br \/>\nLentitud en la Fiscal\u00eda<\/p>\n<p>La investigaci\u00f3n que habr\u00eda arrojado diversas vertientes sigue en ciernes. <\/p>\n<p>Un solo detenido al que no se le ha podido realizar la audiencia intermedia por \u201cerrores t\u00e9cnicos de la fiscal\u00eda\u201d.<\/p>\n<p>Aunque se trata tan solo del \u201ceslab\u00f3n m\u00e1s d\u00e9bil de la cadena\u201d.<\/p>\n<p>Falta por dar con quienes habr\u00edan sido los autores materiales y, sobre todo, los intelectuales de la triple ejecuci\u00f3n.<\/p>\n<p>Se abrieron dos investigaciones m\u00e1s. <\/p>\n<p>Una en la Fiscal\u00eda Especializada en Delitos Electorales, misma que se judicializ\u00f3 hasta diciembre de 2019, es decir, a\u00f1o y medio despu\u00e9s de los hechos. <\/p>\n<p>Y otra por el robo del equipo propiedad de mi hija:<\/p>\n<p>Una c\u00e1mara de video y otra de fotograf\u00eda, as\u00ed como una computadora MacPro, esta judicializada un a\u00f1o despu\u00e9s. <\/p>\n<p>La dilaci\u00f3n y omisi\u00f3n de las autoridades en los tres casos sin duda permiten observar la clara protecci\u00f3n a actores pol\u00edticos afines al PRI.<br \/>\nSilvia Ivanna<\/p>\n<p>3.- Silvia Ivanna Mingo L\u00f3pez, de 26 a\u00f1os de edad, muri\u00f3 en un accidente automovil\u00edstico el 21 de octubre de 2018 en la ciudad de Oaxaca.<\/p>\n<p>El responsable es Alfredo D.C., l\u00edder juvenil del PRI.<\/p>\n<p>Adem\u00e1s, la implicaci\u00f3n de Rebeca Leticia C.N., madre del acusado de \u201chomicidio culposo\u201d y en esos momentos delegada de la Profeco.<\/p>\n<p>Rebeca ha sido acusada por obstrucci\u00f3n de la justicia.<\/p>\n<p>Por impericia de la Fiscal\u00eda, la familia tuvo que efectuar diversas actividades para que imputaran a Alfredo D.C. \u201cpor todos y cada uno de los delitos en los que incurri\u00f3\u201d.<\/p>\n<p>Esto debido a que el accidente sucedi\u00f3 a las 03:00 horas y la v\u00edctima fue llevada poco antes de las 07:00 horas al hospital general Dr. Aurelio Valdivieso.<\/p>\n<p>Aunado a los datos que arroj\u00f3 la autopsia que se\u00f1ala que Ivanna muri\u00f3 alrededor de las 05:00 de la ma\u00f1ana. <\/p>\n<p>Es decir, la v\u00edctima estuvo casi dos horas sin atenci\u00f3n m\u00e9dica.<\/p>\n<p>Entre las actividades solicitadas destacan: <\/p>\n<p>&#8211; Entrevistas con el personal del bar Le Musique, de donde salieron el imputado y la v\u00edctima;<br \/>\n&#8211; Las declaraciones de enfermeras y personal de vigilancia del Hospital General Aurelio Valdivieso, por cierto ubicado a solo unas cuadras de donde ocurri\u00f3 el accidente.<br \/>\n&#8211; Los videos de todas las c\u00e1maras del hospital.<br \/>\n&#8211; Declaraciones y videos de vecinos de la casa de la madre del imputado Rebeca Leticia C.N.<br \/>\n&#8211; Peritajes de criminal\u00edstica, entre otros. <\/p>\n<p>Sin embargo, y a pesar de que el Fiscal Vasconcelos se hab\u00eda comprometido a realizar las investigaciones, el tiempo pas\u00f3.<br \/>\nLa familia, aportadora de pruebas<\/p>\n<p>Si hoy se cuenta con esas pruebas es porque la familia de Ivana las consigui\u00f3.<\/p>\n<p>En diciembre pasado, por falta de resultados la familia solicit\u00f3 cambiar a la agente del MP, Roxana Reyes V\u00e1squez, lo que ocurri\u00f3 dos meses despu\u00e9s.<\/p>\n<p>Otra irregularidad detectada es en la actuaci\u00f3n del m\u00e9dico forense Jaime Alfonso Mayoral V\u00e1squez.<\/p>\n<p>En un primer dictamen menciona que Ivanna muri\u00f3 alrededor de la 05:00 horas.<\/p>\n<p>Tres meses despu\u00e9s, cuando tuvieron copias de la carpeta de investigaci\u00f3n, el dictamen forense firmado por el mismo m\u00e9dico se\u00f1ala que la muerte fue instant\u00e1nea. <\/p>\n<p>\u00bfC\u00f3mo es posible esto? \u00bfQui\u00e9n le orden\u00f3 que hiciera una reconsideraci\u00f3n?<br \/>\nProtecci\u00f3n gubernamental<\/p>\n<p>Las irregularidades en los tres casos revelan con claridad diversos actos de negligencia y omisiones cometidos por la Fiscal\u00eda General que encabeza Rub\u00e9n Vasconcelos.<\/p>\n<p>Pero tambi\u00e9n, la protecci\u00f3n a personas ligadas al PRI, partido pol\u00edtico al que ya hemos solicitado deje de solapar a estos criminales.<\/p>\n<p>Las familias hemos hecho reiterados llamados para el esclarecimiento de los hechos no s\u00f3lo ante Vasconcelos, sino tambi\u00e9n ante el gobernador Alejandro Murat.<\/p>\n<p>El Mandatario se ha escudado en la \u201csupuesta autonom\u00eda\u201d de la Fiscal\u00eda, no parece inmutarse.<\/p>\n<p>Para nosotras, las madres y familiares de Ivanna, Mar\u00eda del Sol y Leslye, asumimos su falta de respuestas como un acto de complicidad y protecci\u00f3n a los responsables. <\/p>\n<p>A pesar de todo, seguiremos exigiendo justicia para nuestras hijas.<\/p>\n<p><a href=\"https:\/\/pagina3.mx\/2020\/03\/exigimos-justicia-para-nuestras-hijas-leslie-maria-del-sol-e-ivanna\/\" rel=\"noopener noreferrer\" target=\"_blank\">https:\/\/pagina3.mx\/2020\/03\/exigimos-justicia-para-nuestras-hijas-leslie-maria-del-sol-e-ivanna\/<\/a><\/p>\n","protected":false},"excerpt":{"rendered":"<p>P\u00e1gina 3 \/ Soledad Jarqu\u00edn Edgar. * Tres casos con denominadores comunes: la responsabilidad de priistas y la impunidad. | * La Fiscal\u00eda ha cometido errores, omisiones y actos de &hellip; <a href=\"https:\/\/www.grieta.org.mx\/index.php\/2020\/03\/21\/exigimos-justicia-para-nuestras-hijas-leslie-maria-del-sol-e-ivanna-oaxaca\/\" class=\"more-link\">Leer m\u00e1s<\/a><\/p>\n","protected":false},"author":2,"featured_media":21928,"comment_status":"closed","ping_status":"closed","sticky":false,"template":"","format":"standard","meta":{"ngg_post_thumbnail":0,"_jetpack_newsletter_access":"","_jetpack_dont_email_post_to_subs":false,"_jetpack_newsletter_tier_id":0,"_jetpack_memberships_contains_paywalled_content":false,"_jetpack_memberships_contains_paid_content":false,"footnotes":""},"categories":[80,1325,3163,2,25,1665],"tags":[],"class_list":["post-46492","post","type-post","status-publish","format-standard","has-post-thumbnail","hentry","category-cintillo","category-feminicidios-en-oaxaca-oaxaca","category-la-lucha-de-las-mujeres-en-oaxaca","category-noticias-nacionales","category-oaxaca","category-violencia-contra-las-mujeres-en-oaxaca","entry"],"jetpack_featured_media_url":"https:\/\/www.grieta.org.mx\/wp-content\/uploads\/2018\/03\/14524434_1106112876131411_958039263622046936_o.jpg","jetpack_sharing_enabled":true,"jetpack_shortlink":"https:\/\/wp.me\/p7ZJR4-c5S","jetpack_likes_enabled":false,"jetpack-related-posts":[{"id":49623,"url":"https:\/\/www.grieta.org.mx\/index.php\/2020\/05\/21\/la-justicia-para-sol-no-llega-por-complicidades-simulacion-e-impunidad-del-gobierno-de-murat-oaxaca\/","url_meta":{"origin":46492,"position":0},"title":"La Justicia para Sol no llega por complicidades, simulaci\u00f3n e impunidad del gobierno de Murat (Oaxaca)","author":"grieta","date":"21 mayo, 2020","format":false,"excerpt":"P\u00e1gina 3 \/ Pedro Mat\u00edas. OAXACA, Oax.- \u201cHasta que la justicia llegue\u201d, es la campa\u00f1a que inici\u00f3 la periodista Soledad Jarqu\u00edn Edgar a unos d\u00edas de cumplirse dos a\u00f1os del asesinato de su hija la fotoperiodista Mar\u00eda del Sol Cruz Jarqu\u00edn. En el marco de la violencia pol\u00edtica contra las\u2026","rel":"","context":"En &quot;CINTILLO&quot;","block_context":{"text":"CINTILLO","link":"https:\/\/www.grieta.org.mx\/index.php\/category\/cintillo\/"},"img":{"alt_text":"","src":"https:\/\/i0.wp.com\/www.grieta.org.mx\/wp-content\/uploads\/2020\/05\/Hasta-que-la-justicia-llegue.jpg?resize=350%2C200&ssl=1","width":350,"height":200,"srcset":"https:\/\/i0.wp.com\/www.grieta.org.mx\/wp-content\/uploads\/2020\/05\/Hasta-que-la-justicia-llegue.jpg?resize=350%2C200&ssl=1 1x, https:\/\/i0.wp.com\/www.grieta.org.mx\/wp-content\/uploads\/2020\/05\/Hasta-que-la-justicia-llegue.jpg?resize=525%2C300&ssl=1 1.5x, https:\/\/i0.wp.com\/www.grieta.org.mx\/wp-content\/uploads\/2020\/05\/Hasta-que-la-justicia-llegue.jpg?resize=700%2C400&ssl=1 2x"},"classes":[]},{"id":64371,"url":"https:\/\/www.grieta.org.mx\/index.php\/2022\/06\/02\/a-4-anos-del-feminicidio-se-denunciara-al-estado-mexicano-ante-la-onu-por-su-responsabilidad-en-el-caso-de-maria-del-sol-cruz-oaxaca\/","url_meta":{"origin":46492,"position":1},"title":"A 4 a\u00f1os del feminicidio, se denunciar\u00e1 al Estado Mexicano ante la ONU por su responsabilidad en el caso de Mar\u00eda del Sol Cruz (Oaxaca)","author":"grieta","date":"2 junio, 2022","format":false,"excerpt":"P\u00e1gina 3 \/ Redacci\u00f3n. \u25cf Soledad Jarqu\u00edn \u00c9dgar, madre de la joven fotoperiodista iniciar\u00e1 gira internacional con el fin de buscar la justicia que ha sido negada en M\u00e9xico. \u25cf La periodista oaxaque\u00f1a y Consorcio Oaxaca presentar\u00e1n el caso de fondo ante el Comit\u00e9 CEDAW de Naciones Unidas Mediante conferencia\u2026","rel":"","context":"En &quot;CINTILLO&quot;","block_context":{"text":"CINTILLO","link":"https:\/\/www.grieta.org.mx\/index.php\/category\/cintillo\/"},"img":{"alt_text":"","src":"https:\/\/i0.wp.com\/www.grieta.org.mx\/wp-content\/uploads\/2018\/03\/14524434_1106112876131411_958039263622046936_o.jpg?resize=350%2C200&ssl=1","width":350,"height":200,"srcset":"https:\/\/i0.wp.com\/www.grieta.org.mx\/wp-content\/uploads\/2018\/03\/14524434_1106112876131411_958039263622046936_o.jpg?resize=350%2C200&ssl=1 1x, https:\/\/i0.wp.com\/www.grieta.org.mx\/wp-content\/uploads\/2018\/03\/14524434_1106112876131411_958039263622046936_o.jpg?resize=525%2C300&ssl=1 1.5x, https:\/\/i0.wp.com\/www.grieta.org.mx\/wp-content\/uploads\/2018\/03\/14524434_1106112876131411_958039263622046936_o.jpg?resize=700%2C400&ssl=1 2x"},"classes":[]},{"id":34696,"url":"https:\/\/www.grieta.org.mx\/index.php\/2019\/06\/12\/mutilan-espectacular-donde-se-exige-justicia-para-sol-oaxaca\/","url_meta":{"origin":46492,"position":2},"title":"Mutilan espectacular donde se exige justicia para Sol (Oaxaca)","author":"grieta","date":"12 junio, 2019","format":false,"excerpt":"P\u00e1gina 3. Redacci\u00f3n, * En represalia Fiscal\u00eda de Oaxaca retira seguridad a Soledad Jarqu\u00edn * Fueron arrancadas las fotograf\u00edas del gobernador de Oaxaca y del Fiscal del Estado Oaxaca, Oax.- Uno de los tres espectaculares colocados el pasado 1 de junio para visibilizar el reclamo de justicia para Mar\u00eda del\u2026","rel":"","context":"En &quot;CINTILLO&quot;","block_context":{"text":"CINTILLO","link":"https:\/\/www.grieta.org.mx\/index.php\/category\/cintillo\/"},"img":{"alt_text":"","src":"https:\/\/i0.wp.com\/www.grieta.org.mx\/wp-content\/uploads\/2019\/06\/SOL-1068x801.jpeg?resize=350%2C200&ssl=1","width":350,"height":200,"srcset":"https:\/\/i0.wp.com\/www.grieta.org.mx\/wp-content\/uploads\/2019\/06\/SOL-1068x801.jpeg?resize=350%2C200&ssl=1 1x, https:\/\/i0.wp.com\/www.grieta.org.mx\/wp-content\/uploads\/2019\/06\/SOL-1068x801.jpeg?resize=525%2C300&ssl=1 1.5x, https:\/\/i0.wp.com\/www.grieta.org.mx\/wp-content\/uploads\/2019\/06\/SOL-1068x801.jpeg?resize=700%2C400&ssl=1 2x, https:\/\/i0.wp.com\/www.grieta.org.mx\/wp-content\/uploads\/2019\/06\/SOL-1068x801.jpeg?resize=1050%2C600&ssl=1 3x"},"classes":[]},{"id":34243,"url":"https:\/\/www.grieta.org.mx\/index.php\/2019\/06\/01\/marchan-por-un-ano-de-impunidad-en-el-asesinato-de-maria-del-sol-oaxaca\/","url_meta":{"origin":46492,"position":3},"title":"Marchan por un a\u00f1o de impunidad en el asesinato de Mar\u00eda del Sol (Oaxaca)","author":"grieta","date":"1 junio, 2019","format":false,"excerpt":"Noticias. Nadia Altamirano, Con el grito de Justicia para Sol, una marcha f\u00fanebre recorre esta ma\u00f1ana el andador tur\u00edstico de la ciudad de Oaxaca para exigir un alto a la impunidad por el triple asesinato en Juchit\u00e1n de Zaragoza que este domingo cumple un a\u00f1o. Con una mujer vestida de\u2026","rel":"","context":"En &quot;CINTILLO&quot;","block_context":{"text":"CINTILLO","link":"https:\/\/www.grieta.org.mx\/index.php\/category\/cintillo\/"},"img":{"alt_text":"","src":"https:\/\/i0.wp.com\/www.grieta.org.mx\/wp-content\/uploads\/2019\/06\/whatsapp_image_2019-06-01_at_12.25.19.jpeg?resize=350%2C200&ssl=1","width":350,"height":200,"srcset":"https:\/\/i0.wp.com\/www.grieta.org.mx\/wp-content\/uploads\/2019\/06\/whatsapp_image_2019-06-01_at_12.25.19.jpeg?resize=350%2C200&ssl=1 1x, https:\/\/i0.wp.com\/www.grieta.org.mx\/wp-content\/uploads\/2019\/06\/whatsapp_image_2019-06-01_at_12.25.19.jpeg?resize=525%2C300&ssl=1 1.5x, https:\/\/i0.wp.com\/www.grieta.org.mx\/wp-content\/uploads\/2019\/06\/whatsapp_image_2019-06-01_at_12.25.19.jpeg?resize=700%2C400&ssl=1 2x, https:\/\/i0.wp.com\/www.grieta.org.mx\/wp-content\/uploads\/2019\/06\/whatsapp_image_2019-06-01_at_12.25.19.jpeg?resize=1050%2C600&ssl=1 3x"},"classes":[]},{"id":50476,"url":"https:\/\/www.grieta.org.mx\/index.php\/2020\/06\/05\/exigen-se-inicie-juicio-politico-y-destitucion-del-fiscal-ruben-vasconcelos-por-obstruir-la-justicia-para-sol-oaxaca\/","url_meta":{"origin":46492,"position":4},"title":"Exigen se inicie juicio pol\u00edtico y destituci\u00f3n del fiscal Rub\u00e9n Vasconcelos por obstruir la justicia para Sol (Oaxaca)","author":"grieta","date":"5 junio, 2020","format":false,"excerpt":"P\u00e1gina 3 \/ Pedro Mat\u00edas. OAXACA, Oax.- Casi un centenar de organizaciones exigieron al Congreso del Estado de Oaxaca que inicie un juicio pol\u00edtico y la destituci\u00f3n del fiscal General de Justicia de Oaxaca, Rub\u00e9n Vasconcelos M\u00e9ndez, porque a dos a\u00f1os del asesinato de la fotoperiodista Mar\u00eda del Sol Cruz\u2026","rel":"","context":"En &quot;CINTILLO&quot;","block_context":{"text":"CINTILLO","link":"https:\/\/www.grieta.org.mx\/index.php\/category\/cintillo\/"},"img":{"alt_text":"","src":"https:\/\/i0.wp.com\/www.grieta.org.mx\/wp-content\/uploads\/2018\/03\/14524434_1106112876131411_958039263622046936_o.jpg?resize=350%2C200&ssl=1","width":350,"height":200,"srcset":"https:\/\/i0.wp.com\/www.grieta.org.mx\/wp-content\/uploads\/2018\/03\/14524434_1106112876131411_958039263622046936_o.jpg?resize=350%2C200&ssl=1 1x, https:\/\/i0.wp.com\/www.grieta.org.mx\/wp-content\/uploads\/2018\/03\/14524434_1106112876131411_958039263622046936_o.jpg?resize=525%2C300&ssl=1 1.5x, https:\/\/i0.wp.com\/www.grieta.org.mx\/wp-content\/uploads\/2018\/03\/14524434_1106112876131411_958039263622046936_o.jpg?resize=700%2C400&ssl=1 2x"},"classes":[]},{"id":35281,"url":"https:\/\/www.grieta.org.mx\/index.php\/2019\/06\/22\/feministas-reinstalan-carteles-mutilados-que-pedian-justicia-al-asesinato-de-sol-oaxaca\/","url_meta":{"origin":46492,"position":5},"title":"Feministas reinstalan carteles mutilados que ped\u00edan justicia al asesinato de Sol (Oaxaca)","author":"grieta","date":"22 junio, 2019","format":false,"excerpt":"P\u00e1gina 3. Redacci\u00f3n, El 20 de junio, Feministas de Oaxaca reinstalaron las lonas en espectaculares que exig\u00edan justicia respecto al feminicidio de la fotoperiodista Maria del Sol Cruz Jarqu\u00edn. La madre de Mar\u00eda del Sol, Soledad Jarqu\u00edn Edgar, logr\u00f3 con el apoyo de diferentes organizaciones que pusieran tres espectaculares que\u2026","rel":"","context":"En &quot;CINTILLO&quot;","block_context":{"text":"CINTILLO","link":"https:\/\/www.grieta.org.mx\/index.php\/category\/cintillo\/"},"img":{"alt_text":"","src":"https:\/\/i0.wp.com\/www.grieta.org.mx\/wp-content\/uploads\/2019\/06\/MAria-del-sol.jpeg?resize=350%2C200&ssl=1","width":350,"height":200,"srcset":"https:\/\/i0.wp.com\/www.grieta.org.mx\/wp-content\/uploads\/2019\/06\/MAria-del-sol.jpeg?resize=350%2C200&ssl=1 1x, https:\/\/i0.wp.com\/www.grieta.org.mx\/wp-content\/uploads\/2019\/06\/MAria-del-sol.jpeg?resize=525%2C300&ssl=1 1.5x, https:\/\/i0.wp.com\/www.grieta.org.mx\/wp-content\/uploads\/2019\/06\/MAria-del-sol.jpeg?resize=700%2C400&ssl=1 2x"},"classes":[]}],"_links":{"self":[{"href":"https:\/\/www.grieta.org.mx\/index.php\/wp-json\/wp\/v2\/posts\/46492","targetHints":{"allow":["GET"]}}],"collection":[{"href":"https:\/\/www.grieta.org.mx\/index.php\/wp-json\/wp\/v2\/posts"}],"about":[{"href":"https:\/\/www.grieta.org.mx\/index.php\/wp-json\/wp\/v2\/types\/post"}],"author":[{"embeddable":true,"href":"https:\/\/www.grieta.org.mx\/index.php\/wp-json\/wp\/v2\/users\/2"}],"replies":[{"embeddable":true,"href":"https:\/\/www.grieta.org.mx\/index.php\/wp-json\/wp\/v2\/comments?post=46492"}],"version-history":[{"count":1,"href":"https:\/\/www.grieta.org.mx\/index.php\/wp-json\/wp\/v2\/posts\/46492\/revisions"}],"predecessor-version":[{"id":46495,"href":"https:\/\/www.grieta.org.mx\/index.php\/wp-json\/wp\/v2\/posts\/46492\/revisions\/46495"}],"wp:featuredmedia":[{"embeddable":true,"href":"https:\/\/www.grieta.org.mx\/index.php\/wp-json\/wp\/v2\/media\/21928"}],"wp:attachment":[{"href":"https:\/\/www.grieta.org.mx\/index.php\/wp-json\/wp\/v2\/media?parent=46492"}],"wp:term":[{"taxonomy":"category","embeddable":true,"href":"https:\/\/www.grieta.org.mx\/index.php\/wp-json\/wp\/v2\/categories?post=46492"},{"taxonomy":"post_tag","embeddable":true,"href":"https:\/\/www.grieta.org.mx\/index.php\/wp-json\/wp\/v2\/tags?post=46492"}],"curies":[{"name":"wp","href":"https:\/\/api.w.org\/{rel}","templated":true}]}}