{"id":46480,"date":"2020-03-13T17:47:03","date_gmt":"2020-03-13T23:47:03","guid":{"rendered":"http:\/\/www.grieta.org.mx\/?p=46480"},"modified":"2020-03-22T18:12:46","modified_gmt":"2020-03-23T00:12:46","slug":"hallaron-cuatro-fosas-clandestinas-en-la-narcofrontera-de-tamaulipas","status":"publish","type":"post","link":"https:\/\/www.grieta.org.mx\/index.php\/2020\/03\/13\/hallaron-cuatro-fosas-clandestinas-en-la-narcofrontera-de-tamaulipas\/","title":{"rendered":"Hallaron cuatro fosas clandestinas en la narcofrontera de Tamaulipas"},"content":{"rendered":"<p>Redacci\u00f3n\/Infobae<br \/>\n13 marzo 2020<\/p>\n<blockquote><p>Datos de varias ONG se\u00f1alan que de 61,637 desapariciones registradas oficialmente entre 2006 y 2018<\/p><\/blockquote>\n<p><img loading=\"lazy\" decoding=\"async\" data-attachment-id=\"46481\" data-permalink=\"https:\/\/www.grieta.org.mx\/index.php\/2020\/03\/13\/hallaron-cuatro-fosas-clandestinas-en-la-narcofrontera-de-tamaulipas\/fosa-clandestina\/\" data-orig-file=\"https:\/\/www.grieta.org.mx\/wp-content\/uploads\/2020\/03\/fosa-clandestina.png\" data-orig-size=\"675,478\" data-comments-opened=\"0\" data-image-meta=\"{&quot;aperture&quot;:&quot;0&quot;,&quot;credit&quot;:&quot;&quot;,&quot;camera&quot;:&quot;&quot;,&quot;caption&quot;:&quot;&quot;,&quot;created_timestamp&quot;:&quot;0&quot;,&quot;copyright&quot;:&quot;&quot;,&quot;focal_length&quot;:&quot;0&quot;,&quot;iso&quot;:&quot;0&quot;,&quot;shutter_speed&quot;:&quot;0&quot;,&quot;title&quot;:&quot;&quot;,&quot;orientation&quot;:&quot;0&quot;}\" data-image-title=\"fosa clandestina\" data-image-description=\"\" data-image-caption=\"\" data-medium-file=\"https:\/\/www.grieta.org.mx\/wp-content\/uploads\/2020\/03\/fosa-clandestina-300x212.png\" data-large-file=\"https:\/\/www.grieta.org.mx\/wp-content\/uploads\/2020\/03\/fosa-clandestina.png\" class=\"aligncenter size-full wp-image-46481\" src=\"http:\/\/www.grieta.org.mx\/wp-content\/uploads\/2020\/03\/fosa-clandestina.png\" alt=\"\" width=\"675\" height=\"478\" srcset=\"https:\/\/www.grieta.org.mx\/wp-content\/uploads\/2020\/03\/fosa-clandestina.png 675w, https:\/\/www.grieta.org.mx\/wp-content\/uploads\/2020\/03\/fosa-clandestina-300x212.png 300w\" sizes=\"auto, (max-width: 675px) 100vw, 675px\" \/><\/p>\n<p>Las autoridades del estado mexicano de Tamaulipas (noreste) informaron este jueves del hallazgo de restos humanos en cuatro fosas clandestinas en Reynosa, en la frontera con Estados Unidos.<\/p>\n<p>Las fosas fueron descubiertas en un paraje solitario al final de una zona urbana de Reynosa a ra\u00edz de una llamada an\u00f3nima recibida por la Polic\u00eda de Tamaulipas, indicaron las autoridades en un comunicado.<\/p>\n<p>De acuerdo con los primeros reportes de las autoridades, esta \u00e1rea era utilizada por grupos de criminales como un cementerio clandestino y fue descubierta por el olor que hab\u00eda en el lugar.<\/p>\n<p>Las autoridades llegaron al lugar junto con personal de servicios periciales y del servicio m\u00e9dico forense, apoyados por la Guardia Nacional, que se encarg\u00f3 de vigilar el \u00e1rea durante los trabajos.<\/p>\n<p><img loading=\"lazy\" decoding=\"async\" data-attachment-id=\"46535\" data-permalink=\"https:\/\/www.grieta.org.mx\/index.php\/2020\/03\/13\/hallaron-cuatro-fosas-clandestinas-en-la-narcofrontera-de-tamaulipas\/crim\/\" data-orig-file=\"https:\/\/www.grieta.org.mx\/wp-content\/uploads\/2020\/03\/crim.png\" data-orig-size=\"733,482\" data-comments-opened=\"0\" data-image-meta=\"{&quot;aperture&quot;:&quot;0&quot;,&quot;credit&quot;:&quot;&quot;,&quot;camera&quot;:&quot;&quot;,&quot;caption&quot;:&quot;&quot;,&quot;created_timestamp&quot;:&quot;0&quot;,&quot;copyright&quot;:&quot;&quot;,&quot;focal_length&quot;:&quot;0&quot;,&quot;iso&quot;:&quot;0&quot;,&quot;shutter_speed&quot;:&quot;0&quot;,&quot;title&quot;:&quot;&quot;,&quot;orientation&quot;:&quot;0&quot;}\" data-image-title=\"crim\" data-image-description=\"\" data-image-caption=\"\" data-medium-file=\"https:\/\/www.grieta.org.mx\/wp-content\/uploads\/2020\/03\/crim-300x197.png\" data-large-file=\"https:\/\/www.grieta.org.mx\/wp-content\/uploads\/2020\/03\/crim.png\" src=\"http:\/\/www.grieta.org.mx\/wp-content\/uploads\/2020\/03\/crim.png\" alt=\"\" width=\"733\" height=\"482\" class=\"aligncenter size-full wp-image-46535\" srcset=\"https:\/\/www.grieta.org.mx\/wp-content\/uploads\/2020\/03\/crim.png 733w, https:\/\/www.grieta.org.mx\/wp-content\/uploads\/2020\/03\/crim-300x197.png 300w\" sizes=\"auto, (max-width: 733px) 100vw, 733px\" \/><\/p>\n<p>Las autoridades localizaron cuatro fosas clandestinas localizadas, en dos de las cuales se encontraron restos humanos correspondientes de al menos dos cuerpos.<\/p>\n<p>Las otras dos fosas se encontraban vac\u00edas por lo que se procedi\u00f3 a taparlas, explicaron.<\/p>\n<p>Durante la revisi\u00f3n del \u00e1rea aleda\u00f1a se hallaron fragmentos de hueso, presuntamente de una tercera persona, aunque esto ser\u00e1 verificado con las pruebas cl\u00ednicas adecuadas, indicaron las fuentes.<\/p>\n<p>Los restos ser\u00e1n llevados al servicio m\u00e9dico forense, donde se practicar\u00e1n pruebas de ADN para cotejarlas con el banco de datos de personas desaparecidas.<\/p>\n<p><img loading=\"lazy\" decoding=\"async\" data-attachment-id=\"46536\" data-permalink=\"https:\/\/www.grieta.org.mx\/index.php\/2020\/03\/13\/hallaron-cuatro-fosas-clandestinas-en-la-narcofrontera-de-tamaulipas\/zetas\/\" data-orig-file=\"https:\/\/www.grieta.org.mx\/wp-content\/uploads\/2020\/03\/zetas.png\" data-orig-size=\"734,482\" data-comments-opened=\"0\" data-image-meta=\"{&quot;aperture&quot;:&quot;0&quot;,&quot;credit&quot;:&quot;&quot;,&quot;camera&quot;:&quot;&quot;,&quot;caption&quot;:&quot;&quot;,&quot;created_timestamp&quot;:&quot;0&quot;,&quot;copyright&quot;:&quot;&quot;,&quot;focal_length&quot;:&quot;0&quot;,&quot;iso&quot;:&quot;0&quot;,&quot;shutter_speed&quot;:&quot;0&quot;,&quot;title&quot;:&quot;&quot;,&quot;orientation&quot;:&quot;0&quot;}\" data-image-title=\"zetas\" data-image-description=\"\" data-image-caption=\"\" data-medium-file=\"https:\/\/www.grieta.org.mx\/wp-content\/uploads\/2020\/03\/zetas-300x197.png\" data-large-file=\"https:\/\/www.grieta.org.mx\/wp-content\/uploads\/2020\/03\/zetas.png\" src=\"http:\/\/www.grieta.org.mx\/wp-content\/uploads\/2020\/03\/zetas.png\" alt=\"\" width=\"734\" height=\"482\" class=\"aligncenter size-full wp-image-46536\" srcset=\"https:\/\/www.grieta.org.mx\/wp-content\/uploads\/2020\/03\/zetas.png 734w, https:\/\/www.grieta.org.mx\/wp-content\/uploads\/2020\/03\/zetas-300x197.png 300w\" sizes=\"auto, (max-width: 734px) 100vw, 734px\" \/><\/p>\n<p>En octubre pasado tambi\u00e9n fueron halladas fosas clandestinas en Reynosa, cerca de uno de los puentes fronterizos de esta ciudad con Hidalgo, Texas (EEUU).<\/p>\n<p>Datos de varias ONG se\u00f1alan que de 61,637 desapariciones registradas oficialmente entre 2006 y 2018, 5,862 tuvieron lugar en Tamaulipas, donde los carteles de Los Zetas y del Golfo se disputan el control del tr\u00e1fico de droga.<\/p>\n<p>Seg\u00fan fuentes oficiales, los Zetas han dejado de operar en otros estados para centrarse en Tamaulipas; mientras el cartel del Golfo se ha ramificado en grupos como los Rojos o los Pelones.<\/p>\n<blockquote><p>C\u00f3mo se convirti\u00f3 M\u00e9xico en un cementerio gigante: as\u00ed es el horror de las fosas clandestinas<\/p><\/blockquote>\n<p><img loading=\"lazy\" decoding=\"async\" data-attachment-id=\"46537\" data-permalink=\"https:\/\/www.grieta.org.mx\/index.php\/2020\/03\/13\/hallaron-cuatro-fosas-clandestinas-en-la-narcofrontera-de-tamaulipas\/fosas-5\/\" data-orig-file=\"https:\/\/www.grieta.org.mx\/wp-content\/uploads\/2020\/03\/fosas.png\" data-orig-size=\"681,472\" data-comments-opened=\"0\" data-image-meta=\"{&quot;aperture&quot;:&quot;0&quot;,&quot;credit&quot;:&quot;&quot;,&quot;camera&quot;:&quot;&quot;,&quot;caption&quot;:&quot;&quot;,&quot;created_timestamp&quot;:&quot;0&quot;,&quot;copyright&quot;:&quot;&quot;,&quot;focal_length&quot;:&quot;0&quot;,&quot;iso&quot;:&quot;0&quot;,&quot;shutter_speed&quot;:&quot;0&quot;,&quot;title&quot;:&quot;&quot;,&quot;orientation&quot;:&quot;0&quot;}\" data-image-title=\"fosas\" data-image-description=\"\" data-image-caption=\"\" data-medium-file=\"https:\/\/www.grieta.org.mx\/wp-content\/uploads\/2020\/03\/fosas-300x208.png\" data-large-file=\"https:\/\/www.grieta.org.mx\/wp-content\/uploads\/2020\/03\/fosas.png\" src=\"http:\/\/www.grieta.org.mx\/wp-content\/uploads\/2020\/03\/fosas.png\" alt=\"\" width=\"681\" height=\"472\" class=\"aligncenter size-full wp-image-46537\" srcset=\"https:\/\/www.grieta.org.mx\/wp-content\/uploads\/2020\/03\/fosas.png 681w, https:\/\/www.grieta.org.mx\/wp-content\/uploads\/2020\/03\/fosas-300x208.png 300w\" sizes=\"auto, (max-width: 681px) 100vw, 681px\" \/><\/p>\n<p>Desde hace 14 a\u00f1os, cuando comenz\u00f3 la llamada \u201cguerra contra el narcotr\u00e1fico\u201d en el sexenio de Felipe Calder\u00f3n, M\u00e9xico se convirti\u00f3 en un cementerio. Y desde ese momento a la fecha, han sido constantes las noticias de hallazgos de fosas clandestinas.<\/p>\n<p>Los descubrimientos del horror han ocurrido lo mismo en Veracruz, Jalisco, Tamaulipas, Michoac\u00e1n, Sinaloa y Guanajuato, que en estados como San Luis Potos\u00ed, en donde este fin de semana fue encontrada una fosa clandestina con los restos \u00f3seos de 16 personas, en la comunidad que ir\u00f3nicamente, lleva por nombre Matanzas, en el municipio de Moctezuma.<\/p>\n<p>El pasado 20 de febrero fueron encontrada una fosa clandestina y varios veh\u00edculos abandonados (la mayor\u00eda con reporte de robo) en una zona conocida como \u201cHoyo de San Isidro\u201d en el municipio de Morole\u00f3n, en el convulso estado de Guanajuato.<\/p>\n<p>Cuando los polic\u00edas llegaron al lugar en busca de evidencias, encontraron los restos de una gran fogata y mont\u00edculos con tierra removida, adem\u00e1s de que encontraron restos humanos calcinados. Luego de varios d\u00edas de b\u00fasqueda, fueron hallados los cuerpos de al menos diez personas que hab\u00edan sido inhumadas clandestinamente en el lugar.<\/p>\n<p><img loading=\"lazy\" decoding=\"async\" data-attachment-id=\"46538\" data-permalink=\"https:\/\/www.grieta.org.mx\/index.php\/2020\/03\/13\/hallaron-cuatro-fosas-clandestinas-en-la-narcofrontera-de-tamaulipas\/fosas-2-3\/\" data-orig-file=\"https:\/\/www.grieta.org.mx\/wp-content\/uploads\/2020\/03\/fosas-2.png\" data-orig-size=\"680,507\" data-comments-opened=\"0\" data-image-meta=\"{&quot;aperture&quot;:&quot;0&quot;,&quot;credit&quot;:&quot;&quot;,&quot;camera&quot;:&quot;&quot;,&quot;caption&quot;:&quot;&quot;,&quot;created_timestamp&quot;:&quot;0&quot;,&quot;copyright&quot;:&quot;&quot;,&quot;focal_length&quot;:&quot;0&quot;,&quot;iso&quot;:&quot;0&quot;,&quot;shutter_speed&quot;:&quot;0&quot;,&quot;title&quot;:&quot;&quot;,&quot;orientation&quot;:&quot;0&quot;}\" data-image-title=\"fosas 2\" data-image-description=\"\" data-image-caption=\"\" data-medium-file=\"https:\/\/www.grieta.org.mx\/wp-content\/uploads\/2020\/03\/fosas-2-300x224.png\" data-large-file=\"https:\/\/www.grieta.org.mx\/wp-content\/uploads\/2020\/03\/fosas-2.png\" src=\"http:\/\/www.grieta.org.mx\/wp-content\/uploads\/2020\/03\/fosas-2.png\" alt=\"\" width=\"680\" height=\"507\" class=\"aligncenter size-full wp-image-46538\" srcset=\"https:\/\/www.grieta.org.mx\/wp-content\/uploads\/2020\/03\/fosas-2.png 680w, https:\/\/www.grieta.org.mx\/wp-content\/uploads\/2020\/03\/fosas-2-300x224.png 300w, https:\/\/www.grieta.org.mx\/wp-content\/uploads\/2020\/03\/fosas-2-671x500.png 671w\" sizes=\"auto, (max-width: 680px) 100vw, 680px\" \/><\/p>\n<p>De acuerdo con el subsecretario de Derechos Humanos de la Secretar\u00eda de Gobernaci\u00f3n, Alejandro Encinas, hasta diciembre de 2019, los estados de Sinaloa, Colima, Veracruz, Sonora y Jalisco concentraron el 61% de las fosas clandestinas. Mientras que en los \u00faltimos 13 meses se han exhumado 1,124 cuerpos de personas de 873 fosas clandestinas identificadas en todo el pa\u00eds.<\/p>\n<p>Los estados con m\u00e1s cuerpos exhumados fueron Sinaloa, Jalisco, Colima y Chihuahua, donde se hallaron a 825 personas. Del total de cuerpos encontrados, se han identificado a 395 personas, y se ha entregado a sus familiares los restos de 243.<\/p>\n<p>En tanto, Chihuahua, Jalisco, Tamaulipas y Nayarit fueron las entidades con mayor eficacia en identificaci\u00f3n y entrega de restos.<\/p>\n<p>EFE<\/p>\n<p><a href=\"https:\/\/www.infobae.com\/america\/mexico\/2020\/03\/13\/hallaron-cuatro-fosas-clandestinas-en-la-narcofrontera-de-tamaulipas\/\" rel=\"noopener noreferrer\" target=\"_blank\">https:\/\/www.infobae.com\/america\/mexico\/2020\/03\/13\/hallaron-cuatro-fosas-clandestinas-en-la-narcofrontera-de-tamaulipas\/<\/a><\/p>\n","protected":false},"excerpt":{"rendered":"<p>Redacci\u00f3n\/Infobae 13 marzo 2020 Datos de varias ONG se\u00f1alan que de 61,637 desapariciones registradas oficialmente entre 2006 y 2018 Las autoridades del estado mexicano de Tamaulipas (noreste) informaron este jueves &hellip; <a href=\"https:\/\/www.grieta.org.mx\/index.php\/2020\/03\/13\/hallaron-cuatro-fosas-clandestinas-en-la-narcofrontera-de-tamaulipas\/\" class=\"more-link\">Leer m\u00e1s<\/a><\/p>\n","protected":false},"author":2,"featured_media":46481,"comment_status":"closed","ping_status":"closed","sticky":false,"template":"","format":"standard","meta":{"ngg_post_thumbnail":0,"_jetpack_newsletter_access":"","_jetpack_dont_email_post_to_subs":false,"_jetpack_newsletter_tier_id":0,"_jetpack_memberships_contains_paywalled_content":false,"_jetpack_memberships_contains_paid_content":false,"footnotes":""},"categories":[80,87,1197,2,33,83],"tags":[121,856],"class_list":["post-46480","post","type-post","status-publish","format-standard","has-post-thumbnail","hentry","category-cintillo","category-desaparecidos","category-desaparecidos-en-tamaulipas","category-noticias-nacionales","category-tamaulipas","category-temas-nacionales","tag-desaparecidos","tag-fosas-clandestinas","entry"],"jetpack_featured_media_url":"https:\/\/www.grieta.org.mx\/wp-content\/uploads\/2020\/03\/fosa-clandestina.png","jetpack_sharing_enabled":true,"jetpack_shortlink":"https:\/\/wp.me\/p7ZJR4-c5G","jetpack_likes_enabled":false,"jetpack-related-posts":[{"id":31251,"url":"https:\/\/www.grieta.org.mx\/index.php\/2019\/03\/26\/crearan-grupo-para-localizar-y-revisar-fosas-en-la-frontera-tamaulipas\/","url_meta":{"origin":46480,"position":0},"title":"Crear\u00e1n grupo para localizar y revisar fosas en la frontera (Tamaulipas)","author":"grieta","date":"26 marzo, 2019","format":false,"excerpt":"Viviana Cervantes \/ El Ma\u00f1ana Buscar\u00e1 a desaparecidos la Asociaci\u00f3n Justicia Tamaulipas Reynosa, Tam. La Asociaci\u00f3n Justicia Tamaulipas, dedicada a la b\u00fasqueda de personas desaparecidas, crear\u00e1 un grupo especializado para localizar y revisar las fosas clandestinas que est\u00e1n en la zona fronteriza. Giovanni Barrios Moreno, director del organismo, se\u00f1al\u00f3 que\u2026","rel":"","context":"En &quot;CINTILLO&quot;","block_context":{"text":"CINTILLO","link":"https:\/\/www.grieta.org.mx\/index.php\/category\/cintillo\/"},"img":{"alt_text":"","src":"https:\/\/i0.wp.com\/www.grieta.org.mx\/wp-content\/uploads\/2019\/03\/Crear%C3%A1n-grupo-para-localizar-y-revisar-fosas-en-la-frontera-tama-mzo-300x158.jpg?resize=350%2C200","width":350,"height":200},"classes":[]},{"id":38380,"url":"https:\/\/www.grieta.org.mx\/index.php\/2019\/08\/01\/tamaulipas-con-2-mil-cuerpos-sin-identificar-en-fosas-clandestinas\/","url_meta":{"origin":46480,"position":1},"title":"Tamaulipas, con 2 mil cuerpos sin identificar en fosas clandestinas","author":"grieta","date":"1 agosto, 2019","format":false,"excerpt":"Arnoldo Garc\u00eda \/ La Silla Rota Cd. Victoria, Tam.- Los trabajos de b\u00fasqueda de cuerpos y restos humanos en fosas clandestinas son in\u00fatiles cuando existen en Tamaulipas m\u00e1s de dos mil cuerpos sin identificar en fosas comunes. Este d\u00eda se inici\u00f3 en Reynosa la b\u00fasqueda de desaparecidos por parte de\u2026","rel":"","context":"En &quot;CINTILLO&quot;","block_context":{"text":"CINTILLO","link":"https:\/\/www.grieta.org.mx\/index.php\/category\/cintillo\/"},"img":{"alt_text":"","src":"https:\/\/i0.wp.com\/www.grieta.org.mx\/wp-content\/uploads\/2019\/08\/tamaulipas-focus-0-0-983-557.jpg?resize=350%2C200&ssl=1","width":350,"height":200,"srcset":"https:\/\/i0.wp.com\/www.grieta.org.mx\/wp-content\/uploads\/2019\/08\/tamaulipas-focus-0-0-983-557.jpg?resize=350%2C200&ssl=1 1x, https:\/\/i0.wp.com\/www.grieta.org.mx\/wp-content\/uploads\/2019\/08\/tamaulipas-focus-0-0-983-557.jpg?resize=525%2C300&ssl=1 1.5x, https:\/\/i0.wp.com\/www.grieta.org.mx\/wp-content\/uploads\/2019\/08\/tamaulipas-focus-0-0-983-557.jpg?resize=700%2C400&ssl=1 2x"},"classes":[]},{"id":34620,"url":"https:\/\/www.grieta.org.mx\/index.php\/2019\/06\/10\/destaca-tamaulipas-por-fosas-clandestinas\/","url_meta":{"origin":46480,"position":2},"title":"\u201cDestaca\u201d Tamaulipas por fosas clandestinas.","author":"grieta","date":"10 junio, 2019","format":false,"excerpt":"Noticentro Tamaulipas encabeza un grupo de cinco Estados donde se ha localizado el mayor n\u00famero de fosas clandestinas en el pa\u00eds. De acuerdo con una investigaci\u00f3n realizada por la Comisi\u00f3n Mexicana de Defensa y Promoci\u00f3n de los Derechos Humanos, denominada, \u201cSituaci\u00f3n de las Fosas Clandestinas\u201d en M\u00e9xico, esas mismas cinco\u2026","rel":"","context":"En &quot;CINTILLO&quot;","block_context":{"text":"CINTILLO","link":"https:\/\/www.grieta.org.mx\/index.php\/category\/cintillo\/"},"img":{"alt_text":"","src":"https:\/\/i0.wp.com\/www.grieta.org.mx\/wp-content\/uploads\/2019\/06\/%E2%80%9CDestaca%E2%80%9D-Tamaulipas-por-fosas-clandestinas.-tama-jun.jpg?resize=350%2C200&ssl=1","width":350,"height":200,"srcset":"https:\/\/i0.wp.com\/www.grieta.org.mx\/wp-content\/uploads\/2019\/06\/%E2%80%9CDestaca%E2%80%9D-Tamaulipas-por-fosas-clandestinas.-tama-jun.jpg?resize=350%2C200&ssl=1 1x, https:\/\/i0.wp.com\/www.grieta.org.mx\/wp-content\/uploads\/2019\/06\/%E2%80%9CDestaca%E2%80%9D-Tamaulipas-por-fosas-clandestinas.-tama-jun.jpg?resize=525%2C300&ssl=1 1.5x"},"classes":[]},{"id":33490,"url":"https:\/\/www.grieta.org.mx\/index.php\/2019\/05\/13\/piden-a-cdv-declarar-a-tamaulipas-en-emergencia-estatal-forense\/","url_meta":{"origin":46480,"position":3},"title":"Piden a CDV declarar a Tamaulipas en emergencia estatal forense","author":"grieta","date":"13 mayo, 2019","format":false,"excerpt":"Lupita \u00c1lvarez \/ Gaceta Cd. Victoria, Tamaulipas.- El Colectivo de Familiares y Amigos de Personas Desaparecidas pidi\u00f3 al gobernador Francisco Garc\u00eda Cabeza de Vaca declarar a Tamaulipas en emergencia estatal forense, considerando que la Procuradur\u00eda General de Justicia del Estado tiene ocho mil cuerpos que no ha podido identificar. El\u2026","rel":"","context":"En &quot;CINTILLO&quot;","block_context":{"text":"CINTILLO","link":"https:\/\/www.grieta.org.mx\/index.php\/category\/cintillo\/"},"img":{"alt_text":"","src":"https:\/\/i0.wp.com\/www.grieta.org.mx\/wp-content\/uploads\/2019\/05\/Piden-a-CDV-declarar-a-Tamaulipas-en-emergencia-estatal-forense-tama-may.jpg?resize=350%2C200","width":350,"height":200},"classes":[]},{"id":30194,"url":"https:\/\/www.grieta.org.mx\/index.php\/2019\/03\/03\/escarban-fosas-clandestinas-con-sus-manos-tamaulipas\/","url_meta":{"origin":46480,"position":4},"title":"Escarban fosas clandestinas con sus manos (Tamaulipas)","author":"grieta","date":"3 marzo, 2019","format":false,"excerpt":"Redacci\u00f3n \/ Tabasco Hoy Familiares de desaparecidos exhuman los restos de personas en Tamaulipas, producto de la guerra entre grupos criminales. 03\/03\/2019 08:45 \/ Ciudad de M\u00e9xico Con sus propias manos, los familiares de desaparecidos trabajan para exhumar restos de personas de tres fosas clandestinas en el norte\u00f1o estado de\u2026","rel":"","context":"En &quot;CINTILLO&quot;","block_context":{"text":"CINTILLO","link":"https:\/\/www.grieta.org.mx\/index.php\/category\/cintillo\/"},"img":{"alt_text":"","src":"https:\/\/i0.wp.com\/www.grieta.org.mx\/wp-content\/uploads\/2019\/03\/Escarban-fosas-clandestinas-con-sus-manos-tama-mzo.jpg?resize=350%2C200&ssl=1","width":350,"height":200,"srcset":"https:\/\/i0.wp.com\/www.grieta.org.mx\/wp-content\/uploads\/2019\/03\/Escarban-fosas-clandestinas-con-sus-manos-tama-mzo.jpg?resize=350%2C200&ssl=1 1x, https:\/\/i0.wp.com\/www.grieta.org.mx\/wp-content\/uploads\/2019\/03\/Escarban-fosas-clandestinas-con-sus-manos-tama-mzo.jpg?resize=525%2C300&ssl=1 1.5x, https:\/\/i0.wp.com\/www.grieta.org.mx\/wp-content\/uploads\/2019\/03\/Escarban-fosas-clandestinas-con-sus-manos-tama-mzo.jpg?resize=700%2C400&ssl=1 2x"},"classes":[]},{"id":60683,"url":"https:\/\/www.grieta.org.mx\/index.php\/2021\/07\/15\/hallan-21-cuerpos-en-fosa-comun-de-reynosa-tamaulipas\/","url_meta":{"origin":46480,"position":5},"title":"Hallan 21 cuerpos en fosa com\u00fan de Reynosa, Tamaulipas","author":"grieta","date":"15 julio, 2021","format":false,"excerpt":"Sandra Tovar\/El Universal 15 julio 2021 Los cuerpos fueron encontrados envueltos en cobijas, atados de pies y manos con alambres, desmembrados o embolsados Reynosa, Tamaulipas.- La b\u00fasqueda de tres salvadore\u00f1os desaparecidos, devel\u00f3 los restos de 21 cuerpos en una fosa com\u00fan del pante\u00f3n municipal Sagrado Coraz\u00f3n en Reynosa, Tamaulipas. Autoridades\u2026","rel":"","context":"En &quot;CINTILLO&quot;","block_context":{"text":"CINTILLO","link":"https:\/\/www.grieta.org.mx\/index.php\/category\/cintillo\/"},"img":{"alt_text":"","src":"https:\/\/i0.wp.com\/www.grieta.org.mx\/wp-content\/uploads\/2021\/07\/balas.jpeg?resize=350%2C200&ssl=1","width":350,"height":200,"srcset":"https:\/\/i0.wp.com\/www.grieta.org.mx\/wp-content\/uploads\/2021\/07\/balas.jpeg?resize=350%2C200&ssl=1 1x, https:\/\/i0.wp.com\/www.grieta.org.mx\/wp-content\/uploads\/2021\/07\/balas.jpeg?resize=525%2C300&ssl=1 1.5x, https:\/\/i0.wp.com\/www.grieta.org.mx\/wp-content\/uploads\/2021\/07\/balas.jpeg?resize=700%2C400&ssl=1 2x, https:\/\/i0.wp.com\/www.grieta.org.mx\/wp-content\/uploads\/2021\/07\/balas.jpeg?resize=1050%2C600&ssl=1 3x"},"classes":[]}],"_links":{"self":[{"href":"https:\/\/www.grieta.org.mx\/index.php\/wp-json\/wp\/v2\/posts\/46480","targetHints":{"allow":["GET"]}}],"collection":[{"href":"https:\/\/www.grieta.org.mx\/index.php\/wp-json\/wp\/v2\/posts"}],"about":[{"href":"https:\/\/www.grieta.org.mx\/index.php\/wp-json\/wp\/v2\/types\/post"}],"author":[{"embeddable":true,"href":"https:\/\/www.grieta.org.mx\/index.php\/wp-json\/wp\/v2\/users\/2"}],"replies":[{"embeddable":true,"href":"https:\/\/www.grieta.org.mx\/index.php\/wp-json\/wp\/v2\/comments?post=46480"}],"version-history":[{"count":1,"href":"https:\/\/www.grieta.org.mx\/index.php\/wp-json\/wp\/v2\/posts\/46480\/revisions"}],"predecessor-version":[{"id":46539,"href":"https:\/\/www.grieta.org.mx\/index.php\/wp-json\/wp\/v2\/posts\/46480\/revisions\/46539"}],"wp:featuredmedia":[{"embeddable":true,"href":"https:\/\/www.grieta.org.mx\/index.php\/wp-json\/wp\/v2\/media\/46481"}],"wp:attachment":[{"href":"https:\/\/www.grieta.org.mx\/index.php\/wp-json\/wp\/v2\/media?parent=46480"}],"wp:term":[{"taxonomy":"category","embeddable":true,"href":"https:\/\/www.grieta.org.mx\/index.php\/wp-json\/wp\/v2\/categories?post=46480"},{"taxonomy":"post_tag","embeddable":true,"href":"https:\/\/www.grieta.org.mx\/index.php\/wp-json\/wp\/v2\/tags?post=46480"}],"curies":[{"name":"wp","href":"https:\/\/api.w.org\/{rel}","templated":true}]}}