{"id":46452,"date":"2020-03-09T12:26:09","date_gmt":"2020-03-09T18:26:09","guid":{"rendered":"http:\/\/www.grieta.org.mx\/?p=46452"},"modified":"2020-03-21T12:33:51","modified_gmt":"2020-03-21T18:33:51","slug":"9-de-marzo-un-dia-sin-mujeres-en-san-luis-potosi","status":"publish","type":"post","link":"https:\/\/www.grieta.org.mx\/index.php\/2020\/03\/09\/9-de-marzo-un-dia-sin-mujeres-en-san-luis-potosi\/","title":{"rendered":"9 de Marzo, un d\u00eda sin Mujeres En San Luis Potosi"},"content":{"rendered":"<p>Alejandra Ruiz\/El Sol de San Luis<br \/>\n9 marzo 2020<\/p>\n<blockquote><p>27% son jefas de familia, 38% poblaci\u00f3n activa formal, 55% se sumaran a la iniciativa. En violencia a la mujer, primero, la capital, segundo, Matehuala y tercero, Ciudad Valles<\/p><\/blockquote>\n<p><img loading=\"lazy\" decoding=\"async\" data-attachment-id=\"46453\" data-permalink=\"https:\/\/www.grieta.org.mx\/index.php\/2020\/03\/09\/9-de-marzo-un-dia-sin-mujeres-en-san-luis-potosi\/un-dia-sin-mujeres\/\" data-orig-file=\"https:\/\/www.grieta.org.mx\/wp-content\/uploads\/2020\/03\/un-dia-sin-mujeres.png\" data-orig-size=\"737,506\" data-comments-opened=\"0\" data-image-meta=\"{&quot;aperture&quot;:&quot;0&quot;,&quot;credit&quot;:&quot;&quot;,&quot;camera&quot;:&quot;&quot;,&quot;caption&quot;:&quot;&quot;,&quot;created_timestamp&quot;:&quot;0&quot;,&quot;copyright&quot;:&quot;&quot;,&quot;focal_length&quot;:&quot;0&quot;,&quot;iso&quot;:&quot;0&quot;,&quot;shutter_speed&quot;:&quot;0&quot;,&quot;title&quot;:&quot;&quot;,&quot;orientation&quot;:&quot;0&quot;}\" data-image-title=\"un dia sin mujeres\" data-image-description=\"\" data-image-caption=\"\" data-medium-file=\"https:\/\/www.grieta.org.mx\/wp-content\/uploads\/2020\/03\/un-dia-sin-mujeres-300x206.png\" data-large-file=\"https:\/\/www.grieta.org.mx\/wp-content\/uploads\/2020\/03\/un-dia-sin-mujeres.png\" src=\"http:\/\/www.grieta.org.mx\/wp-content\/uploads\/2020\/03\/un-dia-sin-mujeres.png\" alt=\"\" width=\"737\" height=\"506\" class=\"aligncenter size-full wp-image-46453\" srcset=\"https:\/\/www.grieta.org.mx\/wp-content\/uploads\/2020\/03\/un-dia-sin-mujeres.png 737w, https:\/\/www.grieta.org.mx\/wp-content\/uploads\/2020\/03\/un-dia-sin-mujeres-300x206.png 300w, https:\/\/www.grieta.org.mx\/wp-content\/uploads\/2020\/03\/un-dia-sin-mujeres-728x500.png 728w\" sizes=\"auto, (max-width: 737px) 100vw, 737px\" \/><\/p>\n<p>A trav\u00e9s de una convocatoria realizada a nivel nacional por diversas colectivas feministas y organizaciones, el d\u00eda de hoy se lleva a cabo una protesta simb\u00f3lica para concientizar a la poblaci\u00f3n acerca de la violencia feminicida que aqueja actualmente a M\u00e9xico.<\/p>\n<p>\u201cUn d\u00eda sin mujeres\u201d, es un recordatorio de que miles de mujeres desaparecen alrededor del mundo por diversos contextos, flagelando a familias y comunidades enteras sumergidas en el miedo y el desamparo. Una protesta nacional que ha cimbrado el eco de la sororidad dentro de cada entidad, donde San Luis Potos\u00ed, no es la excepci\u00f3n.<\/p>\n<p>Entre las acciones que se llevar\u00e1n a cabo el d\u00eda de hoy, se contempla que toda mujer que se sume a este paro, no asista a su trabajo y a la escuela, asimismo que se encuentren inactivas en cualquier \u00e1mbito en el que desarrollen sus actividades diarias, de igual manera buscan visibilizar la importancia que tiene el g\u00e9nero femenino, en la din\u00e1mica econ\u00f3mica del pa\u00eds y por ello se les invit\u00f3 a no realizar compras y solicitudes de alg\u00fan servicio, como una manera de evidenciar que ellas tambi\u00e9n son sujetos pol\u00edticos participantes dentro del \u00e1mbito mercantil.<\/p>\n<p>Hasta el momento en la Capital potosina diferentes instituciones tanto educativas, mercantiles, bancos, tiendas y asociaciones se han unido a esta huelga nacional, como un ejercicio reflexivo acerca de la preocupante situaci\u00f3n que viven las mujeres en su entorno diario.<\/p>\n<p>Se prev\u00e9 que el d\u00eda de hoy un 55% de las mujeres de la localidad, se sumen a esta iniciativa, donde el porcentaje restante, ha manifestado que por obligatoriedad no pueden dejar de asistir a sus actividades laborales y escolares, de igual modo madres de familia continuar\u00e1n su arduo trabajo como jefas de un hogar, ya que la mayor\u00eda desenvuelve una maternidad aut\u00f3noma, que les impide no atender las necesidades de sus hijas e hijos, pero a\u00fan as\u00ed han manifestado que desde su trinchera har\u00e1n lo imposible por estar en pie de lucha por sus derechos humanos.<\/p>\n<p>CIFRAS<\/p>\n<p>-Seg\u00fan cifras del INEGI, 27% de los hogares tienen jefatura femenina, es decir, son dirigidos por una mujer (191 mil 193 hogares).<\/p>\n<p>A nivel nacional, 33.5% de las mujeres no unidas de 15 a 54 a\u00f1os que han tenido al menos un hijo nacido vivo, son solteras.<\/p>\n<p>-Hasta finales del 2019, se inform\u00f3 la Fiscal\u00eda General del estado que los municipios con mayor violencia feminicida, son la Capital potosina, para continuar con el municipio de Matehuala y en tercer lugar Ciudad Valles.<\/p>\n<p>-A trav\u00e9s de la Encuesta Nacional sobre la Din\u00e1mica de las Relaciones en los Hogares del INEGI, con la participaci\u00f3n de diversas instituciones interesadas en el estudio de la violencia de g\u00e9nero, 43.9% de las mujeres han sufrido violencia por parte de su actual o \u00faltima pareja, esposo o novio, a lo largo de su relaci\u00f3n.<\/p>\n<p>-A nivel nacional el 78.6% de mujeres que sufrieron violencia f\u00edsica y\/o sexual por parte de su pareja actual o \u00faltima, no solicit\u00f3 apoyo y no present\u00f3 una denuncia. La principal raz\u00f3n por la que no solicitaron ayuda ni denunciaron (28.8%) consider\u00f3 que fue porque se trat\u00f3 de algo sin importancia que no le afect\u00f3; 19.8% por miedo a las consecuencias y 17.3% por verg\u00fcenza.<\/p>\n<p>-4% de mujeres de 15 a\u00f1os y m\u00e1s sufrieron abuso sexual durante su infancia, es decir 4. 4 millones de mujeres a nivel nacional.<\/p>\n<p>-Sobre violencia obst\u00e9trica la prevalencia Nacional de maltrato en los \u00faltimos 5 a\u00f1os fue de 33.4%, mientras que para SLP fue de 33.9%<\/p>\n<p>-La Secretar\u00eda del Empleo y Productividad Laboral del Estado, arroj\u00f3 una investigaci\u00f3n, donde indica que actualmente del total de las mujeres de la entidad, un 38% es poblaci\u00f3n activa laboralmente de manera formal, donde un aproximado del 57% del restante de la poblaci\u00f3n femenina trabaja de manera informal, sin prestaciones ni derechos laborales.<\/p>\n<p><a href=\"https:\/\/www.elsoldesanluis.com.mx\/local\/9-de-marzo-un-dia-sin-mujeres-en-san-luis-potosi-4943551.html\" rel=\"noopener noreferrer\" target=\"_blank\">https:\/\/www.elsoldesanluis.com.mx\/local\/9-de-marzo-un-dia-sin-mujeres-en-san-luis-potosi-4943551.html<\/a><\/p>\n","protected":false},"excerpt":{"rendered":"<p>Alejandra Ruiz\/El Sol de San Luis 9 marzo 2020 27% son jefas de familia, 38% poblaci\u00f3n activa formal, 55% se sumaran a la iniciativa. En violencia a la mujer, primero, &hellip; <a href=\"https:\/\/www.grieta.org.mx\/index.php\/2020\/03\/09\/9-de-marzo-un-dia-sin-mujeres-en-san-luis-potosi\/\" class=\"more-link\">Leer m\u00e1s<\/a><\/p>\n","protected":false},"author":2,"featured_media":46453,"comment_status":"closed","ping_status":"closed","sticky":false,"template":"","format":"standard","meta":{"ngg_post_thumbnail":0,"_jetpack_newsletter_access":"","_jetpack_dont_email_post_to_subs":false,"_jetpack_newsletter_tier_id":0,"_jetpack_memberships_contains_paywalled_content":false,"_jetpack_memberships_contains_paid_content":false,"footnotes":""},"categories":[80,2845,2,29],"tags":[3209,2317,3172],"class_list":["post-46452","post","type-post","status-publish","format-standard","has-post-thumbnail","hentry","category-cintillo","category-movilizacion-en-contra-de-la-violencia-contra-las-mujeres","category-noticias-nacionales","category-san-luis-potosi","tag-lucha-contra-la-violencia-contra-las-mujeres","tag-manifestaciones-de-mujeres","tag-un-dia-sin-mujeres","entry"],"jetpack_featured_media_url":"https:\/\/www.grieta.org.mx\/wp-content\/uploads\/2020\/03\/un-dia-sin-mujeres.png","jetpack_sharing_enabled":true,"jetpack_shortlink":"https:\/\/wp.me\/p7ZJR4-c5e","jetpack_likes_enabled":false,"jetpack-related-posts":[{"id":57544,"url":"https:\/\/www.grieta.org.mx\/index.php\/2021\/03\/09\/con-una-marcha-colectivos-exigen-justicia-en-san-luis-potosi\/","url_meta":{"origin":46452,"position":0},"title":"Con una marcha colectivos exigen justicia en San Luis Potos\u00ed","author":"grieta","date":"9 marzo, 2021","format":false,"excerpt":"Recorrieron calles para hacer alto frente a la Fiscal\u00eda y despu\u00e9s a las Plazas del Carmen y de Armas Norma Rivera\/El Sol de San Luis 9 marzo 2021 Alrededor de 200 feministas independientes y de algunos colectivos, marcharon pac\u00edficamente este lunes exigiendo justicia y seguridad para las mujeres v\u00edctimas de\u2026","rel":"","context":"En &quot;CINTILLO&quot;","block_context":{"text":"CINTILLO","link":"https:\/\/www.grieta.org.mx\/index.php\/category\/cintillo\/"},"img":{"alt_text":"","src":"https:\/\/i0.wp.com\/www.grieta.org.mx\/wp-content\/uploads\/2021\/03\/a-todo-pulmon-marcha-feminista-feministas-colectivo-colectivos.jpg?resize=350%2C200&ssl=1","width":350,"height":200,"srcset":"https:\/\/i0.wp.com\/www.grieta.org.mx\/wp-content\/uploads\/2021\/03\/a-todo-pulmon-marcha-feminista-feministas-colectivo-colectivos.jpg?resize=350%2C200&ssl=1 1x, https:\/\/i0.wp.com\/www.grieta.org.mx\/wp-content\/uploads\/2021\/03\/a-todo-pulmon-marcha-feminista-feministas-colectivo-colectivos.jpg?resize=525%2C300&ssl=1 1.5x, https:\/\/i0.wp.com\/www.grieta.org.mx\/wp-content\/uploads\/2021\/03\/a-todo-pulmon-marcha-feminista-feministas-colectivo-colectivos.jpg?resize=700%2C400&ssl=1 2x"},"classes":[]},{"id":11512,"url":"https:\/\/www.grieta.org.mx\/index.php\/2016\/07\/20\/movilizacion-contra-la-violencia-hacia-las-mujeres-en-san-luis-potosi\/","url_meta":{"origin":46452,"position":1},"title":"Movilizaci\u00f3n contra la violencia hacia las mujeres en San Luis Potosi","author":"grieta","date":"20 julio, 2016","format":false,"excerpt":"07\/07\/16. En SLP, \u201cno se ven\u201d avances contra la violencia contra las mujeres: InmujeresLa Jornada San Luis 25\/05\/16. Mujeres de SL, en marcha contra la violencia machistaLa jornada 25\/05\/16. Realizan marcha contra la violencia machistaEl Sol de San Luis","rel":"","context":"En &quot;San Luis Potos\u00ed&quot;","block_context":{"text":"San Luis Potos\u00ed","link":"https:\/\/www.grieta.org.mx\/index.php\/category\/noticias-nacionales\/san-luis-potosi\/"},"img":{"alt_text":"","src":"https:\/\/i0.wp.com\/www.grieta.org.mx\/wp-content\/uploads\/2018\/03\/14524434_1106112876131411_958039263622046936_o.jpg?resize=350%2C200&ssl=1","width":350,"height":200,"srcset":"https:\/\/i0.wp.com\/www.grieta.org.mx\/wp-content\/uploads\/2018\/03\/14524434_1106112876131411_958039263622046936_o.jpg?resize=350%2C200&ssl=1 1x, https:\/\/i0.wp.com\/www.grieta.org.mx\/wp-content\/uploads\/2018\/03\/14524434_1106112876131411_958039263622046936_o.jpg?resize=525%2C300&ssl=1 1.5x, https:\/\/i0.wp.com\/www.grieta.org.mx\/wp-content\/uploads\/2018\/03\/14524434_1106112876131411_958039263622046936_o.jpg?resize=700%2C400&ssl=1 2x"},"classes":[]},{"id":45553,"url":"https:\/\/www.grieta.org.mx\/index.php\/2020\/02\/27\/colectivas-feministas-convocan-a-la-marcha-8m-en-san-luis-potosi\/","url_meta":{"origin":46452,"position":2},"title":"Colectivas feministas convocan a la Marcha 8M en San Luis Potos\u00ed","author":"grieta","date":"27 febrero, 2020","format":false,"excerpt":"Redacci\u00f3n\/C\u00f3digo San Luis 27 febrero 2020 Se planea una serie de actividades desde el primer d\u00eda de marzo. No se permitir\u00e1 que hombres participen en los eventos, es \u00fanicamente para mujeres. Las colectivas feministas que organizan, no hacen menci\u00f3n del Paro Nacional de Mujeres. Colectivas feministas de la capital potosina,\u2026","rel":"","context":"En &quot;CINTILLO&quot;","block_context":{"text":"CINTILLO","link":"https:\/\/www.grieta.org.mx\/index.php\/category\/cintillo\/"},"img":{"alt_text":"","src":"https:\/\/i0.wp.com\/www.grieta.org.mx\/wp-content\/uploads\/2020\/03\/feministas-23-ago-19-1.jpeg?resize=350%2C200&ssl=1","width":350,"height":200,"srcset":"https:\/\/i0.wp.com\/www.grieta.org.mx\/wp-content\/uploads\/2020\/03\/feministas-23-ago-19-1.jpeg?resize=350%2C200&ssl=1 1x, https:\/\/i0.wp.com\/www.grieta.org.mx\/wp-content\/uploads\/2020\/03\/feministas-23-ago-19-1.jpeg?resize=525%2C300&ssl=1 1.5x, https:\/\/i0.wp.com\/www.grieta.org.mx\/wp-content\/uploads\/2020\/03\/feministas-23-ago-19-1.jpeg?resize=700%2C400&ssl=1 2x"},"classes":[]},{"id":63675,"url":"https:\/\/www.grieta.org.mx\/index.php\/2022\/03\/08\/8m-se-manifiestan-en-la-universidad-autonoma-de-san-luis-potosi\/","url_meta":{"origin":46452,"position":3},"title":"8M: Se manifiestan en la Universidad Aut\u00f3noma de San Luis Potos\u00ed","author":"grieta","date":"8 marzo, 2022","format":false,"excerpt":"Redacci\u00f3n\/La Raz\u00f3n Online 8 marzo 2022 Las manifestantes exigen justicia por abusos que han sufrido por parte de profesores y compa\u00f1eros de la Universidad Aut\u00f3noma de San Luis Potos\u00ed Al grito de \"s\u00ed me representan\", cientos de mujeres se manifestaron en la Plaza de los Fundadores durante su paso por\u2026","rel":"","context":"En &quot;CINTILLO&quot;","block_context":{"text":"CINTILLO","link":"https:\/\/www.grieta.org.mx\/index.php\/category\/cintillo\/"},"img":{"alt_text":"","src":"https:\/\/i0.wp.com\/www.grieta.org.mx\/wp-content\/uploads\/2022\/03\/8m2022.jpeg?resize=350%2C200&ssl=1","width":350,"height":200,"srcset":"https:\/\/i0.wp.com\/www.grieta.org.mx\/wp-content\/uploads\/2022\/03\/8m2022.jpeg?resize=350%2C200&ssl=1 1x, https:\/\/i0.wp.com\/www.grieta.org.mx\/wp-content\/uploads\/2022\/03\/8m2022.jpeg?resize=525%2C300&ssl=1 1.5x, https:\/\/i0.wp.com\/www.grieta.org.mx\/wp-content\/uploads\/2022\/03\/8m2022.jpeg?resize=700%2C400&ssl=1 2x"},"classes":[]},{"id":30559,"url":"https:\/\/www.grieta.org.mx\/index.php\/2019\/03\/11\/preocupa-en-matehuala-indice-de-feminicidios-san-luis-potosi\/","url_meta":{"origin":46452,"position":4},"title":"Preocupa en Matehuala, \u00edndice de feminicidios (San Luis Potos\u00ed)","author":"grieta","date":"11 marzo, 2019","format":false,"excerpt":"Alejandra M\u00e9ndez \/ El Sol de San Luis Como primera actividad de la red, en conmemoraci\u00f3n del 8 de marzo, se emprendi\u00f3 un taller de de defensa personal dirigido a las mujeres Un grupo profesionistas de la Universidad de Matehuala, se integraron para conformar la red de mujeres al servicio\u2026","rel":"","context":"En &quot;CINTILLO&quot;","block_context":{"text":"CINTILLO","link":"https:\/\/www.grieta.org.mx\/index.php\/category\/cintillo\/"},"img":{"alt_text":"","src":"https:\/\/i0.wp.com\/www.grieta.org.mx\/wp-content\/uploads\/2019\/03\/Preocupa-en-Matehuala-%C3%ADndice-de-feminicidios-slp-mzo.jpg?resize=350%2C200&ssl=1","width":350,"height":200,"srcset":"https:\/\/i0.wp.com\/www.grieta.org.mx\/wp-content\/uploads\/2019\/03\/Preocupa-en-Matehuala-%C3%ADndice-de-feminicidios-slp-mzo.jpg?resize=350%2C200&ssl=1 1x, https:\/\/i0.wp.com\/www.grieta.org.mx\/wp-content\/uploads\/2019\/03\/Preocupa-en-Matehuala-%C3%ADndice-de-feminicidios-slp-mzo.jpg?resize=525%2C300&ssl=1 1.5x, https:\/\/i0.wp.com\/www.grieta.org.mx\/wp-content\/uploads\/2019\/03\/Preocupa-en-Matehuala-%C3%ADndice-de-feminicidios-slp-mzo.jpg?resize=700%2C400&ssl=1 2x"},"classes":[]},{"id":33494,"url":"https:\/\/www.grieta.org.mx\/index.php\/2019\/05\/15\/asesinadas-15-mujeres-en-2019-san-luis-potosi\/","url_meta":{"origin":46452,"position":5},"title":"Asesinadas 15 mujeres, en 2019 (San Luis Potos\u00ed)","author":"grieta","date":"15 mayo, 2019","format":false,"excerpt":"Leopoldo Pacheco \/ Plano Informativo No se sabe si por el calor, el deterioro del poder adquisitivo o la descomposici\u00f3n social emanada de la violencia sin freno que invade las redes sociales, pero lo cierto es que la violencia feminicida se ha recrudecido y m\u00e1s mujeres mueren a manos, mayormente,\u2026","rel":"","context":"En &quot;CINTILLO&quot;","block_context":{"text":"CINTILLO","link":"https:\/\/www.grieta.org.mx\/index.php\/category\/cintillo\/"},"img":{"alt_text":"","src":"https:\/\/i0.wp.com\/www.grieta.org.mx\/wp-content\/uploads\/2019\/05\/Asesinadas-15-mujeres-en-2019-slp-may.png?resize=350%2C200&ssl=1","width":350,"height":200,"srcset":"https:\/\/i0.wp.com\/www.grieta.org.mx\/wp-content\/uploads\/2019\/05\/Asesinadas-15-mujeres-en-2019-slp-may.png?resize=350%2C200&ssl=1 1x, https:\/\/i0.wp.com\/www.grieta.org.mx\/wp-content\/uploads\/2019\/05\/Asesinadas-15-mujeres-en-2019-slp-may.png?resize=525%2C300&ssl=1 1.5x, https:\/\/i0.wp.com\/www.grieta.org.mx\/wp-content\/uploads\/2019\/05\/Asesinadas-15-mujeres-en-2019-slp-may.png?resize=700%2C400&ssl=1 2x"},"classes":[]}],"_links":{"self":[{"href":"https:\/\/www.grieta.org.mx\/index.php\/wp-json\/wp\/v2\/posts\/46452","targetHints":{"allow":["GET"]}}],"collection":[{"href":"https:\/\/www.grieta.org.mx\/index.php\/wp-json\/wp\/v2\/posts"}],"about":[{"href":"https:\/\/www.grieta.org.mx\/index.php\/wp-json\/wp\/v2\/types\/post"}],"author":[{"embeddable":true,"href":"https:\/\/www.grieta.org.mx\/index.php\/wp-json\/wp\/v2\/users\/2"}],"replies":[{"embeddable":true,"href":"https:\/\/www.grieta.org.mx\/index.php\/wp-json\/wp\/v2\/comments?post=46452"}],"version-history":[{"count":1,"href":"https:\/\/www.grieta.org.mx\/index.php\/wp-json\/wp\/v2\/posts\/46452\/revisions"}],"predecessor-version":[{"id":46454,"href":"https:\/\/www.grieta.org.mx\/index.php\/wp-json\/wp\/v2\/posts\/46452\/revisions\/46454"}],"wp:featuredmedia":[{"embeddable":true,"href":"https:\/\/www.grieta.org.mx\/index.php\/wp-json\/wp\/v2\/media\/46453"}],"wp:attachment":[{"href":"https:\/\/www.grieta.org.mx\/index.php\/wp-json\/wp\/v2\/media?parent=46452"}],"wp:term":[{"taxonomy":"category","embeddable":true,"href":"https:\/\/www.grieta.org.mx\/index.php\/wp-json\/wp\/v2\/categories?post=46452"},{"taxonomy":"post_tag","embeddable":true,"href":"https:\/\/www.grieta.org.mx\/index.php\/wp-json\/wp\/v2\/tags?post=46452"}],"curies":[{"name":"wp","href":"https:\/\/api.w.org\/{rel}","templated":true}]}}