{"id":46438,"date":"2020-03-19T20:42:21","date_gmt":"2020-03-20T02:42:21","guid":{"rendered":"http:\/\/www.grieta.org.mx\/?p=46438"},"modified":"2020-03-20T22:45:44","modified_gmt":"2020-03-21T04:45:44","slug":"por-acoso-exhiben-a-profesores-de-medicina-oaxaca","status":"publish","type":"post","link":"https:\/\/www.grieta.org.mx\/index.php\/2020\/03\/19\/por-acoso-exhiben-a-profesores-de-medicina-oaxaca\/","title":{"rendered":"Por acoso exhiben a profesores de Medicina (Oaxaca)"},"content":{"rendered":"<p>Noticias \/ Nadia Altamirano.<\/p>\n<p><img loading=\"lazy\" decoding=\"async\" data-attachment-id=\"46439\" data-permalink=\"https:\/\/www.grieta.org.mx\/index.php\/2020\/03\/19\/por-acoso-exhiben-a-profesores-de-medicina-oaxaca\/copia_de_foto_para_nota_principal_16\/\" data-orig-file=\"https:\/\/www.grieta.org.mx\/wp-content\/uploads\/2020\/03\/copia_de_foto_para_nota_principal_16.jpg\" data-orig-size=\"1144,645\" data-comments-opened=\"0\" data-image-meta=\"{&quot;aperture&quot;:&quot;0&quot;,&quot;credit&quot;:&quot;&quot;,&quot;camera&quot;:&quot;&quot;,&quot;caption&quot;:&quot;&quot;,&quot;created_timestamp&quot;:&quot;0&quot;,&quot;copyright&quot;:&quot;&quot;,&quot;focal_length&quot;:&quot;0&quot;,&quot;iso&quot;:&quot;0&quot;,&quot;shutter_speed&quot;:&quot;0&quot;,&quot;title&quot;:&quot;&quot;,&quot;orientation&quot;:&quot;0&quot;}\" data-image-title=\"copia_de_foto_para_nota_principal_16\" data-image-description=\"\" data-image-caption=\"\" data-medium-file=\"https:\/\/www.grieta.org.mx\/wp-content\/uploads\/2020\/03\/copia_de_foto_para_nota_principal_16-300x169.jpg\" data-large-file=\"https:\/\/www.grieta.org.mx\/wp-content\/uploads\/2020\/03\/copia_de_foto_para_nota_principal_16-1024x577.jpg\" class=\"aligncenter wp-image-46439\" src=\"http:\/\/www.grieta.org.mx\/wp-content\/uploads\/2020\/03\/copia_de_foto_para_nota_principal_16.jpg\" alt=\"\" width=\"800\" height=\"451\" srcset=\"https:\/\/www.grieta.org.mx\/wp-content\/uploads\/2020\/03\/copia_de_foto_para_nota_principal_16.jpg 1144w, https:\/\/www.grieta.org.mx\/wp-content\/uploads\/2020\/03\/copia_de_foto_para_nota_principal_16-300x169.jpg 300w, https:\/\/www.grieta.org.mx\/wp-content\/uploads\/2020\/03\/copia_de_foto_para_nota_principal_16-768x433.jpg 768w, https:\/\/www.grieta.org.mx\/wp-content\/uploads\/2020\/03\/copia_de_foto_para_nota_principal_16-1024x577.jpg 1024w, https:\/\/www.grieta.org.mx\/wp-content\/uploads\/2020\/03\/copia_de_foto_para_nota_principal_16-887x500.jpg 887w\" sizes=\"auto, (max-width: 800px) 100vw, 800px\" \/><\/p>\n<p>Los se\u00f1alamientos p\u00fablicos por agresiones sexuales de parte de profesores aparecieron ayer en la Facultad de Medicina y Cirug\u00eda de la Universidad Aut\u00f3noma Benito Ju\u00e1rez de Oaxaca (UABJO) en forma de tendederos.<\/p>\n<p>Kira, una de las universitarias que ayud\u00f3 a colgar un centenar de hojas en las que se narran tocamientos, acoso y diversos hechos de violencia sexual, asegur\u00f3 que fue el hartazgo lo que llev\u00f3 a realizar una protesta similar a la que en semanas anteriores realizaron alumnas de planteles del Colegio de Bachilleres de Oaxaca (COBAO) en Pueblo Nuevo, Nazareno y otros municipios de la Costa y el Istmo.<\/p>\n<p>Las situaciones que han enfrentado alumnas son tan constantes, que estiman que entre el 60 o 70 por ciento han experimentado alguna situaci\u00f3n que puede ir hasta la violaci\u00f3n sexual, y que en algunos casos las ha llevado a dejar la escuela.<\/p>\n<p>En algunos casos una misma alumna ha recibido insinuaciones o acoso hasta por parte de tres o cuatro profesores, pero muy pocas acudieron a la direcci\u00f3n a denunciarlos porque \u201csiendo alumnas los directivos tienen el sart\u00e9n por el mango y, si se ha sabido de quienes denuncian, no tienen ninguna repercusi\u00f3n los denunciados\u201d.<\/p>\n<p>Estim\u00f3 que el 20 por ciento de la plantilla docente busca favores sexuales o utiliza las amenazas para tocarlas o incluso violarlas: \u201cSaber que estamos hartas nos envalenton\u00f3 y al escuchar a compa\u00f1eras que nos han contado llorando lo que han pasado\u201d.<\/p>\n<p>Se\u00f1alamientos p\u00fablicos<\/p>\n<p>\u201cDr. H\u00e9ctor, acosador y toca a sus alumnas\u201d, \u201cDr. Julio G. D. \u00bfA m\u00ed y a cu\u00e1ntas m\u00e1s has tocado?\u201d, \u201cEl doctor Panchito hace comentarios sexuales en clase\u201d, \u201cEl doctor Ismael (Harry) le pone 10 a las que acceden\u201d o \u201cYo te creo\u201d, fueron mensajes que escribieron con pluma o plum\u00f3n en hojas de libretas escolares.<\/p>\n<p>Ante medios de comunicaci\u00f3n, el director de la Facultad de Medicina, Luis Manuel S\u00e1nchez Navarro, asegur\u00f3 que los se\u00f1alamientos se remitieron a la Direcci\u00f3n de Derechos Universitarios.<\/p>\n<p>Dijo que ser\u00e1 esa instancia la que d\u00e9 tr\u00e1mite y seguimiento a estos hechos que vulneran la integridad de las j\u00f3venes universitarias.<\/p>\n<p>En entrevista, la directora de Equidad de G\u00e9nero de la UABJO, Niz Yamille G\u00f3mez Hern\u00e1ndez, consider\u00f3 leg\u00edtima y valiente la protesta de las j\u00f3venes estudiantes de la Facultad de Medicina, porque es una situaci\u00f3n lastimosa, injusta y que no debe tener cabida en el \u00e1mbito escolar.<\/p>\n<p>\u201cRompieron el silencio, est\u00e1n haciendo visible una situaci\u00f3n que enfrentan y tienen el valor de dar un paso m\u00e1s para poner freno a estas pr\u00e1cticas\u201d, adem\u00e1s de que el mensaje de permisividad y rechazo a agresiones sexuales es claro.<\/p>\n<p><a href=\"https:\/\/www.nvinoticias.com\/nota\/140560\/por-acoso-exhiben-profesores-de-medicina\" rel=\"noopener noreferrer\" target=\"_blank\">https:\/\/www.nvinoticias.com\/nota\/140560\/por-acoso-exhiben-profesores-de-medicina<\/a><\/p>\n","protected":false},"excerpt":{"rendered":"<p>Noticias \/ Nadia Altamirano. Los se\u00f1alamientos p\u00fablicos por agresiones sexuales de parte de profesores aparecieron ayer en la Facultad de Medicina y Cirug\u00eda de la Universidad Aut\u00f3noma Benito Ju\u00e1rez de &hellip; <a href=\"https:\/\/www.grieta.org.mx\/index.php\/2020\/03\/19\/por-acoso-exhiben-a-profesores-de-medicina-oaxaca\/\" class=\"more-link\">Leer m\u00e1s<\/a><\/p>\n","protected":false},"author":2,"featured_media":46439,"comment_status":"closed","ping_status":"closed","sticky":false,"template":"","format":"standard","meta":{"ngg_post_thumbnail":0,"_jetpack_newsletter_access":"","_jetpack_dont_email_post_to_subs":false,"_jetpack_newsletter_tier_id":0,"_jetpack_memberships_contains_paywalled_content":false,"_jetpack_memberships_contains_paid_content":false,"footnotes":""},"categories":[80,3163,2,25,1665],"tags":[],"class_list":["post-46438","post","type-post","status-publish","format-standard","has-post-thumbnail","hentry","category-cintillo","category-la-lucha-de-las-mujeres-en-oaxaca","category-noticias-nacionales","category-oaxaca","category-violencia-contra-las-mujeres-en-oaxaca","entry"],"jetpack_featured_media_url":"https:\/\/www.grieta.org.mx\/wp-content\/uploads\/2020\/03\/copia_de_foto_para_nota_principal_16.jpg","jetpack_sharing_enabled":true,"jetpack_shortlink":"https:\/\/wp.me\/p7ZJR4-c50","jetpack_likes_enabled":false,"jetpack-related-posts":[{"id":56914,"url":"https:\/\/www.grieta.org.mx\/index.php\/2021\/02\/09\/ni-la-pandemia-frena-violencia-feminicida-en-oaxaca-son-329-casos-en-el-gobierno-de-murat-consorcio\/","url_meta":{"origin":46438,"position":0},"title":"Ni la pandemia frena violencia feminicida en Oaxaca; son 329 casos en el gobierno de Murat: Consorcio","author":"grieta","date":"9 febrero, 2021","format":false,"excerpt":"P\u00e1gina 3 \/ Pedro Mat\u00edas. OAXACA, Oax.- La violencia sexual y feminicida contra las mujeres, particularmente contra estudiantes durante la pandemia no se detiene, por el contrario, sigue sucediendo tanto en espacios p\u00fablicos como cibern\u00e9ticos, denunci\u00f3 Consorcio para el Di\u00e1logo Parlamentario y Equidad. Para resaltar su dicho mencionaron los recientes\u2026","rel":"","context":"En &quot;CINTILLO&quot;","block_context":{"text":"CINTILLO","link":"https:\/\/www.grieta.org.mx\/index.php\/category\/cintillo\/"},"img":{"alt_text":"","src":"https:\/\/i0.wp.com\/www.grieta.org.mx\/wp-content\/uploads\/2021\/02\/1.jpeg?resize=350%2C200&ssl=1","width":350,"height":200,"srcset":"https:\/\/i0.wp.com\/www.grieta.org.mx\/wp-content\/uploads\/2021\/02\/1.jpeg?resize=350%2C200&ssl=1 1x, https:\/\/i0.wp.com\/www.grieta.org.mx\/wp-content\/uploads\/2021\/02\/1.jpeg?resize=525%2C300&ssl=1 1.5x, https:\/\/i0.wp.com\/www.grieta.org.mx\/wp-content\/uploads\/2021\/02\/1.jpeg?resize=700%2C400&ssl=1 2x"},"classes":[]},{"id":46101,"url":"https:\/\/www.grieta.org.mx\/index.php\/2020\/03\/10\/denuncian-acoso-sexual-y-hostigamiento-en-la-universidad-del-istmo-oaxaca\/","url_meta":{"origin":46438,"position":1},"title":"Denuncian acoso sexual y hostigamiento en la Universidad del Istmo (Oaxaca)","author":"grieta","date":"10 marzo, 2020","format":false,"excerpt":"P\u00e1gina 3 \/ Diana Manzo. Denuncian acoso sexual y hostigamiento en la Universidad del Istmo. Foto: Diana Manzo. Juchit\u00e1n, Oax., (pagina3.mx).- Profesoras y estudiantes de la Universidad del Istmo campus Ciudad Ixtepec denuncian acoso de tres profesores de la licenciatura de Derecho. Ello, porque ejercen violencia sexual y hostigamiento desde\u2026","rel":"","context":"En &quot;CINTILLO&quot;","block_context":{"text":"CINTILLO","link":"https:\/\/www.grieta.org.mx\/index.php\/category\/cintillo\/"},"img":{"alt_text":"","src":"https:\/\/i0.wp.com\/www.grieta.org.mx\/wp-content\/uploads\/2020\/03\/Denuncian-acoso-sexual-y-hostigamiento-en-la-Universidad-del-Istmo-1-696x350.jpeg?resize=350%2C200&ssl=1","width":350,"height":200,"srcset":"https:\/\/i0.wp.com\/www.grieta.org.mx\/wp-content\/uploads\/2020\/03\/Denuncian-acoso-sexual-y-hostigamiento-en-la-Universidad-del-Istmo-1-696x350.jpeg?resize=350%2C200&ssl=1 1x, https:\/\/i0.wp.com\/www.grieta.org.mx\/wp-content\/uploads\/2020\/03\/Denuncian-acoso-sexual-y-hostigamiento-en-la-Universidad-del-Istmo-1-696x350.jpeg?resize=525%2C300&ssl=1 1.5x"},"classes":[]},{"id":45807,"url":"https:\/\/www.grieta.org.mx\/index.php\/2020\/03\/07\/dicen-que-cesan-a-11-trabajadores-del-cobao-ante-rebelion-estudiantil-pero-no-dan-nombres-oaxaca\/","url_meta":{"origin":46438,"position":2},"title":"Dicen que cesan a 11 trabajadores del Cobao ante rebeli\u00f3n estudiantil pero no dan nombres (Oaxaca)","author":"grieta","date":"7 marzo, 2020","format":false,"excerpt":"P\u00e1gina 3 \/ Pedro Mat\u00edas. *Tanto el director general del Cobao como el l\u00edder sindical se han dedicado a proteger a presuntos acosadores sexuales. Estudiantes del COBAO denunciaron que llevan a\u00f1os sin respuestas a los se\u00f1alamientos de acoso sexual que enfrentan. Imagen: Estaci\u00f3n Foto. OAXACA, Oax.- Aunque el director General\u2026","rel":"","context":"En &quot;CINTILLO&quot;","block_context":{"text":"CINTILLO","link":"https:\/\/www.grieta.org.mx\/index.php\/category\/cintillo\/"},"img":{"alt_text":"","src":"https:\/\/i0.wp.com\/www.grieta.org.mx\/wp-content\/uploads\/2020\/03\/Cobao-denuncian-acoso-sexual-696x340.png?resize=350%2C200&ssl=1","width":350,"height":200,"srcset":"https:\/\/i0.wp.com\/www.grieta.org.mx\/wp-content\/uploads\/2020\/03\/Cobao-denuncian-acoso-sexual-696x340.png?resize=350%2C200&ssl=1 1x, https:\/\/i0.wp.com\/www.grieta.org.mx\/wp-content\/uploads\/2020\/03\/Cobao-denuncian-acoso-sexual-696x340.png?resize=525%2C300&ssl=1 1.5x"},"classes":[]},{"id":57745,"url":"https:\/\/www.grieta.org.mx\/index.php\/2021\/03\/17\/oaxaca-universitaria-denuncia-a-tres-profesores-por-hostigamiento-acoso-e-insinuaciones-sexuales\/","url_meta":{"origin":46438,"position":3},"title":"Oaxaca: Universitaria denuncia a tres profesores por hostigamiento, acoso e insinuaciones sexuales","author":"grieta","date":"17 marzo, 2021","format":false,"excerpt":"Proceso \/ Pedro Mat\u00edas. Universidad Tecnol\u00f3gica de los Valles Centrales de Oaxaca. Foto: especial OAXACA, Oax. (apro).- Mediante una denuncia an\u00f3nima, \u201cpor miedo a ser silenciada y juzgada por las personas involucradas\u201d, una estudiante de la Universidad Tecnol\u00f3gica de los Valles Centrales de Oaxaca (UTVCO) denunci\u00f3 a tres profesores por\u2026","rel":"","context":"En &quot;CINTILLO&quot;","block_context":{"text":"CINTILLO","link":"https:\/\/www.grieta.org.mx\/index.php\/category\/cintillo\/"},"img":{"alt_text":"","src":"https:\/\/i0.wp.com\/www.grieta.org.mx\/wp-content\/uploads\/2021\/03\/xxx.jpeg?resize=350%2C200&ssl=1","width":350,"height":200,"srcset":"https:\/\/i0.wp.com\/www.grieta.org.mx\/wp-content\/uploads\/2021\/03\/xxx.jpeg?resize=350%2C200&ssl=1 1x, https:\/\/i0.wp.com\/www.grieta.org.mx\/wp-content\/uploads\/2021\/03\/xxx.jpeg?resize=525%2C300&ssl=1 1.5x, https:\/\/i0.wp.com\/www.grieta.org.mx\/wp-content\/uploads\/2021\/03\/xxx.jpeg?resize=700%2C400&ssl=1 2x"},"classes":[]},{"id":55381,"url":"https:\/\/www.grieta.org.mx\/index.php\/2020\/11\/19\/despiden-a-profesora-por-respaldar-a-alumnas-que-denunciaron-acoso-en-la-unistmo-oaxaca\/","url_meta":{"origin":46438,"position":4},"title":"Despiden a profesora por respaldar a alumnas que denunciaron acoso en la Unistmo (Oaxaca)","author":"grieta","date":"19 noviembre, 2020","format":false,"excerpt":"Proceso \/ Pedro Mat\u00edas. El despido ocurre pese a que la profesora ten\u00eda medidas cautelares ante la campa\u00f1a de desprestigio que orquestaron las autoridades educativas de Oaxaca contra estudiantes y maestras que denunciaron. La Univesrsidad del Istmo (Unistmo), en Ciudad Ixtepec. Foto:unistmo.edu.mx OAXACA, Oax. (apro).- El Sistema de Universidades del\u2026","rel":"","context":"En &quot;CINTILLO&quot;","block_context":{"text":"CINTILLO","link":"https:\/\/www.grieta.org.mx\/index.php\/category\/cintillo\/"},"img":{"alt_text":"","src":"https:\/\/i0.wp.com\/www.grieta.org.mx\/wp-content\/uploads\/2020\/11\/A-2.jpg?resize=350%2C200&ssl=1","width":350,"height":200,"srcset":"https:\/\/i0.wp.com\/www.grieta.org.mx\/wp-content\/uploads\/2020\/11\/A-2.jpg?resize=350%2C200&ssl=1 1x, https:\/\/i0.wp.com\/www.grieta.org.mx\/wp-content\/uploads\/2020\/11\/A-2.jpg?resize=525%2C300&ssl=1 1.5x, https:\/\/i0.wp.com\/www.grieta.org.mx\/wp-content\/uploads\/2020\/11\/A-2.jpg?resize=700%2C400&ssl=1 2x"},"classes":[]},{"id":46003,"url":"https:\/\/www.grieta.org.mx\/index.php\/2020\/03\/05\/detienen-a-presunto-maestro-acosador-tras-protesta-de-bachilleres-en-oaxaca-videos\/","url_meta":{"origin":46438,"position":5},"title":"Detienen a presunto maestro acosador tras protesta de bachilleres en Oaxaca (Videos)","author":"grieta","date":"5 marzo, 2020","format":false,"excerpt":"Proceso \/ Pedro Mat\u00edas. Protesta en el Colegio de Bachilleres de Oaxaca (Cobao) 39 de Nazareno Etla. Foto: Twitter @metricasocial_ OAXACA, Oax. (apro).- \u201cEstamos cansadas de que nos pidan dinero o favores sexuales. A nadie le interesa ir contigo por un raspado. Mi cuerpo no vale tu calificaci\u00f3n\u201d, fueron los\u2026","rel":"","context":"En &quot;CINTILLO&quot;","block_context":{"text":"CINTILLO","link":"https:\/\/www.grieta.org.mx\/index.php\/category\/cintillo\/"},"img":{"alt_text":"","src":"https:\/\/i0.wp.com\/www.grieta.org.mx\/wp-content\/uploads\/2020\/03\/bachilleres-870x522.jpg?resize=350%2C200&ssl=1","width":350,"height":200,"srcset":"https:\/\/i0.wp.com\/www.grieta.org.mx\/wp-content\/uploads\/2020\/03\/bachilleres-870x522.jpg?resize=350%2C200&ssl=1 1x, https:\/\/i0.wp.com\/www.grieta.org.mx\/wp-content\/uploads\/2020\/03\/bachilleres-870x522.jpg?resize=525%2C300&ssl=1 1.5x, https:\/\/i0.wp.com\/www.grieta.org.mx\/wp-content\/uploads\/2020\/03\/bachilleres-870x522.jpg?resize=700%2C400&ssl=1 2x"},"classes":[]}],"_links":{"self":[{"href":"https:\/\/www.grieta.org.mx\/index.php\/wp-json\/wp\/v2\/posts\/46438","targetHints":{"allow":["GET"]}}],"collection":[{"href":"https:\/\/www.grieta.org.mx\/index.php\/wp-json\/wp\/v2\/posts"}],"about":[{"href":"https:\/\/www.grieta.org.mx\/index.php\/wp-json\/wp\/v2\/types\/post"}],"author":[{"embeddable":true,"href":"https:\/\/www.grieta.org.mx\/index.php\/wp-json\/wp\/v2\/users\/2"}],"replies":[{"embeddable":true,"href":"https:\/\/www.grieta.org.mx\/index.php\/wp-json\/wp\/v2\/comments?post=46438"}],"version-history":[{"count":1,"href":"https:\/\/www.grieta.org.mx\/index.php\/wp-json\/wp\/v2\/posts\/46438\/revisions"}],"predecessor-version":[{"id":46440,"href":"https:\/\/www.grieta.org.mx\/index.php\/wp-json\/wp\/v2\/posts\/46438\/revisions\/46440"}],"wp:featuredmedia":[{"embeddable":true,"href":"https:\/\/www.grieta.org.mx\/index.php\/wp-json\/wp\/v2\/media\/46439"}],"wp:attachment":[{"href":"https:\/\/www.grieta.org.mx\/index.php\/wp-json\/wp\/v2\/media?parent=46438"}],"wp:term":[{"taxonomy":"category","embeddable":true,"href":"https:\/\/www.grieta.org.mx\/index.php\/wp-json\/wp\/v2\/categories?post=46438"},{"taxonomy":"post_tag","embeddable":true,"href":"https:\/\/www.grieta.org.mx\/index.php\/wp-json\/wp\/v2\/tags?post=46438"}],"curies":[{"name":"wp","href":"https:\/\/api.w.org\/{rel}","templated":true}]}}