{"id":46432,"date":"2020-03-16T20:24:27","date_gmt":"2020-03-17T02:24:27","guid":{"rendered":"http:\/\/www.grieta.org.mx\/?p=46432"},"modified":"2020-04-06T22:22:08","modified_gmt":"2020-04-07T03:22:08","slug":"oaxaca-sin-capacidad-de-atender-brote-masivo-de-coronavirus-ante-desabasto-de-medicamentos","status":"publish","type":"post","link":"https:\/\/www.grieta.org.mx\/index.php\/2020\/03\/16\/oaxaca-sin-capacidad-de-atender-brote-masivo-de-coronavirus-ante-desabasto-de-medicamentos\/","title":{"rendered":"Oaxaca, sin capacidad de atender brote masivo de Coronavirus ante desabasto de medicamentos"},"content":{"rendered":"<p>P\u00e1gina 3 \/ Pedro Mat\u00edas.<\/p>\n<p><img loading=\"lazy\" decoding=\"async\" data-attachment-id=\"46433\" data-permalink=\"https:\/\/www.grieta.org.mx\/index.php\/2020\/03\/16\/oaxaca-sin-capacidad-de-atender-brote-masivo-de-coronavirus-ante-desabasto-de-medicamentos\/brote-masivo-coronavirus-oaxaca-696x418\/\" data-orig-file=\"https:\/\/www.grieta.org.mx\/wp-content\/uploads\/2020\/03\/brote-masivo-coronavirus-Oaxaca-696x418.jpg\" data-orig-size=\"696,418\" data-comments-opened=\"0\" data-image-meta=\"{&quot;aperture&quot;:&quot;0&quot;,&quot;credit&quot;:&quot;&quot;,&quot;camera&quot;:&quot;&quot;,&quot;caption&quot;:&quot;&quot;,&quot;created_timestamp&quot;:&quot;0&quot;,&quot;copyright&quot;:&quot;&quot;,&quot;focal_length&quot;:&quot;0&quot;,&quot;iso&quot;:&quot;0&quot;,&quot;shutter_speed&quot;:&quot;0&quot;,&quot;title&quot;:&quot;&quot;,&quot;orientation&quot;:&quot;0&quot;}\" data-image-title=\"brote-masivo-coronavirus-Oaxaca-696&amp;#215;418\" data-image-description=\"\" data-image-caption=\"\" data-medium-file=\"https:\/\/www.grieta.org.mx\/wp-content\/uploads\/2020\/03\/brote-masivo-coronavirus-Oaxaca-696x418-300x180.jpg\" data-large-file=\"https:\/\/www.grieta.org.mx\/wp-content\/uploads\/2020\/03\/brote-masivo-coronavirus-Oaxaca-696x418.jpg\" class=\"aligncenter wp-image-46433\" src=\"http:\/\/www.grieta.org.mx\/wp-content\/uploads\/2020\/03\/brote-masivo-coronavirus-Oaxaca-696x418.jpg\" alt=\"\" width=\"800\" height=\"480\" srcset=\"https:\/\/www.grieta.org.mx\/wp-content\/uploads\/2020\/03\/brote-masivo-coronavirus-Oaxaca-696x418.jpg 696w, https:\/\/www.grieta.org.mx\/wp-content\/uploads\/2020\/03\/brote-masivo-coronavirus-Oaxaca-696x418-300x180.jpg 300w\" sizes=\"auto, (max-width: 800px) 100vw, 800px\" \/><\/p>\n<p>OAXACA, Oax.- Oaxaca no tiene la capacidad de atender un brote masivo del Covid-19, por Coronavirus.<\/p>\n<p>Enfrenta un d\u00e9ficit de alrededor de dos mil especialistas, personal m\u00e9dico y de enfermer\u00eda.<\/p>\n<p>Aunado a ello est\u00e1 el desabasto de medicamentos, ya que la mayor\u00eda de hospitales se encuentra con apenas un 30%.<\/p>\n<p>\u201cAqu\u00ed no tenemos insumos, no hay guantes, jeringas, gel antibacterial, no tenemos ni cubrebocas, no estamos preparados para una contingencia para enfrentar el Coronavirus\u201d.<\/p>\n<p>As\u00ed lo afirm\u00f3 personal de enfermer\u00eda del Hospital de Especialidades del puerto de Salina Cruz que se mantuvo con 24 d\u00edas en paro laboral.<\/p>\n<p>De esta forma, el personal de enfermer\u00eda de ese hospital desminti\u00f3 al secretario de Salud, Donato Casas Escamilla.<\/p>\n<p>Y afirm\u00f3 que esta es la fecha en que no han sido capacitados o dotados de los insumos b\u00e1sicos para responder de manera m\u00e1s r\u00e1pida a la propagaci\u00f3n del nuevo virus.<\/p>\n<p>El secretario de Salud, Donato Casas Escamilla, confirm\u00f3 el s\u00e1bado los dos primeros casos positivos de COVID-19 por coronavirus en Oaxaca.<\/p>\n<p>Las personas se encuentran en aislamiento domiciliario y bajo vigilancia epidemiol\u00f3gica, al igual que seis familiares que tuvieron contacto directo.<\/p>\n<p>El gobernador Alejandro Murat Hinojosa inform\u00f3 que el Hospital General de la Mujer y el Ni\u00f1o Oaxaque\u00f1o ser\u00e1 habilitado como centro de atenci\u00f3n.<\/p>\n<p>El nosocomio, a\u00fan sin inaugurar, \u00fanicamente se utilizar\u00e1 para casos que requieran hospitalizaci\u00f3n, pero no dijo nada sobre c\u00f3mo ser\u00e1 si hay un brote masivo.<\/p>\n<p>Los resultados obtenidos por el Laboratorio Estatal de Salud P\u00fablica (LESP) de Oaxaca, avalados por la Secretar\u00eda de Salud Federal, confirmaron los casos.<\/p>\n<p>Un hombre de 62 a\u00f1os de edad que viaj\u00f3 a Nueva York, y una mujer de 30 a\u00f1os que viaj\u00f3 por distintos pa\u00edses de Europa.<\/p>\n<p>Ambas personas presentaban casos de transmisi\u00f3n local comunitaria.<\/p>\n<p>Casas Escamilla precis\u00f3 que el estado de salud de ambos personas -pertenecientes a Valles Centrales- se reporta estable.<\/p>\n<p>Adem\u00e1s, permanecen en aislamiento domiciliario y bajo vigilancia epidemiol\u00f3gica de los Servicios de Salud de Oaxaca (SSO).<\/p>\n<p>Aunque ha declarado que se han destinado tres millones de pesos para la compra de cubrebocas, gel antibacterial y se redobl\u00f3 la vigilancia en los tres aeropuertos internacionales de Oaxaca y dos puertos, la realidad es que \u201caqu\u00ed en Salina Cruz no tenemos ni cubre bocas\u201d.<\/p>\n<p>El personal del Hospital de Especialidades de 70 camas atiende poblaciones del Istmo de Tehuantepec.<\/p>\n<p>As\u00ed como otras que colindan con Veracruz, como Mat\u00edas Romero o R\u00edo Grande en la Costa de Oaxaca.<\/p>\n<p>Ese personal dijo que todo lo que el secretario de Salud inform\u00f3 \u201ces una real mentira.<\/p>\n<p>\u201cNo nos han dado ninguna capacitaci\u00f3n de c\u00f3mo atender alg\u00fan paciente con sospecha de coronavirus.<\/p>\n<p>\u201cNo estamos preparados para nada; en s\u00edntesis, no hay ni cubrebocas\u201d.<\/p>\n<p>El paro en ese hospital estall\u00f3 el 17 febrero pasado, con la \u00fanica demanda de remover al director Jes\u00fas Alejandro Ram\u00edrez Figueroa.<\/p>\n<p>Fue acusado por hostigamiento laboral y su falta de atenci\u00f3n de poder bajar recursos.<\/p>\n<p>Sin embargo, el 11 de marzo se levant\u00f3 el paro con la separaci\u00f3n del cargo del director.<\/p>\n<p>A su vez, el Secretario General de la Subsecci\u00f3n 07 de la Secci\u00f3n 35 del Sindicato Nacional de Trabajadores de la Secretar\u00eda de Salud en el Hospital Civil \u201cAurelio Valdivieso, Alberto V\u00e1squez San Germ\u00e1n, afirm\u00f3 que Oaxaca no est\u00e1 preparado para enfrentar una contingencia como el coronavirus.<\/p>\n<p>Y es que \u201cel sistema de salud lleva a\u00f1os de desmantelamiento en el pa\u00eds y dif\u00edcilmente tendr\u00eda capacidad de atender un brote masivo.<\/p>\n<p>\u201cLa \u00fanica ventaja es que la mortalidad del coronavirus no es elevada y puede confundirse con un cuadro gripal, influenza o enfermedades de v\u00edas respiratorias\u201d.<\/p>\n<p>Lo que preocupa es que \u201ctodav\u00eda (hasta el 4 de marzo) no se firma el convenio con el Insabi, y el brote masivo puede presentarse pronto.<\/p>\n<p>\u201cPor lo que no han liberado recursos a las cuentas del Sector Salud de Oaxaca.<\/p>\n<p>\u201cEn estos momentos cualquier hospital no rebasa ni el 30% de medicamento y material y se requiere de un 100.<\/p>\n<p>\u201cLo que hay es lo que no se mueve\u201d.<\/p>\n<p>Lamentablemente por cuestiones pol\u00edticas, administrativas y financieras en todos los niveles no hay recursos.<\/p>\n<p>Por consiguiente, no pueden adquirirse medicamentos e insumos, lo que ha generado paros en hospitales importantes como el de Juchit\u00e1n y Salina Cruz.<\/p>\n<p>Aunado a ese desabasto est\u00e1 a la toma de las oficinas de Regulaci\u00f3n Sanitaria.<\/p>\n<p>Cabe mencionar que los Servicios de Salud de Oaxaca cuentan con:<br \/>\n&#8211; 19 hospitales comunitarios de 12 camas<br \/>\n&#8211; 9 hospitales generales con 30 camas<br \/>\n&#8211; 3 hospitales generales de 60 camas<br \/>\n&#8211; 1 Hospital General de 180 camas pero que atiende a m\u00e1s de 200, 890 centros de salud, la mayor\u00eda con apenas el 30% de abasto de medicamentos.<\/p>\n<p>Los Servicios de Salud tienen alrededor de 17 mil trabajadores, n\u00f3mina tres veces mayor a la que tiene el IMSS y el ISSSTE.<\/p>\n<p>Existe un d\u00e9ficit de dos mil enfermeras, m\u00e9dicos y especialistas porque el sindicato los mantiene en unidades administrativas.<\/p>\n<p>Otras personas son \u201caviadores\u201d y el resto est\u00e1 comisionado en \u00e1reas sindicales.<\/p>\n<p>Mientras que el Instituto Mexicano del Seguro Social (IMSS) cuenta con:<br \/>\n&#8211; 9 hospitales generales de zona<br \/>\n&#8211; 80 unidades hospitalarias, donde hacen falta m\u00e1s de 200 especialistas, y personal m\u00e9dico y de enfermer\u00eda<br \/>\n&#8211; Apenas cuentan con unas 6 mil personas trabajadoras y las mismas cargas que los servicios de salud.<\/p>\n<p>En tanto que el Instituto de Seguridad y Servicios Sociales de los Trabajadores del Estado (ISSSTE) cuenta con:<br \/>\n&#8211; 4 hospitales, entre ellos, 1 regional y 1 unidad m\u00e9dica familiar.<\/p>\n<p>M\u00e9dicos que prefirieron el anonimato consideran que si hay un bote masivo de contagios por Coronavirus, Oaxaca no tiene un lugar de aislamiento ni asistencia mec\u00e1nica o ambulatoria.<\/p>\n<p>Refieren que \u00fanicamente est\u00e1 el Hospital de la Mujer, a\u00fan sin inaugurar y que Murat dio en comodato al ISSSTE como pago por un presunto desv\u00edo de recursos de 700 millones de pesos.<\/p>\n<p>Sin embargo, la pregunta que dejaron en el aire m\u00e9dicas y m\u00e9dicos es: \u00bfQu\u00e9 personal se va a ir a ese hospital? \u00bfQui\u00e9nes atender\u00e1n el brote masivo?<\/p>\n<p>El 19 de enero pasado, en la comunidad de Santa Mar\u00eda Tepantlali, el gobernador Alejandro Murat quiso quedar bien con el presidente L\u00f3pez Obrador.<\/p>\n<p>Cuando consider\u00f3 que el Instituto de Salud para el Bienestar (Insabi) es una propuesta para hacer las cosas de manera diferente:<\/p>\n<p>\u201cPor ah\u00ed dicen que \u2018en mundo de ciegos el tuerto es rey\u2019, por eso varios dec\u00edan que el Seguro Popular serv\u00eda, porque quieren que el pueblo de M\u00e9xico acepte lo menos peor.<\/p>\n<p>\u201cPero tambi\u00e9n un gran cient\u00edfico, Albert Einstein, dec\u00eda que \u2018si no queremos que las cosas sean igual, hay que hacerlas de manera diferente\u2019, y el Insabi es una propuesta de hacer la salud de manera diferente\u201d.<\/p>\n<p>Sin embargo, hasta el 4 de marzo, el priista no hab\u00eda firmado ning\u00fan acuerdo con el Insabi con el argumento que no hay reglas claras.<\/p>\n<p>En una publicaci\u00f3n de Expansi\u00f3n Pol\u00edtica del jueves 30 de enero, revel\u00f3 que las entidades federativas que analizan sumarse al Insabi a\u00fan tienen pendiente aclarar el destino de 5,249.8 millones de pesos.<\/p>\n<p>Se les entregaron por medio del Ramo 33, a trav\u00e9s del Fondo de Aportaciones para los Servicios de Salud (FASSA).<\/p>\n<p>Y cita que \u201cOaxaca, gobernada actualmente por el priista Alejandro Murat, es uno de los estados que ya aceptaron adherirse al nuevo Insabi.<\/p>\n<p>\u201cIncluso sin conocer las reglas de c\u00f3mo va a funcionar y c\u00f3mo se van a repartir los recursos para 2020.<\/p>\n<p>\u201cHasta la fecha, esta entidad tiene montos por recuperar, en 2018, por 1,446.3 mdp y 3.6 mdp, en 2015\u201d.<\/p>\n<p><a href=\"https:\/\/pagina3.mx\/2020\/03\/oaxaca-sin-capacidad-de-atender-brote-masivo-de-coronavirus-ante-desabasto-de-medicamentos\/\" target=\"_blank\" rel=\"noopener noreferrer\">https:\/\/pagina3.mx\/2020\/03\/oaxaca-sin-capacidad-de-atender-brote-masivo-de-coronavirus-ante-desabasto-de-medicamentos\/<\/a><\/p>\n","protected":false},"excerpt":{"rendered":"<p>P\u00e1gina 3 \/ Pedro Mat\u00edas. OAXACA, Oax.- Oaxaca no tiene la capacidad de atender un brote masivo del Covid-19, por Coronavirus. Enfrenta un d\u00e9ficit de alrededor de dos mil especialistas, &hellip; <a href=\"https:\/\/www.grieta.org.mx\/index.php\/2020\/03\/16\/oaxaca-sin-capacidad-de-atender-brote-masivo-de-coronavirus-ante-desabasto-de-medicamentos\/\" class=\"more-link\">Leer m\u00e1s<\/a><\/p>\n","protected":false},"author":2,"featured_media":46433,"comment_status":"closed","ping_status":"closed","sticky":false,"template":"","format":"standard","meta":{"ngg_post_thumbnail":0,"_jetpack_newsletter_access":"","_jetpack_dont_email_post_to_subs":false,"_jetpack_newsletter_tier_id":0,"_jetpack_memberships_contains_paywalled_content":false,"_jetpack_memberships_contains_paid_content":false,"footnotes":""},"categories":[80,3262,1728,2,25],"tags":[],"class_list":["post-46432","post","type-post","status-publish","format-standard","has-post-thumbnail","hentry","category-cintillo","category-crisis-covid-19-en-oaxaca","category-crisis-del-sector-salud-en-oaxaca","category-noticias-nacionales","category-oaxaca","entry"],"jetpack_featured_media_url":"https:\/\/www.grieta.org.mx\/wp-content\/uploads\/2020\/03\/brote-masivo-coronavirus-Oaxaca-696x418.jpg","jetpack_sharing_enabled":true,"jetpack_shortlink":"https:\/\/wp.me\/p7ZJR4-c4U","jetpack_likes_enabled":false,"jetpack-related-posts":[{"id":51718,"url":"https:\/\/www.grieta.org.mx\/index.php\/2020\/07\/12\/contagio-masivo-de-covid-19-entre-personal-medico-del-hospital-de-juchitan-dan-positivo-115-oaxaca\/","url_meta":{"origin":46432,"position":0},"title":"Contagio masivo de covid-19 entre personal m\u00e9dico del Hospital de Juchit\u00e1n; dan positivo 115 (Oaxaca)","author":"grieta","date":"12 julio, 2020","format":false,"excerpt":"P\u00e1gina 3 \/ Diana Manzo y Pedro Mat\u00edas. OAXACA, Oax.- A unas horas de la reapertura del Hospital General \u201cMacedonio Ben\u00edtez Fuentes\u201d de Juchit\u00e1n de Zaragoza, en el Istmo de Tehuantepec, surge un nuevo brote masivo de contagio de covid-19 al confirmarse que 115 trabajadores de Salud dieron positivo. Esto\u2026","rel":"","context":"En &quot;CINTILLO&quot;","block_context":{"text":"CINTILLO","link":"https:\/\/www.grieta.org.mx\/index.php\/category\/cintillo\/"},"img":{"alt_text":"","src":"https:\/\/i0.wp.com\/www.grieta.org.mx\/wp-content\/uploads\/2018\/03\/14524434_1106112876131411_958039263622046936_o.jpg?resize=350%2C200&ssl=1","width":350,"height":200,"srcset":"https:\/\/i0.wp.com\/www.grieta.org.mx\/wp-content\/uploads\/2018\/03\/14524434_1106112876131411_958039263622046936_o.jpg?resize=350%2C200&ssl=1 1x, https:\/\/i0.wp.com\/www.grieta.org.mx\/wp-content\/uploads\/2018\/03\/14524434_1106112876131411_958039263622046936_o.jpg?resize=525%2C300&ssl=1 1.5x, https:\/\/i0.wp.com\/www.grieta.org.mx\/wp-content\/uploads\/2018\/03\/14524434_1106112876131411_958039263622046936_o.jpg?resize=700%2C400&ssl=1 2x"},"classes":[]},{"id":49585,"url":"https:\/\/www.grieta.org.mx\/index.php\/2020\/05\/21\/piden-cuarentena-en-el-hraeo-para-frenar-contagios-de-covid-19-oaxaca\/","url_meta":{"origin":46432,"position":1},"title":"Piden cuarentena en el HRAEO para frenar contagios de Covid-19 (Oaxaca)","author":"grieta","date":"21 mayo, 2020","format":false,"excerpt":"*El Sindicato de Salud busca evitar que el personal m\u00e9dico y de enfermer\u00eda siga contagi\u00e1ndose. La Secci\u00f3n 96 del Sindicato Nacional de Trabajadores de Salud (SNTSA) pidi\u00f3 a la directora general del Hospital Regional de Alta Especialidad de Oaxaca (HRAEO), Alba V\u00e1squez Palacios, declarar en cuarentena al hospital para contener\u2026","rel":"","context":"En &quot;CINTILLO&quot;","block_context":{"text":"CINTILLO","link":"https:\/\/www.grieta.org.mx\/index.php\/category\/cintillo\/"},"img":{"alt_text":"","src":"https:\/\/i0.wp.com\/www.grieta.org.mx\/wp-content\/uploads\/2020\/05\/x.jpg?resize=350%2C200&ssl=1","width":350,"height":200,"srcset":"https:\/\/i0.wp.com\/www.grieta.org.mx\/wp-content\/uploads\/2020\/05\/x.jpg?resize=350%2C200&ssl=1 1x, https:\/\/i0.wp.com\/www.grieta.org.mx\/wp-content\/uploads\/2020\/05\/x.jpg?resize=525%2C300&ssl=1 1.5x, https:\/\/i0.wp.com\/www.grieta.org.mx\/wp-content\/uploads\/2020\/05\/x.jpg?resize=700%2C400&ssl=1 2x"},"classes":[]},{"id":52621,"url":"https:\/\/www.grieta.org.mx\/index.php\/2020\/08\/11\/brote-de-covid-19-en-hospital-civil-9-recien-nacidos-contagiados-sso-oaxaca\/","url_meta":{"origin":46432,"position":2},"title":"Brote de Covid-19 en Hospital Civil; 9 reci\u00e9n nacidos contagiados: SSO (Oaxaca)","author":"grieta","date":"11 agosto, 2020","format":false,"excerpt":"P\u00e1gina 3 \/ Pedro Mat\u00edas OAXACA, Oax.- Los Servicios de Salud de Oaxaca activaron el protocolo de bioseguridad en el \u00e1rea de Pediatr\u00eda del Hospital Civil \u201cAurelio Valdivieso\u201d al confirmar que nueve menores de edad dieron positivo a la prueba de covid-19. El encargado del hospital, Manuel S\u00e1nchez S\u00e1nchez, detall\u00f3\u2026","rel":"","context":"En &quot;CINTILLO&quot;","block_context":{"text":"CINTILLO","link":"https:\/\/www.grieta.org.mx\/index.php\/category\/cintillo\/"},"img":{"alt_text":"","src":"https:\/\/i0.wp.com\/www.grieta.org.mx\/wp-content\/uploads\/2020\/08\/1-2.jpg?resize=350%2C200&ssl=1","width":350,"height":200,"srcset":"https:\/\/i0.wp.com\/www.grieta.org.mx\/wp-content\/uploads\/2020\/08\/1-2.jpg?resize=350%2C200&ssl=1 1x, https:\/\/i0.wp.com\/www.grieta.org.mx\/wp-content\/uploads\/2020\/08\/1-2.jpg?resize=525%2C300&ssl=1 1.5x, https:\/\/i0.wp.com\/www.grieta.org.mx\/wp-content\/uploads\/2020\/08\/1-2.jpg?resize=700%2C400&ssl=1 2x, https:\/\/i0.wp.com\/www.grieta.org.mx\/wp-content\/uploads\/2020\/08\/1-2.jpg?resize=1050%2C600&ssl=1 3x"},"classes":[]},{"id":47599,"url":"https:\/\/www.grieta.org.mx\/index.php\/2020\/04\/08\/sin-equipo-y-en-condiciones-insalubres-el-imss-oaxaca-ante-covid-19-personal-oaxaca\/","url_meta":{"origin":46432,"position":3},"title":"Sin equipo y en condiciones insalubres, el IMSS-Oaxaca ante COVID-19: Personal","author":"grieta","date":"8 abril, 2020","format":false,"excerpt":"Armando Guerra \/ P\u00e1gina 3. A falta de insumos, denunciaron que el personal m\u00e9dico y de enfermer\u00eda solo se pone bolsas de pl\u00e1stico encima. Personal del Hospital de Zona 01 \u201cDemetrio Mayoral Pardo\u201d del Instituto Mexicano del Seguro Social (IMSS), en Oaxaca, denunci\u00f3 condiciones insalubres, y falta de insumos y\u2026","rel":"","context":"En &quot;CINTILLO&quot;","block_context":{"text":"CINTILLO","link":"https:\/\/www.grieta.org.mx\/index.php\/category\/cintillo\/"},"img":{"alt_text":"","src":"https:\/\/i0.wp.com\/www.grieta.org.mx\/wp-content\/uploads\/2020\/04\/Sin-equipo-y-en-condiciones-insalubres-el-IMSS-Oaxaca-696x360.jpeg?resize=350%2C200&ssl=1","width":350,"height":200,"srcset":"https:\/\/i0.wp.com\/www.grieta.org.mx\/wp-content\/uploads\/2020\/04\/Sin-equipo-y-en-condiciones-insalubres-el-IMSS-Oaxaca-696x360.jpeg?resize=350%2C200&ssl=1 1x, https:\/\/i0.wp.com\/www.grieta.org.mx\/wp-content\/uploads\/2020\/04\/Sin-equipo-y-en-condiciones-insalubres-el-IMSS-Oaxaca-696x360.jpeg?resize=525%2C300&ssl=1 1.5x"},"classes":[]},{"id":52499,"url":"https:\/\/www.grieta.org.mx\/index.php\/2020\/07\/24\/con-20-decesos-y-1690-contagios-personal-de-salud-de-oaxaca-expone-problematicas\/","url_meta":{"origin":46432,"position":4},"title":"Con 20 decesos y 1,690 contagios, personal de salud de Oaxaca expone problem\u00e1ticas","author":"grieta","date":"24 julio, 2020","format":false,"excerpt":"Proceso \/ Pedro Mat\u00edas. Hospital Presidente Ju\u00e1rez del ISSSTE en Oaxaca. Foto: Google Maps OAXACA, Oax., (apro).- A mil 690 casos asciende el n\u00famero de contagios por covid-19 entre el personal m\u00e9dico, de los cuales 20 han muerto por coronavirus, confirmaron los Servicios de Salud. Los casos m\u00e1s recientes son\u2026","rel":"","context":"En &quot;CINTILLO&quot;","block_context":{"text":"CINTILLO","link":"https:\/\/www.grieta.org.mx\/index.php\/category\/cintillo\/"},"img":{"alt_text":"","src":"https:\/\/i0.wp.com\/www.grieta.org.mx\/wp-content\/uploads\/2020\/08\/t.jpeg?resize=350%2C200&ssl=1","width":350,"height":200,"srcset":"https:\/\/i0.wp.com\/www.grieta.org.mx\/wp-content\/uploads\/2020\/08\/t.jpeg?resize=350%2C200&ssl=1 1x, https:\/\/i0.wp.com\/www.grieta.org.mx\/wp-content\/uploads\/2020\/08\/t.jpeg?resize=525%2C300&ssl=1 1.5x, https:\/\/i0.wp.com\/www.grieta.org.mx\/wp-content\/uploads\/2020\/08\/t.jpeg?resize=700%2C400&ssl=1 2x"},"classes":[]},{"id":49859,"url":"https:\/\/www.grieta.org.mx\/index.php\/2020\/05\/23\/brote-de-coronavirus-en-el-penal-de-tanivet-hay-siete-casos-seguridad-publica-oaxaca\/","url_meta":{"origin":46432,"position":5},"title":"Brote de coronavirus en el Penal de Tanivet: hay siete casos: Seguridad P\u00fablica (Oaxaca)","author":"grieta","date":"23 mayo, 2020","format":false,"excerpt":"P\u00e1gina 3 \/ Pedro Mat\u00edas. OAXACA. (pagina3.mx).- La SSPO confirm\u00f3 la existencia de un brote de siete enfermos por Covid-19 en el Centro Penitenciario Varonil de Tanivet, Tlacolula. En las redes sociales circul\u00f3 de la posibilidad de que existieran 30 casos de coronavirus en el Penal de Tanivet. Ante ello,\u2026","rel":"","context":"En &quot;CINTILLO&quot;","block_context":{"text":"CINTILLO","link":"https:\/\/www.grieta.org.mx\/index.php\/category\/cintillo\/"},"img":{"alt_text":"","src":"https:\/\/i0.wp.com\/www.grieta.org.mx\/wp-content\/uploads\/2018\/03\/14524434_1106112876131411_958039263622046936_o.jpg?resize=350%2C200&ssl=1","width":350,"height":200,"srcset":"https:\/\/i0.wp.com\/www.grieta.org.mx\/wp-content\/uploads\/2018\/03\/14524434_1106112876131411_958039263622046936_o.jpg?resize=350%2C200&ssl=1 1x, https:\/\/i0.wp.com\/www.grieta.org.mx\/wp-content\/uploads\/2018\/03\/14524434_1106112876131411_958039263622046936_o.jpg?resize=525%2C300&ssl=1 1.5x, https:\/\/i0.wp.com\/www.grieta.org.mx\/wp-content\/uploads\/2018\/03\/14524434_1106112876131411_958039263622046936_o.jpg?resize=700%2C400&ssl=1 2x"},"classes":[]}],"_links":{"self":[{"href":"https:\/\/www.grieta.org.mx\/index.php\/wp-json\/wp\/v2\/posts\/46432","targetHints":{"allow":["GET"]}}],"collection":[{"href":"https:\/\/www.grieta.org.mx\/index.php\/wp-json\/wp\/v2\/posts"}],"about":[{"href":"https:\/\/www.grieta.org.mx\/index.php\/wp-json\/wp\/v2\/types\/post"}],"author":[{"embeddable":true,"href":"https:\/\/www.grieta.org.mx\/index.php\/wp-json\/wp\/v2\/users\/2"}],"replies":[{"embeddable":true,"href":"https:\/\/www.grieta.org.mx\/index.php\/wp-json\/wp\/v2\/comments?post=46432"}],"version-history":[{"count":1,"href":"https:\/\/www.grieta.org.mx\/index.php\/wp-json\/wp\/v2\/posts\/46432\/revisions"}],"predecessor-version":[{"id":46434,"href":"https:\/\/www.grieta.org.mx\/index.php\/wp-json\/wp\/v2\/posts\/46432\/revisions\/46434"}],"wp:featuredmedia":[{"embeddable":true,"href":"https:\/\/www.grieta.org.mx\/index.php\/wp-json\/wp\/v2\/media\/46433"}],"wp:attachment":[{"href":"https:\/\/www.grieta.org.mx\/index.php\/wp-json\/wp\/v2\/media?parent=46432"}],"wp:term":[{"taxonomy":"category","embeddable":true,"href":"https:\/\/www.grieta.org.mx\/index.php\/wp-json\/wp\/v2\/categories?post=46432"},{"taxonomy":"post_tag","embeddable":true,"href":"https:\/\/www.grieta.org.mx\/index.php\/wp-json\/wp\/v2\/tags?post=46432"}],"curies":[{"name":"wp","href":"https:\/\/api.w.org\/{rel}","templated":true}]}}