{"id":4642,"date":"2015-11-03T06:08:02","date_gmt":"2015-11-03T06:08:02","guid":{"rendered":"http:\/\/50.22.11.12\/~grietaor\/?p=4642"},"modified":"2016-03-25T06:09:31","modified_gmt":"2016-03-25T06:09:31","slug":"ejidatarios-de-santa-maria-magdalena-son-agredidos-por-autoridades","status":"publish","type":"post","link":"https:\/\/www.grieta.org.mx\/index.php\/2015\/11\/03\/ejidatarios-de-santa-maria-magdalena-son-agredidos-por-autoridades\/","title":{"rendered":"Ejidatarios de Santa Mar\u00eda Magdalena son agredidos por autoridades"},"content":{"rendered":"<p>M\u00f3nica Gordillo\/AM Quer\u00e9taro<\/p>\n<p>Los 93 ejidatarios se encuentran exigiendo el pago de 55 millones de pesos por el predio de 7 hect\u00e1reas donde se encuentra ubicado el pante\u00f3n de San Pedro M\u00e1rtir<\/p>\n<p>Ejidatarios de Santa Mar\u00eda Magdalena confirmaron que el pr\u00f3ximo jueves, a las 16:00 horas, se reunir\u00e1n por primera vez con el presidente municipal, Marcos Aguilar Vega, para llegar a un acuerdo respecto a la deuda de m\u00e1s 20 a\u00f1os que tiene el ayuntamiento con ellos, ya que la pasada administraci\u00f3n no firm\u00f3 el convenio para entregarles el anticipo de 2 millones de pesos como se hab\u00eda comprometido.<\/p>\n<p>Los 93 ejidatarios se encuentran exigiendo el pago de 55 millones de pesos por el predio de 7 hect\u00e1reas donde se encuentra ubicado el pante\u00f3n de San Pedro M\u00e1rtir, y el terreno de 2 hect\u00e1reas donde est\u00e1n instaladas bodegas del DIF Municipal.<\/p>\n<p>Para liquidar su deuda, el pasado 9 de junio, en sesi\u00f3n de cabildo, el ayuntamiento del municipio de Quer\u00e9taro aprob\u00f3 subastar dos predios ubicados en Santa Mar\u00eda Magdalena, con las claves catastrales: 14 06 082 02 013 015 y 14 06 082 02 014 006.<\/p>\n<p>\u201cHicieron caso omiso, lo \u00faltimo que dijeron es que iban a subir a cabildo el contrato, el convenio que se iba a firmar con el ejido, cosa que nunca hicieron, entonces se dieron la vuelta y dijeron que ya iban de salida\u201d, puntualizaron.<\/p>\n<p>Por otra parte, denunciaron que con agresiones, desde la madrugada del 1 de noviembre, inspectores del municipio de Quer\u00e9taro quitaron los puestos de comida y flores que hab\u00edan instalado desde el 29 de octubre en el Pante\u00f3n de San Pedro M\u00e1rtir para la venta del D\u00eda de Todos los Santos.<\/p>\n<p>Aunque reconocieron que instalaron de manera improvisada los puestos, los ejidatarios manifestaron que son propietarios leg\u00edtimos del terreno donde se ubica el pante\u00f3n, hasta que el ayuntamiento de Quer\u00e9taro no liquide la deuda de m\u00e1s de 20 a\u00f1os que tiene con ellos.<\/p>\n<p>\u201cLlegan y destruyen, nosotros venimos a vender. Llegaron desde las tres de la ma\u00f1ana, cuando llegamos ya estaba todo el tiradero. Todav\u00eda nos deben y vienen a agredirnos de esa forma, piden respeto cuando ellos no lo dieron\u201d, expresaron.<\/p>\n<p>Los quejosos se\u00f1alaron que Hugo Serrano Mart\u00ednez, quien aseguran que es jefe de inspecci\u00f3n de la delegaci\u00f3n F\u00e9lix Osores, indic\u00f3 que los espacios ya estaban asignados para los vendedores que contaban con permiso expedido por el municipio.<\/p>\n<p>\u201cEs el jefe de inspecci\u00f3n de F\u00e9lix Osores, esa persona lleg\u00f3 de forma muy d\u00e9spota, tumbando todo lo que son los puestos que improvisadamente pusimos. Nosotros nunca hab\u00edamos hecho esto, hoy venimos por algo que nos pertenece, esto nos pertenece. Nosotros somos los due\u00f1os mientras no nos pague el municipio\u201d, apuntaron<\/p>\n<p><a href=\"http:\/\/amqueretaro.com\/queretaro\/2015\/11\/03\/ejidatarios-de-santa-maria-magdalena-se-reuniran-con-alcalde\" target=\"_blank\">amqueretaro.com\/queretaro\/2015\/11\/03\/ejidatarios-de-santa-maria-magdalena-se-reuniran-con-alcalde<\/a><\/p>\n","protected":false},"excerpt":{"rendered":"<p>M\u00f3nica Gordillo\/AM Quer\u00e9taro Los 93 ejidatarios se encuentran exigiendo el pago de 55 millones de pesos por el predio de 7 hect\u00e1reas donde se encuentra ubicado el pante\u00f3n de San &hellip; <a href=\"https:\/\/www.grieta.org.mx\/index.php\/2015\/11\/03\/ejidatarios-de-santa-maria-magdalena-son-agredidos-por-autoridades\/\" class=\"more-link\">Leer m\u00e1s<\/a><\/p>\n","protected":false},"author":2,"featured_media":21928,"comment_status":"closed","ping_status":"open","sticky":false,"template":"","format":"standard","meta":{"ngg_post_thumbnail":0,"_jetpack_newsletter_access":"","_jetpack_dont_email_post_to_subs":false,"_jetpack_newsletter_tier_id":0,"_jetpack_memberships_contains_paywalled_content":false,"_jetpack_memberships_contains_paid_content":false,"footnotes":""},"categories":[80,359],"tags":[175],"class_list":["post-4642","post","type-post","status-publish","format-standard","has-post-thumbnail","hentry","category-cintillo","category-queretaro","tag-ejidatarios","entry"],"jetpack_featured_media_url":"https:\/\/www.grieta.org.mx\/wp-content\/uploads\/2018\/03\/14524434_1106112876131411_958039263622046936_o.jpg","jetpack_sharing_enabled":true,"jetpack_shortlink":"https:\/\/wp.me\/p7ZJR4-1cS","jetpack_likes_enabled":false,"jetpack-related-posts":[{"id":4645,"url":"https:\/\/www.grieta.org.mx\/index.php\/2015\/01\/21\/reclaman-pagos-ejidatarios-de-panteon-en-san-pedro-martir\/","url_meta":{"origin":4642,"position":0},"title":"Reclaman pagos ejidatarios de pante\u00f3n en San Pedro M\u00e1rtir","author":"grieta","date":"21 enero, 2015","format":false,"excerpt":"M\u00f3nica Gordillo\/AM Quer\u00e9taro Autoridades capitalinas, esperan llegar a un acuerdo econ\u00f3mico con los ejidatarios propietarios del predio donde se encuentra instalado el pante\u00f3n municipal de San Pedro M\u00e1rtir, ya que existe un adeudo por parte del Ayuntamiento Capitalino, el cual obedece a un pacto establecido con la administraci\u00f3n de 1988-1991,\u2026","rel":"","context":"En &quot;CINTILLO&quot;","block_context":{"text":"CINTILLO","link":"https:\/\/www.grieta.org.mx\/index.php\/category\/cintillo\/"},"img":{"alt_text":"","src":"https:\/\/i0.wp.com\/www.grieta.org.mx\/wp-content\/uploads\/2018\/03\/14524434_1106112876131411_958039263622046936_o.jpg?resize=350%2C200&ssl=1","width":350,"height":200,"srcset":"https:\/\/i0.wp.com\/www.grieta.org.mx\/wp-content\/uploads\/2018\/03\/14524434_1106112876131411_958039263622046936_o.jpg?resize=350%2C200&ssl=1 1x, https:\/\/i0.wp.com\/www.grieta.org.mx\/wp-content\/uploads\/2018\/03\/14524434_1106112876131411_958039263622046936_o.jpg?resize=525%2C300&ssl=1 1.5x, https:\/\/i0.wp.com\/www.grieta.org.mx\/wp-content\/uploads\/2018\/03\/14524434_1106112876131411_958039263622046936_o.jpg?resize=700%2C400&ssl=1 2x"},"classes":[]},{"id":4639,"url":"https:\/\/www.grieta.org.mx\/index.php\/2016\/01\/14\/ejidatarios-de-santa-maria-magdalena-exigen-pago-de-adeudo-por-parte-del-gobierno\/","url_meta":{"origin":4642,"position":1},"title":"Ejidatarios de Santa Mar\u00eda Magdalena exigen pago de adeudo por parte del gobierno","author":"grieta","date":"14 enero, 2016","format":false,"excerpt":"14\/01\/16. Sin recursos para pagar a ejidatarios de Santa Mar\u00eda Magdalena AM Quer\u00e9taro 03\/11\/15. Ejidatarios de Santa Mar\u00eda Magdalena son agredidos por autoridades AM Quer\u00e9taro 21\/01\/15. Reclaman pagos ejidatarios de pante\u00f3n en San Pedro M\u00e1rtir AM Quer\u00e9taro","rel":"","context":"En &quot;queretaro&quot;","block_context":{"text":"queretaro","link":"https:\/\/www.grieta.org.mx\/index.php\/category\/queretaro\/"},"img":{"alt_text":"","src":"https:\/\/i0.wp.com\/www.grieta.org.mx\/wp-content\/uploads\/2018\/03\/14524434_1106112876131411_958039263622046936_o.jpg?resize=350%2C200&ssl=1","width":350,"height":200,"srcset":"https:\/\/i0.wp.com\/www.grieta.org.mx\/wp-content\/uploads\/2018\/03\/14524434_1106112876131411_958039263622046936_o.jpg?resize=350%2C200&ssl=1 1x, https:\/\/i0.wp.com\/www.grieta.org.mx\/wp-content\/uploads\/2018\/03\/14524434_1106112876131411_958039263622046936_o.jpg?resize=525%2C300&ssl=1 1.5x, https:\/\/i0.wp.com\/www.grieta.org.mx\/wp-content\/uploads\/2018\/03\/14524434_1106112876131411_958039263622046936_o.jpg?resize=700%2C400&ssl=1 2x"},"classes":[]},{"id":4638,"url":"https:\/\/www.grieta.org.mx\/index.php\/2016\/01\/14\/sin-recursos-para-pagar-a-ejidatarios-de-santa-maria-magdalena\/","url_meta":{"origin":4642,"position":2},"title":"Sin recursos para pagar a ejidatarios de Santa Mar\u00eda Magdalena","author":"grieta","date":"14 enero, 2016","format":false,"excerpt":"Cecilia Conde\/AM Quer\u00e9taro El Secretario de Gobierno asegur\u00f3 que siguen sosteniendo conversaciones con los ejidatarios de Santa Mar\u00eda Magdalena, y no se les ha dado alg\u00fan pago por adelantado como lo hab\u00edan solicitado desde hace algunos meses. De Silva Ruiz reconoci\u00f3 que los ejidatarios tienen derechos sobre los predios, pero\u2026","rel":"","context":"En &quot;CINTILLO&quot;","block_context":{"text":"CINTILLO","link":"https:\/\/www.grieta.org.mx\/index.php\/category\/cintillo\/"},"img":{"alt_text":"","src":"https:\/\/i0.wp.com\/www.grieta.org.mx\/wp-content\/uploads\/2018\/03\/14524434_1106112876131411_958039263622046936_o.jpg?resize=350%2C200&ssl=1","width":350,"height":200,"srcset":"https:\/\/i0.wp.com\/www.grieta.org.mx\/wp-content\/uploads\/2018\/03\/14524434_1106112876131411_958039263622046936_o.jpg?resize=350%2C200&ssl=1 1x, https:\/\/i0.wp.com\/www.grieta.org.mx\/wp-content\/uploads\/2018\/03\/14524434_1106112876131411_958039263622046936_o.jpg?resize=525%2C300&ssl=1 1.5x, https:\/\/i0.wp.com\/www.grieta.org.mx\/wp-content\/uploads\/2018\/03\/14524434_1106112876131411_958039263622046936_o.jpg?resize=700%2C400&ssl=1 2x"},"classes":[]},{"id":16625,"url":"https:\/\/www.grieta.org.mx\/index.php\/2016\/04\/04\/ejidatarios-reclaman-predios-donde-se-construye-puente\/","url_meta":{"origin":4642,"position":3},"title":"Ejidatarios reclaman predios donde se construye puente","author":"grieta","date":"4 abril, 2016","format":false,"excerpt":"Impidieron el paso en la carretera Mieleras y bulevar Laguna Sur de Torre\u00f3n. Exigieron el pago de 10 hect\u00e1reas por 70 millones de pesos, que le gobierno de Coahuila no les ha liquidado. Torre\u00f3n, Coahuila \u00b7 Un grupo de 60 ejidatarios bloque\u00f3 el cruce de la carretera Mieleras y bulevar\u2026","rel":"","context":"En &quot;CINTILLO&quot;","block_context":{"text":"CINTILLO","link":"https:\/\/www.grieta.org.mx\/index.php\/category\/cintillo\/"},"img":{"alt_text":"","src":"https:\/\/i0.wp.com\/www.grieta.org.mx\/wp-content\/uploads\/2018\/03\/14524434_1106112876131411_958039263622046936_o.jpg?resize=350%2C200&ssl=1","width":350,"height":200,"srcset":"https:\/\/i0.wp.com\/www.grieta.org.mx\/wp-content\/uploads\/2018\/03\/14524434_1106112876131411_958039263622046936_o.jpg?resize=350%2C200&ssl=1 1x, https:\/\/i0.wp.com\/www.grieta.org.mx\/wp-content\/uploads\/2018\/03\/14524434_1106112876131411_958039263622046936_o.jpg?resize=525%2C300&ssl=1 1.5x, https:\/\/i0.wp.com\/www.grieta.org.mx\/wp-content\/uploads\/2018\/03\/14524434_1106112876131411_958039263622046936_o.jpg?resize=700%2C400&ssl=1 2x"},"classes":[]},{"id":2619,"url":"https:\/\/www.grieta.org.mx\/index.php\/2016\/01\/04\/mantienen-ejidatarios-litigio-por-tierras-donde-proyectan-mall-en-monclova\/","url_meta":{"origin":4642,"position":4},"title":"Mantienen ejidatarios litigio por tierras donde proyectan mall en Monclova","author":"grieta","date":"4 enero, 2016","format":false,"excerpt":"Monclova.- El predio donde se pretende reubicar la escuela, para posteriormente hacer un mall, est\u00e1 dentro de los terrenos reclamados por los ejidatarios de Estancias de San Juan, por lo que no dejar\u00e1n empiecen la obra, advirti\u00f3 Ram\u00f3n Su\u00e1rez, ejidatario decano. Ante la reciente afirmaci\u00f3n del alcalde Gerardo Garc\u00eda Castillo\u2026","rel":"","context":"En &quot;CINTILLO&quot;","block_context":{"text":"CINTILLO","link":"https:\/\/www.grieta.org.mx\/index.php\/category\/cintillo\/"},"img":{"alt_text":"","src":"https:\/\/i0.wp.com\/www.grieta.org.mx\/wp-content\/uploads\/2018\/03\/14524434_1106112876131411_958039263622046936_o.jpg?resize=350%2C200&ssl=1","width":350,"height":200,"srcset":"https:\/\/i0.wp.com\/www.grieta.org.mx\/wp-content\/uploads\/2018\/03\/14524434_1106112876131411_958039263622046936_o.jpg?resize=350%2C200&ssl=1 1x, https:\/\/i0.wp.com\/www.grieta.org.mx\/wp-content\/uploads\/2018\/03\/14524434_1106112876131411_958039263622046936_o.jpg?resize=525%2C300&ssl=1 1.5x, https:\/\/i0.wp.com\/www.grieta.org.mx\/wp-content\/uploads\/2018\/03\/14524434_1106112876131411_958039263622046936_o.jpg?resize=700%2C400&ssl=1 2x"},"classes":[]},{"id":1321,"url":"https:\/\/www.grieta.org.mx\/index.php\/2015\/10\/09\/ejidatarios-aceptan-pago-de-134-mdp-por-tierras-podrian-liberar-autopista-durango-mazatlan\/","url_meta":{"origin":4642,"position":5},"title":"Ejidatarios aceptan pago de 134 mdp por tierras; podr\u00edan liberar autopista Durango-Mazatl\u00e1n","author":"grieta","date":"9 octubre, 2015","format":false,"excerpt":"Gabriela Gallegos Integrantes del Ejido Pueblo Nuevo aceptaron la suma de 134 millones de pesos como pago por las 756.7 hect\u00e1reas sobre las que se construy\u00f3 la v\u00eda con lo que tras 173 d\u00edas podr\u00edan liberar la caseta de Coscomate. DURANGO. Este viernes podr\u00eda quedar libre la autopista Durango-Mazatl\u00e1n, luego\u2026","rel":"","context":"En &quot;CINTILLO&quot;","block_context":{"text":"CINTILLO","link":"https:\/\/www.grieta.org.mx\/index.php\/category\/cintillo\/"},"img":{"alt_text":"","src":"https:\/\/i0.wp.com\/www.grieta.org.mx\/wp-content\/uploads\/2018\/03\/14524434_1106112876131411_958039263622046936_o.jpg?resize=350%2C200&ssl=1","width":350,"height":200,"srcset":"https:\/\/i0.wp.com\/www.grieta.org.mx\/wp-content\/uploads\/2018\/03\/14524434_1106112876131411_958039263622046936_o.jpg?resize=350%2C200&ssl=1 1x, https:\/\/i0.wp.com\/www.grieta.org.mx\/wp-content\/uploads\/2018\/03\/14524434_1106112876131411_958039263622046936_o.jpg?resize=525%2C300&ssl=1 1.5x, https:\/\/i0.wp.com\/www.grieta.org.mx\/wp-content\/uploads\/2018\/03\/14524434_1106112876131411_958039263622046936_o.jpg?resize=700%2C400&ssl=1 2x"},"classes":[]}],"_links":{"self":[{"href":"https:\/\/www.grieta.org.mx\/index.php\/wp-json\/wp\/v2\/posts\/4642","targetHints":{"allow":["GET"]}}],"collection":[{"href":"https:\/\/www.grieta.org.mx\/index.php\/wp-json\/wp\/v2\/posts"}],"about":[{"href":"https:\/\/www.grieta.org.mx\/index.php\/wp-json\/wp\/v2\/types\/post"}],"author":[{"embeddable":true,"href":"https:\/\/www.grieta.org.mx\/index.php\/wp-json\/wp\/v2\/users\/2"}],"replies":[{"embeddable":true,"href":"https:\/\/www.grieta.org.mx\/index.php\/wp-json\/wp\/v2\/comments?post=4642"}],"version-history":[{"count":1,"href":"https:\/\/www.grieta.org.mx\/index.php\/wp-json\/wp\/v2\/posts\/4642\/revisions"}],"predecessor-version":[{"id":4643,"href":"https:\/\/www.grieta.org.mx\/index.php\/wp-json\/wp\/v2\/posts\/4642\/revisions\/4643"}],"wp:featuredmedia":[{"embeddable":true,"href":"https:\/\/www.grieta.org.mx\/index.php\/wp-json\/wp\/v2\/media\/21928"}],"wp:attachment":[{"href":"https:\/\/www.grieta.org.mx\/index.php\/wp-json\/wp\/v2\/media?parent=4642"}],"wp:term":[{"taxonomy":"category","embeddable":true,"href":"https:\/\/www.grieta.org.mx\/index.php\/wp-json\/wp\/v2\/categories?post=4642"},{"taxonomy":"post_tag","embeddable":true,"href":"https:\/\/www.grieta.org.mx\/index.php\/wp-json\/wp\/v2\/tags?post=4642"}],"curies":[{"name":"wp","href":"https:\/\/api.w.org\/{rel}","templated":true}]}}