{"id":46409,"date":"2020-03-12T00:22:19","date_gmt":"2020-03-12T06:22:19","guid":{"rendered":"http:\/\/www.grieta.org.mx\/?p=46409"},"modified":"2020-03-20T00:28:21","modified_gmt":"2020-03-20T06:28:21","slug":"sinaloa-pobladores-se-defienden-con-barricadas-contra-crimen","status":"publish","type":"post","link":"https:\/\/www.grieta.org.mx\/index.php\/2020\/03\/12\/sinaloa-pobladores-se-defienden-con-barricadas-contra-crimen\/","title":{"rendered":"Sinaloa. Pobladores se defienden con barricadas contra crimen"},"content":{"rendered":"<p>Javier Cabrera Mart\u00ednez\/El Universal<\/p>\n<p><img loading=\"lazy\" decoding=\"async\" data-attachment-id=\"46410\" data-permalink=\"https:\/\/www.grieta.org.mx\/index.php\/2020\/03\/12\/sinaloa-pobladores-se-defienden-con-barricadas-contra-crimen\/barricadas_1201_cortesia\/\" data-orig-file=\"https:\/\/www.grieta.org.mx\/wp-content\/uploads\/2020\/03\/barricadas_1201_cortesia.jpg\" data-orig-size=\"651,400\" data-comments-opened=\"0\" data-image-meta=\"{&quot;aperture&quot;:&quot;0&quot;,&quot;credit&quot;:&quot;&quot;,&quot;camera&quot;:&quot;&quot;,&quot;caption&quot;:&quot;&quot;,&quot;created_timestamp&quot;:&quot;0&quot;,&quot;copyright&quot;:&quot;&quot;,&quot;focal_length&quot;:&quot;0&quot;,&quot;iso&quot;:&quot;0&quot;,&quot;shutter_speed&quot;:&quot;0&quot;,&quot;title&quot;:&quot;&quot;,&quot;orientation&quot;:&quot;0&quot;}\" data-image-title=\"barricadas_1201_cortesia\" data-image-description=\"\" data-image-caption=\"\" data-medium-file=\"https:\/\/www.grieta.org.mx\/wp-content\/uploads\/2020\/03\/barricadas_1201_cortesia-300x184.jpg\" data-large-file=\"https:\/\/www.grieta.org.mx\/wp-content\/uploads\/2020\/03\/barricadas_1201_cortesia.jpg\" src=\"http:\/\/www.grieta.org.mx\/wp-content\/uploads\/2020\/03\/barricadas_1201_cortesia.jpg\" alt=\"\" width=\"651\" height=\"400\" class=\"aligncenter size-full wp-image-46410\" srcset=\"https:\/\/www.grieta.org.mx\/wp-content\/uploads\/2020\/03\/barricadas_1201_cortesia.jpg 651w, https:\/\/www.grieta.org.mx\/wp-content\/uploads\/2020\/03\/barricadas_1201_cortesia-300x184.jpg 300w\" sizes=\"auto, (max-width: 651px) 100vw, 651px\" \/><\/p>\n<p>Los pobladores advierten que van a defenderse colocaron cartelones y una bandera en color azul, con una paloma blanca, con mensajes contra posibles agresiones y levantaron barricadas con costales llenos de tierra<\/p>\n<p>Grupos mixtos del ej\u00e9rcito, la Marina y la Polic\u00eda Estatal Preventiva mantienen la vigilancia en la comunidad de Aguacaliente, en la sindicatura de Tepuche, Culiac\u00e1n, en donde sus pobladores levantaron barricadas con costales rellenos de tierra y colocaron avisos contra grupos delictivos que se defender\u00e1n de posibles agresiones.<\/p>\n<p>Joel Ernesto Soto, director de la Polic\u00eda Estatal Preventiva, dijo que se mantiene la vigilancia en ese y otros poblados cercanos, a fin de dar tranquilidad a la poblaci\u00f3n que s\u00f3lo ha externado temor a ser v\u00edctimas de posibles actos de violencia.<\/p>\n<p>Dio a conocer que mantendr\u00e1n los patrullajes en varios poblados, de la sindicatura de Tepuche para dar confianza a los habitantes, con los que se tiene contin\u00faan conversaciones con ellos para conocer qu\u00e9 puntos de vista sobre lo que se realiza.<\/p>\n<p>Tambi\u00e9n lee: Ni\u00f1as se unen a marcha contra violencia de g\u00e9nero en Culiac\u00e1n<\/p>\n<p>Joel Ernesto explic\u00f3 que la semana pasada se tuvo llamadas de alerta falsas a las l\u00edneas de emergencia  sobre supuestos ataques e incendio de vivienda en el poblado de Paredones, en la sindicatura de Tepuche, lo que gener\u00f3 inquietud en esa zona de Culiac\u00e1n.<\/p>\n<p>El martes pasado, mujeres y adultos mayores de la comunidad de Aguacaliente colocaron cartelones y una bandera en color azul, con una paloma blanca, con mensajes que se van a defender contra posibles agresiones y levantaron barricadas con costales llenos de tierra.<\/p>\n<p>Los residentes de esta comunidad junto con los habitantes de San Rafael, Tecolotes, Barrio de San Juan, la Guasima y la reforma colocaron enormes mantas, con el mensaje\u201c En estas comunidades no se permite. El secuestro, la extorsi\u00f3n, el allanamiento, en homicidio y en abuso en general, Att FCR\u201d, los pobladores advierten que van a defenderse<\/p>\n<p><a href=\"https:\/\/www.eluniversal.com.mx\/estados\/sinaloa-pobladores-se-defienden-con-barricadas-contra-crimen\">https:\/\/www.eluniversal.com.mx\/estados\/sinaloa-pobladores-se-defienden-con-barricadas-contra-crimen<\/a><\/p>\n","protected":false},"excerpt":{"rendered":"<p>Javier Cabrera Mart\u00ednez\/El Universal Los pobladores advierten que van a defenderse colocaron cartelones y una bandera en color azul, con una paloma blanca, con mensajes contra posibles agresiones y levantaron &hellip; <a href=\"https:\/\/www.grieta.org.mx\/index.php\/2020\/03\/12\/sinaloa-pobladores-se-defienden-con-barricadas-contra-crimen\/\" class=\"more-link\">Leer m\u00e1s<\/a><\/p>\n","protected":false},"author":2,"featured_media":46410,"comment_status":"closed","ping_status":"closed","sticky":false,"template":"","format":"standard","meta":{"ngg_post_thumbnail":0,"_jetpack_newsletter_access":"","_jetpack_dont_email_post_to_subs":false,"_jetpack_newsletter_tier_id":0,"_jetpack_memberships_contains_paywalled_content":false,"_jetpack_memberships_contains_paid_content":false,"footnotes":""},"categories":[80,2729,30],"tags":[99],"class_list":["post-46409","post","type-post","status-publish","format-standard","has-post-thumbnail","hentry","category-cintillo","category-incremento-de-la-inseguridad-en-sinaloa","category-sinaloa","tag-inseguridad","entry"],"jetpack_featured_media_url":"https:\/\/www.grieta.org.mx\/wp-content\/uploads\/2020\/03\/barricadas_1201_cortesia.jpg","jetpack_sharing_enabled":true,"jetpack_shortlink":"https:\/\/wp.me\/p7ZJR4-c4x","jetpack_likes_enabled":false,"jetpack-related-posts":[{"id":14568,"url":"https:\/\/www.grieta.org.mx\/index.php\/2016\/06\/18\/pobladores-enfrentan-a-granaderos-en-ciudad-ixtepec-oax\/","url_meta":{"origin":46409,"position":0},"title":"Pobladores enfrentan a granaderos en Ciudad Ixtepec (Oaxaca)","author":"grieta","date":"18 junio, 2016","format":false,"excerpt":"Istmopress. Mart\u00edn Vargas, Ixtepec, Oaxaca.- Pobladores de Ciudad Ixtepec encapsularon a elementos de la Polic\u00eda Estatal que se dirig\u00edan a desactivar el bloqueo en la supercarretera que conecta este municipio con Salina Cruz. Los pobladores llegaron en apoyo de maestros y padres de familia que quedaron en medio de fuerzas\u2026","rel":"","context":"En &quot;CINTILLO&quot;","block_context":{"text":"CINTILLO","link":"https:\/\/www.grieta.org.mx\/index.php\/category\/cintillo\/"},"img":{"alt_text":"","src":"https:\/\/i0.wp.com\/www.grieta.org.mx\/wp-content\/uploads\/2018\/03\/14524434_1106112876131411_958039263622046936_o.jpg?resize=350%2C200&ssl=1","width":350,"height":200,"srcset":"https:\/\/i0.wp.com\/www.grieta.org.mx\/wp-content\/uploads\/2018\/03\/14524434_1106112876131411_958039263622046936_o.jpg?resize=350%2C200&ssl=1 1x, https:\/\/i0.wp.com\/www.grieta.org.mx\/wp-content\/uploads\/2018\/03\/14524434_1106112876131411_958039263622046936_o.jpg?resize=525%2C300&ssl=1 1.5x, https:\/\/i0.wp.com\/www.grieta.org.mx\/wp-content\/uploads\/2018\/03\/14524434_1106112876131411_958039263622046936_o.jpg?resize=700%2C400&ssl=1 2x"},"classes":[]},{"id":55180,"url":"https:\/\/www.grieta.org.mx\/index.php\/2020\/11\/16\/accion-en-mazatlan-sinaloa-en-repudio-a-los-ataques-paramilitares-en-contra-de-comunidades-zapatistas\/","url_meta":{"origin":46409,"position":1},"title":"Acci\u00f3n en Mazatl\u00e1n, Sinaloa en repudio a los ataques paramilitares en contra de comunidades zapatistas","author":"grieta","date":"16 noviembre, 2020","format":false,"excerpt":"Colectivo Grieta El jueves 12 de noviembre se organizaron y desarrollaron actividades en la Plazuela Rep\u00fablica de Mazatl\u00e1n, Sinaloa, con el objetivo de denunciar las agresiones del grupo paramilitar ORCAO contra las Comunidades Ind\u00edgenas Zapatistas. Participaron compa\u00f1eros y compa\u00f1eras de la Red de Resistencia y Rebeld\u00eda-MZT. Como parte de las\u2026","rel":"","context":"En &quot;Alto a la Guerra contra los pueblos zapatistas&quot;","block_context":{"text":"Alto a la Guerra contra los pueblos zapatistas","link":"https:\/\/www.grieta.org.mx\/index.php\/category\/redes-de-resistencia-y-rebeldia\/contra-la-guerra-al-ezln\/"},"img":{"alt_text":"","src":"https:\/\/i0.wp.com\/www.grieta.org.mx\/wp-content\/uploads\/2020\/11\/photo_2020-11-16_22-22-24-1.jpg?resize=350%2C200","width":350,"height":200},"classes":[]},{"id":8735,"url":"https:\/\/www.grieta.org.mx\/index.php\/2016\/01\/26\/crearan-barricadas-contra-empresas-depredadoras\/","url_meta":{"origin":46409,"position":2},"title":"Crear\u00e1n barricadas contra empresas \u201cdepredadoras\u201d (San Luis Potos\u00ed)","author":"grieta","date":"26 enero, 2016","format":false,"excerpt":"Jos\u00e9 Luis Mart\u00ednez Castro \/ El Sol de San Luis Ciudad Valles, San Luis Potos\u00ed.- Los acuerdos establecidos en el foro llamado \u201cEn defensa del territorio del agua, tierra y vida\u201d que imparti\u00f3 Francisco Graviotto, de la Alianza Nacional contra el Fracking, que recorri\u00f3 varias comunidades y dio a conocer\u2026","rel":"","context":"En &quot;CINTILLO&quot;","block_context":{"text":"CINTILLO","link":"https:\/\/www.grieta.org.mx\/index.php\/category\/cintillo\/"},"img":{"alt_text":"","src":"https:\/\/i0.wp.com\/www.grieta.org.mx\/wp-content\/uploads\/2018\/03\/14524434_1106112876131411_958039263622046936_o.jpg?resize=350%2C200&ssl=1","width":350,"height":200,"srcset":"https:\/\/i0.wp.com\/www.grieta.org.mx\/wp-content\/uploads\/2018\/03\/14524434_1106112876131411_958039263622046936_o.jpg?resize=350%2C200&ssl=1 1x, https:\/\/i0.wp.com\/www.grieta.org.mx\/wp-content\/uploads\/2018\/03\/14524434_1106112876131411_958039263622046936_o.jpg?resize=525%2C300&ssl=1 1.5x, https:\/\/i0.wp.com\/www.grieta.org.mx\/wp-content\/uploads\/2018\/03\/14524434_1106112876131411_958039263622046936_o.jpg?resize=700%2C400&ssl=1 2x"},"classes":[]},{"id":14316,"url":"https:\/\/www.grieta.org.mx\/index.php\/2016\/06\/15\/barricadas-marchas-y-bloqueos-a-10-anos-del-fallido-desalojo-de-maestros-en-oaxaca\/","url_meta":{"origin":46409,"position":3},"title":"Barricadas, marchas y bloqueos, a 10 a\u00f1os del fallido desalojo de maestros en Oaxaca","author":"grieta","date":"15 junio, 2016","format":false,"excerpt":"Jorge A. P\u00e9rez y Diana Manzo, Oaxaca Profesores afiliados a la secci\u00f3n 22 de la Coordinadora Nacional de los Trabajadores de la Educaci\u00f3n (CNTE), quienes se oponen a la implementaci\u00f3n de la reforma educativa, conmemoraron este martes con una marcha el d\u00e9cimo aniversario de que el ex gobernador pri\u00edsta de\u2026","rel":"","context":"En &quot;CINTILLO&quot;","block_context":{"text":"CINTILLO","link":"https:\/\/www.grieta.org.mx\/index.php\/category\/cintillo\/"},"img":{"alt_text":"","src":"https:\/\/i0.wp.com\/www.grieta.org.mx\/wp-content\/uploads\/2018\/03\/14524434_1106112876131411_958039263622046936_o.jpg?resize=350%2C200&ssl=1","width":350,"height":200,"srcset":"https:\/\/i0.wp.com\/www.grieta.org.mx\/wp-content\/uploads\/2018\/03\/14524434_1106112876131411_958039263622046936_o.jpg?resize=350%2C200&ssl=1 1x, https:\/\/i0.wp.com\/www.grieta.org.mx\/wp-content\/uploads\/2018\/03\/14524434_1106112876131411_958039263622046936_o.jpg?resize=525%2C300&ssl=1 1.5x, https:\/\/i0.wp.com\/www.grieta.org.mx\/wp-content\/uploads\/2018\/03\/14524434_1106112876131411_958039263622046936_o.jpg?resize=700%2C400&ssl=1 2x"},"classes":[]},{"id":16398,"url":"https:\/\/www.grieta.org.mx\/index.php\/2016\/07\/07\/elementos-de-elite-del-ejercito-marina-y-pf-refuerzan-seguridad-en-sierra-de-badiraguato-sin\/","url_meta":{"origin":46409,"position":4},"title":"Elementos de \u00e9lite del Ej\u00e9rcito, Marina y PF refuerzan seguridad en sierra de Badiraguato (SIN)","author":"grieta","date":"7 julio, 2016","format":false,"excerpt":"Redacci\u00f3n Noroeste. BADIRAGUATO._ Elementos de las Fuerzas Especiales del Ej\u00e9rcito Mexicano reforzaron las acciones del Operativo Sierra-Madre en busca de integrantes de la delincuencia organizada que se enfrentaron hace casi un mes en la zona serrana de Badiraguato, en Sinaloa. Seg\u00fan Noticieros Televisa, en el reforzamiento del operativo tambi\u00e9n participan\u2026","rel":"","context":"En &quot;CINTILLO&quot;","block_context":{"text":"CINTILLO","link":"https:\/\/www.grieta.org.mx\/index.php\/category\/cintillo\/"},"img":{"alt_text":"","src":"https:\/\/i0.wp.com\/www.grieta.org.mx\/wp-content\/uploads\/2018\/03\/14524434_1106112876131411_958039263622046936_o.jpg?resize=350%2C200&ssl=1","width":350,"height":200,"srcset":"https:\/\/i0.wp.com\/www.grieta.org.mx\/wp-content\/uploads\/2018\/03\/14524434_1106112876131411_958039263622046936_o.jpg?resize=350%2C200&ssl=1 1x, https:\/\/i0.wp.com\/www.grieta.org.mx\/wp-content\/uploads\/2018\/03\/14524434_1106112876131411_958039263622046936_o.jpg?resize=525%2C300&ssl=1 1.5x, https:\/\/i0.wp.com\/www.grieta.org.mx\/wp-content\/uploads\/2018\/03\/14524434_1106112876131411_958039263622046936_o.jpg?resize=700%2C400&ssl=1 2x"},"classes":[]},{"id":14310,"url":"https:\/\/www.grieta.org.mx\/index.php\/2016\/06\/13\/el-centro-historico-de-oaxaca-sitiado-con-13-barricadas-ante-avance-de-fuerzas-federales\/","url_meta":{"origin":46409,"position":5},"title":"El Centro Hist\u00f3rico de Oaxaca sitiado con 13 barricadas ante avance de fuerzas federales","author":"grieta","date":"13 junio, 2016","format":false,"excerpt":"P\u00e1gina 3. Pedro Mat\u00edas, Oaxaca.- Por lo menos 13 barricadas se instalaron a partir de las 21:00 horas en el Centro Hist\u00f3rico de Oaxaca ante el avance de fuerzas federales que amagan con desalojar a maestros que bloquean la supercarretera Oaxaca-M\u00e9xico y amenazan con retirar el campamento magisterial que se\u2026","rel":"","context":"En &quot;CINTILLO&quot;","block_context":{"text":"CINTILLO","link":"https:\/\/www.grieta.org.mx\/index.php\/category\/cintillo\/"},"img":{"alt_text":"","src":"https:\/\/i0.wp.com\/www.grieta.org.mx\/wp-content\/uploads\/2018\/03\/14524434_1106112876131411_958039263622046936_o.jpg?resize=350%2C200&ssl=1","width":350,"height":200,"srcset":"https:\/\/i0.wp.com\/www.grieta.org.mx\/wp-content\/uploads\/2018\/03\/14524434_1106112876131411_958039263622046936_o.jpg?resize=350%2C200&ssl=1 1x, https:\/\/i0.wp.com\/www.grieta.org.mx\/wp-content\/uploads\/2018\/03\/14524434_1106112876131411_958039263622046936_o.jpg?resize=525%2C300&ssl=1 1.5x, https:\/\/i0.wp.com\/www.grieta.org.mx\/wp-content\/uploads\/2018\/03\/14524434_1106112876131411_958039263622046936_o.jpg?resize=700%2C400&ssl=1 2x"},"classes":[]}],"_links":{"self":[{"href":"https:\/\/www.grieta.org.mx\/index.php\/wp-json\/wp\/v2\/posts\/46409","targetHints":{"allow":["GET"]}}],"collection":[{"href":"https:\/\/www.grieta.org.mx\/index.php\/wp-json\/wp\/v2\/posts"}],"about":[{"href":"https:\/\/www.grieta.org.mx\/index.php\/wp-json\/wp\/v2\/types\/post"}],"author":[{"embeddable":true,"href":"https:\/\/www.grieta.org.mx\/index.php\/wp-json\/wp\/v2\/users\/2"}],"replies":[{"embeddable":true,"href":"https:\/\/www.grieta.org.mx\/index.php\/wp-json\/wp\/v2\/comments?post=46409"}],"version-history":[{"count":1,"href":"https:\/\/www.grieta.org.mx\/index.php\/wp-json\/wp\/v2\/posts\/46409\/revisions"}],"predecessor-version":[{"id":46412,"href":"https:\/\/www.grieta.org.mx\/index.php\/wp-json\/wp\/v2\/posts\/46409\/revisions\/46412"}],"wp:featuredmedia":[{"embeddable":true,"href":"https:\/\/www.grieta.org.mx\/index.php\/wp-json\/wp\/v2\/media\/46410"}],"wp:attachment":[{"href":"https:\/\/www.grieta.org.mx\/index.php\/wp-json\/wp\/v2\/media?parent=46409"}],"wp:term":[{"taxonomy":"category","embeddable":true,"href":"https:\/\/www.grieta.org.mx\/index.php\/wp-json\/wp\/v2\/categories?post=46409"},{"taxonomy":"post_tag","embeddable":true,"href":"https:\/\/www.grieta.org.mx\/index.php\/wp-json\/wp\/v2\/tags?post=46409"}],"curies":[{"name":"wp","href":"https:\/\/api.w.org\/{rel}","templated":true}]}}