{"id":46393,"date":"2020-03-19T23:47:40","date_gmt":"2020-03-20T05:47:40","guid":{"rendered":"http:\/\/www.grieta.org.mx\/?p=46393"},"modified":"2020-03-19T23:49:08","modified_gmt":"2020-03-20T05:49:08","slug":"politica-de-eu-en-deportaciones-aumenta-riesgo-de-propagacion-de-coronavirus","status":"publish","type":"post","link":"https:\/\/www.grieta.org.mx\/index.php\/2020\/03\/19\/politica-de-eu-en-deportaciones-aumenta-riesgo-de-propagacion-de-coronavirus\/","title":{"rendered":"Pol\u00edtica de EU en deportaciones aumenta riesgo de propagaci\u00f3n de coronavirus"},"content":{"rendered":"<figure id=\"attachment_46394\" aria-describedby=\"caption-attachment-46394\" style=\"width: 800px\" class=\"wp-caption aligncenter\"><img loading=\"lazy\" decoding=\"async\" data-attachment-id=\"46394\" data-permalink=\"https:\/\/www.grieta.org.mx\/index.php\/2020\/03\/19\/politica-de-eu-en-deportaciones-aumenta-riesgo-de-propagacion-de-coronavirus\/cuartoscuro-guatemala\/\" data-orig-file=\"https:\/\/www.grieta.org.mx\/wp-content\/uploads\/2020\/03\/cuartoscuro-Guatemala.jpeg\" data-orig-size=\"1536,1025\" data-comments-opened=\"0\" data-image-meta=\"{&quot;aperture&quot;:&quot;0&quot;,&quot;credit&quot;:&quot;Fot\\u00f3grafo Especial&quot;,&quot;camera&quot;:&quot;&quot;,&quot;caption&quot;:&quot;LA MESILLA, GUATEMALA, 18MARZO2020.- A dos d\\u00edas del cierre de sus fronteras con M\\u00e9xico, el Ej\\u00e9rcito guatemalteco mantiene una estricta vigilancia, donde no permiten el acceso a ning\\u00fan mexicano a su territorio, ni el paso de guatemaltecos a suelo mexicano. Los comerciantes y transportistas reportan ya fuertes p\\u00e9rdidas, incluso han pensado en cerrar sus negocios. El cierre de garita se tiene previsto  hasta el 31 de marzo.\\rFOTO: TO\\u00d1O AGUILAR\/CUARTOSCURO.COM&quot;,&quot;created_timestamp&quot;:&quot;0&quot;,&quot;copyright&quot;:&quot;Fot\\u00f3grafo Especial @Cuartoscuro&quot;,&quot;focal_length&quot;:&quot;0&quot;,&quot;iso&quot;:&quot;0&quot;,&quot;shutter_speed&quot;:&quot;0&quot;,&quot;title&quot;:&quot;&quot;,&quot;orientation&quot;:&quot;0&quot;}\" data-image-title=\"cuartoscuro Guatemala\" data-image-description=\"\" data-image-caption=\"&lt;p&gt;LA MESILLA, GUATEMALA, 18MARZO2020.- A dos d\u00edas del cierre de sus fronteras con M\u00e9xico, el Ej\u00e9rcito guatemalteco mantiene una estricta vigilancia, donde no permiten el acceso a ning\u00fan mexicano a su territorio, ni el paso de guatemaltecos a suelo mexicano. Los comerciantes y transportistas reportan ya fuertes p\u00e9rdidas, incluso han pensado en cerrar sus negocios. El cierre de garita se tiene previsto hasta el 31 de marzo. FOTO: TO\u00d1O AGUILAR\/CUARTOSCURO.COM&lt;\/p&gt;\n\" data-medium-file=\"https:\/\/www.grieta.org.mx\/wp-content\/uploads\/2020\/03\/cuartoscuro-Guatemala-300x200.jpeg\" data-large-file=\"https:\/\/www.grieta.org.mx\/wp-content\/uploads\/2020\/03\/cuartoscuro-Guatemala-1024x683.jpeg\" class=\"wp-image-46394\" src=\"http:\/\/www.grieta.org.mx\/wp-content\/uploads\/2020\/03\/cuartoscuro-Guatemala.jpeg\" alt=\"\" width=\"800\" height=\"534\" srcset=\"https:\/\/www.grieta.org.mx\/wp-content\/uploads\/2020\/03\/cuartoscuro-Guatemala.jpeg 1536w, https:\/\/www.grieta.org.mx\/wp-content\/uploads\/2020\/03\/cuartoscuro-Guatemala-300x200.jpeg 300w, https:\/\/www.grieta.org.mx\/wp-content\/uploads\/2020\/03\/cuartoscuro-Guatemala-768x513.jpeg 768w, https:\/\/www.grieta.org.mx\/wp-content\/uploads\/2020\/03\/cuartoscuro-Guatemala-1024x683.jpeg 1024w, https:\/\/www.grieta.org.mx\/wp-content\/uploads\/2020\/03\/cuartoscuro-Guatemala-749x500.jpeg 749w\" sizes=\"auto, (max-width: 800px) 100vw, 800px\" \/><figcaption id=\"caption-attachment-46394\" class=\"wp-caption-text\">LA MESILLA, GUATEMALA, 18MARZO2020.- A dos d\u00edas del cierre de sus fronteras con M\u00e9xico, el Ej\u00e9rcito guatemalteco mantiene una estricta vigilancia, donde no permiten el acceso a ning\u00fan mexicano a su territorio, ni el paso de guatemaltecos a suelo mexicano. Los comerciantes y transportistas reportan ya fuertes p\u00e9rdidas, incluso han pensado en cerrar sus negocios. El cierre de garita se tiene previsto hasta el 31 de marzo. FOTO: TO\u00d1O AGUILAR\/CUARTOSCURO.COM<\/figcaption><\/figure>\n<p><strong>Especialistas advierten el mayor riesgo de las personas migrantes de contener coronavirus debido a las pol\u00edticas migratorias de Estados Unidos. El despacho jur\u00eddico del activista Jason Flores-Williams revisar\u00e1 la responsabilidad jur\u00eddica de la administraci\u00f3n de Donald Trump<\/strong><\/p>\n<p>Texto: Mar\u00eda Ruiz y Vania Pigeonutt\/ PIE DE P\u00c1GINA<br \/>\nFotos: To\u00f1o Aguilar\/ Cuartoscuro, \u00c1ngeles Mariscal y Mar\u00eda Ruiz<\/p>\n<p>La actual pol\u00edtica migratoria del gobierno de Donald Trump incrementa el riesgo de contagio de coronavirus para las personas migrantes que buscan llegar a ese pa\u00eds, advierte el abogado estadounidense Jason Flores-Williams.<\/p>\n<p>\u201cLa administraci\u00f3n Trump ha creado una crisis humanitaria en la que m\u00e1s de 60 mil personas viven en campamentos insalubres mientras esperan que los tribunales de Estados Unidos juzguen sus casos de inmigraci\u00f3n.<\/p>\n<p>Flores-Williams lamenta que estas personas, en su intenci\u00f3n de llegar a Estados Unidos, permanezcan en M\u00e9xico debido a las pol\u00edticas estadounidenses que califica como miopes y racistas.<\/p>\n<p>\u201cEstas personas simplemente est\u00e1n esperando enfermarse y morir. Ellos son como decimos en ingl\u00e9s, sentar patos. Y si eso no le molesta porque solo<br \/>\nentiende el mundo ya que le afecta directamente, piense en el hecho de que estas personas regresar\u00e1n a sus pa\u00edses de origen y propagar\u00e1n el coronavirus en todo M\u00e9xico y Am\u00e9rica Latina\u201d, advierte.<\/p>\n<p>\u201cSi este virus nos ha mostrado algo, es que todos estamos conectados. Tenemos que hacer algo ahora por los miembros de nuestra familia en la frontera\u201d.<\/p>\n<p>Flores-Williams llama a la poblaci\u00f3n a no olvidar a los migrantes que en la frontera buscan resolver su situaci\u00f3n migratoria<\/p>\n<p>\u201cSi usted o alguien que conoce est\u00e1 en un campamento de migrantes y se siente impotente contra el coronavirus, puede contactar a esta oficina legal para discutir formas de responsabilizar a la administraci\u00f3n Trump por mejorar las condiciones a lo largo de la frontera\u201d.<\/p>\n<p>Debido al coronavirus 10 pa\u00edses en Am\u00e9rica Latina cerraron fronteras. Canad\u00e1 suspendi\u00f3 la llegada de vuelos internacionales y Estados Unidos impidi\u00f3 la llegada de aviones provenientes de Europa.<\/p>\n<p>La especialista en migraci\u00f3n Leticia Calder\u00f3n Chelius explica que durante propagaci\u00f3n del COVID-19 los migrantes son parte de la poblaci\u00f3n m\u00e1s vulnerable. Se enfrentan al hacinamiento y al riesgo de perder sus solicitudes de asilo. <\/p>\n<p>Distintas organizaciones y albergues para migrantes se pronunciaron contra el hacinamiento en estaciones migratorias. No poder salir de una estaci\u00f3n les resta el derecho a decidir qu\u00e9 hacer ante una pandemia, explican. <\/p>\n<p>Los administradores del albergue Casa Migrante Saltillo pidieron a la secretaria de Gobernaci\u00f3n Olga S\u00e1nchez Cordero y al Instituto Nacional de Migraci\u00f3n \u201ctomar las medidas para permitir que la gente extranjera deje de ir a firmar cada semana\u201d.<\/p>\n<p>Leticia Calder\u00f3n Chelius puntualiza que no se debe marginar a la poblaci\u00f3n migrante, ya que en una emergencia como la actual se acent\u00faa la importancia de la correlaci\u00f3n.<\/p>\n<p>\u201cDe su salud tambi\u00e9n depende la nuestra. Si a ellos no los revisan, si alguien se siente mal y no lo atienden, es una fuente de contagio para cualquiera. No considerarlos parte de la realidad territorial ser\u00eda un error\u201d, advierte.<\/p>\n<p>Donald Trump planea regresar a todas los solicitantes de asilo y extranjeros que intenten entrar por la frontera con M\u00e9xico debido al Coronavirus, seg\u00fan public\u00f3 el New York Times.<\/p>\n<p>Este mi\u00e9rcoles, Trump anunci\u00f3 que cerrar\u00e1 las fronteras con Canad\u00e1 y que limitar\u00e1 la entrada en distintos puntos de la frontera con M\u00e9xico. <\/p>\n<p>Leticia Calder\u00f3n recuerda el gran riesgo que representa para los migrantes que solicitan asilo que sean regresados  en su hu\u00edda por la violencia. <\/p>\n<p>\u201cQue regresen a un escenario del cual est\u00e1n huyendo por razones de seguridad (es) ponerlos en una situaci\u00f3n de evidente peligro porque hab\u00edan logrado, adem\u00e1s de entrar al pa\u00eds, que sus datos fueran aceptados, que eso no es cualquier cosa en Estados Unidos. En ese caso es muy fuerte porque es una p\u00e9rdida de conquista en t\u00e9rminos de Derechos humanos\u201d.<\/p>\n<p>COVID-19 en la regi\u00f3n<br \/>\nEl coronavirus se extiende por la regi\u00f3n norte del continente americano. Hasta el 18 de marzo, la Organizaci\u00f3n Mundial de la Salud contabiliza m\u00e1s de 7 mil contagios en Estados Unidos y 97 personas fallecidas por la enfermedad. En En M\u00e9xico, las autoridades reportaron que el n\u00famero de contagios es de 118.<\/p>\n<p>Este mi\u00e9rcoles, la Secretar\u00eda de Salud inform\u00f3 que muri\u00f3 el primer mexicano contagiado por COVID-19 en territorio nacional.<\/p>\n<p>La paradoja del cierre de fronteras de Guatemala<br \/>\nEste martes 17 de marzo el gobierno de Guatemala anunci\u00f3 el cierre de sus fronteras a\u00e9reas, terrestres y mar\u00edtimas para extranjeros. Los \u00fanicos que pueden ingresar a su territorio son guatemaltecos o residentes permanentes. Sus fronteras ser\u00e1n vigiladas por el ej\u00e9rcito de Guatemala y la Polic\u00eda Nacional Civil.<\/p>\n<p>Esto es una paradoja, dice la migrant\u00f3loga Leticia Calder\u00f3n: \u201cEllos cierran y acaban fortaleciendo la pol\u00edtica de contenci\u00f3n (migratoria) que M\u00e9xico les aplic\u00f3, es una locura. <\/p>\n<p>El viernes 13 el presidente guatemalteco Alejandro Giammattei pidi\u00f3 al Estado mexicano que no deportar\u00e1 guatemaltecos como medida preventiva para detener contagios, seg\u00fan datos de la agencia Reuters. <\/p>\n<p>A pesar de las medidas, sin embargo, a lo largo de 621 kil\u00f3metros que comparte de frontera con M\u00e9xico contin\u00faa el paso de personas de ambas naciones. Los habitantes en la franja fronteriza y comparten lazos familiares y de comercio, reporta Chiapas Paralelo.<\/p>\n<p>Acciones contra el hacinamiento<br \/>\nEl cierre de las fronteras guatemaltecas por el COVID-19 dej\u00f3 varados a miles de migrantes en el sureste mexicano. La CNDH solicit\u00f3 al Instituto Nacional de Migraci\u00f3n que implemente acciones urgentes contra el hacinamiento para evitar un contagio masivo en estaciones migratorias.<\/p>\n<p>La Comisi\u00f3n tambi\u00e9n pidi\u00f3 al INM que proporcione los productos necesarios de salud e higiene para prevenir el contagio. Que realice revisiones permanentes.<\/p>\n<p>El Instituto Nacional de MIgraci\u00f3n acept\u00f3 las medidas cautelares. En un comunicado, asegur\u00f3 que provera\u00e1 de insumos necesarios para mantener las medidas de combate a la pandemia, como jab\u00f3n, gel antibacterial y alcohol. Asimismo, neg\u00f3 que en los albergues hay hacinamiento.<\/p>\n<p>En Tapachula, el albergue Bel\u00e9n, inform\u00f3 que no recibir\u00e1 m\u00e1s migrantes hasta que pase la contingencia:<\/p>\n<p>C\u00e9sar Augusto Ca\u00f1averal, director del albergue Bel\u00e9n, explic\u00f3: \u201c\u00danicamente estaremos atendiendo a las personas que est\u00e1n ingresadas en el interior del albergue\u201d, inform\u00f3 Chiapas Paralelo. <\/p>\n<p>En Ciudad Ju\u00e1rez se acomodar\u00e1n migrantes que se encuentran en albergues saturados para evitar contagios de COVID-19.  Actualmente hay unos mil 300 extranjeros repartidos en los 14 albergues improvisados en iglesias. As\u00ed como en la Casa del Migrante y en el que opera el gobierno gederal, el Leona Vicario, report\u00f3 La Verdad de Ju\u00e1rez.<\/p>\n<p>La casa del Migrante decidi\u00f3 que s\u00f3lo dar\u00e1 asilo a qui\u00e9nes presenten un certificado m\u00e9dico. El centro que concentra mayor n\u00famero de migrantes es el Leona Vicario. Ah\u00ed las autoridades aseguran que han instrumentado un protocolo para recibir a los extranjeros que arriban a la ciudad:<\/p>\n<p>\u201cSe les toma la temperatura y se revisa si presentan alg\u00fan s\u00edntoma que pudiera estar relacionados con COVID 19. Se les aplica un cuestionario para saber si han estado en contacto con personas que hayan viajado a lugares en riesgo\u201d.<\/p>\n<p>Roces diplom\u00e1ticos<br \/>\nEl 16 de marzo el presidente de El Salvador, Nayib Bukele, anunci\u00f3 por medio de su cuenta de Twitter que un vuelo de Avianca procedente de M\u00e9xico no podr\u00eda arribar a San Salvador por supuestos \u201c12 casos confirmados de Covid-19\u201d. Este tuit desat\u00f3 una discusi\u00f3n entre Bukele y el canciller mexicano Marcelo Ebrard. <\/p>\n<p>Miles de usuarios de Twitter retomaron la conversaci\u00f3n. Respondieron a los tuits de los funcionarios con mensajes burlones que le daban la raz\u00f3n a uno u a otro.<\/p>\n<p>Avianca anunci\u00f3 que el vuelo mencionado por el presidente salvadore\u00f1o se cancelar\u00eda y Marcelo Ebrard tuite\u00f3 que los 12 casos no estaban confirmados. Las personas del vuelo, dijo, fueron revisadas y que el viaje se cancel\u00f3 porque todos los vuelos a El Salvador hab\u00edan sido cancelados. <\/p>\n<p>Bukele termin\u00f3 reclamando a Ebrard sobre el asilo del expresidente de la Asamblea Legislativa Othon Sigfrido Reyes, en M\u00e9xico. Sigfrido Reyes est\u00e1 acusado de delitos de corrupci\u00f3n en El Salvador; pero no pueden detenerlo porque Interpol confirm\u00f3 que tiene asilo en territorio mexicano y no pueden compartir su ubicaci\u00f3n. <\/p>\n<p>Leticia Calder\u00f3n reflexiona sobre los mensajes v\u00eda Twitter y concluye que pueden tener consecuencias en las relaciones diplom\u00e1ticas de ambos pa\u00edses:<\/p>\n<p>\u201cLo de Bukele fue muy desagradable porque le (puede hablar) a Ebrard por tel\u00e9fono y decirle lo que quiera pero lo hizo en Twitter. Es muy lamentable porque le sube el tono a una relaci\u00f3n que apenas estaba empezando. Las consecuencias de la pandemia pueden ser pol\u00edticas en el sentido de c\u00f3mo salga la regi\u00f3n en sus relaciones de gobiernos. Por eso mejor bajarle al tono porque en medio est\u00e1 la gente\u201d advierte Chelius.<\/p>\n<p>La ONU record\u00f3  que los poderes de una situaci\u00f3n de emergencia no pueden utilizarse para sofocar la disidencia.<\/p>\n<p>Agregaron que algunos Estados e instituciones de seguridad pueden encontrar atractivo el uso de poderes de emergencia porque ofrece atajos. <\/p>\n<p>El defensor de migrantes Rub\u00e9n Figueroa advirti\u00f3, desde las redes sociales del Movimiento Migrante Mesoamericano, que el COVID-19 ocasionar\u00e1 que los flujos migratorios se disparen por el impacto econ\u00f3mico negativo en los pa\u00edses subdesarrollados.<\/p>\n<p>C\u00f3mo evitar el COVID-19 en aeropuertos<br \/>\nMinutos antes de que aterrice un vuelo proveniente de Estados Unidos, Yareli P\u00e9rez, responsable de la Unidad de Sanidad Internacional del Aeropuerto Internacional de la Ciudad de M\u00e9xico (AICM), explica que hay tres nuevos filtros dentro del protocolo para las revisiones a pasajeros ante la contingencia por el coronavirus.<\/p>\n<p>Est\u00e1 frente a una c\u00e1mara termogr\u00e1fica, que sirve para medir las temperaturas de los pasajeros de manera sensorial. \u201cNo es evidente, pero capta la temperatura de cada viajero\u201d.<\/p>\n<p>Camina por un pasillo angosto donde llegar\u00e1n los viajeros y se\u00f1ala la c\u00e1mara, que es una de las seis que hay en el AICM para reforzar la seguridad de los viajeros.<\/p>\n<p>El presidente Andr\u00e9s Manuel L\u00f3pez Obrador descart\u00f3 el cierre de los aeropuertos para evitar un colapso de la econom\u00eda por la pandemia de COVID-19.<\/p>\n<p>P\u00e9rez se aproxima a los reporteros que est\u00e1 dando la explicaci\u00f3n para mostrarles a detalle las fases. Enfatiza que el protocolo busca evitar la propagaci\u00f3n del virus desde el AICM.<\/p>\n<p>\u201cLa c\u00e1mara capta la informaci\u00f3n que sale. Si se est\u00e1n dando cuenta, la c\u00e1mara termogr\u00e1fica les est\u00e1 tomando la temperatura en este momento. Todos los recuadros verdes son temperaturas normales, cuando alguien presenta temperaturas por arriba de 37.5 grados, eso se pone en color rojo. Esa persona debe ser sujeta a una revisi\u00f3n sanitaria, con su cuestionario y con la revisi\u00f3n cl\u00ednica\u201d, precisa.<\/p>\n<p>El AICM dispone para hacer estas revisiones detalladas de las seis c\u00e1maras m\u00e1s 50 term\u00f3metros infrarrojos, que son un paso previo a la revisi\u00f3n de la temperatura por las c\u00e1maras. Estos term\u00f3metros tambi\u00e9n son empleados para detectar a pasajeros con fiebre.<\/p>\n<p>Yareli explica que el primer filtro es justo con los term\u00f3metros, a todos los pasajeros que descienden del avi\u00f3n. Las pistolas infrarrojas sirven para un primer control, luego las c\u00e1maras, hasta finalmente pasar al \u00faltimo filtro de revisi\u00f3n,  con una c\u00e1mara t\u00e9rmica m\u00f3vil. <\/p>\n<p>Pasando estos tres filtros hay unas pantallas con recomendaciones para tomar en cuenta durante la contingencia y personal repartiendo folletos con la mismas medidas de precauci\u00f3n como el lavado de manos. Despu\u00e9s llegan los turistas y pasan por los grupos de empleados con batas blancas.<\/p>\n<p>En conferencia de prensa, previo al recorrido por los filtros de revisi\u00f3n, Jorge Ochoa Moreno, director general de Servicios de Salud de la Secretar\u00eda de Salud local, inform\u00f3 que al momento se han realizado 638 pruebas a pasajeros entre febrero y marzo; 286 en febrero y este mes van 352. Ning\u00fan pasajero ha sido detectado desde el AICM con Covid-19.<\/p>\n<p>Para el protocolo el AICM consider\u00f3 a 50 profesionales, m\u00e9dicos, param\u00e9dicos y enfermeros, para la Unidad de Sanidad Internacional que realizan la revisi\u00f3n sanitaria de al menos 43 mil personas que llegan diariamente en los 380 vuelos internacionales que hay en la ciudad.<\/p>\n<p>Medidas disparejas<br \/>\nEl AICM luc\u00eda como cualquier otro d\u00eda. No hay suspensi\u00f3n de actividades en ninguna tienda departamental, seg\u00fan comentan los empleados. Algunos usan cubre bocas, otros no. Tampoco se ve\u00eda en general el uso del cubrebocas en toda la gente. Algunas empleadas de limpieza no lo portaban, mientras que polic\u00edas aseguraron que fue una petici\u00f3n obligatoria.<\/p>\n<p>Los se\u00f1ores Natalia Prudencio y Josu\u00e9 Lagunas esperaban a su hijo en un vuelo de Tijuana. Desconoc\u00edan las medidas. \u201cNosotros no venimos seguido, somos de un rancho que se llama San Felipe, de Tlaxcala, no sabemos mucho. Vamos a esperar a nuestro hijo y \u00e9l viene del norte, no sab\u00edamos eso del cubrebocas\u201d.<\/p>\n<p><a href=\"https:\/\/piedepagina.mx\/politica-de-eu-en-deportaciones-aumenta-riesgo-de-propagacion-de-coronavirus\/\" rel=\"noopener noreferrer\" target=\"_blank\">https:\/\/piedepagina.mx\/politica-de-eu-en-deportaciones-aumenta-riesgo-de-propagacion-de-coronavirus\/<\/a><\/p>\n","protected":false},"excerpt":{"rendered":"<p>Especialistas advierten el mayor riesgo de las personas migrantes de contener coronavirus debido a las pol\u00edticas migratorias de Estados Unidos. El despacho jur\u00eddico del activista Jason Flores-Williams revisar\u00e1 la responsabilidad &hellip; <a href=\"https:\/\/www.grieta.org.mx\/index.php\/2020\/03\/19\/politica-de-eu-en-deportaciones-aumenta-riesgo-de-propagacion-de-coronavirus\/\" class=\"more-link\">Leer m\u00e1s<\/a><\/p>\n","protected":false},"author":2,"featured_media":46394,"comment_status":"closed","ping_status":"closed","sticky":false,"template":"","format":"standard","meta":{"ngg_post_thumbnail":0,"_jetpack_newsletter_access":"","_jetpack_dont_email_post_to_subs":false,"_jetpack_newsletter_tier_id":0,"_jetpack_memberships_contains_paywalled_content":false,"_jetpack_memberships_contains_paid_content":false,"footnotes":""},"categories":[80,86,370,83],"tags":[2836,3198,1194,3201,3079,3199,3077,3200],"class_list":["post-46393","post","type-post","status-publish","format-standard","has-post-thumbnail","hentry","category-cintillo","category-migrantes","category-migrantes-analisis","category-temas-nacionales","tag-alineacion-de-amlo-con-politica-antimigrante-de-trump","tag-covid19","tag-criminalizacion-de-migrantes","tag-deportacion-de-migrantes-desde-estados-unidos","tag-deportaciones-masivas-de-migrantes","tag-solicitantes-de-asilo-en-estados-unidos-y-covid19","tag-violacion-al-derecho-de-asilo","tag-violacion-al-derecho-internacional-por-parte-del-gobierno-de-estados-unidos","entry"],"jetpack_featured_media_url":"https:\/\/www.grieta.org.mx\/wp-content\/uploads\/2020\/03\/cuartoscuro-Guatemala.jpeg","jetpack_sharing_enabled":true,"jetpack_shortlink":"https:\/\/wp.me\/p7ZJR4-c4h","jetpack_likes_enabled":false,"jetpack-related-posts":[{"id":50902,"url":"https:\/\/www.grieta.org.mx\/index.php\/2020\/05\/18\/migrantes-afectados-por-politicas-migratorias-de-trump-y-decreto-de-amlo\/","url_meta":{"origin":46393,"position":0},"title":"Migrantes afectados por pol\u00edticas migratorias de Trump y decreto de AMLO","author":"grieta","date":"18 mayo, 2020","format":false,"excerpt":"Uriel Saucedo\/ SEMANARIO ZETA Las personas migrantes que viven en ciudades fronterizas como Tijuana, est\u00e1n ante uno de los escenarios m\u00e1s complicados. Adem\u00e1s del riesgo de infecci\u00f3n por COVID-19, se enfrentan a las estrictas pol\u00edticas que Estados Unidos ha implementado en el tema migratorio; mientras que en M\u00e9xico se public\u00f3\u2026","rel":"","context":"En &quot;CINTILLO&quot;","block_context":{"text":"CINTILLO","link":"https:\/\/www.grieta.org.mx\/index.php\/category\/cintillo\/"},"img":{"alt_text":"","src":"https:\/\/i0.wp.com\/www.grieta.org.mx\/wp-content\/uploads\/2020\/06\/gente-1_01.jpg?resize=350%2C200&ssl=1","width":350,"height":200,"srcset":"https:\/\/i0.wp.com\/www.grieta.org.mx\/wp-content\/uploads\/2020\/06\/gente-1_01.jpg?resize=350%2C200&ssl=1 1x, https:\/\/i0.wp.com\/www.grieta.org.mx\/wp-content\/uploads\/2020\/06\/gente-1_01.jpg?resize=525%2C300&ssl=1 1.5x"},"classes":[]},{"id":50493,"url":"https:\/\/www.grieta.org.mx\/index.php\/2020\/05\/31\/miles-de-ninos-migrantes-en-eeuu-son-deportados-durante-pandemia-unicef\/","url_meta":{"origin":46393,"position":1},"title":"Miles de ni\u00f1os migrantes en EEUU son deportados durante pandemia: Unicef","author":"grieta","date":"31 mayo, 2020","format":false,"excerpt":"Rosie Orbach, Los \u00c1ngeles\/ HISPANTV El Fondo de Naciones Unidas para la Infancia (Unicef) denunci\u00f3 que, desde que el Gobierno de Donald Trump cerr\u00f3 la frontera con M\u00e9xico, detuvo el programa de asilo, congel\u00f3 el Programa de Protecci\u00f3n al Migrante y puso en riesgo las vidas de cientos de menores\u2026","rel":"","context":"En &quot;CINTILLO&quot;","block_context":{"text":"CINTILLO","link":"https:\/\/www.grieta.org.mx\/index.php\/category\/cintillo\/"},"img":{"alt_text":"","src":"https:\/\/i0.wp.com\/www.grieta.org.mx\/wp-content\/uploads\/2018\/03\/14524434_1106112876131411_958039263622046936_o.jpg?resize=350%2C200&ssl=1","width":350,"height":200,"srcset":"https:\/\/i0.wp.com\/www.grieta.org.mx\/wp-content\/uploads\/2018\/03\/14524434_1106112876131411_958039263622046936_o.jpg?resize=350%2C200&ssl=1 1x, https:\/\/i0.wp.com\/www.grieta.org.mx\/wp-content\/uploads\/2018\/03\/14524434_1106112876131411_958039263622046936_o.jpg?resize=525%2C300&ssl=1 1.5x, https:\/\/i0.wp.com\/www.grieta.org.mx\/wp-content\/uploads\/2018\/03\/14524434_1106112876131411_958039263622046936_o.jpg?resize=700%2C400&ssl=1 2x"},"classes":[]},{"id":46386,"url":"https:\/\/www.grieta.org.mx\/index.php\/2020\/03\/18\/trump-deportara-a-mexico-a-migrantes-que-solicitan-asilo-en-estados-unidos\/","url_meta":{"origin":46393,"position":2},"title":"Trump deportar\u00e1 a M\u00e9xico a migrantes que solicitan asilo en Estados Unidos","author":"grieta","date":"18 marzo, 2020","format":false,"excerpt":"Jes\u00fas Esquivel\/ PROCESO WASHINGTON (apro).- El presidente de Estados Unidos, Donald Trump, anunci\u00f3 que su gobierno deportar\u00e1 a M\u00e9xico a todos los migrantes extranjeros solicitantes de asilo en su pa\u00eds como parte de las medidas para prevenir la expansi\u00f3n y contagio del Covid-19. En conferencia de prensa para actualizar a\u2026","rel":"","context":"En &quot;CINTILLO&quot;","block_context":{"text":"CINTILLO","link":"https:\/\/www.grieta.org.mx\/index.php\/category\/cintillo\/"},"img":{"alt_text":"","src":"https:\/\/i0.wp.com\/www.grieta.org.mx\/wp-content\/uploads\/2020\/03\/Trump-covid-2-870x522.jpg?resize=350%2C200&ssl=1","width":350,"height":200,"srcset":"https:\/\/i0.wp.com\/www.grieta.org.mx\/wp-content\/uploads\/2020\/03\/Trump-covid-2-870x522.jpg?resize=350%2C200&ssl=1 1x, https:\/\/i0.wp.com\/www.grieta.org.mx\/wp-content\/uploads\/2020\/03\/Trump-covid-2-870x522.jpg?resize=525%2C300&ssl=1 1.5x, https:\/\/i0.wp.com\/www.grieta.org.mx\/wp-content\/uploads\/2020\/03\/Trump-covid-2-870x522.jpg?resize=700%2C400&ssl=1 2x"},"classes":[]},{"id":51386,"url":"https:\/\/www.grieta.org.mx\/index.php\/2020\/06\/23\/protestan-migrantes-y-provocan-cierre-de-puente-en-matamoros-tamaulipas\/","url_meta":{"origin":46393,"position":3},"title":"Protestan migrantes y provocan cierre de puente en Matamoros (Tamaulipas)","author":"grieta","date":"23 junio, 2020","format":false,"excerpt":"Jaime Jim\u00e9nez\/El Sol de Tampico 23 junio 2020 Fue cerrado por espacio de horas despu\u00e9s que un grupo de migrantes intent\u00f3 cruzar a los Estados Unidos de manera forzosa El puente nuevo internacional de Matamoros, Tamaulipas fue cerrado por algunas horas | Jaime Jim\u00e9nez | El Sol de Tampico Reynosa,\u2026","rel":"","context":"En &quot;CINTILLO&quot;","block_context":{"text":"CINTILLO","link":"https:\/\/www.grieta.org.mx\/index.php\/category\/cintillo\/"},"img":{"alt_text":"","src":"https:\/\/i0.wp.com\/www.grieta.org.mx\/wp-content\/uploads\/2020\/06\/WhatsApp-Image-2020-06-23-at-11.38.34.jpeg?resize=350%2C200&ssl=1","width":350,"height":200,"srcset":"https:\/\/i0.wp.com\/www.grieta.org.mx\/wp-content\/uploads\/2020\/06\/WhatsApp-Image-2020-06-23-at-11.38.34.jpeg?resize=350%2C200&ssl=1 1x, https:\/\/i0.wp.com\/www.grieta.org.mx\/wp-content\/uploads\/2020\/06\/WhatsApp-Image-2020-06-23-at-11.38.34.jpeg?resize=525%2C300&ssl=1 1.5x, https:\/\/i0.wp.com\/www.grieta.org.mx\/wp-content\/uploads\/2020\/06\/WhatsApp-Image-2020-06-23-at-11.38.34.jpeg?resize=700%2C400&ssl=1 2x"},"classes":[]},{"id":52310,"url":"https:\/\/www.grieta.org.mx\/index.php\/2020\/07\/21\/migrantes-urgen-a-la-cidh-medidas-cautelares-ante-el-programa-quedate-en-mexico\/","url_meta":{"origin":46393,"position":4},"title":"Migrantes urgen a la CIDH medidas cautelares ante el programa \u201cQu\u00e9date en M\u00e9xico\u201d","author":"grieta","date":"21 julio, 2020","format":false,"excerpt":"Gloria Leticia D\u00edaz\/ PROCESO CIUDAD DE M\u00c9XICO (apro). \u2013 Ante la falta de garant\u00edas de seguridad y de salud en el contexto de la pandemia de covid-19, solicitantes de asilo en Estados Unidos considerados en el programa \u201cQu\u00e9date en M\u00e9xico\u201d, pidieron medidas cautelares a la Comisi\u00f3n Interamericana de Derechos Humanos\u2026","rel":"","context":"En &quot;CINTILLO&quot;","block_context":{"text":"CINTILLO","link":"https:\/\/www.grieta.org.mx\/index.php\/category\/cintillo\/"},"img":{"alt_text":"","src":"https:\/\/i0.wp.com\/www.grieta.org.mx\/wp-content\/uploads\/2020\/08\/Migrantes_hondurenos_2-870x522.jpg?resize=350%2C200&ssl=1","width":350,"height":200,"srcset":"https:\/\/i0.wp.com\/www.grieta.org.mx\/wp-content\/uploads\/2020\/08\/Migrantes_hondurenos_2-870x522.jpg?resize=350%2C200&ssl=1 1x, https:\/\/i0.wp.com\/www.grieta.org.mx\/wp-content\/uploads\/2020\/08\/Migrantes_hondurenos_2-870x522.jpg?resize=525%2C300&ssl=1 1.5x, https:\/\/i0.wp.com\/www.grieta.org.mx\/wp-content\/uploads\/2020\/08\/Migrantes_hondurenos_2-870x522.jpg?resize=700%2C400&ssl=1 2x"},"classes":[]},{"id":44144,"url":"https:\/\/www.grieta.org.mx\/index.php\/2020\/02\/07\/salvadorenos-son-deportados-a-la-muerte\/","url_meta":{"origin":46393,"position":5},"title":"Salvadore\u00f1os son deportados a la muerte","author":"grieta","date":"7 febrero, 2020","format":false,"excerpt":"Human Rights Watch denuncia que los centroamericanos deportados desde Estados Unidos corren peligro de muerte en sus pa\u00edses de origen. La organizaci\u00f3n reporta al menos un centenar de asesinatos en los \u00faltimos a\u00f1os Texto: Jos\u00e9 Ignacio De Alba\/ PIE DE P\u00c1GINA Al menos 138 migrantes deportados de Estados Unidos a\u2026","rel":"","context":"En &quot;CINTILLO&quot;","block_context":{"text":"CINTILLO","link":"https:\/\/www.grieta.org.mx\/index.php\/category\/cintillo\/"},"img":{"alt_text":"","src":"https:\/\/i0.wp.com\/www.grieta.org.mx\/wp-content\/uploads\/2020\/02\/cuartoscuro_688824_digital.jpeg?resize=350%2C200&ssl=1","width":350,"height":200,"srcset":"https:\/\/i0.wp.com\/www.grieta.org.mx\/wp-content\/uploads\/2020\/02\/cuartoscuro_688824_digital.jpeg?resize=350%2C200&ssl=1 1x, https:\/\/i0.wp.com\/www.grieta.org.mx\/wp-content\/uploads\/2020\/02\/cuartoscuro_688824_digital.jpeg?resize=525%2C300&ssl=1 1.5x, https:\/\/i0.wp.com\/www.grieta.org.mx\/wp-content\/uploads\/2020\/02\/cuartoscuro_688824_digital.jpeg?resize=700%2C400&ssl=1 2x, https:\/\/i0.wp.com\/www.grieta.org.mx\/wp-content\/uploads\/2020\/02\/cuartoscuro_688824_digital.jpeg?resize=1050%2C600&ssl=1 3x"},"classes":[]}],"_links":{"self":[{"href":"https:\/\/www.grieta.org.mx\/index.php\/wp-json\/wp\/v2\/posts\/46393","targetHints":{"allow":["GET"]}}],"collection":[{"href":"https:\/\/www.grieta.org.mx\/index.php\/wp-json\/wp\/v2\/posts"}],"about":[{"href":"https:\/\/www.grieta.org.mx\/index.php\/wp-json\/wp\/v2\/types\/post"}],"author":[{"embeddable":true,"href":"https:\/\/www.grieta.org.mx\/index.php\/wp-json\/wp\/v2\/users\/2"}],"replies":[{"embeddable":true,"href":"https:\/\/www.grieta.org.mx\/index.php\/wp-json\/wp\/v2\/comments?post=46393"}],"version-history":[{"count":1,"href":"https:\/\/www.grieta.org.mx\/index.php\/wp-json\/wp\/v2\/posts\/46393\/revisions"}],"predecessor-version":[{"id":46402,"href":"https:\/\/www.grieta.org.mx\/index.php\/wp-json\/wp\/v2\/posts\/46393\/revisions\/46402"}],"wp:featuredmedia":[{"embeddable":true,"href":"https:\/\/www.grieta.org.mx\/index.php\/wp-json\/wp\/v2\/media\/46394"}],"wp:attachment":[{"href":"https:\/\/www.grieta.org.mx\/index.php\/wp-json\/wp\/v2\/media?parent=46393"}],"wp:term":[{"taxonomy":"category","embeddable":true,"href":"https:\/\/www.grieta.org.mx\/index.php\/wp-json\/wp\/v2\/categories?post=46393"},{"taxonomy":"post_tag","embeddable":true,"href":"https:\/\/www.grieta.org.mx\/index.php\/wp-json\/wp\/v2\/tags?post=46393"}],"curies":[{"name":"wp","href":"https:\/\/api.w.org\/{rel}","templated":true}]}}