{"id":46386,"date":"2020-03-18T23:15:44","date_gmt":"2020-03-19T05:15:44","guid":{"rendered":"http:\/\/www.grieta.org.mx\/?p=46386"},"modified":"2020-03-19T23:49:05","modified_gmt":"2020-03-20T05:49:05","slug":"trump-deportara-a-mexico-a-migrantes-que-solicitan-asilo-en-estados-unidos","status":"publish","type":"post","link":"https:\/\/www.grieta.org.mx\/index.php\/2020\/03\/18\/trump-deportara-a-mexico-a-migrantes-que-solicitan-asilo-en-estados-unidos\/","title":{"rendered":"Trump deportar\u00e1 a M\u00e9xico a migrantes que solicitan asilo en Estados Unidos"},"content":{"rendered":"<p>Jes\u00fas Esquivel\/ PROCESO<\/p>\n<figure id=\"attachment_46390\" aria-describedby=\"caption-attachment-46390\" style=\"width: 800px\" class=\"wp-caption aligncenter\"><img loading=\"lazy\" decoding=\"async\" data-attachment-id=\"46390\" data-permalink=\"https:\/\/www.grieta.org.mx\/index.php\/2020\/03\/18\/trump-deportara-a-mexico-a-migrantes-que-solicitan-asilo-en-estados-unidos\/trump-covid-2-870x522\/\" data-orig-file=\"https:\/\/www.grieta.org.mx\/wp-content\/uploads\/2020\/03\/Trump-covid-2-870x522.jpg\" data-orig-size=\"870,522\" data-comments-opened=\"0\" data-image-meta=\"{&quot;aperture&quot;:&quot;0&quot;,&quot;credit&quot;:&quot;&quot;,&quot;camera&quot;:&quot;&quot;,&quot;caption&quot;:&quot;&quot;,&quot;created_timestamp&quot;:&quot;0&quot;,&quot;copyright&quot;:&quot;&quot;,&quot;focal_length&quot;:&quot;0&quot;,&quot;iso&quot;:&quot;0&quot;,&quot;shutter_speed&quot;:&quot;0&quot;,&quot;title&quot;:&quot;&quot;,&quot;orientation&quot;:&quot;0&quot;}\" data-image-title=\"Trump-covid-2-870&amp;#215;522\" data-image-description=\"\" data-image-caption=\"&lt;p&gt;El presidente Donald Trump en conferencia de prensa con el Grupo de Trabajo Coronavirus, en la Casa Blanca, en Washington.(Foto: AP \/ Evan Vucci&lt;\/p&gt;\n\" data-medium-file=\"https:\/\/www.grieta.org.mx\/wp-content\/uploads\/2020\/03\/Trump-covid-2-870x522-300x180.jpg\" data-large-file=\"https:\/\/www.grieta.org.mx\/wp-content\/uploads\/2020\/03\/Trump-covid-2-870x522.jpg\" class=\"wp-image-46390\" src=\"http:\/\/www.grieta.org.mx\/wp-content\/uploads\/2020\/03\/Trump-covid-2-870x522.jpg\" alt=\"\" width=\"800\" height=\"480\" srcset=\"https:\/\/www.grieta.org.mx\/wp-content\/uploads\/2020\/03\/Trump-covid-2-870x522.jpg 870w, https:\/\/www.grieta.org.mx\/wp-content\/uploads\/2020\/03\/Trump-covid-2-870x522-300x180.jpg 300w, https:\/\/www.grieta.org.mx\/wp-content\/uploads\/2020\/03\/Trump-covid-2-870x522-768x461.jpg 768w, https:\/\/www.grieta.org.mx\/wp-content\/uploads\/2020\/03\/Trump-covid-2-870x522-833x500.jpg 833w\" sizes=\"auto, (max-width: 800px) 100vw, 800px\" \/><figcaption id=\"caption-attachment-46390\" class=\"wp-caption-text\">El presidente Donald Trump en conferencia de prensa con el Grupo de Trabajo Coronavirus, en la Casa Blanca, en Washington.(Foto: AP \/ Evan Vucci<\/figcaption><\/figure>\n<p><strong>WASHINGTON (apro).- El presidente de Estados Unidos, Donald Trump, anunci\u00f3 que su gobierno deportar\u00e1 a M\u00e9xico a todos los migrantes extranjeros solicitantes de asilo en su pa\u00eds como parte de las medidas para prevenir la expansi\u00f3n y contagio del Covid-19.<\/strong><\/p>\n<p>En conferencia de prensa para actualizar a su naci\u00f3n sobre las acciones que est\u00e1 tomando frente al \u201cvirus chino\u201d, adjetivo despectivo con que llama al coronavirus, al ser cuestionado sobre el tema de los migrantes solicitantes de asilo Trump confirm\u00f3 que los mandar\u00e1 a M\u00e9xico.<\/p>\n<p>\u201cLa respuesta es s\u00ed, muy pronto, probablemente hoy\u201d, respondi\u00f3 tajante Trump a la pregunta sobre si estaba dispuesto a invocar el Acta constitucional 42 USC265 que le da la prerrogativa de prohibir la entrada de extranjeros a Estados Unidos en circunstancias de crisis.<\/p>\n<p>Sin dar mayores detalles el mandatario estadunidense instrumentar\u00e1 una medida constitucional por medio de la cual \u201csin el debido proceso\u201d o cumplimiento con leyes nacionales e internacionales sobre asilo, de manera unilateral deportar\u00e1 a M\u00e9xico a miles de migrantes extranjeros.<\/p>\n<p>Bajo el Acta 42 USC265 Trump deportar\u00eda a todos los migrantes extranjeros que llevan a\u00f1os, meses o d\u00edas en Estados Unidos a la espera del fallo de una corte federal migratoria sobre sus peticiones de asilo bajo cualquier raz\u00f3n y circunstancia.<\/p>\n<p>En paralelo, la medida migratoria que invocar\u00e1 Trump autoriza a los agentes migratorios de su pa\u00eds que vigilan la frontera sur prohibir el ingreso a Estados Unidos a todo migrante extranjero que busque asilo o cuya presencia no sea esencial a los intereses nacionales.<\/p>\n<p>Con la aplicaci\u00f3n del Acta 42 USC265 t\u00e9cnicamente el presidente de Estados Unidos estar\u00eda cerrando su frontera sur a todos los inmigrantes extranjeros que no sean residentes permanentes en la Uni\u00f3n Americana, para abrirla s\u00f3lo a sus ciudadanos y al comercio que entre por M\u00e9xico.<\/p>\n<p>M\u00e9xico, receptor de peticionarios de asilo<br \/>\nLa nueva determinaci\u00f3n de Trump se agrega al acuerdo que acept\u00f3 el presidente Andr\u00e9s Manuel L\u00f3pez Obrador, de mantener en territorio mexicano a los inmigrantes centroamericanos y de otros pa\u00edses que logren llegar a los puertos de entrada del sur estadunidense a pedir asilo.<\/p>\n<p>Por el compromiso migratorio el gobierno de L\u00f3pez Obrador se comprometi\u00f3 con el de Trump a retener y proporcionar asistencia humanitaria a miles de migrantes extranjeros mientras esperan la soluci\u00f3n a su pedido de asilo en Estados Unidos, lo que puede durar varios a\u00f1os.<\/p>\n<p>Las acciones migratorias que tomar\u00e1 Trump en la frontera con M\u00e9xico se compaginan a las que ya acord\u00f3 con Justin Trudeau, el primer ministro de Canad\u00e1, para prevenir la propagaci\u00f3n del contagio del Coronavirus en la regi\u00f3n norteamericana.<\/p>\n<p>Canad\u00e1 y Estados Unidos anunciaron el cierre de su frontera com\u00fan a todo tr\u00e1fico humano y vehicular que no sea de ciudadanos o residentes permanente de ambos pa\u00edses y que no tenga que ver con el intercambio comercial de bienes y servicios.<\/p>\n<p>El diario estadunidense The New York Times, en su edici\u00f3n impresa de hoy, adelant\u00f3 que Trump restringir\u00eda las medidas migratorias respecto de los extranjeros que llegan a solicitar asilo a los Estados Unidos a trav\u00e9s del territorio mexicano.<\/p>\n<p><a href=\"https:\/\/www.proceso.com.mx\/622323\/trump-deportara-a-mexico-migrantes-que-solicitan-asilo-en-estados-unidos\" target=\"_blank\" rel=\"noopener noreferrer\">https:\/\/www.proceso.com.mx\/622323\/trump-deportara-a-mexico-migrantes-que-solicitan-asilo-en-estados-unidos<\/a><\/p>\n","protected":false},"excerpt":{"rendered":"<p>Jes\u00fas Esquivel\/ PROCESO WASHINGTON (apro).- El presidente de Estados Unidos, Donald Trump, anunci\u00f3 que su gobierno deportar\u00e1 a M\u00e9xico a todos los migrantes extranjeros solicitantes de asilo en su pa\u00eds &hellip; <a href=\"https:\/\/www.grieta.org.mx\/index.php\/2020\/03\/18\/trump-deportara-a-mexico-a-migrantes-que-solicitan-asilo-en-estados-unidos\/\" class=\"more-link\">Leer m\u00e1s<\/a><\/p>\n","protected":false},"author":2,"featured_media":46390,"comment_status":"closed","ping_status":"closed","sticky":false,"template":"","format":"standard","meta":{"ngg_post_thumbnail":0,"_jetpack_newsletter_access":"","_jetpack_dont_email_post_to_subs":false,"_jetpack_newsletter_tier_id":0,"_jetpack_memberships_contains_paywalled_content":false,"_jetpack_memberships_contains_paid_content":false,"footnotes":""},"categories":[80,86,83],"tags":[2836,1194,3196,1795,3202],"class_list":["post-46386","post","type-post","status-publish","format-standard","has-post-thumbnail","hentry","category-cintillo","category-migrantes","category-temas-nacionales","tag-alineacion-de-amlo-con-politica-antimigrante-de-trump","tag-criminalizacion-de-migrantes","tag-deportancion-de-migrantes-desde-estados-unidos","tag-migrantes-en-estados-unidos","tag-violacion-de-derechos-humanos-de-migrantes-en-estados-unidos","entry"],"jetpack_featured_media_url":"https:\/\/www.grieta.org.mx\/wp-content\/uploads\/2020\/03\/Trump-covid-2-870x522.jpg","jetpack_sharing_enabled":true,"jetpack_shortlink":"https:\/\/wp.me\/p7ZJR4-c4a","jetpack_likes_enabled":false,"jetpack-related-posts":[{"id":52375,"url":"https:\/\/www.grieta.org.mx\/index.php\/2020\/07\/24\/alarga-estados-unidos-la-espera-de-asilo-a-migrantes-enviados-a-mexico\/","url_meta":{"origin":46386,"position":0},"title":"Alarga Estados Unidos la espera de asilo a migrantes enviados a M\u00e9xico","author":"grieta","date":"24 julio, 2020","format":false,"excerpt":"Las Cortes de inmigraci\u00f3n seguir\u00e1n cerradas y no hay fecha para su reapertura debido al COVID-19, anunci\u00f3 la administraci\u00f3n Trump; miles de extranjeros se encuentran en el limbo bajo el programa MPP en Ciudad Ju\u00e1rez, as\u00ed como en otras comunidades de la frontera norte de M\u00e9xico Roc\u00edo Gallegos \/ LA\u2026","rel":"","context":"En &quot;Baja California&quot;","block_context":{"text":"Baja California","link":"https:\/\/www.grieta.org.mx\/index.php\/category\/noticias-nacionales\/baja-california\/"},"img":{"alt_text":"","src":"https:\/\/i0.wp.com\/www.grieta.org.mx\/wp-content\/uploads\/2020\/08\/Foto-bandera-de-EU-en-bordo-del-r%C3%ADo.-alejandro-Sanchez-1536x1022.jpg?resize=350%2C200&ssl=1","width":350,"height":200,"srcset":"https:\/\/i0.wp.com\/www.grieta.org.mx\/wp-content\/uploads\/2020\/08\/Foto-bandera-de-EU-en-bordo-del-r%C3%ADo.-alejandro-Sanchez-1536x1022.jpg?resize=350%2C200&ssl=1 1x, https:\/\/i0.wp.com\/www.grieta.org.mx\/wp-content\/uploads\/2020\/08\/Foto-bandera-de-EU-en-bordo-del-r%C3%ADo.-alejandro-Sanchez-1536x1022.jpg?resize=525%2C300&ssl=1 1.5x, https:\/\/i0.wp.com\/www.grieta.org.mx\/wp-content\/uploads\/2020\/08\/Foto-bandera-de-EU-en-bordo-del-r%C3%ADo.-alejandro-Sanchez-1536x1022.jpg?resize=700%2C400&ssl=1 2x, https:\/\/i0.wp.com\/www.grieta.org.mx\/wp-content\/uploads\/2020\/08\/Foto-bandera-de-EU-en-bordo-del-r%C3%ADo.-alejandro-Sanchez-1536x1022.jpg?resize=1050%2C600&ssl=1 3x, https:\/\/i0.wp.com\/www.grieta.org.mx\/wp-content\/uploads\/2020\/08\/Foto-bandera-de-EU-en-bordo-del-r%C3%ADo.-alejandro-Sanchez-1536x1022.jpg?resize=1400%2C800&ssl=1 4x"},"classes":[]},{"id":29296,"url":"https:\/\/www.grieta.org.mx\/index.php\/2019\/01\/02\/enfrentamiento-entre-migrantes-y-agentes-fronterizos-en-tijuana-fotoreportaje-baja-california\/","url_meta":{"origin":46386,"position":1},"title":"Enfrentamiento entre migrantes y agentes fronterizos en Tijuana, fotoreportaje (Baja California)","author":"grieta","date":"2 enero, 2019","format":false,"excerpt":"El Pa\u00eds. Nubes de gases lacrim\u00f3genos dispersaron a un grupo de migrantes que intentaba cruzar la frontera entre M\u00e9xico y Estados Unidos este martes 1 de enero. 1. Botes de gas lacrim\u00f3geno recolectados por los migrantes en Tijuana (M\u00e9xico), el 1 de enero de 2019. La patrulla fronteriza de Estados\u2026","rel":"","context":"En &quot;Baja California&quot;","block_context":{"text":"Baja California","link":"https:\/\/www.grieta.org.mx\/index.php\/category\/noticias-nacionales\/baja-california\/"},"img":{"alt_text":"","src":"https:\/\/i0.wp.com\/www.grieta.org.mx\/wp-content\/uploads\/2019\/02\/1-1.jpg?resize=350%2C200&ssl=1","width":350,"height":200,"srcset":"https:\/\/i0.wp.com\/www.grieta.org.mx\/wp-content\/uploads\/2019\/02\/1-1.jpg?resize=350%2C200&ssl=1 1x, https:\/\/i0.wp.com\/www.grieta.org.mx\/wp-content\/uploads\/2019\/02\/1-1.jpg?resize=525%2C300&ssl=1 1.5x, https:\/\/i0.wp.com\/www.grieta.org.mx\/wp-content\/uploads\/2019\/02\/1-1.jpg?resize=700%2C400&ssl=1 2x"},"classes":[]},{"id":36728,"url":"https:\/\/www.grieta.org.mx\/index.php\/2019\/07\/20\/y-al-final-nos-convertimos-en-la-guardia-fronteriza-de-estados-unidos\/","url_meta":{"origin":46386,"position":2},"title":"Y al final nos convertimos en la guardia fronteriza de Estados Unidos","author":"grieta","date":"20 julio, 2019","format":false,"excerpt":"Mathieu Tourliere\/ PROCESO Al margen del discurso oficial del presidente L\u00f3pez Obrador, en los hechos M\u00e9xico ya cumple las funciones de Tercer Pa\u00eds Seguro para los migrantes que esperan obtener asilo en Estados Unidos. Aunque esa figura implica no s\u00f3lo la contenci\u00f3n, sino tambi\u00e9n la atenci\u00f3n a las personas que\u2026","rel":"","context":"En &quot;CINTILLO&quot;","block_context":{"text":"CINTILLO","link":"https:\/\/www.grieta.org.mx\/index.php\/category\/cintillo\/"},"img":{"alt_text":"","src":"https:\/\/i0.wp.com\/www.grieta.org.mx\/wp-content\/uploads\/2019\/07\/alumno1-1078x808.jpg?resize=350%2C200&ssl=1","width":350,"height":200,"srcset":"https:\/\/i0.wp.com\/www.grieta.org.mx\/wp-content\/uploads\/2019\/07\/alumno1-1078x808.jpg?resize=350%2C200&ssl=1 1x, https:\/\/i0.wp.com\/www.grieta.org.mx\/wp-content\/uploads\/2019\/07\/alumno1-1078x808.jpg?resize=525%2C300&ssl=1 1.5x, https:\/\/i0.wp.com\/www.grieta.org.mx\/wp-content\/uploads\/2019\/07\/alumno1-1078x808.jpg?resize=700%2C400&ssl=1 2x, https:\/\/i0.wp.com\/www.grieta.org.mx\/wp-content\/uploads\/2019\/07\/alumno1-1078x808.jpg?resize=1050%2C600&ssl=1 3x"},"classes":[]},{"id":27715,"url":"https:\/\/www.grieta.org.mx\/index.php\/2018\/11\/25\/la-segob-anuncia-que-el-inm-deportara-a-centroamericanos-que-intentaron-ingresar-a-estados-unidos-baja-california\/","url_meta":{"origin":46386,"position":3},"title":"La Segob anuncia que el INM deportar\u00e1 a centroamericanos que intentaron ingresar a Estados Unidos (Baja California)","author":"grieta","date":"25 noviembre, 2018","format":false,"excerpt":"FOTO: GABRIELA ELENA SU\u00c1REZ\/SOMOSELMEDIO.COM CDMX, 25 de noviembre 2018.- La Secretar\u00eda de Gobernaci\u00f3n (Segob), inform\u00f3 que, en coordinaci\u00f3n con autoridades locales del Estado de Baja California, \u201clogr\u00f3 contener\u201d al grupo de casi 500 migrantes que, intentaron cruzar la frontera de M\u00e9xico con Estados Unidos, en el paso fronterizo de El\u2026","rel":"","context":"En &quot;Baja California&quot;","block_context":{"text":"Baja California","link":"https:\/\/www.grieta.org.mx\/index.php\/category\/noticias-nacionales\/baja-california\/"},"img":{"alt_text":"","src":"https:\/\/i0.wp.com\/www.grieta.org.mx\/wp-content\/uploads\/2018\/11\/WhatsApp-Image-2018-11-25-at-14.06.34-1-696x522.jpeg?resize=350%2C200&ssl=1","width":350,"height":200,"srcset":"https:\/\/i0.wp.com\/www.grieta.org.mx\/wp-content\/uploads\/2018\/11\/WhatsApp-Image-2018-11-25-at-14.06.34-1-696x522.jpeg?resize=350%2C200&ssl=1 1x, https:\/\/i0.wp.com\/www.grieta.org.mx\/wp-content\/uploads\/2018\/11\/WhatsApp-Image-2018-11-25-at-14.06.34-1-696x522.jpeg?resize=525%2C300&ssl=1 1.5x"},"classes":[]},{"id":44298,"url":"https:\/\/www.grieta.org.mx\/index.php\/2020\/02\/14\/mexico-hace-la-campana-a-donald-trump-en-materia-migratoria\/","url_meta":{"origin":46386,"position":4},"title":"M\u00e9xico hace la campa\u00f1a a Donald Trump en materia migratoria","author":"grieta","date":"14 febrero, 2020","format":false,"excerpt":"El acuerdo con EEUU, motivado por las amenazas de subir los aranceles del presidente estadounidense, ha erigido a M\u00e9xico como el muro de Trump frente a la migraci\u00f3n. Entre mayo de 2019 y enero de 2020, los cruces a Estados Unidos se han reducido un 74,5%. Anna Portella, corresponsal\/ P\u00daBLICO\u2026","rel":"","context":"En &quot;CINTILLO&quot;","block_context":{"text":"CINTILLO","link":"https:\/\/www.grieta.org.mx\/index.php\/category\/cintillo\/"},"img":{"alt_text":"","src":"https:\/\/i0.wp.com\/www.grieta.org.mx\/wp-content\/uploads\/2020\/02\/%C3%BAltima-caravana.jpeg?resize=350%2C200&ssl=1","width":350,"height":200,"srcset":"https:\/\/i0.wp.com\/www.grieta.org.mx\/wp-content\/uploads\/2020\/02\/%C3%BAltima-caravana.jpeg?resize=350%2C200&ssl=1 1x, https:\/\/i0.wp.com\/www.grieta.org.mx\/wp-content\/uploads\/2020\/02\/%C3%BAltima-caravana.jpeg?resize=525%2C300&ssl=1 1.5x, https:\/\/i0.wp.com\/www.grieta.org.mx\/wp-content\/uploads\/2020\/02\/%C3%BAltima-caravana.jpeg?resize=700%2C400&ssl=1 2x"},"classes":[]},{"id":44144,"url":"https:\/\/www.grieta.org.mx\/index.php\/2020\/02\/07\/salvadorenos-son-deportados-a-la-muerte\/","url_meta":{"origin":46386,"position":5},"title":"Salvadore\u00f1os son deportados a la muerte","author":"grieta","date":"7 febrero, 2020","format":false,"excerpt":"Human Rights Watch denuncia que los centroamericanos deportados desde Estados Unidos corren peligro de muerte en sus pa\u00edses de origen. La organizaci\u00f3n reporta al menos un centenar de asesinatos en los \u00faltimos a\u00f1os Texto: Jos\u00e9 Ignacio De Alba\/ PIE DE P\u00c1GINA Al menos 138 migrantes deportados de Estados Unidos a\u2026","rel":"","context":"En &quot;CINTILLO&quot;","block_context":{"text":"CINTILLO","link":"https:\/\/www.grieta.org.mx\/index.php\/category\/cintillo\/"},"img":{"alt_text":"","src":"https:\/\/i0.wp.com\/www.grieta.org.mx\/wp-content\/uploads\/2020\/02\/cuartoscuro_688824_digital.jpeg?resize=350%2C200&ssl=1","width":350,"height":200,"srcset":"https:\/\/i0.wp.com\/www.grieta.org.mx\/wp-content\/uploads\/2020\/02\/cuartoscuro_688824_digital.jpeg?resize=350%2C200&ssl=1 1x, https:\/\/i0.wp.com\/www.grieta.org.mx\/wp-content\/uploads\/2020\/02\/cuartoscuro_688824_digital.jpeg?resize=525%2C300&ssl=1 1.5x, https:\/\/i0.wp.com\/www.grieta.org.mx\/wp-content\/uploads\/2020\/02\/cuartoscuro_688824_digital.jpeg?resize=700%2C400&ssl=1 2x, https:\/\/i0.wp.com\/www.grieta.org.mx\/wp-content\/uploads\/2020\/02\/cuartoscuro_688824_digital.jpeg?resize=1050%2C600&ssl=1 3x"},"classes":[]}],"_links":{"self":[{"href":"https:\/\/www.grieta.org.mx\/index.php\/wp-json\/wp\/v2\/posts\/46386","targetHints":{"allow":["GET"]}}],"collection":[{"href":"https:\/\/www.grieta.org.mx\/index.php\/wp-json\/wp\/v2\/posts"}],"about":[{"href":"https:\/\/www.grieta.org.mx\/index.php\/wp-json\/wp\/v2\/types\/post"}],"author":[{"embeddable":true,"href":"https:\/\/www.grieta.org.mx\/index.php\/wp-json\/wp\/v2\/users\/2"}],"replies":[{"embeddable":true,"href":"https:\/\/www.grieta.org.mx\/index.php\/wp-json\/wp\/v2\/comments?post=46386"}],"version-history":[{"count":1,"href":"https:\/\/www.grieta.org.mx\/index.php\/wp-json\/wp\/v2\/posts\/46386\/revisions"}],"predecessor-version":[{"id":46391,"href":"https:\/\/www.grieta.org.mx\/index.php\/wp-json\/wp\/v2\/posts\/46386\/revisions\/46391"}],"wp:featuredmedia":[{"embeddable":true,"href":"https:\/\/www.grieta.org.mx\/index.php\/wp-json\/wp\/v2\/media\/46390"}],"wp:attachment":[{"href":"https:\/\/www.grieta.org.mx\/index.php\/wp-json\/wp\/v2\/media?parent=46386"}],"wp:term":[{"taxonomy":"category","embeddable":true,"href":"https:\/\/www.grieta.org.mx\/index.php\/wp-json\/wp\/v2\/categories?post=46386"},{"taxonomy":"post_tag","embeddable":true,"href":"https:\/\/www.grieta.org.mx\/index.php\/wp-json\/wp\/v2\/tags?post=46386"}],"curies":[{"name":"wp","href":"https:\/\/api.w.org\/{rel}","templated":true}]}}