{"id":46331,"date":"2020-03-17T01:25:50","date_gmt":"2020-03-17T07:25:50","guid":{"rendered":"http:\/\/www.grieta.org.mx\/?p=46331"},"modified":"2020-03-19T01:34:44","modified_gmt":"2020-03-19T07:34:44","slug":"pese-a-pandemia-trabajadores-de-la-tercera-edad-los-encargados-de-limpiar-el-metro-ciudad-de-mexico","status":"publish","type":"post","link":"https:\/\/www.grieta.org.mx\/index.php\/2020\/03\/17\/pese-a-pandemia-trabajadores-de-la-tercera-edad-los-encargados-de-limpiar-el-metro-ciudad-de-mexico\/","title":{"rendered":"Pese a pandemia, trabajadores de la tercera edad, los encargados de limpiar el metro (Ciudad de M\u00e9xico)"},"content":{"rendered":"<p><img loading=\"lazy\" decoding=\"async\" data-attachment-id=\"46332\" data-permalink=\"https:\/\/www.grieta.org.mx\/index.php\/2020\/03\/17\/pese-a-pandemia-trabajadores-de-la-tercera-edad-los-encargados-de-limpiar-el-metro-ciudad-de-mexico\/pese-a-pandemia-trabajadores-de-la-tercera-edad-los-encargados-de-limpiar-el-metro-cdmx-mzo\/\" data-orig-file=\"https:\/\/www.grieta.org.mx\/wp-content\/uploads\/2020\/03\/Pese-a-pandemia-trabajadores-de-la-tercera-edad-los-encargados-de-limpiar-el-metro-cdmx-mzo.jpg\" data-orig-size=\"701,395\" data-comments-opened=\"0\" data-image-meta=\"{&quot;aperture&quot;:&quot;0&quot;,&quot;credit&quot;:&quot;&quot;,&quot;camera&quot;:&quot;&quot;,&quot;caption&quot;:&quot;&quot;,&quot;created_timestamp&quot;:&quot;0&quot;,&quot;copyright&quot;:&quot;&quot;,&quot;focal_length&quot;:&quot;0&quot;,&quot;iso&quot;:&quot;0&quot;,&quot;shutter_speed&quot;:&quot;0&quot;,&quot;title&quot;:&quot;&quot;,&quot;orientation&quot;:&quot;0&quot;}\" data-image-title=\"Pese a pandemia, trabajadores de la tercera edad, los encargados de limpiar el metro cdmx mzo\" data-image-description=\"\" data-image-caption=\"\" data-medium-file=\"https:\/\/www.grieta.org.mx\/wp-content\/uploads\/2020\/03\/Pese-a-pandemia-trabajadores-de-la-tercera-edad-los-encargados-de-limpiar-el-metro-cdmx-mzo-300x169.jpg\" data-large-file=\"https:\/\/www.grieta.org.mx\/wp-content\/uploads\/2020\/03\/Pese-a-pandemia-trabajadores-de-la-tercera-edad-los-encargados-de-limpiar-el-metro-cdmx-mzo.jpg\" class=\"aligncenter  wp-image-46332\" src=\"http:\/\/www.grieta.org.mx\/wp-content\/uploads\/2020\/03\/Pese-a-pandemia-trabajadores-de-la-tercera-edad-los-encargados-de-limpiar-el-metro-cdmx-mzo.jpg\" alt=\"\" width=\"642\" height=\"362\" srcset=\"https:\/\/www.grieta.org.mx\/wp-content\/uploads\/2020\/03\/Pese-a-pandemia-trabajadores-de-la-tercera-edad-los-encargados-de-limpiar-el-metro-cdmx-mzo.jpg 701w, https:\/\/www.grieta.org.mx\/wp-content\/uploads\/2020\/03\/Pese-a-pandemia-trabajadores-de-la-tercera-edad-los-encargados-de-limpiar-el-metro-cdmx-mzo-300x169.jpg 300w\" sizes=\"auto, (max-width: 642px) 100vw, 642px\" \/><br \/>\n<em>Foto tomada de l portal: www.laizquierdadiario.mx<\/em><\/p>\n<p>Alex Osorio \/ La Izquierda Diario<\/p>\n<blockquote><p>Pese a que la OMS declara poblaci\u00f3n en riesgo a los adultos de la tercera edad, en la Ciudad de M\u00e9xico, miles de adultos mayores garantizan la limpieza del metro, un foco rojo en medio de la pandemia.<\/p><\/blockquote>\n<p>Las autoridades mexicanas anunciaron una cifra de 82 casos confirmados y 171 sospechosos, pese a impulsar medidas para la fase 2 frente al Covid 19, estas medidas no contemplan la paralizaci\u00f3n de los servicios estrat\u00e9gicos como el metro, fundamental para la vida econ\u00f3mica de la capital.<\/p>\n<p>En el metro transitan alrededor de 5 millones de personas y llegan a viajar seis personas por metro cuadrado, un escenario ideal para la propagaci\u00f3n del virus.<\/p>\n<p>Hoy en medio de la contingencia mundial, el metro no ha anunciado medidas sanitarias nuevas para cada vag\u00f3n y estaci\u00f3n. La limpieza de las 195 estaciones depende de los 6 mil trabajadores subcontratados y sin derechos laborales elementales que trabajan 9 horas por 1,350 pesos a la quincena.<\/p>\n<p>Lo indignante es que la enorme mayor\u00eda son adultos mayores, que frente a la pandemia conforman un grupo vulnerable, pero poco o nada importan las vidas de miles de trabajadores que en vez de gozar de una pensi\u00f3n, cargan botes de agua y trapeadores entre pasillos y escaleras.<\/p>\n<p>La explotaci\u00f3n laboral tiende a ser m\u00e1s clara en este tipo de casos, d\u00f3nde se muestra de manera m\u00e1s cruenta la situaci\u00f3n casi obligada de millones de trabajadores precarios que en medio de la contingencia no pueden dejar de trabajar ya que no tienen derechos elementales que les garanticen el pago al 100% d\u00eda con d\u00eda o no perder el empleo y quedar en la calle en medio de una contingencia.<\/p>\n<p>Miles de adultos mayores se jugar\u00e1n la vida en las pr\u00f3ximas semanas amen de preservar su puesto de trabajo, como hemos sostenido en otras notas, la precarizaci\u00f3n laboral mata.<\/p>\n<p>En medio de esta contingencia es urgente que los trabajadores del metro sindicalizados y precarios voten una comisi\u00f3n de higiene y seguridad que, junto con expertos en el tema, impulses medidas de salubridad y de ser necesario, se declare la necesidad del cierre del metro, sin repercusiones o despidos para los trabajadores.<\/p>\n<p>Por eso es fundamental que los sindicatos que se reclaman democr\u00e1ticos se pongan la cabeza de un plan de contingencia que pueda tomar estos casos en cuenta, que garantice su basificaci\u00f3n y sindicalizaci\u00f3n, medidas m\u00ednimas para garantizar que no pierdan el trabajo.<\/p>\n<p>Aunado a esto, es clave la exigencia de una partida presupuestaria que garantice atenci\u00f3n m\u00e9dica gratuita a los 30 millones de trabajadores que no cuentan con seguridad social, cosa que s\u00f3lo se puede garantizar mediante impuestos progresivos a las grandes fortunas y el no pago de la deuda externa.<\/p>\n<p><a href=\"http:\/\/www.laizquierdadiario.mx\/Pese-a-pandemia-trabajadores-de-la-tercera-edad-los-encargados-de-limpiar-el-metro\" target=\"_blank\" rel=\"noopener noreferrer\">http:\/\/www.laizquierdadiario.mx\/Pese-a-pandemia-trabajadores-de-la-tercera-edad-los-encargados-de-limpiar-el-metro<\/a><\/p>\n","protected":false},"excerpt":{"rendered":"<p>Foto tomada de l portal: www.laizquierdadiario.mx Alex Osorio \/ La Izquierda Diario Pese a que la OMS declara poblaci\u00f3n en riesgo a los adultos de la tercera edad, en la &hellip; <a href=\"https:\/\/www.grieta.org.mx\/index.php\/2020\/03\/17\/pese-a-pandemia-trabajadores-de-la-tercera-edad-los-encargados-de-limpiar-el-metro-ciudad-de-mexico\/\" class=\"more-link\">Leer m\u00e1s<\/a><\/p>\n","protected":false},"author":2,"featured_media":46332,"comment_status":"closed","ping_status":"closed","sticky":false,"template":"","format":"standard","meta":{"ngg_post_thumbnail":0,"_jetpack_newsletter_access":"","_jetpack_dont_email_post_to_subs":false,"_jetpack_newsletter_tier_id":0,"_jetpack_memberships_contains_paywalled_content":false,"_jetpack_memberships_contains_paid_content":false,"footnotes":""},"categories":[80,14,918,3033,1225,910,2,2119,83],"tags":[3133,2841],"class_list":["post-46331","post","type-post","status-publish","format-standard","has-post-thumbnail","hentry","category-cintillo","category-ciudad-de-mexico","category-privatizacion-del-sector-salud","category-crisis-en-el-sector-salud-en-la-ciudad-de-mexico","category-explotacion-laboral-en-la-ciudad-de-mexico","category-explotacion-y-precariedad-laboral","category-noticias-nacionales","category-precarizacion-de-las-condiciones-laborales-en-la-ciudad-de-mexico","category-temas-nacionales","tag-crisis-del-sector-salud","tag-explotacion-y-precariedad-laboral","entry"],"jetpack_featured_media_url":"https:\/\/www.grieta.org.mx\/wp-content\/uploads\/2020\/03\/Pese-a-pandemia-trabajadores-de-la-tercera-edad-los-encargados-de-limpiar-el-metro-cdmx-mzo.jpg","jetpack_sharing_enabled":true,"jetpack_shortlink":"https:\/\/wp.me\/p7ZJR4-c3h","jetpack_likes_enabled":false,"jetpack-related-posts":[{"id":71967,"url":"https:\/\/www.grieta.org.mx\/index.php\/2025\/07\/08\/trabajadores-de-la-salud-bloquean-paseo-de-la-reforma-denuncian-irregularidades-ciudad-de-mexico\/","url_meta":{"origin":46331,"position":0},"title":"Trabajadores de la salud bloquean Paseo de la Reforma; denuncian irregularidades (Ciudad de M\u00e9xico)","author":"grieta","date":"8 julio, 2025","format":false,"excerpt":"Natalia Estrada Garc\u00eda \/ Enfoque noticias CDMX.- Trabajadoras y trabajadores pertenecientes al sector salud fueron agredidos tras mantener un bloqueo sobre carriles laterales del Perif\u00e9rico y avenida Paseo de la Reforma en la colonia Bosques de Chapultepec, Miguel Hidalgo. Laura Quintero delegada estatal de Ciudad de M\u00e9xico de la Fuerza\u2026","rel":"","context":"En &quot;Abuso policiaco y tortura en la Ciudad de M\u00e9xico&quot;","block_context":{"text":"Abuso policiaco y tortura en la Ciudad de M\u00e9xico","link":"https:\/\/www.grieta.org.mx\/index.php\/category\/noticias-nacionales\/ciudad-de-mexico\/abuso-policiaco-y-tortura-en-la-ciudad-de-mexico\/"},"img":{"alt_text":"","src":"https:\/\/i0.wp.com\/www.grieta.org.mx\/wp-content\/uploads\/2025\/07\/Captura-de-pantalla-2025-07-08-233604.png?resize=350%2C200&ssl=1","width":350,"height":200,"srcset":"https:\/\/i0.wp.com\/www.grieta.org.mx\/wp-content\/uploads\/2025\/07\/Captura-de-pantalla-2025-07-08-233604.png?resize=350%2C200&ssl=1 1x, https:\/\/i0.wp.com\/www.grieta.org.mx\/wp-content\/uploads\/2025\/07\/Captura-de-pantalla-2025-07-08-233604.png?resize=525%2C300&ssl=1 1.5x, https:\/\/i0.wp.com\/www.grieta.org.mx\/wp-content\/uploads\/2025\/07\/Captura-de-pantalla-2025-07-08-233604.png?resize=700%2C400&ssl=1 2x"},"classes":[]},{"id":47953,"url":"https:\/\/www.grieta.org.mx\/index.php\/2020\/04\/14\/mascarillas-n95-que-llegaron-al-hospital-1-de-octubre-se-extraviaron-ana-maria-pilares-ciudad-de-mexico\/","url_meta":{"origin":46331,"position":1},"title":"Mascarillas N95 que llegaron al hospital 1 de Octubre se extraviaron: Ana Mar\u00eda Pilares (Ciudad de M\u00e9xico)","author":"grieta","date":"14 abril, 2020","format":false,"excerpt":"Varias enfermeras y m\u00e9dicos han sido atacados por las personas en las calles. FOTO: Cuartoscuro El Heraldo de M\u00e9xico La enfermera del hospital 1 de Octubre del ISSSTE, denunci\u00f3 que mientras el subsecretario de salud Hugo L\u00f3pez Gatell ha dicho que los insumos ya han sido entregados, la realidad es\u2026","rel":"","context":"En &quot;CINTILLO&quot;","block_context":{"text":"CINTILLO","link":"https:\/\/www.grieta.org.mx\/index.php\/category\/cintillo\/"},"img":{"alt_text":"","src":"https:\/\/i0.wp.com\/www.grieta.org.mx\/wp-content\/uploads\/2020\/04\/Mascarillas-N95-que-llegaron-al-hospital-1-de-Octubre-se-extraviaron-Ana-Mar%C3%ADa-Pilares-cdmx-abr.jpg?resize=350%2C200","width":350,"height":200},"classes":[]},{"id":48327,"url":"https:\/\/www.grieta.org.mx\/index.php\/2020\/04\/27\/personal-medico-bloquea-ermita-iztapalapa-por-falta-de-insumos-ciudad-de-mexico\/","url_meta":{"origin":46331,"position":2},"title":"Personal m\u00e9dico bloquea Ermita Iztapalapa por falta de insumos (Ciudad de M\u00e9xico)","author":"grieta","date":"27 abril, 2020","format":false,"excerpt":"Foto: @GRAWPEREZ Diario de M\u00e9xico Ciudad de M\u00e9xico. -M\u00e9dicos, enfermeras y personal de salud que trabaja en el Hospital Pedi\u00e1trico de Iztapalapa, mantienen bloqueada la circulaci\u00f3n en la Avenida Ermita Iztapalapa, entre Eje 3 Oriente y La Viga. El personal m\u00e9dico asegura que no tienen los materiales necesarios, como cubrebocas\u2026","rel":"","context":"En &quot;CINTILLO&quot;","block_context":{"text":"CINTILLO","link":"https:\/\/www.grieta.org.mx\/index.php\/category\/cintillo\/"},"img":{"alt_text":"","src":"https:\/\/i0.wp.com\/www.grieta.org.mx\/wp-content\/uploads\/2020\/04\/Personal-m%C3%A9dico-bloquea-Ermita-Iztapalapa-por-falta-de-insumos-cdmx-abr.jpg?resize=350%2C200&ssl=1","width":350,"height":200,"srcset":"https:\/\/i0.wp.com\/www.grieta.org.mx\/wp-content\/uploads\/2020\/04\/Personal-m%C3%A9dico-bloquea-Ermita-Iztapalapa-por-falta-de-insumos-cdmx-abr.jpg?resize=350%2C200&ssl=1 1x, https:\/\/i0.wp.com\/www.grieta.org.mx\/wp-content\/uploads\/2020\/04\/Personal-m%C3%A9dico-bloquea-Ermita-Iztapalapa-por-falta-de-insumos-cdmx-abr.jpg?resize=525%2C300&ssl=1 1.5x, https:\/\/i0.wp.com\/www.grieta.org.mx\/wp-content\/uploads\/2020\/04\/Personal-m%C3%A9dico-bloquea-Ermita-Iztapalapa-por-falta-de-insumos-cdmx-abr.jpg?resize=700%2C400&ssl=1 2x, https:\/\/i0.wp.com\/www.grieta.org.mx\/wp-content\/uploads\/2020\/04\/Personal-m%C3%A9dico-bloquea-Ermita-Iztapalapa-por-falta-de-insumos-cdmx-abr.jpg?resize=1050%2C600&ssl=1 3x"},"classes":[]},{"id":46659,"url":"https:\/\/www.grieta.org.mx\/index.php\/2020\/03\/23\/personal-del-imss-protesta-por-falta-de-insumos-y-protocolos-ante-covid-19-ciudad-de-mexico\/","url_meta":{"origin":46331,"position":3},"title":"Personal del IMSS protesta por falta de insumos y protocolos ante Covid-19 (Ciudad de M\u00e9xico)","author":"grieta","date":"23 marzo, 2020","format":false,"excerpt":"Foto: Jorge Gonz\u00e1lez Jorge Gonz\u00e1lez \/ Excelsior Enfermeras, camilleros y doctores de la Cl\u00ednica 32, piden capacitaci\u00f3n y medidas para la recepci\u00f3n de pacientes CIUDAD DE M\u00c9XICO. La ma\u00f1ana de este lunes, trabajadores del Instituto Mexicano del Seguro Social (IMSS) salieron a las calles a levantar la voz por la\u2026","rel":"","context":"En &quot;CINTILLO&quot;","block_context":{"text":"CINTILLO","link":"https:\/\/www.grieta.org.mx\/index.php\/category\/cintillo\/"},"img":{"alt_text":"","src":"https:\/\/i0.wp.com\/www.grieta.org.mx\/wp-content\/uploads\/2020\/03\/Personal-del-IMSS-protesta-por-falta-de-insumos-y-protocolos-ante-Covid-19-cdmx-mzo.jpg?resize=350%2C200&ssl=1","width":350,"height":200,"srcset":"https:\/\/i0.wp.com\/www.grieta.org.mx\/wp-content\/uploads\/2020\/03\/Personal-del-IMSS-protesta-por-falta-de-insumos-y-protocolos-ante-Covid-19-cdmx-mzo.jpg?resize=350%2C200&ssl=1 1x, https:\/\/i0.wp.com\/www.grieta.org.mx\/wp-content\/uploads\/2020\/03\/Personal-del-IMSS-protesta-por-falta-de-insumos-y-protocolos-ante-Covid-19-cdmx-mzo.jpg?resize=525%2C300&ssl=1 1.5x, https:\/\/i0.wp.com\/www.grieta.org.mx\/wp-content\/uploads\/2020\/03\/Personal-del-IMSS-protesta-por-falta-de-insumos-y-protocolos-ante-Covid-19-cdmx-mzo.jpg?resize=700%2C400&ssl=1 2x, https:\/\/i0.wp.com\/www.grieta.org.mx\/wp-content\/uploads\/2020\/03\/Personal-del-IMSS-protesta-por-falta-de-insumos-y-protocolos-ante-Covid-19-cdmx-mzo.jpg?resize=1050%2C600&ssl=1 3x"},"classes":[]},{"id":48770,"url":"https:\/\/www.grieta.org.mx\/index.php\/2020\/05\/06\/personal-de-clinica-del-imss-en-zaragoza-denuncian-que-han-sido-rebasados-ciudad-de-mexico\/","url_meta":{"origin":46331,"position":4},"title":"PERSONAL DE CL\u00cdNICA DEL IMSS EN ZARAGOZA DENUNCIAN QUE HAN SIDO REBASADOS (Ciudad de M\u00e9xico)","author":"grieta","date":"6 mayo, 2020","format":false,"excerpt":"Foto: www.reporteindigo.com Reporte \u00cdndigo Trabajadores de la cl\u00ednica ubicada en calzada Ignacio Zaragoza se manifestaron este mi\u00e9rcoles a las afueras de la UMF 120 y cerraron la avenida El personal m\u00e9dico de la Unidad M\u00e9dica Familiar (UMF)120 en Zaragoza del Instituto Mexicano del Seguro Social (IMSS) denunci\u00f3 este mi\u00e9rcoles que\u2026","rel":"","context":"En &quot;CINTILLO&quot;","block_context":{"text":"CINTILLO","link":"https:\/\/www.grieta.org.mx\/index.php\/category\/cintillo\/"},"img":{"alt_text":"","src":"https:\/\/i0.wp.com\/www.grieta.org.mx\/wp-content\/uploads\/2020\/05\/PERSONAL-DE-CL%C3%8DNICA-DEL-IMSS-EN-ZARAGOZA-DENUNCIAN-QUE-HAN-SIDO-REBASADOS-cdmx-may.jpg?resize=350%2C200","width":350,"height":200},"classes":[]},{"id":41665,"url":"https:\/\/www.grieta.org.mx\/index.php\/2019\/11\/27\/trabajadores-del-issste-rinen-con-policias-en-bloqueo-de-zaragoza-ciudad-de-mexico\/","url_meta":{"origin":46331,"position":5},"title":"Trabajadores del ISSSTE ri\u00f1en con polic\u00edas en bloqueo de Zaragoza (Ciudad de M\u00e9xico)","author":"grieta","date":"27 noviembre, 2019","format":false,"excerpt":"Excelsior Los manifestantes se enfrentaron con los agentes que intentaban abrir algunos carriles de la vialidad CIUDAD DE M\u00c9XICO. Un conato de bronca se dio entre trabajadores del Instituto de Seguridad y Servicios Sociales de los Trabajadores del Estado (ISSSTE) y polic\u00edas capitalinos durante un bloqueo sobre Calzada Ignacio Zaragoza,\u2026","rel":"","context":"En &quot;Abuso policiaco y tortura en el Estado de M\u00e9xico&quot;","block_context":{"text":"Abuso policiaco y tortura en el Estado de M\u00e9xico","link":"https:\/\/www.grieta.org.mx\/index.php\/category\/noticias-nacionales\/estado-de-mexico\/abuso-policiaco-y-tortura-en-el-estado-de-mexico\/"},"img":{"alt_text":"","src":"https:\/\/i0.wp.com\/www.grieta.org.mx\/wp-content\/uploads\/2019\/11\/Trabajadores-del-ISSSTE-ri%C3%B1en-con-polic%C3%ADas-en-bloqueo-de-Zaragoza-cdmx-nov.jpg?resize=350%2C200&ssl=1","width":350,"height":200,"srcset":"https:\/\/i0.wp.com\/www.grieta.org.mx\/wp-content\/uploads\/2019\/11\/Trabajadores-del-ISSSTE-ri%C3%B1en-con-polic%C3%ADas-en-bloqueo-de-Zaragoza-cdmx-nov.jpg?resize=350%2C200&ssl=1 1x, https:\/\/i0.wp.com\/www.grieta.org.mx\/wp-content\/uploads\/2019\/11\/Trabajadores-del-ISSSTE-ri%C3%B1en-con-polic%C3%ADas-en-bloqueo-de-Zaragoza-cdmx-nov.jpg?resize=525%2C300&ssl=1 1.5x"},"classes":[]}],"_links":{"self":[{"href":"https:\/\/www.grieta.org.mx\/index.php\/wp-json\/wp\/v2\/posts\/46331","targetHints":{"allow":["GET"]}}],"collection":[{"href":"https:\/\/www.grieta.org.mx\/index.php\/wp-json\/wp\/v2\/posts"}],"about":[{"href":"https:\/\/www.grieta.org.mx\/index.php\/wp-json\/wp\/v2\/types\/post"}],"author":[{"embeddable":true,"href":"https:\/\/www.grieta.org.mx\/index.php\/wp-json\/wp\/v2\/users\/2"}],"replies":[{"embeddable":true,"href":"https:\/\/www.grieta.org.mx\/index.php\/wp-json\/wp\/v2\/comments?post=46331"}],"version-history":[{"count":1,"href":"https:\/\/www.grieta.org.mx\/index.php\/wp-json\/wp\/v2\/posts\/46331\/revisions"}],"predecessor-version":[{"id":46333,"href":"https:\/\/www.grieta.org.mx\/index.php\/wp-json\/wp\/v2\/posts\/46331\/revisions\/46333"}],"wp:featuredmedia":[{"embeddable":true,"href":"https:\/\/www.grieta.org.mx\/index.php\/wp-json\/wp\/v2\/media\/46332"}],"wp:attachment":[{"href":"https:\/\/www.grieta.org.mx\/index.php\/wp-json\/wp\/v2\/media?parent=46331"}],"wp:term":[{"taxonomy":"category","embeddable":true,"href":"https:\/\/www.grieta.org.mx\/index.php\/wp-json\/wp\/v2\/categories?post=46331"},{"taxonomy":"post_tag","embeddable":true,"href":"https:\/\/www.grieta.org.mx\/index.php\/wp-json\/wp\/v2\/tags?post=46331"}],"curies":[{"name":"wp","href":"https:\/\/api.w.org\/{rel}","templated":true}]}}