{"id":46328,"date":"2020-03-17T01:05:42","date_gmt":"2020-03-17T07:05:42","guid":{"rendered":"http:\/\/www.grieta.org.mx\/?p=46328"},"modified":"2020-03-19T01:22:51","modified_gmt":"2020-03-19T07:22:51","slug":"paristas-de-uaemex-denuncian-red-de-espionaje-estado-de-mexico","status":"publish","type":"post","link":"https:\/\/www.grieta.org.mx\/index.php\/2020\/03\/17\/paristas-de-uaemex-denuncian-red-de-espionaje-estado-de-mexico\/","title":{"rendered":"Paristas de UAEMex denuncian red de espionaje (Estado de M\u00e9xico)"},"content":{"rendered":"<p><img loading=\"lazy\" decoding=\"async\" data-attachment-id=\"46329\" data-permalink=\"https:\/\/www.grieta.org.mx\/index.php\/2020\/03\/17\/paristas-de-uaemex-denuncian-red-de-espionaje-estado-de-mexico\/paristas-de-uaemex-denuncian-red-de-espionaje-edomex-mzo\/\" data-orig-file=\"https:\/\/www.grieta.org.mx\/wp-content\/uploads\/2020\/03\/Paristas-de-UAEMex-denuncian-red-de-espionaje-edomex-mzo.jpg\" data-orig-size=\"870,522\" data-comments-opened=\"0\" data-image-meta=\"{&quot;aperture&quot;:&quot;0&quot;,&quot;credit&quot;:&quot;&quot;,&quot;camera&quot;:&quot;&quot;,&quot;caption&quot;:&quot;&quot;,&quot;created_timestamp&quot;:&quot;0&quot;,&quot;copyright&quot;:&quot;&quot;,&quot;focal_length&quot;:&quot;0&quot;,&quot;iso&quot;:&quot;0&quot;,&quot;shutter_speed&quot;:&quot;0&quot;,&quot;title&quot;:&quot;&quot;,&quot;orientation&quot;:&quot;1&quot;}\" data-image-title=\"Paristas de UAEMex denuncian red de espionaje edomex mzo\" data-image-description=\"\" data-image-caption=\"\" data-medium-file=\"https:\/\/www.grieta.org.mx\/wp-content\/uploads\/2020\/03\/Paristas-de-UAEMex-denuncian-red-de-espionaje-edomex-mzo-300x180.jpg\" data-large-file=\"https:\/\/www.grieta.org.mx\/wp-content\/uploads\/2020\/03\/Paristas-de-UAEMex-denuncian-red-de-espionaje-edomex-mzo.jpg\" class=\"aligncenter  wp-image-46329\" src=\"http:\/\/www.grieta.org.mx\/wp-content\/uploads\/2020\/03\/Paristas-de-UAEMex-denuncian-red-de-espionaje-edomex-mzo.jpg\" alt=\"\" width=\"642\" height=\"385\" srcset=\"https:\/\/www.grieta.org.mx\/wp-content\/uploads\/2020\/03\/Paristas-de-UAEMex-denuncian-red-de-espionaje-edomex-mzo.jpg 870w, https:\/\/www.grieta.org.mx\/wp-content\/uploads\/2020\/03\/Paristas-de-UAEMex-denuncian-red-de-espionaje-edomex-mzo-300x180.jpg 300w, https:\/\/www.grieta.org.mx\/wp-content\/uploads\/2020\/03\/Paristas-de-UAEMex-denuncian-red-de-espionaje-edomex-mzo-768x461.jpg 768w, https:\/\/www.grieta.org.mx\/wp-content\/uploads\/2020\/03\/Paristas-de-UAEMex-denuncian-red-de-espionaje-edomex-mzo-833x500.jpg 833w\" sizes=\"auto, (max-width: 642px) 100vw, 642px\" \/><br \/>\n<em>El rector de la UAEMex, Alfredo Barrera, con estudiantes de la Facultad de Arquitectura y Dise\u00f1o. Foto: Twitter @Rector_UAEM<\/em><\/p>\n<p>&nbsp;<\/p>\n<p>Veneranda Mendoza \/ Proceso<\/p>\n<blockquote><p>TOLUCA, Edomex. (apro).- El Comit\u00e9 Coordinador de Lucha (Cocol) de la Universidad Aut\u00f3noma del Estado de M\u00e9xico (UAEMex), conformado por asamble\u00edstas de las cinco facultades en paro, denunci\u00f3 el hallazgo de una red de espionaje que opera desde el Centro Juvenil Universitario (CJU) para vigilar a estudiantes y profesores considerados \u201csubversivos\u201d.<\/p><\/blockquote>\n<p>La base de datos, refiri\u00f3, data de 2012 y contiene informaci\u00f3n incluso de alumnos menores de edad, sus datos personales y an\u00e1lisis de riesgo, as\u00ed como la identificaci\u00f3n de los paristas y el monitoreo de redes sociales.<\/p>\n<p>Integrantes del Cocol indicaron que tambi\u00e9n encontraron en el edificio una red estructurada de contrainsurgencia armada con p\u00e1ginas de Facebook para contrarrestar medi\u00e1ticamente las movilizaciones, una lista de medios libres, y material pornogr\u00e1fico y fiscal. Seg\u00fan dijeron, este \u00faltimo demuestra los malos manejos financieros de la Universidad.<\/p>\n<p>Ante tal hecho, insistieron en la renuncia del rector Alfredo Barrera; de Jorge Bern\u00e1ldez, secretario t\u00e9cnico de Rector\u00eda, y del titular del CJU, David Nava, a quienes adem\u00e1s acusaron de intimidaci\u00f3n y de tomarles fotos. Tambi\u00e9n demandaron la inhabilitaci\u00f3n de todo el personal involucrado en acciones de hostigamiento, acoso y violencia sexual.<\/p>\n<p>Con el mismo prop\u00f3sito, anunciaron la celebraci\u00f3n de una marcha desde la Facultad de Humanidades hasta palacio de gobierno, el pr\u00f3ximo jueves 19.<\/p>\n<p>Los estudiantes lamentaron que, lejos de resolver los puntos de sus pliegos petitorios, la Universidad los ha criminalizado.<\/p>\n<p>En respuesta, v\u00eda redes sociales, Alfredo Barrera afirm\u00f3 que el combate a la violencia de g\u00e9nero al interior de la Universidad ser\u00e1 su prioridad, sin simulaciones ni dobles intenciones o protagonismos, y llam\u00f3 a los paristas a despojarse de sus capuchas, \u201csin manipulaciones ideol\u00f3gicas, plazos caprichosos s\u00f3lo para el espect\u00e1culo medi\u00e1tico o la dilaci\u00f3n que atenta contra el inter\u00e9s com\u00fan de retomar las clases y las actividades acad\u00e9micas\u2026<\/p>\n<p>\u201cNo podemos permitir la politizaci\u00f3n de la lucha feminista\u201d, dijo, y asegur\u00f3 que ha actuado con respeto a la autonom\u00eda de las organizaciones estudiantiles. \u201cAntes que perseguir, la Universidad tiene la responsabilidad \u00e9tica de velar por su derecho a la libre expresi\u00f3n y manifestaci\u00f3n de sus ideas y desacuerdos\u201d.<\/p>\n<p>Los paristas, sin embargo, lamentaron la petici\u00f3n de quitarse las capuchas cuando est\u00e1n siendo hostigados. Tambi\u00e9n criticaron el llamado al di\u00e1logo, cuando Barrera Baca se ha negado a atender las convocatorias de los estudiantes y ha buscado la confrontaci\u00f3n del estudiantado. \u201cLa Revoluci\u00f3n no tiene #Barrera #Renuncia\u201d, insistieron.<\/p>\n<p>De forma paralela, la Facultad de Ciencias Pol\u00edticas celebr\u00f3 elecciones en las que, por mayor\u00eda de votos, determin\u00f3 levantar el paro.<\/p>\n<p>En tanto, la asamblea de la Facultad de Ciencias de la Conducta (Facico) advirti\u00f3 que no entregar\u00e1 las instalaciones, pues la votaci\u00f3n en que as\u00ed se decidi\u00f3 ayer fue manipulada, faltaron votos, sufragaron egresados, se impidi\u00f3 la participaci\u00f3n de paristas en la organizaci\u00f3n, entre otras supuestas anomal\u00edas, adem\u00e1s de que no hay soluci\u00f3n a ning\u00fan punto del pliego petitorio.<\/p>\n<p>Los paros tuvieron su origen en el descubrimiento de una red de robo, venta e intercambio de fotograf\u00edas \u00edntimas de las alumnas, y en el acoso sexual de profesores a estudiantes.<\/p>\n<p><a href=\"https:\/\/www.proceso.com.mx\/622295\/paristas-uaemex-denuncian-red-espionaje?fbclid=IwAR1s_StIqivpxfCQeh7IhxK_OrvLtFw6H2rBmrzIBTyGCqR7FTTKoHocJHU\" target=\"_blank\" rel=\"noopener noreferrer\">https:\/\/www.proceso.com.mx\/622295\/paristas-uaemex-denuncian-red-espionaje?fbclid=IwAR1s_StIqivpxfCQeh7IhxK_OrvLtFw6H2rBmrzIBTyGCqR7FTTKoHocJHU<\/a><\/p>\n","protected":false},"excerpt":{"rendered":"<p>El rector de la UAEMex, Alfredo Barrera, con estudiantes de la Facultad de Arquitectura y Dise\u00f1o. Foto: Twitter @Rector_UAEM &nbsp; Veneranda Mendoza \/ Proceso TOLUCA, Edomex. (apro).- El Comit\u00e9 Coordinador &hellip; <a href=\"https:\/\/www.grieta.org.mx\/index.php\/2020\/03\/17\/paristas-de-uaemex-denuncian-red-de-espionaje-estado-de-mexico\/\" class=\"more-link\">Leer m\u00e1s<\/a><\/p>\n","protected":false},"author":2,"featured_media":46329,"comment_status":"closed","ping_status":"closed","sticky":false,"template":"","format":"standard","meta":{"ngg_post_thumbnail":0,"_jetpack_newsletter_access":"","_jetpack_dont_email_post_to_subs":false,"_jetpack_newsletter_tier_id":0,"_jetpack_memberships_contains_paywalled_content":false,"_jetpack_memberships_contains_paid_content":false,"footnotes":""},"categories":[80,916,2900,16,1729,2,83,2720],"tags":[1824,2566,1893,2683,130,1692,1565,1630],"class_list":["post-46328","post","type-post","status-publish","format-standard","has-post-thumbnail","hentry","category-cintillo","category-privatizacion-del-la-educacion-publica","category-crisis-en-el-sistema-educativo-en-el-estado-de-mexico","category-estado-de-mexico","category-lucha-y-resistencia-del-pueblo-en-el-estado-de-mexico","category-noticias-nacionales","category-temas-nacionales","category-violencia-contra-las-mujeres-en-el-estado-de-mexico","tag-acoso-sexual","tag-crisis-en-el-sistema-educativo","tag-escuelas-en-paro","tag-estudiantes-organizados","tag-represion","tag-represion-a-estudiantes","tag-violencia-contra-estudiantes","tag-violencia-contra-las-mujeres","entry"],"jetpack_featured_media_url":"https:\/\/www.grieta.org.mx\/wp-content\/uploads\/2020\/03\/Paristas-de-UAEMex-denuncian-red-de-espionaje-edomex-mzo.jpg","jetpack_sharing_enabled":true,"jetpack_shortlink":"https:\/\/wp.me\/p7ZJR4-c3e","jetpack_likes_enabled":false,"jetpack-related-posts":[{"id":45227,"url":"https:\/\/www.grieta.org.mx\/index.php\/2020\/02\/26\/en-paro-indefinido-facultades-de-ciencias-politicas-y-humanidades-de-uaemex-estado-de-mexico\/","url_meta":{"origin":46328,"position":0},"title":"En paro indefinido, facultades de Ciencias Pol\u00edticas y Humanidades de UAEM\u00e9x (Estado de M\u00e9xico)","author":"grieta","date":"26 febrero, 2020","format":false,"excerpt":"Foto: Jorge Alvarado \/ El Universal Claudia Gonz\u00e1lez \/ El Universal Esta medida es parte de la demanda de atenci\u00f3n a la ola de quejas por violencia de g\u00e9nero y acoso sexual; el rector Alfredo Barrera Baca rechaz\u00f3 que el conflicto haya rebasado a la instituci\u00f3n Los alumnos de las\u2026","rel":"","context":"En &quot;CINTILLO&quot;","block_context":{"text":"CINTILLO","link":"https:\/\/www.grieta.org.mx\/index.php\/category\/cintillo\/"},"img":{"alt_text":"","src":"https:\/\/i0.wp.com\/www.grieta.org.mx\/wp-content\/uploads\/2020\/02\/En-paro-indefinido-facultades-de-Ciencias-Pol%C3%ADticas-y-humanidades-de-uaemex-edomex-feb.jpg?resize=350%2C200","width":350,"height":200},"classes":[]},{"id":45209,"url":"https:\/\/www.grieta.org.mx\/index.php\/2020\/02\/25\/alumnas-de-prepa-1-de-la-uaemex-denuncian-a-25-maestros-por-acoso-sexual-estado-de-mexico\/","url_meta":{"origin":46328,"position":1},"title":"Alumnas de Prepa 1 de la UAEMex denuncian a 25 maestros por acoso sexual (Estado de M\u00e9xico)","author":"grieta","date":"25 febrero, 2020","format":false,"excerpt":"Foto: Jorge Alvarado \/ El Universal Claudia Gonz\u00e1lez \/ El Universal Una de las alumnas afectadas se\u00f1al\u00f3 que el docente Miguel \u00c1ngel P\u00e9rez le dijo: \u201cte ves bien con tu vestido, pero te ver\u00edas mejor sin el\u201d Toluca, M\u00e9x.- En una noche, alumnas de la Preparatoria N\u00famero 1 \u201cAdolfo L\u00f3pez\u2026","rel":"","context":"En &quot;CINTILLO&quot;","block_context":{"text":"CINTILLO","link":"https:\/\/www.grieta.org.mx\/index.php\/category\/cintillo\/"},"img":{"alt_text":"","src":"https:\/\/i0.wp.com\/www.grieta.org.mx\/wp-content\/uploads\/2020\/02\/Alumnas-de-Prepa-1-de-la-UAEMex-denuncian-a-25-maestros-por-acoso-sexual-edomex-feb.jpg?resize=350%2C200","width":350,"height":200},"classes":[]},{"id":52445,"url":"https:\/\/www.grieta.org.mx\/index.php\/2020\/07\/22\/exparistas-de-la-uaemex-denuncian-incumplimiento-de-acuerdos-por-parte-de-autoridades-universitarias-estado-de-mexico\/","url_meta":{"origin":46328,"position":2},"title":"Exparistas de la UAEMex denuncian incumplimiento de acuerdos por parte de autoridades universitarias (Estado de M\u00e9xico)","author":"grieta","date":"22 julio, 2020","format":false,"excerpt":"Instalaciones de la Universidad Aut\u00f3noma del Estado de M\u00e9xico (UAEMex). Foto: Google Maps Veneranda Mendoza \/ Proceso TOLUCA, Edomex., (apro).- Alumnos de la Facultad de Humanidades de la Universidad Aut\u00f3noma del Estado de M\u00e9xico (UAEMex) denunciaron el incumplimiento de acuerdos por parte de las autoridades institucionales, al no someter a\u2026","rel":"","context":"En &quot;CINTILLO&quot;","block_context":{"text":"CINTILLO","link":"https:\/\/www.grieta.org.mx\/index.php\/category\/cintillo\/"},"img":{"alt_text":"","src":"https:\/\/i0.wp.com\/www.grieta.org.mx\/wp-content\/uploads\/2020\/08\/Exparistas-de-la-UAEMex-denuncian-incumplimiento-de-acuerdos-por-parte-de-autoridades-universitarias-ago-edomex.jpg?resize=350%2C200&ssl=1","width":350,"height":200,"srcset":"https:\/\/i0.wp.com\/www.grieta.org.mx\/wp-content\/uploads\/2020\/08\/Exparistas-de-la-UAEMex-denuncian-incumplimiento-de-acuerdos-por-parte-de-autoridades-universitarias-ago-edomex.jpg?resize=350%2C200&ssl=1 1x, https:\/\/i0.wp.com\/www.grieta.org.mx\/wp-content\/uploads\/2020\/08\/Exparistas-de-la-UAEMex-denuncian-incumplimiento-de-acuerdos-por-parte-de-autoridades-universitarias-ago-edomex.jpg?resize=525%2C300&ssl=1 1.5x, https:\/\/i0.wp.com\/www.grieta.org.mx\/wp-content\/uploads\/2020\/08\/Exparistas-de-la-UAEMex-denuncian-incumplimiento-de-acuerdos-por-parte-de-autoridades-universitarias-ago-edomex.jpg?resize=700%2C400&ssl=1 2x"},"classes":[]},{"id":59749,"url":"https:\/\/www.grieta.org.mx\/index.php\/2021\/06\/08\/estudiantes-de-la-uaemex-exigen-libros-de-texto-gratuitos-estado-de-mexico\/","url_meta":{"origin":46328,"position":3},"title":"Estudiantes de la UAEMex exigen libros de texto gratuitos (Estado de M\u00e9xico)","author":"grieta","date":"8 junio, 2021","format":false,"excerpt":"Foto v\u00eda: Facebook @asamblea.universitaria.uaemex Ara D\u00edaz \/ Tolucalabellacd Estudiantes de la UAEMex crean campa\u00f1a \u00a0\u201cLibros de texto gratuitos\u201d Varios estudiantes de la \u00a0Universidad Aut\u00f3noma del Estado de M\u00e9xico (UAEMex) se han unido para formar una campa\u00f1a llamada \u201cLibros de texto gratuitos\u201d. Dicha campa\u00f1a fue publicada a trav\u00e9s del perfil de\u2026","rel":"","context":"En &quot;CINTILLO&quot;","block_context":{"text":"CINTILLO","link":"https:\/\/www.grieta.org.mx\/index.php\/category\/cintillo\/"},"img":{"alt_text":"","src":"https:\/\/i0.wp.com\/www.grieta.org.mx\/wp-content\/uploads\/2021\/06\/Estudiantes-de-la-UAEMex-exigen-libros-de-texto-gratuitos-edomex-jun.jpg?resize=350%2C200&ssl=1","width":350,"height":200,"srcset":"https:\/\/i0.wp.com\/www.grieta.org.mx\/wp-content\/uploads\/2021\/06\/Estudiantes-de-la-UAEMex-exigen-libros-de-texto-gratuitos-edomex-jun.jpg?resize=350%2C200&ssl=1 1x, https:\/\/i0.wp.com\/www.grieta.org.mx\/wp-content\/uploads\/2021\/06\/Estudiantes-de-la-UAEMex-exigen-libros-de-texto-gratuitos-edomex-jun.jpg?resize=525%2C300&ssl=1 1.5x, https:\/\/i0.wp.com\/www.grieta.org.mx\/wp-content\/uploads\/2021\/06\/Estudiantes-de-la-UAEMex-exigen-libros-de-texto-gratuitos-edomex-jun.jpg?resize=700%2C400&ssl=1 2x, https:\/\/i0.wp.com\/www.grieta.org.mx\/wp-content\/uploads\/2021\/06\/Estudiantes-de-la-UAEMex-exigen-libros-de-texto-gratuitos-edomex-jun.jpg?resize=1050%2C600&ssl=1 3x"},"classes":[]},{"id":45230,"url":"https:\/\/www.grieta.org.mx\/index.php\/2020\/02\/23\/el-ejemplo-de-las-estudiantes-de-la-facico-estado-de-mexico\/","url_meta":{"origin":46328,"position":4},"title":"El ejemplo de las estudiantes de la FaCiCo (Estado de M\u00e9xico)","author":"grieta","date":"23 febrero, 2020","format":false,"excerpt":"Luis Leobardo Hern\u00e1ndez S\u00e1nchez \/ Viceversa Noticias Toluca, M\u00e9xico; 23 de febrero de 2020. Los casos de acoso sexual, por desgracia, no son algo nuevo en la m\u00e1xima casa de estudios mexiquense. En las diversas unidades acad\u00e9micas se reportan estas lamentables situaciones, sin embargo, la informaci\u00f3n fluye en susurros, no\u2026","rel":"","context":"En &quot;CINTILLO&quot;","block_context":{"text":"CINTILLO","link":"https:\/\/www.grieta.org.mx\/index.php\/category\/cintillo\/"},"img":{"alt_text":"","src":"https:\/\/i0.wp.com\/www.grieta.org.mx\/wp-content\/uploads\/2020\/02\/El-ejemplo-de-las-estudiantes-de-la-FaCiCo-edomex-feb.jpeg?resize=350%2C200&ssl=1","width":350,"height":200,"srcset":"https:\/\/i0.wp.com\/www.grieta.org.mx\/wp-content\/uploads\/2020\/02\/El-ejemplo-de-las-estudiantes-de-la-FaCiCo-edomex-feb.jpeg?resize=350%2C200&ssl=1 1x, https:\/\/i0.wp.com\/www.grieta.org.mx\/wp-content\/uploads\/2020\/02\/El-ejemplo-de-las-estudiantes-de-la-FaCiCo-edomex-feb.jpeg?resize=525%2C300&ssl=1 1.5x, https:\/\/i0.wp.com\/www.grieta.org.mx\/wp-content\/uploads\/2020\/02\/El-ejemplo-de-las-estudiantes-de-la-FaCiCo-edomex-feb.jpeg?resize=700%2C400&ssl=1 2x"},"classes":[]},{"id":46748,"url":"https:\/\/www.grieta.org.mx\/index.php\/2020\/03\/13\/justicia-rebajas-en-colegiatura-y-voto-directo-para-elegir-rector-en-el-pliego-petitorio-de-alumnos-paristas-estado-de-mexico\/","url_meta":{"origin":46328,"position":5},"title":"Justicia, rebajas en colegiatura y voto directo para elegir rector, en el pliego petitorio de alumnos paristas (Estado de M\u00e9xico)","author":"grieta","date":"13 marzo, 2020","format":false,"excerpt":"Foto: Rams\u00e9s Mercado Viceversa Noticias Toluca, M\u00e9xico; 13 de marzo de 2020. Alumnos en paro de la Universidad Aut\u00f3noma del Estado de M\u00e9xico entregaron el pliego petitorio en el que demandan atenci\u00f3n y soluci\u00f3n a abusos sexuales cometidos por docentes y alumnos, as\u00ed como atenci\u00f3n y modificaciones en otras \u00e1reas\u2026","rel":"","context":"En &quot;CINTILLO&quot;","block_context":{"text":"CINTILLO","link":"https:\/\/www.grieta.org.mx\/index.php\/category\/cintillo\/"},"img":{"alt_text":"","src":"https:\/\/i0.wp.com\/www.grieta.org.mx\/wp-content\/uploads\/2020\/03\/Justicia-rebajas-en-colegiatura-y-voto-directo-para-elegir-rector-en-el-pliego-petitorio-de-alumnos-paristas-edomex-mzo.jpg?resize=350%2C200&ssl=1","width":350,"height":200,"srcset":"https:\/\/i0.wp.com\/www.grieta.org.mx\/wp-content\/uploads\/2020\/03\/Justicia-rebajas-en-colegiatura-y-voto-directo-para-elegir-rector-en-el-pliego-petitorio-de-alumnos-paristas-edomex-mzo.jpg?resize=350%2C200&ssl=1 1x, https:\/\/i0.wp.com\/www.grieta.org.mx\/wp-content\/uploads\/2020\/03\/Justicia-rebajas-en-colegiatura-y-voto-directo-para-elegir-rector-en-el-pliego-petitorio-de-alumnos-paristas-edomex-mzo.jpg?resize=525%2C300&ssl=1 1.5x, https:\/\/i0.wp.com\/www.grieta.org.mx\/wp-content\/uploads\/2020\/03\/Justicia-rebajas-en-colegiatura-y-voto-directo-para-elegir-rector-en-el-pliego-petitorio-de-alumnos-paristas-edomex-mzo.jpg?resize=700%2C400&ssl=1 2x"},"classes":[]}],"_links":{"self":[{"href":"https:\/\/www.grieta.org.mx\/index.php\/wp-json\/wp\/v2\/posts\/46328","targetHints":{"allow":["GET"]}}],"collection":[{"href":"https:\/\/www.grieta.org.mx\/index.php\/wp-json\/wp\/v2\/posts"}],"about":[{"href":"https:\/\/www.grieta.org.mx\/index.php\/wp-json\/wp\/v2\/types\/post"}],"author":[{"embeddable":true,"href":"https:\/\/www.grieta.org.mx\/index.php\/wp-json\/wp\/v2\/users\/2"}],"replies":[{"embeddable":true,"href":"https:\/\/www.grieta.org.mx\/index.php\/wp-json\/wp\/v2\/comments?post=46328"}],"version-history":[{"count":1,"href":"https:\/\/www.grieta.org.mx\/index.php\/wp-json\/wp\/v2\/posts\/46328\/revisions"}],"predecessor-version":[{"id":46330,"href":"https:\/\/www.grieta.org.mx\/index.php\/wp-json\/wp\/v2\/posts\/46328\/revisions\/46330"}],"wp:featuredmedia":[{"embeddable":true,"href":"https:\/\/www.grieta.org.mx\/index.php\/wp-json\/wp\/v2\/media\/46329"}],"wp:attachment":[{"href":"https:\/\/www.grieta.org.mx\/index.php\/wp-json\/wp\/v2\/media?parent=46328"}],"wp:term":[{"taxonomy":"category","embeddable":true,"href":"https:\/\/www.grieta.org.mx\/index.php\/wp-json\/wp\/v2\/categories?post=46328"},{"taxonomy":"post_tag","embeddable":true,"href":"https:\/\/www.grieta.org.mx\/index.php\/wp-json\/wp\/v2\/tags?post=46328"}],"curies":[{"name":"wp","href":"https:\/\/api.w.org\/{rel}","templated":true}]}}