{"id":46325,"date":"2020-03-17T00:36:27","date_gmt":"2020-03-17T06:36:27","guid":{"rendered":"http:\/\/www.grieta.org.mx\/?p=46325"},"modified":"2020-03-19T00:54:16","modified_gmt":"2020-03-19T06:54:16","slug":"personal-del-iner-protesta-por-falta-de-protocolos-ante-covid-19-ciudad-de-mexico","status":"publish","type":"post","link":"https:\/\/www.grieta.org.mx\/index.php\/2020\/03\/17\/personal-del-iner-protesta-por-falta-de-protocolos-ante-covid-19-ciudad-de-mexico\/","title":{"rendered":"Personal del INER protesta por falta de protocolos ante Covid-19 (Ciudad de M\u00e9xico)"},"content":{"rendered":"<p><img loading=\"lazy\" decoding=\"async\" data-attachment-id=\"46326\" data-permalink=\"https:\/\/www.grieta.org.mx\/index.php\/2020\/03\/17\/personal-del-iner-protesta-por-falta-de-protocolos-ante-covid-19-ciudad-de-mexico\/personal-del-iner-protesta-por-falta-de-protocolos-ante-covid-19-cdmx-mzo\/\" data-orig-file=\"https:\/\/www.grieta.org.mx\/wp-content\/uploads\/2020\/03\/Personal-del-INER-protesta-por-falta-de-protocolos-ante-Covid-19-cdmx-mzo.jpg\" data-orig-size=\"287,176\" data-comments-opened=\"0\" data-image-meta=\"{&quot;aperture&quot;:&quot;0&quot;,&quot;credit&quot;:&quot;&quot;,&quot;camera&quot;:&quot;&quot;,&quot;caption&quot;:&quot;&quot;,&quot;created_timestamp&quot;:&quot;0&quot;,&quot;copyright&quot;:&quot;&quot;,&quot;focal_length&quot;:&quot;0&quot;,&quot;iso&quot;:&quot;0&quot;,&quot;shutter_speed&quot;:&quot;0&quot;,&quot;title&quot;:&quot;&quot;,&quot;orientation&quot;:&quot;0&quot;}\" data-image-title=\"Personal del INER protesta por falta de protocolos ante Covid-19 cdmx mzo\" data-image-description=\"\" data-image-caption=\"\" data-medium-file=\"https:\/\/www.grieta.org.mx\/wp-content\/uploads\/2020\/03\/Personal-del-INER-protesta-por-falta-de-protocolos-ante-Covid-19-cdmx-mzo.jpg\" data-large-file=\"https:\/\/www.grieta.org.mx\/wp-content\/uploads\/2020\/03\/Personal-del-INER-protesta-por-falta-de-protocolos-ante-Covid-19-cdmx-mzo.jpg\" class=\"aligncenter size-full wp-image-46326\" src=\"http:\/\/www.grieta.org.mx\/wp-content\/uploads\/2020\/03\/Personal-del-INER-protesta-por-falta-de-protocolos-ante-Covid-19-cdmx-mzo.jpg\" alt=\"\" width=\"287\" height=\"176\" \/><br \/>\nFoto tomada del portal: www.eluniversal.com.mx<\/p>\n<p>Perla Miranda \/ El Universal<\/p>\n<blockquote><p>Trabajadores de diversas \u00e1reas del organismo reclaman al director, Jorge Salas Hern\u00e1ndez, la falta de protocolos para atender la contingencia sanitaria<\/p><\/blockquote>\n<p>&#8220;\u00a1P\u00f3ngase la camiseta!&#8221;, &#8220;No hay tapetes microbianos, ni gel antibacterial&#8221;, &#8220;\u00bfQu\u00e9 pasar\u00e1 si enfermamos, como proteger\u00e1 a su personal de salud&#8221;, &#8220;No sabemos qu\u00e9 protocolos seguir con el coronavirus&#8221;, protestaron trabajadores de salud de distintas \u00e1reas del Instituto Nacional de Enfermedades Respiratorias (INER) ante el director general Jorge Salas Hern\u00e1ndez.<\/p>\n<p>Frente a la direcci\u00f3n general del INER, integrantes de la Secci\u00f3n 16 del Sindicato Nacional de Trabajadores de la Secretar\u00eda de Salud reclamaron la falta de protocolos para atender la contingencia por Covid-19.<\/p>\n<p>Oscar Ramos, l\u00edder sindical asegur\u00f3 que la secretar\u00eda de Salud &#8220;lleg\u00f3 tarde a la fiesta del coronavirus&#8221;, puesto que el INER no cuenta con la infraestructura e insumos suficientes para atender a las personas que contraigan el virus.<\/p>\n<p>&#8220;Aqu\u00ed tenemos un pabell\u00f3n para aislar pacientes, el cuatro, pero solo funcionan tres de seis cub\u00edculos de aislamiento, adem\u00e1s hay enfermos de influenza, nosotros estamos en constante riesgo y adem\u00e1s no se nos dan los insumos para trabajar con protecci\u00f3n, ni mascarillas n95 nos quieren dar&#8221;, dijo.<\/p>\n<p>Mercedes Rodr\u00edguez, del turno especial de rayos X reproch\u00f3 la falta de sensibilidad hacia el personal sanitario y exigi\u00f3 que se establezcan procedimientos para atender la contingencia por Covid-19.<\/p>\n<p>&#8220;Usted ha estado aqu\u00ed en el instituto y no se acerca a preguntarnos qu\u00e9 nos hace falta, no se pone la camiseta, nosotros queremos trabajar, damos todo, pero necesitamos insumos, no es posible que se recicle ropa cuando hay pacientes con coronavirus&#8221;.<\/p>\n<p>Otra empleada denunci\u00f3 que no hay gel antibacterial y que al sostener pl\u00e1ticas con la directora de administraci\u00f3n se les inform\u00f3 que no hay insumos.<\/p>\n<p>&#8220;No hay tapetes microbianos ni capacitaci\u00f3n, los compa\u00f1eros improvisan para cambiarse los trajes, no hay un \u00e1rea para hacerlo, nos hemos enfermado de influenza y no estamos exentos de enfermarnos de coronavirus, que atenci\u00f3n nos van a dar&#8221;, cuestion\u00f3.<\/p>\n<p>Tambi\u00e9n, una trabajadora que se encuentra en el \u00e1rea de cajas pidi\u00f3 al director del instituto que se explique a los pacientes que hay cuotas de recuperaci\u00f3n, &#8220;la gente viene y nos reclama, dicen que la atenci\u00f3n es gratuita, pero eso no es verdad&#8221;.<\/p>\n<p>Al respecto, Jorge Salas Hern\u00e1ndez declar\u00f3 que se prev\u00e9 que para diciembre pr\u00f3ximo se eliminen las cuotas de recuperaci\u00f3n y afirm\u00f3 que se est\u00e1 trabajando en las estrategias de atenci\u00f3n.<\/p>\n<p>&#8220;Ma\u00f1ana van a cambiar las estrategias. \u00c9l \u00e1rea de urgencias se est\u00e1 saturando y es inapropiado. Ya se va publicar hoy un documento con 25 puntos a seguir, de las cuotas de recuperaci\u00f3n,se trabaja para que en diciembre deje de haber &#8220;, coment\u00f3.<\/p>\n<p><a href=\"https:\/\/www.eluniversal.com.mx\/nacion\/coronavirus-en-mexico-personal-del-iner-protesta-por-falta-de-protocolos\" target=\"_blank\" rel=\"noopener noreferrer\">https:\/\/www.eluniversal.com.mx\/nacion\/coronavirus-en-mexico-personal-del-iner-protesta-por-falta-de-protocolos<\/a><\/p>\n","protected":false},"excerpt":{"rendered":"<p>Foto tomada del portal: www.eluniversal.com.mx Perla Miranda \/ El Universal Trabajadores de diversas \u00e1reas del organismo reclaman al director, Jorge Salas Hern\u00e1ndez, la falta de protocolos para atender la contingencia &hellip; <a href=\"https:\/\/www.grieta.org.mx\/index.php\/2020\/03\/17\/personal-del-iner-protesta-por-falta-de-protocolos-ante-covid-19-ciudad-de-mexico\/\" class=\"more-link\">Leer m\u00e1s<\/a><\/p>\n","protected":false},"author":2,"featured_media":46326,"comment_status":"closed","ping_status":"closed","sticky":false,"template":"","format":"standard","meta":{"ngg_post_thumbnail":0,"_jetpack_newsletter_access":"","_jetpack_dont_email_post_to_subs":false,"_jetpack_newsletter_tier_id":0,"_jetpack_memberships_contains_paywalled_content":false,"_jetpack_memberships_contains_paid_content":false,"footnotes":""},"categories":[80,14,918,3033,1225,910,2,2119,83],"tags":[3133,2841,530],"class_list":["post-46325","post","type-post","status-publish","format-standard","has-post-thumbnail","hentry","category-cintillo","category-ciudad-de-mexico","category-privatizacion-del-sector-salud","category-crisis-en-el-sector-salud-en-la-ciudad-de-mexico","category-explotacion-laboral-en-la-ciudad-de-mexico","category-explotacion-y-precariedad-laboral","category-noticias-nacionales","category-precarizacion-de-las-condiciones-laborales-en-la-ciudad-de-mexico","category-temas-nacionales","tag-crisis-del-sector-salud","tag-explotacion-y-precariedad-laboral","tag-trabajadores-de-la-salud","entry"],"jetpack_featured_media_url":"https:\/\/www.grieta.org.mx\/wp-content\/uploads\/2020\/03\/Personal-del-INER-protesta-por-falta-de-protocolos-ante-Covid-19-cdmx-mzo.jpg","jetpack_sharing_enabled":true,"jetpack_shortlink":"https:\/\/wp.me\/p7ZJR4-c3b","jetpack_likes_enabled":false,"jetpack-related-posts":[{"id":46659,"url":"https:\/\/www.grieta.org.mx\/index.php\/2020\/03\/23\/personal-del-imss-protesta-por-falta-de-insumos-y-protocolos-ante-covid-19-ciudad-de-mexico\/","url_meta":{"origin":46325,"position":0},"title":"Personal del IMSS protesta por falta de insumos y protocolos ante Covid-19 (Ciudad de M\u00e9xico)","author":"grieta","date":"23 marzo, 2020","format":false,"excerpt":"Foto: Jorge Gonz\u00e1lez Jorge Gonz\u00e1lez \/ Excelsior Enfermeras, camilleros y doctores de la Cl\u00ednica 32, piden capacitaci\u00f3n y medidas para la recepci\u00f3n de pacientes CIUDAD DE M\u00c9XICO. La ma\u00f1ana de este lunes, trabajadores del Instituto Mexicano del Seguro Social (IMSS) salieron a las calles a levantar la voz por la\u2026","rel":"","context":"En &quot;CINTILLO&quot;","block_context":{"text":"CINTILLO","link":"https:\/\/www.grieta.org.mx\/index.php\/category\/cintillo\/"},"img":{"alt_text":"","src":"https:\/\/i0.wp.com\/www.grieta.org.mx\/wp-content\/uploads\/2020\/03\/Personal-del-IMSS-protesta-por-falta-de-insumos-y-protocolos-ante-Covid-19-cdmx-mzo.jpg?resize=350%2C200&ssl=1","width":350,"height":200,"srcset":"https:\/\/i0.wp.com\/www.grieta.org.mx\/wp-content\/uploads\/2020\/03\/Personal-del-IMSS-protesta-por-falta-de-insumos-y-protocolos-ante-Covid-19-cdmx-mzo.jpg?resize=350%2C200&ssl=1 1x, https:\/\/i0.wp.com\/www.grieta.org.mx\/wp-content\/uploads\/2020\/03\/Personal-del-IMSS-protesta-por-falta-de-insumos-y-protocolos-ante-Covid-19-cdmx-mzo.jpg?resize=525%2C300&ssl=1 1.5x, https:\/\/i0.wp.com\/www.grieta.org.mx\/wp-content\/uploads\/2020\/03\/Personal-del-IMSS-protesta-por-falta-de-insumos-y-protocolos-ante-Covid-19-cdmx-mzo.jpg?resize=700%2C400&ssl=1 2x, https:\/\/i0.wp.com\/www.grieta.org.mx\/wp-content\/uploads\/2020\/03\/Personal-del-IMSS-protesta-por-falta-de-insumos-y-protocolos-ante-Covid-19-cdmx-mzo.jpg?resize=1050%2C600&ssl=1 3x"},"classes":[]},{"id":48327,"url":"https:\/\/www.grieta.org.mx\/index.php\/2020\/04\/27\/personal-medico-bloquea-ermita-iztapalapa-por-falta-de-insumos-ciudad-de-mexico\/","url_meta":{"origin":46325,"position":1},"title":"Personal m\u00e9dico bloquea Ermita Iztapalapa por falta de insumos (Ciudad de M\u00e9xico)","author":"grieta","date":"27 abril, 2020","format":false,"excerpt":"Foto: @GRAWPEREZ Diario de M\u00e9xico Ciudad de M\u00e9xico. -M\u00e9dicos, enfermeras y personal de salud que trabaja en el Hospital Pedi\u00e1trico de Iztapalapa, mantienen bloqueada la circulaci\u00f3n en la Avenida Ermita Iztapalapa, entre Eje 3 Oriente y La Viga. El personal m\u00e9dico asegura que no tienen los materiales necesarios, como cubrebocas\u2026","rel":"","context":"En &quot;CINTILLO&quot;","block_context":{"text":"CINTILLO","link":"https:\/\/www.grieta.org.mx\/index.php\/category\/cintillo\/"},"img":{"alt_text":"","src":"https:\/\/i0.wp.com\/www.grieta.org.mx\/wp-content\/uploads\/2020\/04\/Personal-m%C3%A9dico-bloquea-Ermita-Iztapalapa-por-falta-de-insumos-cdmx-abr.jpg?resize=350%2C200&ssl=1","width":350,"height":200,"srcset":"https:\/\/i0.wp.com\/www.grieta.org.mx\/wp-content\/uploads\/2020\/04\/Personal-m%C3%A9dico-bloquea-Ermita-Iztapalapa-por-falta-de-insumos-cdmx-abr.jpg?resize=350%2C200&ssl=1 1x, https:\/\/i0.wp.com\/www.grieta.org.mx\/wp-content\/uploads\/2020\/04\/Personal-m%C3%A9dico-bloquea-Ermita-Iztapalapa-por-falta-de-insumos-cdmx-abr.jpg?resize=525%2C300&ssl=1 1.5x, https:\/\/i0.wp.com\/www.grieta.org.mx\/wp-content\/uploads\/2020\/04\/Personal-m%C3%A9dico-bloquea-Ermita-Iztapalapa-por-falta-de-insumos-cdmx-abr.jpg?resize=700%2C400&ssl=1 2x, https:\/\/i0.wp.com\/www.grieta.org.mx\/wp-content\/uploads\/2020\/04\/Personal-m%C3%A9dico-bloquea-Ermita-Iztapalapa-por-falta-de-insumos-cdmx-abr.jpg?resize=1050%2C600&ssl=1 3x"},"classes":[]},{"id":48333,"url":"https:\/\/www.grieta.org.mx\/index.php\/2020\/04\/27\/bloquean-calzada-vallejo-por-falta-de-insumos-en-el-hospital-la-raza-ciudad-de-mexico\/","url_meta":{"origin":46325,"position":2},"title":"Bloquean Calzada Vallejo por falta de insumos en el Hospital La Raza (Ciudad de M\u00e9xico)","author":"grieta","date":"27 abril, 2020","format":false,"excerpt":"Personal de La Raza exige insumos m\u00e9dicos para laborar. Foto: Germ\u00e1n Canseco Rodrigo Vera \/ Proceso Personal m\u00e9dico del Hospital La Raza realiz\u00f3 esta tarde una protesta para exigir insumos m\u00e9dicos que les permitan atender a sus pacientes con coronavirus, aparte de que, se\u00f1alan, 45 de sus compa\u00f1eros ya han\u2026","rel":"","context":"En &quot;CINTILLO&quot;","block_context":{"text":"CINTILLO","link":"https:\/\/www.grieta.org.mx\/index.php\/category\/cintillo\/"},"img":{"alt_text":"","src":"https:\/\/i0.wp.com\/www.grieta.org.mx\/wp-content\/uploads\/2020\/04\/Bloquean-Calzada-Vallejo-por-falta-de-insumos-en-el-Hospital-La-Raza-cdmx-abr.jpg?resize=350%2C200&ssl=1","width":350,"height":200,"srcset":"https:\/\/i0.wp.com\/www.grieta.org.mx\/wp-content\/uploads\/2020\/04\/Bloquean-Calzada-Vallejo-por-falta-de-insumos-en-el-Hospital-La-Raza-cdmx-abr.jpg?resize=350%2C200&ssl=1 1x, https:\/\/i0.wp.com\/www.grieta.org.mx\/wp-content\/uploads\/2020\/04\/Bloquean-Calzada-Vallejo-por-falta-de-insumos-en-el-Hospital-La-Raza-cdmx-abr.jpg?resize=525%2C300&ssl=1 1.5x, https:\/\/i0.wp.com\/www.grieta.org.mx\/wp-content\/uploads\/2020\/04\/Bloquean-Calzada-Vallejo-por-falta-de-insumos-en-el-Hospital-La-Raza-cdmx-abr.jpg?resize=700%2C400&ssl=1 2x"},"classes":[]},{"id":71967,"url":"https:\/\/www.grieta.org.mx\/index.php\/2025\/07\/08\/trabajadores-de-la-salud-bloquean-paseo-de-la-reforma-denuncian-irregularidades-ciudad-de-mexico\/","url_meta":{"origin":46325,"position":3},"title":"Trabajadores de la salud bloquean Paseo de la Reforma; denuncian irregularidades (Ciudad de M\u00e9xico)","author":"grieta","date":"8 julio, 2025","format":false,"excerpt":"Natalia Estrada Garc\u00eda \/ Enfoque noticias CDMX.- Trabajadoras y trabajadores pertenecientes al sector salud fueron agredidos tras mantener un bloqueo sobre carriles laterales del Perif\u00e9rico y avenida Paseo de la Reforma en la colonia Bosques de Chapultepec, Miguel Hidalgo. Laura Quintero delegada estatal de Ciudad de M\u00e9xico de la Fuerza\u2026","rel":"","context":"En &quot;Abuso policiaco y tortura en la Ciudad de M\u00e9xico&quot;","block_context":{"text":"Abuso policiaco y tortura en la Ciudad de M\u00e9xico","link":"https:\/\/www.grieta.org.mx\/index.php\/category\/noticias-nacionales\/ciudad-de-mexico\/abuso-policiaco-y-tortura-en-la-ciudad-de-mexico\/"},"img":{"alt_text":"","src":"https:\/\/i0.wp.com\/www.grieta.org.mx\/wp-content\/uploads\/2025\/07\/Captura-de-pantalla-2025-07-08-233604.png?resize=350%2C200&ssl=1","width":350,"height":200,"srcset":"https:\/\/i0.wp.com\/www.grieta.org.mx\/wp-content\/uploads\/2025\/07\/Captura-de-pantalla-2025-07-08-233604.png?resize=350%2C200&ssl=1 1x, https:\/\/i0.wp.com\/www.grieta.org.mx\/wp-content\/uploads\/2025\/07\/Captura-de-pantalla-2025-07-08-233604.png?resize=525%2C300&ssl=1 1.5x, https:\/\/i0.wp.com\/www.grieta.org.mx\/wp-content\/uploads\/2025\/07\/Captura-de-pantalla-2025-07-08-233604.png?resize=700%2C400&ssl=1 2x"},"classes":[]},{"id":46712,"url":"https:\/\/www.grieta.org.mx\/index.php\/2020\/03\/20\/personal-del-imss-bloquea-eje-4-sur-exigen-material-y-protocolos-para-atender-covid-19-ciudad-de-mexico\/","url_meta":{"origin":46325,"position":4},"title":"Personal del IMSS bloquea Eje 4 Sur; exigen material y protocolos para atender COVID-19 (Ciudad de M\u00e9xico)","author":"grieta","date":"20 marzo, 2020","format":false,"excerpt":"Foto: Arturo \u00c1ngel Animal Pol\u00edtico Solicitan material, protocolos para el manejo del coronavirus, as\u00ed como m\u00e1s seguridad Personal del Instituto Mexicano del Seguro Social (IMSS) del Hospital Regional n\u00famero 1 \u201cDr. Carlos Mac Gregor S\u00e1nchez Navarro\u201d se manifestaron sobre el Eje 4 Sur, en exigencia de m\u00e1s insumos para atender\u2026","rel":"","context":"En &quot;CINTILLO&quot;","block_context":{"text":"CINTILLO","link":"https:\/\/www.grieta.org.mx\/index.php\/category\/cintillo\/"},"img":{"alt_text":"","src":"https:\/\/i0.wp.com\/www.grieta.org.mx\/wp-content\/uploads\/2020\/03\/Personal-del-IMSS-bloquea-Eje-4-Sur-exigen-material-y-protocolos-para-atender-COVID-19-cdmx-mzo.jpg?resize=350%2C200&ssl=1","width":350,"height":200,"srcset":"https:\/\/i0.wp.com\/www.grieta.org.mx\/wp-content\/uploads\/2020\/03\/Personal-del-IMSS-bloquea-Eje-4-Sur-exigen-material-y-protocolos-para-atender-COVID-19-cdmx-mzo.jpg?resize=350%2C200&ssl=1 1x, https:\/\/i0.wp.com\/www.grieta.org.mx\/wp-content\/uploads\/2020\/03\/Personal-del-IMSS-bloquea-Eje-4-Sur-exigen-material-y-protocolos-para-atender-COVID-19-cdmx-mzo.jpg?resize=525%2C300&ssl=1 1.5x, https:\/\/i0.wp.com\/www.grieta.org.mx\/wp-content\/uploads\/2020\/03\/Personal-del-IMSS-bloquea-Eje-4-Sur-exigen-material-y-protocolos-para-atender-COVID-19-cdmx-mzo.jpg?resize=700%2C400&ssl=1 2x, https:\/\/i0.wp.com\/www.grieta.org.mx\/wp-content\/uploads\/2020\/03\/Personal-del-IMSS-bloquea-Eje-4-Sur-exigen-material-y-protocolos-para-atender-COVID-19-cdmx-mzo.jpg?resize=1050%2C600&ssl=1 3x"},"classes":[]},{"id":41665,"url":"https:\/\/www.grieta.org.mx\/index.php\/2019\/11\/27\/trabajadores-del-issste-rinen-con-policias-en-bloqueo-de-zaragoza-ciudad-de-mexico\/","url_meta":{"origin":46325,"position":5},"title":"Trabajadores del ISSSTE ri\u00f1en con polic\u00edas en bloqueo de Zaragoza (Ciudad de M\u00e9xico)","author":"grieta","date":"27 noviembre, 2019","format":false,"excerpt":"Excelsior Los manifestantes se enfrentaron con los agentes que intentaban abrir algunos carriles de la vialidad CIUDAD DE M\u00c9XICO. Un conato de bronca se dio entre trabajadores del Instituto de Seguridad y Servicios Sociales de los Trabajadores del Estado (ISSSTE) y polic\u00edas capitalinos durante un bloqueo sobre Calzada Ignacio Zaragoza,\u2026","rel":"","context":"En &quot;Abuso policiaco y tortura en el Estado de M\u00e9xico&quot;","block_context":{"text":"Abuso policiaco y tortura en el Estado de M\u00e9xico","link":"https:\/\/www.grieta.org.mx\/index.php\/category\/noticias-nacionales\/estado-de-mexico\/abuso-policiaco-y-tortura-en-el-estado-de-mexico\/"},"img":{"alt_text":"","src":"https:\/\/i0.wp.com\/www.grieta.org.mx\/wp-content\/uploads\/2019\/11\/Trabajadores-del-ISSSTE-ri%C3%B1en-con-polic%C3%ADas-en-bloqueo-de-Zaragoza-cdmx-nov.jpg?resize=350%2C200&ssl=1","width":350,"height":200,"srcset":"https:\/\/i0.wp.com\/www.grieta.org.mx\/wp-content\/uploads\/2019\/11\/Trabajadores-del-ISSSTE-ri%C3%B1en-con-polic%C3%ADas-en-bloqueo-de-Zaragoza-cdmx-nov.jpg?resize=350%2C200&ssl=1 1x, https:\/\/i0.wp.com\/www.grieta.org.mx\/wp-content\/uploads\/2019\/11\/Trabajadores-del-ISSSTE-ri%C3%B1en-con-polic%C3%ADas-en-bloqueo-de-Zaragoza-cdmx-nov.jpg?resize=525%2C300&ssl=1 1.5x"},"classes":[]}],"_links":{"self":[{"href":"https:\/\/www.grieta.org.mx\/index.php\/wp-json\/wp\/v2\/posts\/46325","targetHints":{"allow":["GET"]}}],"collection":[{"href":"https:\/\/www.grieta.org.mx\/index.php\/wp-json\/wp\/v2\/posts"}],"about":[{"href":"https:\/\/www.grieta.org.mx\/index.php\/wp-json\/wp\/v2\/types\/post"}],"author":[{"embeddable":true,"href":"https:\/\/www.grieta.org.mx\/index.php\/wp-json\/wp\/v2\/users\/2"}],"replies":[{"embeddable":true,"href":"https:\/\/www.grieta.org.mx\/index.php\/wp-json\/wp\/v2\/comments?post=46325"}],"version-history":[{"count":1,"href":"https:\/\/www.grieta.org.mx\/index.php\/wp-json\/wp\/v2\/posts\/46325\/revisions"}],"predecessor-version":[{"id":46327,"href":"https:\/\/www.grieta.org.mx\/index.php\/wp-json\/wp\/v2\/posts\/46325\/revisions\/46327"}],"wp:featuredmedia":[{"embeddable":true,"href":"https:\/\/www.grieta.org.mx\/index.php\/wp-json\/wp\/v2\/media\/46326"}],"wp:attachment":[{"href":"https:\/\/www.grieta.org.mx\/index.php\/wp-json\/wp\/v2\/media?parent=46325"}],"wp:term":[{"taxonomy":"category","embeddable":true,"href":"https:\/\/www.grieta.org.mx\/index.php\/wp-json\/wp\/v2\/categories?post=46325"},{"taxonomy":"post_tag","embeddable":true,"href":"https:\/\/www.grieta.org.mx\/index.php\/wp-json\/wp\/v2\/tags?post=46325"}],"curies":[{"name":"wp","href":"https:\/\/api.w.org\/{rel}","templated":true}]}}