{"id":46322,"date":"2020-03-18T00:29:36","date_gmt":"2020-03-18T06:29:36","guid":{"rendered":"http:\/\/www.grieta.org.mx\/?p=46322"},"modified":"2020-03-19T00:35:46","modified_gmt":"2020-03-19T06:35:46","slug":"colectivas-de-queretaro-repudian-que-despenalizacion-de-causales-de-aborto-se-discutan-en-lo-oscurito","status":"publish","type":"post","link":"https:\/\/www.grieta.org.mx\/index.php\/2020\/03\/18\/colectivas-de-queretaro-repudian-que-despenalizacion-de-causales-de-aborto-se-discutan-en-lo-oscurito\/","title":{"rendered":"Colectivas de Quer\u00e9taro repudian que despenalizaci\u00f3n de causales de aborto se discutan \u2018en lo oscurito\u2019"},"content":{"rendered":"<p><img loading=\"lazy\" decoding=\"async\" data-attachment-id=\"46323\" data-permalink=\"https:\/\/www.grieta.org.mx\/index.php\/2020\/03\/18\/colectivas-de-queretaro-repudian-que-despenalizacion-de-causales-de-aborto-se-discutan-en-lo-oscurito\/colectivas-de-queretaro-repudian-que-despenalizacion-de-causales-de-aborto-se-discutan-en-lo-oscurito-qro-mzo\/\" data-orig-file=\"https:\/\/www.grieta.org.mx\/wp-content\/uploads\/2020\/03\/Colectivas-de-Quer\u00e9taro-repudian-que-despenalizaci\u00f3n-de-causales-de-aborto-se-discutan-en-lo-oscurito-qro-mzo.jpg\" data-orig-size=\"800,500\" data-comments-opened=\"0\" data-image-meta=\"{&quot;aperture&quot;:&quot;0&quot;,&quot;credit&quot;:&quot;&quot;,&quot;camera&quot;:&quot;&quot;,&quot;caption&quot;:&quot;&quot;,&quot;created_timestamp&quot;:&quot;0&quot;,&quot;copyright&quot;:&quot;Jair Cabrera\/NurPhoto&quot;,&quot;focal_length&quot;:&quot;0&quot;,&quot;iso&quot;:&quot;0&quot;,&quot;shutter_speed&quot;:&quot;0&quot;,&quot;title&quot;:&quot;&quot;,&quot;orientation&quot;:&quot;0&quot;}\" data-image-title=\"Colectivas de Quer\u00e9taro repudian que despenalizaci\u00f3n de causales de aborto se discutan en lo oscurito qro mzo\" data-image-description=\"\" data-image-caption=\"\" data-medium-file=\"https:\/\/www.grieta.org.mx\/wp-content\/uploads\/2020\/03\/Colectivas-de-Quer\u00e9taro-repudian-que-despenalizaci\u00f3n-de-causales-de-aborto-se-discutan-en-lo-oscurito-qro-mzo-300x188.jpg\" data-large-file=\"https:\/\/www.grieta.org.mx\/wp-content\/uploads\/2020\/03\/Colectivas-de-Quer\u00e9taro-repudian-que-despenalizaci\u00f3n-de-causales-de-aborto-se-discutan-en-lo-oscurito-qro-mzo.jpg\" class=\"aligncenter  wp-image-46323\" src=\"http:\/\/www.grieta.org.mx\/wp-content\/uploads\/2020\/03\/Colectivas-de-Quer\u00e9taro-repudian-que-despenalizaci\u00f3n-de-causales-de-aborto-se-discutan-en-lo-oscurito-qro-mzo.jpg\" alt=\"\" width=\"649\" height=\"406\" srcset=\"https:\/\/www.grieta.org.mx\/wp-content\/uploads\/2020\/03\/Colectivas-de-Quer\u00e9taro-repudian-que-despenalizaci\u00f3n-de-causales-de-aborto-se-discutan-en-lo-oscurito-qro-mzo.jpg 800w, https:\/\/www.grieta.org.mx\/wp-content\/uploads\/2020\/03\/Colectivas-de-Quer\u00e9taro-repudian-que-despenalizaci\u00f3n-de-causales-de-aborto-se-discutan-en-lo-oscurito-qro-mzo-300x188.jpg 300w, https:\/\/www.grieta.org.mx\/wp-content\/uploads\/2020\/03\/Colectivas-de-Quer\u00e9taro-repudian-que-despenalizaci\u00f3n-de-causales-de-aborto-se-discutan-en-lo-oscurito-qro-mzo-768x480.jpg 768w\" sizes=\"auto, (max-width: 649px) 100vw, 649px\" \/><br \/>\n<em>Foto tomada del portal: adninformativo.mx<\/em><\/p>\n<p>ADN Informativo<\/p>\n<p>Quer\u00e9taro, Qro., 18 de marzo de 2020.- Diversas colectivas de Quer\u00e9taro repudiaron la manera en que las distintas fuerzas pol\u00edticas han manejado un tema tan importante para la protecci\u00f3n de la vida de las mujeres y ni\u00f1as de Quer\u00e9taro.<\/p>\n<p>A trav\u00e9s de un comunicado de prensa, rechazaron de manera categ\u00f3rica el uso pol\u00edtico que se le ha dado a los derechos y los cuerpos de las mujeres.<\/p>\n<p>\u201cReprobamos que la discusi\u00f3n sobre la despenalizaci\u00f3n del aborto se de en \u201clo oscurito\u201d, lejos de los medios y el escrutinio p\u00fablico\u201d, luego de que se informara que ser\u00e1 discutida a puerta cerrada en la Comisi\u00f3n de Puntos Constitucionales.<\/p>\n<p>El pasado 3 de marzo, la diputada Laura Polo Herrera present\u00f3 una iniciativa de ley para la despenalizaci\u00f3n del aborto en las primeras 12 semanas de gestaci\u00f3n. El martes 17 de marzo, la presidenta de la Comisi\u00f3n de Puntos Constitucionales, Tania Palacios Kuri inform\u00f3 que el 18 de Marzo discutir\u00e1 a puerta cerrada dicha iniciativa.<\/p>\n<p>\u201cComo organizaciones feministas que hemos sido defensoras de los derechos sexuales y reproductivos de la mujeres repudiamos la manera como las y los integrantes de las distintas fuerzas pol\u00edticas que conforman la LIX Legislatura local que han manejado un tema tan importante para la protecci\u00f3n de la vida de las mujeres y ni\u00f1as de Quer\u00e9taro. Rechazamos de manera categ\u00f3rica el uso pol\u00edtico que se le ha dado a los derechos y los cuerpos de las mujeres, utilizando la coyuntura de la emergencia sanitaria para discutir este tema \u201cen lo oscurito\u201d, lejos del escrutinio p\u00fablico, sin la presencia de medios de comunicaci\u00f3n y sin haber realizado un an\u00e1lisis previo y concienzudo de la normatividad internacional en la materia\u201d.<\/p>\n<p>En el mismo texto afirmaron que \u201cla salud y la vida de las mujeres no pueden ni deben ser utilizadas para sus golpeteos pol\u00edticos\u201d.<\/p>\n<p>Hace tan solo unos d\u00edas integrantes del Partido Acci\u00f3n Nacional, se manifestaron p\u00fablicamente a favor de la protecci\u00f3n de los derechos humanos de las mujeres \u201cen un acto de extrema incongruencia y oportunismo pol\u00edtico, ya que al mismo tiempo que sus l\u00edderes se expresaban en contra de la despenalizaci\u00f3n del aborto\u201d, se\u00f1alaron las colectivas en el mismo comunicado de prensa.<\/p>\n<p>\u201cLos y las integrantes de todos los partidos han hecho gala de su falta de comprensi\u00f3n de las necesidades de las mujeres en Quer\u00e9taro y la manera precipitada en que se present\u00f3 la iniciativa y en que se da su discusi\u00f3n lo demuestran\u201d, concluye el comunicado.<\/p>\n<p><a href=\"http:\/\/adninformativo.mx\/colectivas-de-queretaro-repudian-que-despenalizacion-de-causales-de-aborto-se-discutan-en-lo-oscurito\/\" target=\"_blank\" rel=\"noopener noreferrer\">http:\/\/adninformativo.mx\/colectivas-de-queretaro-repudian-que-despenalizacion-de-causales-de-aborto-se-discutan-en-lo-oscurito\/<\/a><\/p>\n","protected":false},"excerpt":{"rendered":"<p>Foto tomada del portal: adninformativo.mx ADN Informativo Quer\u00e9taro, Qro., 18 de marzo de 2020.- Diversas colectivas de Quer\u00e9taro repudiaron la manera en que las distintas fuerzas pol\u00edticas han manejado un &hellip; <a href=\"https:\/\/www.grieta.org.mx\/index.php\/2020\/03\/18\/colectivas-de-queretaro-repudian-que-despenalizacion-de-causales-de-aborto-se-discutan-en-lo-oscurito\/\" class=\"more-link\">Leer m\u00e1s<\/a><\/p>\n","protected":false},"author":2,"featured_media":46323,"comment_status":"closed","ping_status":"closed","sticky":false,"template":"","format":"standard","meta":{"ngg_post_thumbnail":0,"_jetpack_newsletter_access":"","_jetpack_dont_email_post_to_subs":false,"_jetpack_newsletter_tier_id":0,"_jetpack_memberships_contains_paywalled_content":false,"_jetpack_memberships_contains_paid_content":false,"footnotes":""},"categories":[80,2480,2,27,2531],"tags":[2287,2248,1630],"class_list":["post-46322","post","type-post","status-publish","format-standard","has-post-thumbnail","hentry","category-cintillo","category-lucha-y-resistencia-del-pueblo-de-queretaro","category-noticias-nacionales","category-queretaro","category-violencia-contra-las-mujeres-en-queretaro","tag-aborto","tag-luchas-de-las-mujeres","tag-violencia-contra-las-mujeres","entry"],"jetpack_featured_media_url":"https:\/\/www.grieta.org.mx\/wp-content\/uploads\/2020\/03\/Colectivas-de-Quer\u00e9taro-repudian-que-despenalizaci\u00f3n-de-causales-de-aborto-se-discutan-en-lo-oscurito-qro-mzo.jpg","jetpack_sharing_enabled":true,"jetpack_shortlink":"https:\/\/wp.me\/p7ZJR4-c38","jetpack_likes_enabled":false,"jetpack-related-posts":[{"id":67866,"url":"https:\/\/www.grieta.org.mx\/index.php\/2023\/09\/28\/marcha-del-28s-mujeres-exigen-el-derecho-a-decidir-sobre-su-cuerpo-queretaro\/","url_meta":{"origin":46322,"position":0},"title":"Marcha del 28S: Mujeres exigen el derecho a decidir sobre su cuerpo (Quer\u00e9taro)","author":"grieta","date":"28 septiembre, 2023","format":false,"excerpt":"Imagen: Quadratin Leonardo Caballero \/ Quadratin QUER\u00c9TARO, Qro., 28 de septiembre de 2023.- En un acto lleno de determinaci\u00f3n y unidad, Mayra D\u00e1vila, l\u00edder destacada en la lucha por los derechos de las mujeres, encabez\u00f3 la marcha del 28 de septiembre, en la cual miles de personas se congregaron para\u2026","rel":"","context":"En &quot;CINTILLO&quot;","block_context":{"text":"CINTILLO","link":"https:\/\/www.grieta.org.mx\/index.php\/category\/cintillo\/"},"img":{"alt_text":"","src":"https:\/\/i0.wp.com\/www.grieta.org.mx\/wp-content\/uploads\/2023\/10\/Captura-de-Pantalla-2023-09-28-a-las-16.41.15-1160x700-1.png?resize=350%2C200&ssl=1","width":350,"height":200,"srcset":"https:\/\/i0.wp.com\/www.grieta.org.mx\/wp-content\/uploads\/2023\/10\/Captura-de-Pantalla-2023-09-28-a-las-16.41.15-1160x700-1.png?resize=350%2C200&ssl=1 1x, https:\/\/i0.wp.com\/www.grieta.org.mx\/wp-content\/uploads\/2023\/10\/Captura-de-Pantalla-2023-09-28-a-las-16.41.15-1160x700-1.png?resize=525%2C300&ssl=1 1.5x, https:\/\/i0.wp.com\/www.grieta.org.mx\/wp-content\/uploads\/2023\/10\/Captura-de-Pantalla-2023-09-28-a-las-16.41.15-1160x700-1.png?resize=700%2C400&ssl=1 2x, https:\/\/i0.wp.com\/www.grieta.org.mx\/wp-content\/uploads\/2023\/10\/Captura-de-Pantalla-2023-09-28-a-las-16.41.15-1160x700-1.png?resize=1050%2C600&ssl=1 3x"},"classes":[]},{"id":41613,"url":"https:\/\/www.grieta.org.mx\/index.php\/2019\/11\/21\/mas-del-71-de-las-mujeres-en-queretaro-han-enfrentado-violencia-inegi\/","url_meta":{"origin":46322,"position":1},"title":"M\u00e1s del 71% de las mujeres en Quer\u00e9taro han enfrentado violencia: INEGI","author":"grieta","date":"21 noviembre, 2019","format":false,"excerpt":"Quadratin Quer\u00e9taro QUER\u00c9TARO, Qro., 21 de noviembre 2019.- En 2016, de las 770 mil mujeres de 15 a\u00f1os y m\u00e1s que hay en Quer\u00e9taro, 71.2% (548 mil) han enfrentado violencia de cualquier tipo y de cualquier agresor, alguna vez en su vida, de acuerdo con INEGI. El 44.7% han enfrentado\u2026","rel":"","context":"En &quot;CINTILLO&quot;","block_context":{"text":"CINTILLO","link":"https:\/\/www.grieta.org.mx\/index.php\/category\/cintillo\/"},"img":{"alt_text":"","src":"https:\/\/i0.wp.com\/www.grieta.org.mx\/wp-content\/uploads\/2019\/11\/M%C3%A1s-del-71-de-las-mujeres-en-Quer%C3%A9taro-han-enfrentado-violencia-INEGI-qro-nov.jpg?resize=350%2C200&ssl=1","width":350,"height":200,"srcset":"https:\/\/i0.wp.com\/www.grieta.org.mx\/wp-content\/uploads\/2019\/11\/M%C3%A1s-del-71-de-las-mujeres-en-Quer%C3%A9taro-han-enfrentado-violencia-INEGI-qro-nov.jpg?resize=350%2C200&ssl=1 1x, https:\/\/i0.wp.com\/www.grieta.org.mx\/wp-content\/uploads\/2019\/11\/M%C3%A1s-del-71-de-las-mujeres-en-Quer%C3%A9taro-han-enfrentado-violencia-INEGI-qro-nov.jpg?resize=525%2C300&ssl=1 1.5x, https:\/\/i0.wp.com\/www.grieta.org.mx\/wp-content\/uploads\/2019\/11\/M%C3%A1s-del-71-de-las-mujeres-en-Quer%C3%A9taro-han-enfrentado-violencia-INEGI-qro-nov.jpg?resize=700%2C400&ssl=1 2x, https:\/\/i0.wp.com\/www.grieta.org.mx\/wp-content\/uploads\/2019\/11\/M%C3%A1s-del-71-de-las-mujeres-en-Quer%C3%A9taro-han-enfrentado-violencia-INEGI-qro-nov.jpg?resize=1050%2C600&ssl=1 3x"},"classes":[]},{"id":11843,"url":"https:\/\/www.grieta.org.mx\/index.php\/2016\/04\/25\/movilizacion-contra-la-violencia-hacia-las-mujeres-en-queretaro\/","url_meta":{"origin":46322,"position":2},"title":"Movilizaci\u00f3n contra la violencia hacia las mujeres en Quer\u00e9taro","author":"grieta","date":"25 abril, 2016","format":false,"excerpt":"25\/04\/16. Marchan para exigir alto a la violencia de g\u00e9nero AM Quer\u00e9taro","rel":"","context":"En &quot;Quer\u00e9taro&quot;","block_context":{"text":"Quer\u00e9taro","link":"https:\/\/www.grieta.org.mx\/index.php\/category\/noticias-nacionales\/queretaro\/"},"img":{"alt_text":"","src":"https:\/\/i0.wp.com\/www.grieta.org.mx\/wp-content\/uploads\/2018\/03\/14524434_1106112876131411_958039263622046936_o.jpg?resize=350%2C200&ssl=1","width":350,"height":200,"srcset":"https:\/\/i0.wp.com\/www.grieta.org.mx\/wp-content\/uploads\/2018\/03\/14524434_1106112876131411_958039263622046936_o.jpg?resize=350%2C200&ssl=1 1x, https:\/\/i0.wp.com\/www.grieta.org.mx\/wp-content\/uploads\/2018\/03\/14524434_1106112876131411_958039263622046936_o.jpg?resize=525%2C300&ssl=1 1.5x, https:\/\/i0.wp.com\/www.grieta.org.mx\/wp-content\/uploads\/2018\/03\/14524434_1106112876131411_958039263622046936_o.jpg?resize=700%2C400&ssl=1 2x"},"classes":[]},{"id":43677,"url":"https:\/\/www.grieta.org.mx\/index.php\/2020\/01\/18\/feministas-protestan-tras-asesinato-de-mujeres-en-queretaro\/","url_meta":{"origin":46322,"position":3},"title":"Feministas protestan tras asesinato de mujeres en Quer\u00e9taro","author":"grieta","date":"18 enero, 2020","format":false,"excerpt":"ADN Informativo Quer\u00e9taro, Qro., 18 de enero de 2020.- Un grupo de mujeres feministas protest\u00f3 la ma\u00f1ana de este s\u00e1bado en las principales plazas del Centro Hist\u00f3rico de Quer\u00e9taro, para mostrar su molestia e indignaci\u00f3n por los asesinatos de mujeres en la \u00faltima semana, as\u00ed como recordar a la joven\u2026","rel":"","context":"En &quot;CINTILLO&quot;","block_context":{"text":"CINTILLO","link":"https:\/\/www.grieta.org.mx\/index.php\/category\/cintillo\/"},"img":{"alt_text":"","src":"https:\/\/i0.wp.com\/www.grieta.org.mx\/wp-content\/uploads\/2020\/01\/Feministas-protestan-tras-asesinato-de-mujeres-en-Quer%C3%A9taro-ene.jpg?resize=350%2C200&ssl=1","width":350,"height":200,"srcset":"https:\/\/i0.wp.com\/www.grieta.org.mx\/wp-content\/uploads\/2020\/01\/Feministas-protestan-tras-asesinato-de-mujeres-en-Quer%C3%A9taro-ene.jpg?resize=350%2C200&ssl=1 1x, https:\/\/i0.wp.com\/www.grieta.org.mx\/wp-content\/uploads\/2020\/01\/Feministas-protestan-tras-asesinato-de-mujeres-en-Quer%C3%A9taro-ene.jpg?resize=525%2C300&ssl=1 1.5x, https:\/\/i0.wp.com\/www.grieta.org.mx\/wp-content\/uploads\/2020\/01\/Feministas-protestan-tras-asesinato-de-mujeres-en-Quer%C3%A9taro-ene.jpg?resize=700%2C400&ssl=1 2x"},"classes":[]},{"id":53219,"url":"https:\/\/www.grieta.org.mx\/index.php\/2020\/08\/31\/queretaro-primer-lugar-nacional-en-denuncias-por-acoso-sexual\/","url_meta":{"origin":46322,"position":4},"title":"Quer\u00e9taro, primer lugar nacional en denuncias por acoso sexual","author":"grieta","date":"31 agosto, 2020","format":false,"excerpt":"M\u00e1nelick Cruz Blanco \/ Tribuna de Quer\u00e9taro Adem\u00e1s, lleva dos a\u00f1os consecutivos en aparecer en sexto lugar nacional por acumular carpetas de investigaci\u00f3n por cada 100 mil habitantes. Un total de 333 carpetas acumuladas en 2020 corresponden a acoso sexual en el estado de Quer\u00e9taro. De esta forma, pese a\u2026","rel":"","context":"En &quot;CINTILLO&quot;","block_context":{"text":"CINTILLO","link":"https:\/\/www.grieta.org.mx\/index.php\/category\/cintillo\/"},"img":{"alt_text":"","src":"https:\/\/i0.wp.com\/www.grieta.org.mx\/wp-content\/uploads\/2018\/03\/14524434_1106112876131411_958039263622046936_o.jpg?resize=350%2C200&ssl=1","width":350,"height":200,"srcset":"https:\/\/i0.wp.com\/www.grieta.org.mx\/wp-content\/uploads\/2018\/03\/14524434_1106112876131411_958039263622046936_o.jpg?resize=350%2C200&ssl=1 1x, https:\/\/i0.wp.com\/www.grieta.org.mx\/wp-content\/uploads\/2018\/03\/14524434_1106112876131411_958039263622046936_o.jpg?resize=525%2C300&ssl=1 1.5x, https:\/\/i0.wp.com\/www.grieta.org.mx\/wp-content\/uploads\/2018\/03\/14524434_1106112876131411_958039263622046936_o.jpg?resize=700%2C400&ssl=1 2x"},"classes":[]},{"id":60894,"url":"https:\/\/www.grieta.org.mx\/index.php\/2021\/08\/03\/colectivas-feministas-convocan-panuelazo-virtual-por-despenalizacion-del-aborto-en-edomex\/","url_meta":{"origin":46322,"position":5},"title":"Colectivas feministas convocan \u2018pa\u00f1uelazo\u2019 virtual por despenalizaci\u00f3n del aborto en EdoMex","author":"grieta","date":"3 agosto, 2021","format":false,"excerpt":"Foto: Cuartoscuro Animal Pol\u00edtico Las colectivas se pronunciaron a favor de la petici\u00f3n que emprendi\u00f3 la Asociaci\u00f3n de Mujeres Abrazando a M\u00e9xico por la despenalizaci\u00f3n del aborto; y exigieron a los diputados y diputadas de la LX Legislatura de la entidad a impulsar y aprobar el documento. Colectivas feministas aut\u00f3nomas\u2026","rel":"","context":"En &quot;CINTILLO&quot;","block_context":{"text":"CINTILLO","link":"https:\/\/www.grieta.org.mx\/index.php\/category\/cintillo\/"},"img":{"alt_text":"","src":"https:\/\/i0.wp.com\/www.grieta.org.mx\/wp-content\/uploads\/2021\/08\/Colectivas-feministas-convocan-%E2%80%98panuelazo-virtual-por-despenalizacion-del-aborto-en-edomex-ago.jpeg?resize=350%2C200&ssl=1","width":350,"height":200,"srcset":"https:\/\/i0.wp.com\/www.grieta.org.mx\/wp-content\/uploads\/2021\/08\/Colectivas-feministas-convocan-%E2%80%98panuelazo-virtual-por-despenalizacion-del-aborto-en-edomex-ago.jpeg?resize=350%2C200&ssl=1 1x, https:\/\/i0.wp.com\/www.grieta.org.mx\/wp-content\/uploads\/2021\/08\/Colectivas-feministas-convocan-%E2%80%98panuelazo-virtual-por-despenalizacion-del-aborto-en-edomex-ago.jpeg?resize=525%2C300&ssl=1 1.5x, https:\/\/i0.wp.com\/www.grieta.org.mx\/wp-content\/uploads\/2021\/08\/Colectivas-feministas-convocan-%E2%80%98panuelazo-virtual-por-despenalizacion-del-aborto-en-edomex-ago.jpeg?resize=700%2C400&ssl=1 2x, https:\/\/i0.wp.com\/www.grieta.org.mx\/wp-content\/uploads\/2021\/08\/Colectivas-feministas-convocan-%E2%80%98panuelazo-virtual-por-despenalizacion-del-aborto-en-edomex-ago.jpeg?resize=1050%2C600&ssl=1 3x, https:\/\/i0.wp.com\/www.grieta.org.mx\/wp-content\/uploads\/2021\/08\/Colectivas-feministas-convocan-%E2%80%98panuelazo-virtual-por-despenalizacion-del-aborto-en-edomex-ago.jpeg?resize=1400%2C800&ssl=1 4x"},"classes":[]}],"_links":{"self":[{"href":"https:\/\/www.grieta.org.mx\/index.php\/wp-json\/wp\/v2\/posts\/46322","targetHints":{"allow":["GET"]}}],"collection":[{"href":"https:\/\/www.grieta.org.mx\/index.php\/wp-json\/wp\/v2\/posts"}],"about":[{"href":"https:\/\/www.grieta.org.mx\/index.php\/wp-json\/wp\/v2\/types\/post"}],"author":[{"embeddable":true,"href":"https:\/\/www.grieta.org.mx\/index.php\/wp-json\/wp\/v2\/users\/2"}],"replies":[{"embeddable":true,"href":"https:\/\/www.grieta.org.mx\/index.php\/wp-json\/wp\/v2\/comments?post=46322"}],"version-history":[{"count":1,"href":"https:\/\/www.grieta.org.mx\/index.php\/wp-json\/wp\/v2\/posts\/46322\/revisions"}],"predecessor-version":[{"id":46324,"href":"https:\/\/www.grieta.org.mx\/index.php\/wp-json\/wp\/v2\/posts\/46322\/revisions\/46324"}],"wp:featuredmedia":[{"embeddable":true,"href":"https:\/\/www.grieta.org.mx\/index.php\/wp-json\/wp\/v2\/media\/46323"}],"wp:attachment":[{"href":"https:\/\/www.grieta.org.mx\/index.php\/wp-json\/wp\/v2\/media?parent=46322"}],"wp:term":[{"taxonomy":"category","embeddable":true,"href":"https:\/\/www.grieta.org.mx\/index.php\/wp-json\/wp\/v2\/categories?post=46322"},{"taxonomy":"post_tag","embeddable":true,"href":"https:\/\/www.grieta.org.mx\/index.php\/wp-json\/wp\/v2\/tags?post=46322"}],"curies":[{"name":"wp","href":"https:\/\/api.w.org\/{rel}","templated":true}]}}