{"id":46319,"date":"2020-03-18T00:07:00","date_gmt":"2020-03-18T06:07:00","guid":{"rendered":"http:\/\/www.grieta.org.mx\/?p=46319"},"modified":"2020-03-19T00:23:08","modified_gmt":"2020-03-19T06:23:08","slug":"ganancias-del-aeropuerto-en-santa-lucia-seran-para-el-ejercito-amlo","status":"publish","type":"post","link":"https:\/\/www.grieta.org.mx\/index.php\/2020\/03\/18\/ganancias-del-aeropuerto-en-santa-lucia-seran-para-el-ejercito-amlo\/","title":{"rendered":"Ganancias del aeropuerto en Santa Luc\u00eda ser\u00e1n para el Ej\u00e9rcito: AMLO"},"content":{"rendered":"<p><img loading=\"lazy\" decoding=\"async\" data-attachment-id=\"46320\" data-permalink=\"https:\/\/www.grieta.org.mx\/index.php\/2020\/03\/18\/ganancias-del-aeropuerto-en-santa-lucia-seran-para-el-ejercito-amlo\/ganancias-del-aeropuerto-en-santa-lucia-seran-para-el-ejercito-amlo-edomex-mzo\/\" data-orig-file=\"https:\/\/www.grieta.org.mx\/wp-content\/uploads\/2020\/03\/Ganancias-del-aeropuerto-en-Santa-Luc\u00eda-ser\u00e1n-para-el-Ej\u00e9rcito-AMLO-edomex-mzo.jpg\" data-orig-size=\"870,522\" data-comments-opened=\"0\" data-image-meta=\"{&quot;aperture&quot;:&quot;0&quot;,&quot;credit&quot;:&quot;&quot;,&quot;camera&quot;:&quot;&quot;,&quot;caption&quot;:&quot;&quot;,&quot;created_timestamp&quot;:&quot;0&quot;,&quot;copyright&quot;:&quot;&quot;,&quot;focal_length&quot;:&quot;0&quot;,&quot;iso&quot;:&quot;0&quot;,&quot;shutter_speed&quot;:&quot;0&quot;,&quot;title&quot;:&quot;&quot;,&quot;orientation&quot;:&quot;1&quot;}\" data-image-title=\"Ganancias del aeropuerto en Santa Luc\u00eda ser\u00e1n para el Ej\u00e9rcito AMLO edomex mzo\" data-image-description=\"\" data-image-caption=\"\" data-medium-file=\"https:\/\/www.grieta.org.mx\/wp-content\/uploads\/2020\/03\/Ganancias-del-aeropuerto-en-Santa-Luc\u00eda-ser\u00e1n-para-el-Ej\u00e9rcito-AMLO-edomex-mzo-300x180.jpg\" data-large-file=\"https:\/\/www.grieta.org.mx\/wp-content\/uploads\/2020\/03\/Ganancias-del-aeropuerto-en-Santa-Luc\u00eda-ser\u00e1n-para-el-Ej\u00e9rcito-AMLO-edomex-mzo.jpg\" class=\"aligncenter  wp-image-46320\" src=\"http:\/\/www.grieta.org.mx\/wp-content\/uploads\/2020\/03\/Ganancias-del-aeropuerto-en-Santa-Luc\u00eda-ser\u00e1n-para-el-Ej\u00e9rcito-AMLO-edomex-mzo.jpg\" alt=\"\" width=\"614\" height=\"368\" srcset=\"https:\/\/www.grieta.org.mx\/wp-content\/uploads\/2020\/03\/Ganancias-del-aeropuerto-en-Santa-Luc\u00eda-ser\u00e1n-para-el-Ej\u00e9rcito-AMLO-edomex-mzo.jpg 870w, https:\/\/www.grieta.org.mx\/wp-content\/uploads\/2020\/03\/Ganancias-del-aeropuerto-en-Santa-Luc\u00eda-ser\u00e1n-para-el-Ej\u00e9rcito-AMLO-edomex-mzo-300x180.jpg 300w, https:\/\/www.grieta.org.mx\/wp-content\/uploads\/2020\/03\/Ganancias-del-aeropuerto-en-Santa-Luc\u00eda-ser\u00e1n-para-el-Ej\u00e9rcito-AMLO-edomex-mzo-768x461.jpg 768w, https:\/\/www.grieta.org.mx\/wp-content\/uploads\/2020\/03\/Ganancias-del-aeropuerto-en-Santa-Luc\u00eda-ser\u00e1n-para-el-Ej\u00e9rcito-AMLO-edomex-mzo-833x500.jpg 833w\" sizes=\"auto, (max-width: 614px) 100vw, 614px\" \/><br \/>\n<em>Sin dar mayores detalles, AMLO adelant\u00f3 que una empresa a cargo de la Secretar\u00eda de la Defensa Nacional ser\u00e1 la que administre el aeropuerto de Santa Luc\u00eda Foto: Germ\u00e1n Canseco<\/em><\/p>\n<p>Arturo Rodr\u00edguez Garc\u00eda \/ Proceso<\/p>\n<blockquote><p>CIUDAD DE M\u00c9XICO (apro). \u2013 La administraci\u00f3n del Aeropuerto Internacional \u201cFelipe \u00c1ngeles\u201d, que se construye en la base a\u00e9rea militar de Santa Luc\u00eda, en el Estado de M\u00e9xico, quedar\u00e1 a cargo de una empresa de la Secretar\u00eda de la Defensa Nacional (Sedena), es decir, una paraestatal bajo control militar.<\/p><\/blockquote>\n<p>La medida fue anunciada hoy por el presidente Andr\u00e9s Manuel L\u00f3pez Obrador que, en su conferencia de prensa matutina, present\u00f3 junto a mandos castrenses los avances del proyecto aeroportuario con el que se propone resolver la saturaci\u00f3n del Aeropuerto Internacional de la Ciudad de M\u00e9xico (AICM).<\/p>\n<blockquote><p>\u201c[\u2026] la administraci\u00f3n del nuevo aeropuerto, que va a estar a cargo de la Secretar\u00eda de la Defensa, va a administrar el aeropuerto y los beneficios van a ser la Secretar\u00eda de la Defensa, las utilidades, las ganancias, porque adem\u00e1s de dar un servicio important\u00edsimo, es un negocio y va a quedar establecido que la empresa que administre va a depender de la Secretar\u00eda de la Defensa\u201d, adelant\u00f3 el mandatario, quien dijo que este jueves dar\u00e1 m\u00e1s detalles as\u00ed como el plan de conectividad y movilidad.<\/p><\/blockquote>\n<p>La obra de Santa Luc\u00eda lleva 153 d\u00edas y, de acuerdo al plan previsto, restan 733 para que est\u00e9 listo para inaugurarse el 21 de marzo de 2022.<\/p>\n<p>El Ejecutivo dijo tambi\u00e9n que, tras concluir la obra del aeropuerto, el Ej\u00e9rcito ayudar\u00e1 a construir dos tramos grandes del Tren Maya.<\/p>\n<blockquote><p>\u201c[\u2026] ya tenemos el compromiso, est\u00e1 apalabrado, que van a terminar el 21 el marzo y nos van a ayudar a construir dos tramos grandes del Tren Maya para que tambi\u00e9n en el 23 tengamos los mil 500 kil\u00f3metros del Tren Maya\u201d, mencion\u00f3 sin dar m\u00e1s detalles.<\/p><\/blockquote>\n<p>L\u00f3pez Obrador rechaz\u00f3 que el involucramiento de las Fuerzas Armadas implique tergiversar su prop\u00f3sito o dotar de un poder desmedido a la c\u00fapula militar. Su justificaci\u00f3n fue que el Ej\u00e9rcito se caracteriza por su honestidad y por haber resistido las pol\u00edticas neoliberales como pocas instituciones lo hicieron.<\/p>\n<p>El informe de avance de Santa Luc\u00eda, as\u00ed como distintos detalles de su ejecuci\u00f3n, resultaron un impasse en la atenci\u00f3n cotidiana que cada ma\u00f1ana viene d\u00e1ndose a la propagaci\u00f3n del coronavirus Covid-19 que, si bien fue abordado en diferentes momentos, este mi\u00e9rcoles no se cont\u00f3 con la presencia del gabinete de Salud que mantiene sus informes vespertinos sobre la evoluci\u00f3n de la pandemia en M\u00e9xico.<\/p>\n<p>Por lo expuesto, esta semana el presidente dedicar\u00e1 amplios mensajes tanto al proyecto aeroportuario como al plan sexenal de energ\u00eda que anunciar\u00e1 en el contexto de la conmemoraci\u00f3n de la expropiaci\u00f3n petrolera.<\/p>\n<p>Los avances del megaproyecto aeroportuario fueron presentados por el general Ricardo Vallejo Ju\u00e1rez, quien est\u00e1 al frente de la construcci\u00f3n. En su exposici\u00f3n, el mando castrense, garantiz\u00f3 transparencia y rendici\u00f3n de cuentas, al asegurar que la Auditor\u00eda Superior de la Federaci\u00f3n realiza cinco auditor\u00edas preventivas que acompa\u00f1ar\u00e1n el desarrollo de los trabajos.<\/p>\n<p>Vallejo Ju\u00e1rez explic\u00f3 que los trabajos en Santa Luc\u00eda llevan un 7.3 por ciento de avance, destacando los ahorros en tiempos y dinero respecto al proyecto que se desarrollaba en Texcoco, ahora con un techo financiero por el orden de los 79 mil 305 millones.<\/p>\n<p>Dichos aspectos de ahorro fueron subrayados por el presiente L\u00f3pez Obrador, quien acus\u00f3 negocios millonarios y un desarrollo urbano en torno al aeropuerto de Texcoco \u2013un Santa Fe, dijo.<\/p>\n<p>El presidente volvi\u00f3 a referirse a la asociaci\u00f3n civil Mexicanos contra la Corrupci\u00f3n e Impunidad, organizaci\u00f3n que preside Claudio X. Gonz\u00e1lez Guajardo, de estar detr\u00e1s de los amparos que, asegur\u00f3, ya fueron superados.<\/p>\n<p><a href=\"https:\/\/www.proceso.com.mx\/622326\/ejercito-aeropuerto-santa-lucia\" target=\"_blank\" rel=\"noopener noreferrer\">https:\/\/www.proceso.com.mx\/622326\/ejercito-aeropuerto-santa-lucia<\/a><\/p>\n","protected":false},"excerpt":{"rendered":"<p>Sin dar mayores detalles, AMLO adelant\u00f3 que una empresa a cargo de la Secretar\u00eda de la Defensa Nacional ser\u00e1 la que administre el aeropuerto de Santa Luc\u00eda Foto: Germ\u00e1n Canseco &hellip; <a href=\"https:\/\/www.grieta.org.mx\/index.php\/2020\/03\/18\/ganancias-del-aeropuerto-en-santa-lucia-seran-para-el-ejercito-amlo\/\" class=\"more-link\">Leer m\u00e1s<\/a><\/p>\n","protected":false},"author":2,"featured_media":46320,"comment_status":"closed","ping_status":"closed","sticky":false,"template":"","format":"standard","meta":{"ngg_post_thumbnail":0,"_jetpack_newsletter_access":"","_jetpack_dont_email_post_to_subs":false,"_jetpack_newsletter_tier_id":0,"_jetpack_memberships_contains_paywalled_content":false,"_jetpack_memberships_contains_paid_content":false,"footnotes":""},"categories":[80,2492,16,3,922,912,2719,932,2,167,83,2026],"tags":[2494,96,614,1878],"class_list":["post-46319","post","type-post","status-publish","format-standard","has-post-thumbnail","hentry","category-cintillo","category-conflictos-por-la-construccion-del-aeropuerto-en-la-base-militar-de-santa-lucia","category-estado-de-mexico","category-megaproyectos","category-megaproyectos-estados","category-militarizacion","category-militarizacion-en-el-estado-de-mexico","category-mp-edo-mex","category-noticias-nacionales","category-nuevo-aeropuerto-de-la-ciudad-de-mexico","category-temas-nacionales","category-tren-maya","tag-aeropuerto-santa-lucia","tag-megaproyectos","tag-militarizacion","tag-tren-maya","entry"],"jetpack_featured_media_url":"https:\/\/www.grieta.org.mx\/wp-content\/uploads\/2020\/03\/Ganancias-del-aeropuerto-en-Santa-Luc\u00eda-ser\u00e1n-para-el-Ej\u00e9rcito-AMLO-edomex-mzo.jpg","jetpack_sharing_enabled":true,"jetpack_shortlink":"https:\/\/wp.me\/p7ZJR4-c35","jetpack_likes_enabled":false,"jetpack-related-posts":[{"id":63572,"url":"https:\/\/www.grieta.org.mx\/index.php\/2022\/02\/11\/una-empresa-militar-operara-cuatro-aeropuertos-y-el-tren-maya-amlo\/","url_meta":{"origin":46319,"position":0},"title":"Una empresa militar operar\u00e1 cuatro aeropuertos y el Tren Maya: AMLO","author":"grieta","date":"11 febrero, 2022","format":false,"excerpt":"Redacci\u00f3n\/Animal Pol\u00edtico 11 febrero 2022 La mayor\u00eda de las utilidades de esta empresa militar se destinar\u00e1n a las pensiones de marinos, soldados e integrantes de las Fuerzas Armadas. Una empresa militar llamada Olmeca, Maya Mexica administrar\u00e1 el Tren Maya y los nuevos aeropuertos de Santa Luc\u00eda, Tulum, Chetumal y Palenque,\u2026","rel":"","context":"En &quot;CINTILLO&quot;","block_context":{"text":"CINTILLO","link":"https:\/\/www.grieta.org.mx\/index.php\/category\/cintillo\/"},"img":{"alt_text":"","src":"https:\/\/i0.wp.com\/www.grieta.org.mx\/wp-content\/uploads\/2022\/03\/empresa-militar-aeropuertos-tren-maya.jpeg?resize=350%2C200&ssl=1","width":350,"height":200,"srcset":"https:\/\/i0.wp.com\/www.grieta.org.mx\/wp-content\/uploads\/2022\/03\/empresa-militar-aeropuertos-tren-maya.jpeg?resize=350%2C200&ssl=1 1x, https:\/\/i0.wp.com\/www.grieta.org.mx\/wp-content\/uploads\/2022\/03\/empresa-militar-aeropuertos-tren-maya.jpeg?resize=525%2C300&ssl=1 1.5x, https:\/\/i0.wp.com\/www.grieta.org.mx\/wp-content\/uploads\/2022\/03\/empresa-militar-aeropuertos-tren-maya.jpeg?resize=700%2C400&ssl=1 2x, https:\/\/i0.wp.com\/www.grieta.org.mx\/wp-content\/uploads\/2022\/03\/empresa-militar-aeropuertos-tren-maya.jpeg?resize=1050%2C600&ssl=1 3x"},"classes":[]},{"id":40772,"url":"https:\/\/www.grieta.org.mx\/index.php\/2019\/10\/26\/marchan-en-tecamac-contra-aeropuerto-de-santa-lucia-estado-de-mexico\/","url_meta":{"origin":46319,"position":1},"title":"Marchan en Tec\u00e1mac contra aeropuerto de Santa Luc\u00eda (Estado de M\u00e9xico)","author":"grieta","date":"26 octubre, 2019","format":false,"excerpt":"Alejandra Gudi\u00f1o \/ Milenio La agrupaci\u00f3n denominada 12 pueblos originarios reiter\u00f3 su oposici\u00f3n al proyecto y demand\u00f3 una mesa de di\u00e1logo con las autoridades. Integrantes de los 12 pueblos originarios de Tec\u00e1mac realizaron una marcha que parti\u00f3 de la explanada municipal hasta la entrada de la base a\u00e9rea de Santa\u2026","rel":"","context":"En &quot;CINTILLO&quot;","block_context":{"text":"CINTILLO","link":"https:\/\/www.grieta.org.mx\/index.php\/category\/cintillo\/"},"img":{"alt_text":"","src":"https:\/\/i0.wp.com\/www.grieta.org.mx\/wp-content\/uploads\/2019\/11\/Marchan-en-Tec%C3%A1mac-contra-aeropuerto-de-Santa-Luc%C3%ADa-edomex-nov.jpg?resize=350%2C200&ssl=1","width":350,"height":200,"srcset":"https:\/\/i0.wp.com\/www.grieta.org.mx\/wp-content\/uploads\/2019\/11\/Marchan-en-Tec%C3%A1mac-contra-aeropuerto-de-Santa-Luc%C3%ADa-edomex-nov.jpg?resize=350%2C200&ssl=1 1x, https:\/\/i0.wp.com\/www.grieta.org.mx\/wp-content\/uploads\/2019\/11\/Marchan-en-Tec%C3%A1mac-contra-aeropuerto-de-Santa-Luc%C3%ADa-edomex-nov.jpg?resize=525%2C300&ssl=1 1.5x, https:\/\/i0.wp.com\/www.grieta.org.mx\/wp-content\/uploads\/2019\/11\/Marchan-en-Tec%C3%A1mac-contra-aeropuerto-de-Santa-Luc%C3%ADa-edomex-nov.jpg?resize=700%2C400&ssl=1 2x"},"classes":[]},{"id":40359,"url":"https:\/\/www.grieta.org.mx\/index.php\/2019\/10\/17\/habitantes-de-pueblos-originarios-protestan-contra-aeropuerto-en-santa-lucia-estado-de-mexico\/","url_meta":{"origin":46319,"position":2},"title":"Habitantes de pueblos originarios protestan contra aeropuerto en Santa Luc\u00eda (Estado de M\u00e9xico)","author":"grieta","date":"17 octubre, 2019","format":false,"excerpt":"Emilio Fern\u00e1ndez \/ El Universal Los residentes argumentan que la construcci\u00f3n y operaci\u00f3n de la terminal a\u00e9rea dejar\u00e1 sin agua potable tanto a las comunidades de las zonas cercanas a la base como los municipios que se encuentran en esta zona del Valle de M\u00e9xico Tec\u00e1mac, Mex.- Un grupo de\u2026","rel":"","context":"En &quot;CINTILLO&quot;","block_context":{"text":"CINTILLO","link":"https:\/\/www.grieta.org.mx\/index.php\/category\/cintillo\/"},"img":{"alt_text":"","src":"https:\/\/i0.wp.com\/www.grieta.org.mx\/wp-content\/uploads\/2019\/10\/Habitantes-de-pueblos-originarios-protestan-contra-aeropuerto-en-Santa-Luc%C3%ADa-edomex-oct.jpg?resize=350%2C200","width":350,"height":200},"classes":[]},{"id":40999,"url":"https:\/\/www.grieta.org.mx\/index.php\/2019\/11\/04\/unam-omitio-danos-a-indigenas-por-construccion-del-aeropuerto-en-santa-lucia-ong-estado-de-mexico\/","url_meta":{"origin":46319,"position":3},"title":"UNAM omiti\u00f3 da\u00f1os a ind\u00edgenas por construcci\u00f3n del aeropuerto en Santa Luc\u00eda: ONG (Estado de M\u00e9xico)","author":"grieta","date":"4 noviembre, 2019","format":false,"excerpt":"Jordana gonz\u00e1lez \/ Contral\u00ednea La Facultad de Ingenier\u00eda de la Universidad Nacional Aut\u00f3noma de M\u00e9xico (UNAM) omiti\u00f3 da\u00f1os ambientales y sociales hacia comunidades originarias, que habitan la cuenca Norte de la Ciudad de M\u00e9xico, en la manifestaci\u00f3n de impacto ambiental que realiz\u00f3 respecto de la construcci\u00f3n del aeropuerto en Santa\u2026","rel":"","context":"En &quot;CINTILLO&quot;","block_context":{"text":"CINTILLO","link":"https:\/\/www.grieta.org.mx\/index.php\/category\/cintillo\/"},"img":{"alt_text":"","src":"https:\/\/i0.wp.com\/www.grieta.org.mx\/wp-content\/uploads\/2019\/11\/UNAM-omiti%C3%B3-da%C3%B1os-a-ind%C3%ADgenas-por-construcci%C3%B3n-del-aeropuerto-en-Santa-Luc%C3%ADa-ONG-edomex-nov.jpg?resize=350%2C200&ssl=1","width":350,"height":200,"srcset":"https:\/\/i0.wp.com\/www.grieta.org.mx\/wp-content\/uploads\/2019\/11\/UNAM-omiti%C3%B3-da%C3%B1os-a-ind%C3%ADgenas-por-construcci%C3%B3n-del-aeropuerto-en-Santa-Luc%C3%ADa-ONG-edomex-nov.jpg?resize=350%2C200&ssl=1 1x, https:\/\/i0.wp.com\/www.grieta.org.mx\/wp-content\/uploads\/2019\/11\/UNAM-omiti%C3%B3-da%C3%B1os-a-ind%C3%ADgenas-por-construcci%C3%B3n-del-aeropuerto-en-Santa-Luc%C3%ADa-ONG-edomex-nov.jpg?resize=525%2C300&ssl=1 1.5x"},"classes":[]},{"id":33826,"url":"https:\/\/www.grieta.org.mx\/index.php\/2019\/05\/19\/derribaran-5-mil-arboles-para-hacer-pistas-en-santa-lucia-unam-estado-de-mexico\/","url_meta":{"origin":46319,"position":4},"title":"Derribar\u00e1n 5 mil \u00e1rboles para hacer pistas en Santa Luc\u00eda: UNAM (Estado de M\u00e9xico)","author":"grieta","date":"19 mayo, 2019","format":false,"excerpt":"Cultura Colectiva Para la construcci\u00f3n del nuevo aeropuerto, la Secretar\u00eda de la Defensa Nacional (Sedena) tirar\u00e1 5 mil 195 \u00e1rboles en la Base A\u00e9rea Militar No. 1. A principios de este mes, el presidente Andr\u00e9s Manuel L\u00f3pez Obrador encabez\u00f3 el inicio de los estudios y trabajos preliminares para la construcci\u00f3n\u2026","rel":"","context":"En &quot;CINTILLO&quot;","block_context":{"text":"CINTILLO","link":"https:\/\/www.grieta.org.mx\/index.php\/category\/cintillo\/"},"img":{"alt_text":"","src":"https:\/\/i0.wp.com\/www.grieta.org.mx\/wp-content\/uploads\/2019\/05\/captura-de-pantalla-2019-05-19-a-las-10-41-56-high.png?resize=350%2C200&ssl=1","width":350,"height":200,"srcset":"https:\/\/i0.wp.com\/www.grieta.org.mx\/wp-content\/uploads\/2019\/05\/captura-de-pantalla-2019-05-19-a-las-10-41-56-high.png?resize=350%2C200&ssl=1 1x, https:\/\/i0.wp.com\/www.grieta.org.mx\/wp-content\/uploads\/2019\/05\/captura-de-pantalla-2019-05-19-a-las-10-41-56-high.png?resize=525%2C300&ssl=1 1.5x, https:\/\/i0.wp.com\/www.grieta.org.mx\/wp-content\/uploads\/2019\/05\/captura-de-pantalla-2019-05-19-a-las-10-41-56-high.png?resize=700%2C400&ssl=1 2x"},"classes":[]},{"id":52087,"url":"https:\/\/www.grieta.org.mx\/index.php\/2020\/07\/21\/aumentan-los-casos-de-covid-en-la-obra-del-aeropuerto-de-santa-lucia-estado-de-mexico\/","url_meta":{"origin":46319,"position":5},"title":"Aumentan los casos de COVID en la obra del aeropuerto de Santa Luc\u00eda (Estado de M\u00e9xico)","author":"grieta","date":"21 julio, 2020","format":false,"excerpt":"Foto: Alejandro Ponce Zedryk Raziel \/ Animal Pol\u00edtico En el megaproyecto de Santa Luc\u00eda, que no ha parado un solo d\u00eda a lo largo de la pandemia, trabajan 18 mil 653 personas. La Secretar\u00eda de la Defensa Nacional (Sedena) report\u00f3 un aumento de contagios por COVID-19 entre los obreros y\u2026","rel":"","context":"En &quot;CINTILLO&quot;","block_context":{"text":"CINTILLO","link":"https:\/\/www.grieta.org.mx\/index.php\/category\/cintillo\/"},"img":{"alt_text":"","src":"https:\/\/i0.wp.com\/www.grieta.org.mx\/wp-content\/uploads\/2020\/07\/Aumentan-los-casos-de-COVID-en-la-obra-del-aeropuerto-de-Santa-Luc%C3%ADa-edomex-jul.jpg?resize=350%2C200&ssl=1","width":350,"height":200,"srcset":"https:\/\/i0.wp.com\/www.grieta.org.mx\/wp-content\/uploads\/2020\/07\/Aumentan-los-casos-de-COVID-en-la-obra-del-aeropuerto-de-Santa-Luc%C3%ADa-edomex-jul.jpg?resize=350%2C200&ssl=1 1x, https:\/\/i0.wp.com\/www.grieta.org.mx\/wp-content\/uploads\/2020\/07\/Aumentan-los-casos-de-COVID-en-la-obra-del-aeropuerto-de-Santa-Luc%C3%ADa-edomex-jul.jpg?resize=525%2C300&ssl=1 1.5x, https:\/\/i0.wp.com\/www.grieta.org.mx\/wp-content\/uploads\/2020\/07\/Aumentan-los-casos-de-COVID-en-la-obra-del-aeropuerto-de-Santa-Luc%C3%ADa-edomex-jul.jpg?resize=700%2C400&ssl=1 2x"},"classes":[]}],"_links":{"self":[{"href":"https:\/\/www.grieta.org.mx\/index.php\/wp-json\/wp\/v2\/posts\/46319","targetHints":{"allow":["GET"]}}],"collection":[{"href":"https:\/\/www.grieta.org.mx\/index.php\/wp-json\/wp\/v2\/posts"}],"about":[{"href":"https:\/\/www.grieta.org.mx\/index.php\/wp-json\/wp\/v2\/types\/post"}],"author":[{"embeddable":true,"href":"https:\/\/www.grieta.org.mx\/index.php\/wp-json\/wp\/v2\/users\/2"}],"replies":[{"embeddable":true,"href":"https:\/\/www.grieta.org.mx\/index.php\/wp-json\/wp\/v2\/comments?post=46319"}],"version-history":[{"count":1,"href":"https:\/\/www.grieta.org.mx\/index.php\/wp-json\/wp\/v2\/posts\/46319\/revisions"}],"predecessor-version":[{"id":46321,"href":"https:\/\/www.grieta.org.mx\/index.php\/wp-json\/wp\/v2\/posts\/46319\/revisions\/46321"}],"wp:featuredmedia":[{"embeddable":true,"href":"https:\/\/www.grieta.org.mx\/index.php\/wp-json\/wp\/v2\/media\/46320"}],"wp:attachment":[{"href":"https:\/\/www.grieta.org.mx\/index.php\/wp-json\/wp\/v2\/media?parent=46319"}],"wp:term":[{"taxonomy":"category","embeddable":true,"href":"https:\/\/www.grieta.org.mx\/index.php\/wp-json\/wp\/v2\/categories?post=46319"},{"taxonomy":"post_tag","embeddable":true,"href":"https:\/\/www.grieta.org.mx\/index.php\/wp-json\/wp\/v2\/tags?post=46319"}],"curies":[{"name":"wp","href":"https:\/\/api.w.org\/{rel}","templated":true}]}}