{"id":46285,"date":"2020-03-01T23:41:46","date_gmt":"2020-03-02T05:41:46","guid":{"rendered":"http:\/\/www.grieta.org.mx\/?p=46285"},"modified":"2020-03-17T23:52:30","modified_gmt":"2020-03-18T05:52:30","slug":"feminicidios-en-oaxaca-la-justicia-maquillada","status":"publish","type":"post","link":"https:\/\/www.grieta.org.mx\/index.php\/2020\/03\/01\/feminicidios-en-oaxaca-la-justicia-maquillada\/","title":{"rendered":"Feminicidios en Oaxaca, la justicia maquillada"},"content":{"rendered":"<p>Pie de P\u00e1gina \/ Texto y fotograf\u00eda: Antonio Mundaca; Video: Karen Rojas Kauffmann; Ilustraci\u00f3n: Mar\u00eda Vigne; Infograf\u00eda : Daniel Cid Berthely.<\/p>\n<p><img loading=\"lazy\" decoding=\"async\" data-attachment-id=\"46286\" data-permalink=\"https:\/\/www.grieta.org.mx\/index.php\/2020\/03\/01\/feminicidios-en-oaxaca-la-justicia-maquillada\/murat_feminicidios_oaxaca_heriberto_paredes\/\" data-orig-file=\"https:\/\/www.grieta.org.mx\/wp-content\/uploads\/2020\/03\/Murat_feminicidios_Oaxaca_Heriberto_paredes.jpg\" data-orig-size=\"1280,800\" data-comments-opened=\"0\" data-image-meta=\"{&quot;aperture&quot;:&quot;0&quot;,&quot;credit&quot;:&quot;&quot;,&quot;camera&quot;:&quot;&quot;,&quot;caption&quot;:&quot;&quot;,&quot;created_timestamp&quot;:&quot;0&quot;,&quot;copyright&quot;:&quot;&quot;,&quot;focal_length&quot;:&quot;0&quot;,&quot;iso&quot;:&quot;0&quot;,&quot;shutter_speed&quot;:&quot;0&quot;,&quot;title&quot;:&quot;&quot;,&quot;orientation&quot;:&quot;1&quot;}\" data-image-title=\"Murat_feminicidios_Oaxaca_Heriberto_paredes\" data-image-description=\"\" data-image-caption=\"\" data-medium-file=\"https:\/\/www.grieta.org.mx\/wp-content\/uploads\/2020\/03\/Murat_feminicidios_Oaxaca_Heriberto_paredes-300x188.jpg\" data-large-file=\"https:\/\/www.grieta.org.mx\/wp-content\/uploads\/2020\/03\/Murat_feminicidios_Oaxaca_Heriberto_paredes-1024x640.jpg\" class=\"aligncenter wp-image-46286\" src=\"http:\/\/www.grieta.org.mx\/wp-content\/uploads\/2020\/03\/Murat_feminicidios_Oaxaca_Heriberto_paredes.jpg\" alt=\"\" width=\"800\" height=\"500\" srcset=\"https:\/\/www.grieta.org.mx\/wp-content\/uploads\/2020\/03\/Murat_feminicidios_Oaxaca_Heriberto_paredes.jpg 1280w, https:\/\/www.grieta.org.mx\/wp-content\/uploads\/2020\/03\/Murat_feminicidios_Oaxaca_Heriberto_paredes-300x188.jpg 300w, https:\/\/www.grieta.org.mx\/wp-content\/uploads\/2020\/03\/Murat_feminicidios_Oaxaca_Heriberto_paredes-768x480.jpg 768w, https:\/\/www.grieta.org.mx\/wp-content\/uploads\/2020\/03\/Murat_feminicidios_Oaxaca_Heriberto_paredes-1024x640.jpg 1024w, https:\/\/www.grieta.org.mx\/wp-content\/uploads\/2020\/03\/Murat_feminicidios_Oaxaca_Heriberto_paredes-800x500.jpg 800w\" sizes=\"auto, (max-width: 800px) 100vw, 800px\" \/><br \/>\nAlejandro Murat, gobernador de Oaxaca.<\/p>\n<p>Los 351 feminicidios registrados por Observatorios Ciudadanos en el primer trienio del gobierno de Alejandro Murat contrastan con las cifras de la Fiscal\u00eda oaxaque\u00f1a, organizaciones se\u00f1alan al titular de maquillar las cifras y no ofrecer informaci\u00f3n p\u00fablica sobre sentencias de asesinos de mujeres. Esta es la introducci\u00f3n a cinco reportajes sobre los feminicidios en las diferentes regiones de Oaxaca.<\/p>\n<p>OAXACA, OAXACA.- El 5 de febrero de 2019 el fiscal general de Justicia de Oaxaca, Rub\u00e9n Vasconcelos M\u00e9ndez, compareci\u00f3 frente al Congreso del Estado. Iba rodeado de un s\u00e9quito de pistoleros secretos y juramentados que coparon la sala de sesiones por las rampas y los accesos p\u00fablicos. Su comparecencia, rodeada de aplaudidores, fue la de un hombre que nunca ha sido apuntado por un arma.<\/p>\n<p>En entrevistas pactadas, y foros p\u00fablicos ad hoc, el fiscal oaxaque\u00f1o insiste \u00fanicamente en 29 feminicidios en los \u00faltimos tres a\u00f1os. Pero las cifras no oficiales arrojan datos bien distintos: 351 feminicidios durante la administraci\u00f3n de Murat, de acuerdo al informe ciudadano \u201c la historia no olvida, violencia feminicida en Oaxaca\u201d, cuya base de datos analiz\u00f3 bases period\u00edsticas y documentales.<\/p>\n<p><img loading=\"lazy\" decoding=\"async\" data-attachment-id=\"46287\" data-permalink=\"https:\/\/www.grieta.org.mx\/index.php\/2020\/03\/01\/feminicidios-en-oaxaca-la-justicia-maquillada\/infografia-feminicidios\/\" data-orig-file=\"https:\/\/www.grieta.org.mx\/wp-content\/uploads\/2020\/03\/Infografia_Feminicidios_OAXACA-1.jpg\" data-orig-size=\"1280,800\" data-comments-opened=\"0\" data-image-meta=\"{&quot;aperture&quot;:&quot;0&quot;,&quot;credit&quot;:&quot;&quot;,&quot;camera&quot;:&quot;&quot;,&quot;caption&quot;:&quot;&quot;,&quot;created_timestamp&quot;:&quot;0&quot;,&quot;copyright&quot;:&quot;&quot;,&quot;focal_length&quot;:&quot;0&quot;,&quot;iso&quot;:&quot;0&quot;,&quot;shutter_speed&quot;:&quot;0&quot;,&quot;title&quot;:&quot;Infografia Feminicidios&quot;,&quot;orientation&quot;:&quot;1&quot;}\" data-image-title=\"Infografia Feminicidios\" data-image-description=\"\" data-image-caption=\"\" data-medium-file=\"https:\/\/www.grieta.org.mx\/wp-content\/uploads\/2020\/03\/Infografia_Feminicidios_OAXACA-1-300x188.jpg\" data-large-file=\"https:\/\/www.grieta.org.mx\/wp-content\/uploads\/2020\/03\/Infografia_Feminicidios_OAXACA-1-1024x640.jpg\" class=\"aligncenter wp-image-46287\" src=\"http:\/\/www.grieta.org.mx\/wp-content\/uploads\/2020\/03\/Infografia_Feminicidios_OAXACA-1.jpg\" alt=\"\" width=\"800\" height=\"500\" srcset=\"https:\/\/www.grieta.org.mx\/wp-content\/uploads\/2020\/03\/Infografia_Feminicidios_OAXACA-1.jpg 1280w, https:\/\/www.grieta.org.mx\/wp-content\/uploads\/2020\/03\/Infografia_Feminicidios_OAXACA-1-300x188.jpg 300w, https:\/\/www.grieta.org.mx\/wp-content\/uploads\/2020\/03\/Infografia_Feminicidios_OAXACA-1-768x480.jpg 768w, https:\/\/www.grieta.org.mx\/wp-content\/uploads\/2020\/03\/Infografia_Feminicidios_OAXACA-1-1024x640.jpg 1024w, https:\/\/www.grieta.org.mx\/wp-content\/uploads\/2020\/03\/Infografia_Feminicidios_OAXACA-1-800x500.jpg 800w\" sizes=\"auto, (max-width: 800px) 100vw, 800px\" \/><br \/>\nInfograf\u00eda : Daniel Cid Berthely<\/p>\n<p>Sus palabras retumban: \u201ccombate a la impunidad\u201d, \u201ctrabajo t\u00e9cnico\u201d, \u201cno prevenimos delitos, le damos respuesta\u201d, \u201cno es nuestra causa el incremento de los delitos\u201d, \u201cindicadores objetivos\u201d, \u201can\u00e1lisis serios\u201d, \u201cYo no hago las leyes\u201d o \u201cNosotros s\u00ed tenemos una estrategia\u201d. Pero en contraste hay 340 feminicidios desde que Vasconcelos M\u00e9ndez asumi\u00f3 el cargo de Fiscal el 12 de mayo de 2017. Esto, seg\u00fan datos del Informe Ciudadano sobre la Violencia Feminicida en Oaxaca, elaborado la asociaci\u00f3n civil Consorcio para el Di\u00e1logo Parlamentario y la Equidad presentado a finales del a\u00f1o pasado.<\/p>\n<p>Vasconcelos M\u00e9ndez parece enfrascado en su discurso oficial. Y descalifica cualquier cr\u00edtica. Porque \u201cla cr\u00edtica solo busca satanizar las instituciones por intereses econ\u00f3micos y pol\u00edticos\u201d, dijo en marzo de ese a\u00f1o. Desde entonces, en su ya lejana comparecencia en San Raymundo Jalpan, sede del poder Legislativo oaxaque\u00f1o.<\/p>\n<p>Parece que quiere someter a la opini\u00f3n p\u00fablica por agotamiento.<\/p>\n<p><img loading=\"lazy\" decoding=\"async\" data-attachment-id=\"46288\" data-permalink=\"https:\/\/www.grieta.org.mx\/index.php\/2020\/03\/01\/feminicidios-en-oaxaca-la-justicia-maquillada\/feminicidios_oaxaca_antoniomundaca\/\" data-orig-file=\"https:\/\/www.grieta.org.mx\/wp-content\/uploads\/2020\/03\/feminicidios_oaxaca_antoniomundaca.jpg\" data-orig-size=\"1200,677\" data-comments-opened=\"0\" data-image-meta=\"{&quot;aperture&quot;:&quot;0&quot;,&quot;credit&quot;:&quot;&quot;,&quot;camera&quot;:&quot;&quot;,&quot;caption&quot;:&quot;&quot;,&quot;created_timestamp&quot;:&quot;0&quot;,&quot;copyright&quot;:&quot;&quot;,&quot;focal_length&quot;:&quot;0&quot;,&quot;iso&quot;:&quot;0&quot;,&quot;shutter_speed&quot;:&quot;0&quot;,&quot;title&quot;:&quot;&quot;,&quot;orientation&quot;:&quot;0&quot;}\" data-image-title=\"feminicidios_oaxaca_antoniomundaca\" data-image-description=\"\" data-image-caption=\"\" data-medium-file=\"https:\/\/www.grieta.org.mx\/wp-content\/uploads\/2020\/03\/feminicidios_oaxaca_antoniomundaca-300x169.jpg\" data-large-file=\"https:\/\/www.grieta.org.mx\/wp-content\/uploads\/2020\/03\/feminicidios_oaxaca_antoniomundaca-1024x578.jpg\" class=\"aligncenter wp-image-46288\" src=\"http:\/\/www.grieta.org.mx\/wp-content\/uploads\/2020\/03\/feminicidios_oaxaca_antoniomundaca.jpg\" alt=\"\" width=\"800\" height=\"451\" srcset=\"https:\/\/www.grieta.org.mx\/wp-content\/uploads\/2020\/03\/feminicidios_oaxaca_antoniomundaca.jpg 1200w, https:\/\/www.grieta.org.mx\/wp-content\/uploads\/2020\/03\/feminicidios_oaxaca_antoniomundaca-300x169.jpg 300w, https:\/\/www.grieta.org.mx\/wp-content\/uploads\/2020\/03\/feminicidios_oaxaca_antoniomundaca-768x433.jpg 768w, https:\/\/www.grieta.org.mx\/wp-content\/uploads\/2020\/03\/feminicidios_oaxaca_antoniomundaca-1024x578.jpg 1024w, https:\/\/www.grieta.org.mx\/wp-content\/uploads\/2020\/03\/feminicidios_oaxaca_antoniomundaca-886x500.jpg 886w\" sizes=\"auto, (max-width: 800px) 100vw, 800px\" \/><br \/>\nFoto: Antonio Mundaca<\/p>\n<p>Politizar la justicia<\/p>\n<p>Las organizaciones de la sociedad civil denuncian el incremento sistem\u00e1tico de la impunidad en los asesinatos de mujeres. Pero el fiscal oaxaque\u00f1o presume que el 78 % de los casos de feminicidios ya han sido \u201cjudicializados\u201d. Agrega que Oaxaca no es foco rojo por violencia contra mujeres. El fiscal se ha vuelto experto en politizar la justicia.<\/p>\n<p>Sin embargo, esas cifras que presume no tienen respaldo en datos verificables.<\/p>\n<p>\u201cHay opacidad en las cifras para saber el global de asuntos judicializados y cu\u00e1ntos tienen sentencias condenatorias, porque es informaci\u00f3n que el estado no abre y eso pone en entredicho el papel de la fiscal\u00eda al momento dar acceso a la informaci\u00f3n. Cuando se quieren saber averiguaciones, o acciones hay un silencio absoluto\u201d. As\u00ed lo expres\u00f3 Y\u00e9sica S\u00e1nchez Maya, integrante del grupo directivo de Consorcio Oaxaca AC.<\/p>\n<p>Baile de cifras<\/p>\n<p>De acuerdo con la activista, Vasconcelos M\u00e9ndez no habla de n\u00fameros globales. Simplemente manipula las carpetas de investigaci\u00f3n que a veces tienen varias v\u00edctimas. La trampa es que utiliza porcentajes en universos peque\u00f1os para colocarse como un fiscal que da resultados. Pero no existe informaci\u00f3n p\u00fablica y oficial de qu\u00e9 ha pasado con los asesinos de mujeres y cu\u00e1ntos ya est\u00e1n purgando penas condenatorias.<\/p>\n<p>La secretar\u00eda de Igualdad entre hombres y mujeres (SIC)<\/p>\n<p><img loading=\"lazy\" decoding=\"async\" data-attachment-id=\"46289\" data-permalink=\"https:\/\/www.grieta.org.mx\/index.php\/2020\/03\/01\/feminicidios-en-oaxaca-la-justicia-maquillada\/sanchez_maya_feminicidios_oaxaca_heriberto_paredes\/\" data-orig-file=\"https:\/\/www.grieta.org.mx\/wp-content\/uploads\/2020\/03\/Sanchez_Maya_feminicidios_Oaxaca_Heriberto_paredes.jpg\" data-orig-size=\"1280,800\" data-comments-opened=\"0\" data-image-meta=\"{&quot;aperture&quot;:&quot;5&quot;,&quot;credit&quot;:&quot;&quot;,&quot;camera&quot;:&quot;Canon EOS Rebel T7i&quot;,&quot;caption&quot;:&quot;&quot;,&quot;created_timestamp&quot;:&quot;1527724832&quot;,&quot;copyright&quot;:&quot;&quot;,&quot;focal_length&quot;:&quot;44&quot;,&quot;iso&quot;:&quot;250&quot;,&quot;shutter_speed&quot;:&quot;0.00625&quot;,&quot;title&quot;:&quot;&quot;,&quot;orientation&quot;:&quot;1&quot;}\" data-image-title=\"Sanchez_Maya_feminicidios_Oaxaca_Heriberto_paredes\" data-image-description=\"\" data-image-caption=\"\" data-medium-file=\"https:\/\/www.grieta.org.mx\/wp-content\/uploads\/2020\/03\/Sanchez_Maya_feminicidios_Oaxaca_Heriberto_paredes-300x188.jpg\" data-large-file=\"https:\/\/www.grieta.org.mx\/wp-content\/uploads\/2020\/03\/Sanchez_Maya_feminicidios_Oaxaca_Heriberto_paredes-1024x640.jpg\" class=\"aligncenter wp-image-46289\" src=\"http:\/\/www.grieta.org.mx\/wp-content\/uploads\/2020\/03\/Sanchez_Maya_feminicidios_Oaxaca_Heriberto_paredes.jpg\" alt=\"\" width=\"800\" height=\"500\" srcset=\"https:\/\/www.grieta.org.mx\/wp-content\/uploads\/2020\/03\/Sanchez_Maya_feminicidios_Oaxaca_Heriberto_paredes.jpg 1280w, https:\/\/www.grieta.org.mx\/wp-content\/uploads\/2020\/03\/Sanchez_Maya_feminicidios_Oaxaca_Heriberto_paredes-300x188.jpg 300w, https:\/\/www.grieta.org.mx\/wp-content\/uploads\/2020\/03\/Sanchez_Maya_feminicidios_Oaxaca_Heriberto_paredes-768x480.jpg 768w, https:\/\/www.grieta.org.mx\/wp-content\/uploads\/2020\/03\/Sanchez_Maya_feminicidios_Oaxaca_Heriberto_paredes-1024x640.jpg 1024w, https:\/\/www.grieta.org.mx\/wp-content\/uploads\/2020\/03\/Sanchez_Maya_feminicidios_Oaxaca_Heriberto_paredes-800x500.jpg 800w\" sizes=\"auto, (max-width: 800px) 100vw, 800px\" \/><br \/>\nY\u00e9sica S\u00e1nchez Maya, autora de informe de feminicidio. Foto: Antonio Mundaca.<\/p>\n<p>Las feministas en Oaxaca ha creado escenarios donde el poder oficial se siente inc\u00f3modo. Por ejemplo, Y\u00e9sica S\u00e1nchez Maya se ha dedicado a documentar los feminicidios. Ella refiere que en 15 a\u00f1os se han registrado mil 207 v\u00edctimas de feminicidio. Tambi\u00e9n, por medio de equipos multidisciplinarios, se han hecho ocho informes ciudadanos. Todo esto ha permitido visibilizar un tema que los distintos gobiernos ven como un costo pol\u00edtico.<\/p>\n<p>Al llegar al poder, Alejandro Murat desapareci\u00f3 el Instituto de la Mujer Oaxaque\u00f1a y lo convirti\u00f3 en la Secretar\u00eda de la Mujer Oaxaque\u00f1a (SMO), el 31 de diciembre de 2016.<\/p>\n<p>Por esta dependencia han pasado tres titulares: Ninguna ten\u00eda experiencia alguna en pol\u00edticas p\u00fablicas con perspectiva de g\u00e9nero, atenci\u00f3n a las mujeres o derechos humanos.<\/p>\n<p>La primera, fue Miriam Pilar Liborio Hern\u00e1ndez. Ella dej\u00f3 la dependencia un a\u00f1o despu\u00e9s. Para contender por el distrito 9 de Puerto Escondido en el proceso electoral de 2018.<\/p>\n<p>El 3 de noviembre de 2017, Murat design\u00f3 a Mariuma Munira Vadillo Bravo, quien se fue dos meses despu\u00e9s, el 15 de enero de 2018. Tambi\u00e9n, por aspiraciones pol\u00edticas.<\/p>\n<p>Posteriormente, lleg\u00f3 Ana Mar\u00eda V\u00e1zquez Colmenares Guzm\u00e1n, hija del exgobernador Pablo V\u00e1zquez Colmenares. Ella hab\u00eda fungido en la Secretar\u00eda de las Culturas y Artes de Oaxaca. Su primera acci\u00f3n, un mes despu\u00e9s de tomar posesi\u00f3n, fue una iniciativa para cambiar el nombre de la SMO por el de Secretar\u00eda de Igualdad e Inclusi\u00f3n entre Hombres y Mujeres (SIC).<\/p>\n<p>Ocultar los cr\u00edmenes por misoginia<\/p>\n<p>La fiscal\u00eda oaxaque\u00f1a maquill\u00f3 cifras. Esto es lo que concluye el informe ciudadano presentado el pasado 29 de noviembre de 2019. El documento fue editado por 29 asociaciones y colectivos de derechos humanos del Estado.<\/p>\n<p>\u00bfC\u00f3mo es que maquillan las cifras? La Fiscal\u00eda oaxaque\u00f1a abre cuatro veces m\u00e1s carpetas de investigaci\u00f3n de asesinatos de mujeres como homicidios dolosos, que como feminicidio.<\/p>\n<p>Esto ocurre, a pesar de que el art\u00edculo 411 del C\u00f3digo Penal del Estado de Oaxaca, refiere que todo asesinato de mujer deber\u00e1 ser investigado como feminicidio en un primer momento. Y debe ser el ministerio p\u00fablico (MP) el encargado de evaluar si el asesinato se debi\u00f3 a razones de g\u00e9nero o no.<\/p>\n<p>Elizabeth Torija Hern\u00e1ndez, comandante de la Agencia Estatal de Investigaciones (AEI), encargada de la Unidad Especializada en Investigaci\u00f3n de Feminicidios del Estado de Oaxaca, sostuvo que no existen asesinatos seriales en la entidad. Los hechos con violencia, dijo, suceden de forma aislada en distintos contextos regionales. Ellos se deben a que la violencia es un problema c\u00edclico arraigado por cuestiones sociales como el machismo.<\/p>\n<p>Afirm\u00f3 que la muerte de cualquier mujer en Oaxaca se inicia como feminicidio, y luego es necesario analizar el contexto y caracter\u00edsticas de los asesinatos.<\/p>\n<p>Por ejemplo, que el cuerpo presente signos de violencia sexual de cualquier tipo; que haya sufrido heridas, escoriaciones, contusiones, fracturas, dislocaciones, quemaduras, mutilaciones con implicaciones sexuales o que le genere sufrimiento; que existan antecedentes o indicios anteriores de amenazas, acoso o maltrato en contra de la v\u00edctima. Asesinatos que tienen como objetivo denigrar el cuerpo de la mujer, exhibirla.<\/p>\n<p>As\u00ed lo narr\u00f3 Torija Hern\u00e1ndez, especialista del tema en la regi\u00f3n de los Valles Centrales de Oaxaca. Es aqu\u00ed, donde se concentran el mayor n\u00famero de asesinatos de mujeres en los \u00faltimos tres a\u00f1os con 77 muertes y 369 desapariciones.<br \/>\nAlerta m\u00e1xima<\/p>\n<p>Jasive Valencia de los Santos es directora del Centro de Justicia de la Mujer (Cejum) en Oaxaca. Ella se\u00f1ala: en los 40 municipios donde se decret\u00f3 la Alerta por Violencia de G\u00e9nero, desde el 30 de agosto de 2018, existe un panorama de \u201calerta m\u00e1xima\u201d. Esto, porque el Estado mexicano apenas se encuentra en el arranque de pol\u00edticas p\u00fablicas para atender la violencia emocional y f\u00edsica contra mujeres, ni\u00f1as y adolescentes.<\/p>\n<p>Dijo que el modelo de intervenci\u00f3n del Cejum surgi\u00f3 en toda la Rep\u00fablica en 2012, como respuesta a las recomendaciones que organismos internacionales de derechos humanos le hicieron a M\u00e9xico. En Oaxaca, se implement\u00f3 un a\u00f1o despu\u00e9s y forma parte de una red de 46 instituciones con caracter\u00edsticas similares.<\/p>\n<p>\u2013\u00bfFunciona el Cejum ante este panorama de violencia?<\/p>\n<p>\u2013El CEJUM s\u00ed funciona, porque si a una v\u00edctima no se le da el acompa\u00f1amiento son muchas las consecuencias. Por eso aqu\u00ed le damos asesor\u00eda legal y acciones contundentes, gratuitas, inmediatas, r\u00e1pidas, solidarias, respetuosa de los derechos humanos. Si no, las v\u00edctimas no salen de ese panorama de violencia. Y nos cercioramos que ella ya tiene un plan de seguridad, un plan para no interrelacionarse con gente violenta\u201d, explic\u00f3.<\/p>\n<p>Valencia de los Santos precis\u00f3 que dan terapia psicol\u00f3gica, trabajo social y ayuda legal. La violencia no solo se atiende en lo penal, sino tambi\u00e9n casos civiles y familiares.<\/p>\n<p>Cejum no cuenta con presupuesto propio y los recursos son entregados por la Fiscal\u00eda General del Justicia de Oaxaca (FGJO).<br \/>\n351 feminicidios en 3 a\u00f1os<\/p>\n<p>Los asesinatos de mujeres documentados en Oaxaca con caracter\u00edsticas de feminicidios, de acuerdo a la base de datos recopilada, arrojan un total de 351. Esto, del 1 de diciembre de 2016 al 30 de septiembre de 2019.<\/p>\n<p>Adem\u00e1s, se registran 643 mujeres desaparecidas y 241 delitos sexuales en las ocho regiones de la entidad.<\/p>\n<p>El rango de edad m\u00e1s afectado en feminicidios es entre los 21 a 40 a\u00f1os. Y encabezan la cifra el Istmo de Tehuantepec, Valles Centrales y la Cuenca del Papaloapan.<\/p>\n<p>Pero, las cifras oficiales parecen desconocer estos datos. \u201cEl indicador de resoluci\u00f3n de casos de feminicidios es muy alto. Puedo decir que m\u00e1s del 80 % de los casos se han resuelto y judicializado\u201d. Eso insisti\u00f3 Vasconcelos M\u00e9ndez apenas en diciembre pasado en una entrevista difundida en medio de circulaci\u00f3n nacional.<\/p>\n<p>*Esta investigaci\u00f3n es resultado del programa Refugio Temporal para Periodistas en Riesgo del \u00e1rea de Libertad de Expresi\u00f3n de la Red de Periodistas de a Pie. Fue realizada por el colectivo Ensamble de Oaxaca, que agrupa a los medios P\u00e1gina 3, El Muro, ItsmoPress e Informativo 6y7.<\/p>\n<p><a href=\"https:\/\/piedepagina.mx\/feminicidios-en-oaxaca-la-justicia-maquillada\/\" target=\"_blank\" rel=\"noopener noreferrer\">https:\/\/piedepagina.mx\/feminicidios-en-oaxaca-la-justicia-maquillada\/<\/a><\/p>\n","protected":false},"excerpt":{"rendered":"<p>Pie de P\u00e1gina \/ Texto y fotograf\u00eda: Antonio Mundaca; Video: Karen Rojas Kauffmann; Ilustraci\u00f3n: Mar\u00eda Vigne; Infograf\u00eda : Daniel Cid Berthely. Alejandro Murat, gobernador de Oaxaca. Los 351 feminicidios registrados &hellip; <a href=\"https:\/\/www.grieta.org.mx\/index.php\/2020\/03\/01\/feminicidios-en-oaxaca-la-justicia-maquillada\/\" class=\"more-link\">Leer m\u00e1s<\/a><\/p>\n","protected":false},"author":2,"featured_media":46286,"comment_status":"closed","ping_status":"closed","sticky":false,"template":"","format":"standard","meta":{"ngg_post_thumbnail":0,"_jetpack_newsletter_access":"","_jetpack_dont_email_post_to_subs":false,"_jetpack_newsletter_tier_id":0,"_jetpack_memberships_contains_paywalled_content":false,"_jetpack_memberships_contains_paid_content":false,"footnotes":""},"categories":[80,1325,3163,2,25,1665],"tags":[],"class_list":["post-46285","post","type-post","status-publish","format-standard","has-post-thumbnail","hentry","category-cintillo","category-feminicidios-en-oaxaca-oaxaca","category-la-lucha-de-las-mujeres-en-oaxaca","category-noticias-nacionales","category-oaxaca","category-violencia-contra-las-mujeres-en-oaxaca","entry"],"jetpack_featured_media_url":"https:\/\/www.grieta.org.mx\/wp-content\/uploads\/2020\/03\/Murat_feminicidios_Oaxaca_Heriberto_paredes.jpg","jetpack_sharing_enabled":true,"jetpack_shortlink":"https:\/\/wp.me\/p7ZJR4-c2x","jetpack_likes_enabled":false,"jetpack-related-posts":[{"id":38134,"url":"https:\/\/www.grieta.org.mx\/index.php\/2019\/08\/21\/consorcio-oaxaca-registra-334-feminicidios-desde-que-alejandro-murat-gobierna\/","url_meta":{"origin":46285,"position":0},"title":"Consorcio Oaxaca registra 334 feminicidios desde que Alejandro Murat gobierna","author":"grieta","date":"21 agosto, 2019","format":false,"excerpt":"Redacci\u00f3n \/ P\u00e1gina 3. Seg\u00fan la organizaci\u00f3n no gubernamental Consorcio Oaxaca, 334 feminicidios han ido perpetrados en la administraci\u00f3n del gobernador Alejandro Murat Hinojosa, 88 de esos fueron hasta mitad de agosto de este 2019. De los 334 que calcula Consorcio, 119 asesinatos a mujeres por raz\u00f3n de g\u00e9nero sucedieron\u2026","rel":"","context":"En &quot;CINTILLO&quot;","block_context":{"text":"CINTILLO","link":"https:\/\/www.grieta.org.mx\/index.php\/category\/cintillo\/"},"img":{"alt_text":"","src":"https:\/\/i0.wp.com\/www.grieta.org.mx\/wp-content\/uploads\/2018\/03\/14524434_1106112876131411_958039263622046936_o.jpg?resize=350%2C200&ssl=1","width":350,"height":200,"srcset":"https:\/\/i0.wp.com\/www.grieta.org.mx\/wp-content\/uploads\/2018\/03\/14524434_1106112876131411_958039263622046936_o.jpg?resize=350%2C200&ssl=1 1x, https:\/\/i0.wp.com\/www.grieta.org.mx\/wp-content\/uploads\/2018\/03\/14524434_1106112876131411_958039263622046936_o.jpg?resize=525%2C300&ssl=1 1.5x, https:\/\/i0.wp.com\/www.grieta.org.mx\/wp-content\/uploads\/2018\/03\/14524434_1106112876131411_958039263622046936_o.jpg?resize=700%2C400&ssl=1 2x"},"classes":[]},{"id":41527,"url":"https:\/\/www.grieta.org.mx\/index.php\/2019\/11\/24\/afro-oaxaquenas-exigen-a-murat-garantizar-la-vida-de-las-oaxaquenas-oaxaca\/","url_meta":{"origin":46285,"position":1},"title":"Afro-Oaxaque\u00f1as exigen a Murat garantizar la vida de las oaxaque\u00f1as (Oaxaca)","author":"grieta","date":"24 noviembre, 2019","format":false,"excerpt":"P\u00e1gina 3 \/ Comunicados. Al presidente de la Rep\u00fablica Lic. Andr\u00e9s Manuel L\u00f3pez Obrador Al gobernador de Oaxaca, Alejandro Murat Al fiscal general de Oaxaca, Rub\u00e9n Vasconcelos M\u00e9ndez A la Secretar\u00eda de la Mujer Oaxaque\u00f1a Las integrantes del \u201cPacto de Mujeres\u201d surgido del VI Foro de Mujeres Lideresas Huatulco 2018,\u2026","rel":"","context":"En &quot;CINTILLO&quot;","block_context":{"text":"CINTILLO","link":"https:\/\/www.grieta.org.mx\/index.php\/category\/cintillo\/"},"img":{"alt_text":"","src":"https:\/\/i0.wp.com\/www.grieta.org.mx\/wp-content\/uploads\/2018\/03\/14524434_1106112876131411_958039263622046936_o.jpg?resize=350%2C200&ssl=1","width":350,"height":200,"srcset":"https:\/\/i0.wp.com\/www.grieta.org.mx\/wp-content\/uploads\/2018\/03\/14524434_1106112876131411_958039263622046936_o.jpg?resize=350%2C200&ssl=1 1x, https:\/\/i0.wp.com\/www.grieta.org.mx\/wp-content\/uploads\/2018\/03\/14524434_1106112876131411_958039263622046936_o.jpg?resize=525%2C300&ssl=1 1.5x, https:\/\/i0.wp.com\/www.grieta.org.mx\/wp-content\/uploads\/2018\/03\/14524434_1106112876131411_958039263622046936_o.jpg?resize=700%2C400&ssl=1 2x"},"classes":[]},{"id":65682,"url":"https:\/\/www.grieta.org.mx\/index.php\/2022\/11\/03\/urge-nombrarlas-y-exigir-justicia-asegura-maria-elena-rios-ante-los-mas-de-700-feminicidios-ocurridos-en-oaxaca\/","url_meta":{"origin":46285,"position":2},"title":"\u201cUrge nombrarlas y exigir justicia\u201d asegura Mar\u00eda Elena R\u00edos ante los m\u00e1s de 700 feminicidios ocurridos en Oaxaca","author":"grieta","date":"3 noviembre, 2022","format":false,"excerpt":"Imagen: El Itsmo Express Diana Manzo \/ Agencia de Noticias IstmoPress #Oaxaca 03 Nov (#Istmopress) \u2013 \u201cLos feminicidios en Oaxaca no se detienen, pero urge nombrarlas y exigir justicia\u201d, dijo Mar\u00eda Elena R\u00edos, qui\u00e9n encabeza una campa\u00f1a en redes sociales para denunciar los m\u00e1s de 700 feminicidios que han ocurrido\u2026","rel":"","context":"En &quot;CINTILLO&quot;","block_context":{"text":"CINTILLO","link":"https:\/\/www.grieta.org.mx\/index.php\/category\/cintillo\/"},"img":{"alt_text":"","src":"https:\/\/i0.wp.com\/www.grieta.org.mx\/wp-content\/uploads\/2022\/11\/1667561348707-800x445-1.jpg?resize=350%2C200&ssl=1","width":350,"height":200,"srcset":"https:\/\/i0.wp.com\/www.grieta.org.mx\/wp-content\/uploads\/2022\/11\/1667561348707-800x445-1.jpg?resize=350%2C200&ssl=1 1x, https:\/\/i0.wp.com\/www.grieta.org.mx\/wp-content\/uploads\/2022\/11\/1667561348707-800x445-1.jpg?resize=525%2C300&ssl=1 1.5x, https:\/\/i0.wp.com\/www.grieta.org.mx\/wp-content\/uploads\/2022\/11\/1667561348707-800x445-1.jpg?resize=700%2C400&ssl=1 2x"},"classes":[]},{"id":49930,"url":"https:\/\/www.grieta.org.mx\/index.php\/2020\/05\/29\/alejandro-murat-ya-igualo-a-su-padre-jose-murat-en-violencia-feminicida-van-429-asesinatos-de-mujeres-oaxaca\/","url_meta":{"origin":46285,"position":3},"title":"Alejandro Murat ya igual\u00f3 a su padre Jos\u00e9 Murat en violencia feminicida; van 429 asesinatos de mujeres (Oaxaca)","author":"grieta","date":"29 mayo, 2020","format":false,"excerpt":"P\u00e1gina 3 \/ Pedro Mat\u00edas. OAXACA, Oax. (pagina3.mx).- Con apenas tres a\u00f1os y medio de su gobierno, Alejandro Murat Hinojosa, ya empat\u00f3 el r\u00e9cord de violencia feminicida en todo el sexenio de su padre Jos\u00e9 Murat Casab, al llegar a 429 asesinatos violentos por raz\u00f3n de g\u00e9nero, afirm\u00f3 la presidenta\u2026","rel":"","context":"En &quot;CINTILLO&quot;","block_context":{"text":"CINTILLO","link":"https:\/\/www.grieta.org.mx\/index.php\/category\/cintillo\/"},"img":{"alt_text":"","src":"https:\/\/i0.wp.com\/www.grieta.org.mx\/wp-content\/uploads\/2020\/05\/violencia-feminicida-Oaxaca.jpg?resize=350%2C200&ssl=1","width":350,"height":200,"srcset":"https:\/\/i0.wp.com\/www.grieta.org.mx\/wp-content\/uploads\/2020\/05\/violencia-feminicida-Oaxaca.jpg?resize=350%2C200&ssl=1 1x, https:\/\/i0.wp.com\/www.grieta.org.mx\/wp-content\/uploads\/2020\/05\/violencia-feminicida-Oaxaca.jpg?resize=525%2C300&ssl=1 1.5x, https:\/\/i0.wp.com\/www.grieta.org.mx\/wp-content\/uploads\/2020\/05\/violencia-feminicida-Oaxaca.jpg?resize=700%2C400&ssl=1 2x"},"classes":[]},{"id":57369,"url":"https:\/\/www.grieta.org.mx\/index.php\/2021\/03\/07\/marchan-mujeres-zapotecas-contra-feminicidios-en-el-istmo-oaxaca\/","url_meta":{"origin":46285,"position":4},"title":"Marchan mujeres zapotecas contra feminicidios en el Istmo (Oaxaca)","author":"grieta","date":"7 marzo, 2021","format":false,"excerpt":"Pi\u00e9 de P\u00e1gina \/ Diana Manzo. Juchit\u00e1n, Oaxaca.- Vestidas con sus enaguas y huipiles, mujeres zapotecas de este municipio oaxaque\u00f1o marcharon contra los feminicidios y la violencia en el marco del D\u00eda Internacional de la Mujer. Familiares de Carolina, la \u00faltima mujer asesinada en Juchit\u00e1n, encabezaron el contingente que parti\u00f3\u2026","rel":"","context":"En &quot;CINTILLO&quot;","block_context":{"text":"CINTILLO","link":"https:\/\/www.grieta.org.mx\/index.php\/category\/cintillo\/"},"img":{"alt_text":"","src":"https:\/\/i0.wp.com\/www.grieta.org.mx\/wp-content\/uploads\/2021\/03\/1-1.jpg?resize=350%2C200&ssl=1","width":350,"height":200,"srcset":"https:\/\/i0.wp.com\/www.grieta.org.mx\/wp-content\/uploads\/2021\/03\/1-1.jpg?resize=350%2C200&ssl=1 1x, https:\/\/i0.wp.com\/www.grieta.org.mx\/wp-content\/uploads\/2021\/03\/1-1.jpg?resize=525%2C300&ssl=1 1.5x, https:\/\/i0.wp.com\/www.grieta.org.mx\/wp-content\/uploads\/2021\/03\/1-1.jpg?resize=700%2C400&ssl=1 2x"},"classes":[]},{"id":47704,"url":"https:\/\/www.grieta.org.mx\/index.php\/2020\/04\/10\/suman-419-mujeres-asesinadas-en-oaxaca\/","url_meta":{"origin":46285,"position":5},"title":"Suman 419 mujeres asesinadas en Oaxaca","author":"grieta","date":"10 abril, 2020","format":false,"excerpt":"P\u00e1gina 3 \/ Pedro Mat\u00edas. Del 1 de diciembre de 2016 al 10 de abril de 2020 registran 419 casos de mujeres asesinadas. *Se contabilizan dos feminicidios infantiles: GESMujer Pedro MAT\u00cdAS OAXACA. (pagina3.mx).- Con la ejecuci\u00f3n de cuatro mujeres en las \u00faltimas 24 horas, suman 419 casos de mujeres asesinadas\u2026","rel":"","context":"En &quot;CINTILLO&quot;","block_context":{"text":"CINTILLO","link":"https:\/\/www.grieta.org.mx\/index.php\/category\/cintillo\/"},"img":{"alt_text":"","src":"https:\/\/i0.wp.com\/www.grieta.org.mx\/wp-content\/uploads\/2020\/04\/feminicidio-en-Oaxaca-696x394.jpg?resize=350%2C200&ssl=1","width":350,"height":200,"srcset":"https:\/\/i0.wp.com\/www.grieta.org.mx\/wp-content\/uploads\/2020\/04\/feminicidio-en-Oaxaca-696x394.jpg?resize=350%2C200&ssl=1 1x, https:\/\/i0.wp.com\/www.grieta.org.mx\/wp-content\/uploads\/2020\/04\/feminicidio-en-Oaxaca-696x394.jpg?resize=525%2C300&ssl=1 1.5x"},"classes":[]}],"_links":{"self":[{"href":"https:\/\/www.grieta.org.mx\/index.php\/wp-json\/wp\/v2\/posts\/46285","targetHints":{"allow":["GET"]}}],"collection":[{"href":"https:\/\/www.grieta.org.mx\/index.php\/wp-json\/wp\/v2\/posts"}],"about":[{"href":"https:\/\/www.grieta.org.mx\/index.php\/wp-json\/wp\/v2\/types\/post"}],"author":[{"embeddable":true,"href":"https:\/\/www.grieta.org.mx\/index.php\/wp-json\/wp\/v2\/users\/2"}],"replies":[{"embeddable":true,"href":"https:\/\/www.grieta.org.mx\/index.php\/wp-json\/wp\/v2\/comments?post=46285"}],"version-history":[{"count":1,"href":"https:\/\/www.grieta.org.mx\/index.php\/wp-json\/wp\/v2\/posts\/46285\/revisions"}],"predecessor-version":[{"id":46290,"href":"https:\/\/www.grieta.org.mx\/index.php\/wp-json\/wp\/v2\/posts\/46285\/revisions\/46290"}],"wp:featuredmedia":[{"embeddable":true,"href":"https:\/\/www.grieta.org.mx\/index.php\/wp-json\/wp\/v2\/media\/46286"}],"wp:attachment":[{"href":"https:\/\/www.grieta.org.mx\/index.php\/wp-json\/wp\/v2\/media?parent=46285"}],"wp:term":[{"taxonomy":"category","embeddable":true,"href":"https:\/\/www.grieta.org.mx\/index.php\/wp-json\/wp\/v2\/categories?post=46285"},{"taxonomy":"post_tag","embeddable":true,"href":"https:\/\/www.grieta.org.mx\/index.php\/wp-json\/wp\/v2\/tags?post=46285"}],"curies":[{"name":"wp","href":"https:\/\/api.w.org\/{rel}","templated":true}]}}