{"id":46278,"date":"2020-03-15T22:47:15","date_gmt":"2020-03-16T04:47:15","guid":{"rendered":"http:\/\/www.grieta.org.mx\/?p=46278"},"modified":"2020-03-17T22:50:45","modified_gmt":"2020-03-18T04:50:45","slug":"ni-sumisas-ni-solas-sino-en-comunalidad-coinciden-mujeres-indigenas-del-istmo-oaxaca","status":"publish","type":"post","link":"https:\/\/www.grieta.org.mx\/index.php\/2020\/03\/15\/ni-sumisas-ni-solas-sino-en-comunalidad-coinciden-mujeres-indigenas-del-istmo-oaxaca\/","title":{"rendered":"Ni sumisas ni solas sino en comunalidad coinciden Mujeres Ind\u00edgenas del Istmo (Oaxaca)"},"content":{"rendered":"<p>P\u00e1gina 3 \/ Diana Manzo.<\/p>\n<p><img loading=\"lazy\" decoding=\"async\" data-attachment-id=\"46279\" data-permalink=\"https:\/\/www.grieta.org.mx\/index.php\/2020\/03\/15\/ni-sumisas-ni-solas-sino-en-comunalidad-coinciden-mujeres-indigenas-del-istmo-oaxaca\/istmo-3\/\" data-orig-file=\"https:\/\/www.grieta.org.mx\/wp-content\/uploads\/2020\/03\/istmo.jpg\" data-orig-size=\"640,480\" data-comments-opened=\"0\" data-image-meta=\"{&quot;aperture&quot;:&quot;0&quot;,&quot;credit&quot;:&quot;&quot;,&quot;camera&quot;:&quot;&quot;,&quot;caption&quot;:&quot;&quot;,&quot;created_timestamp&quot;:&quot;0&quot;,&quot;copyright&quot;:&quot;&quot;,&quot;focal_length&quot;:&quot;0&quot;,&quot;iso&quot;:&quot;0&quot;,&quot;shutter_speed&quot;:&quot;0&quot;,&quot;title&quot;:&quot;&quot;,&quot;orientation&quot;:&quot;0&quot;}\" data-image-title=\"istmo\" data-image-description=\"\" data-image-caption=\"\" data-medium-file=\"https:\/\/www.grieta.org.mx\/wp-content\/uploads\/2020\/03\/istmo-300x225.jpg\" data-large-file=\"https:\/\/www.grieta.org.mx\/wp-content\/uploads\/2020\/03\/istmo.jpg\" class=\"aligncenter wp-image-46279\" src=\"http:\/\/www.grieta.org.mx\/wp-content\/uploads\/2020\/03\/istmo.jpg\" alt=\"\" width=\"800\" height=\"600\" srcset=\"https:\/\/www.grieta.org.mx\/wp-content\/uploads\/2020\/03\/istmo.jpg 640w, https:\/\/www.grieta.org.mx\/wp-content\/uploads\/2020\/03\/istmo-300x225.jpg 300w\" sizes=\"auto, (max-width: 800px) 100vw, 800px\" \/><\/p>\n<p>Ixtepec, Oax.- Las mujeres ind\u00edgenas del Istmo de Tehuantepec hicieron una retrospectiva de su vida y la defensa del territorio en el marco del encuentro- taller: \u201cLa comunalidad y la defensa territorial, desde la perspectiva de las mujeres ind\u00edgenas\u201d organizado por las mujeres defensoras de la madre tierra del Istmo de Tehuantepec, que inici\u00f3 ayer s\u00e1bado.<\/p>\n<p>Todas hablaron, opinaron, contaron, narraron y expresaron su voz, algunas desde su propia experiencia, tambi\u00e9n desde su edad adulta y de c\u00f3mo se han transformado en las luchas; las j\u00f3venes opinaron de la revoluci\u00f3n que vive el pa\u00eds por la defensa de su cuerpo y el territorio, la conclusi\u00f3n fue: Ni sumisas, ni solas, sino en comunalidad.<\/p>\n<p>Este evento se llev\u00f3 acabo en las instalaciones del espacio de mujeres del Comit\u00e9 Ixtepecano de la Vida y el Territorio Ixtepec Oaxaca, en la cual tuvieron como invitadas la doctora Silvia Marcos y a la escritora guatemalteca, Gladys Tzul Tzul.<\/p>\n<p>Las asistentes vinieron de todos los pueblos del Istmo de Tehuantepec, no hubo necesidad de decir su lugar de origen, pues la vestimenta las distingui\u00f3, pero al momento de tomar la palabra fue parejo la necesidad, el hablar de las mujeres y el entorno social actual que viven donde la violencia y la criminalizaci\u00f3n por defender sus territorios.<\/p>\n<p>\u201cHoy estamos hablando de nosotras, de lo que nos duele, de lo que nos une en organizaci\u00f3n, de la importancia de seguir, nos hemos escuchado a todas y la intenci\u00f3n es que sigamos alzando la voz desde los espacios que tenemos, desde nuestras asambleas y tambi\u00e9n no dejar que los megaproyectos atenten contra lo nuestro, defend\u00e1moslo\u201d, se\u00f1alaron.<\/p>\n<p>Isabel N\u00fa\u00f1ez, defensora ixtepecana habl\u00f3 de sus luchas y de lo importante que significa reorganizar y no olvidar lo que pasa localmente por que as\u00ed los procesos comunitarios van teniendo vida y forma.<\/p>\n<p>La doctora Silvia Marcos y a la escritora guatemalteca, Gladys Tzul Tzul coincidieron m\u00e1s que dictar una conferencia, ellas se llevan mucho conocimiento de c\u00f3mo se han hecho las luchas estos pueblos ind\u00edgenas del Istmo de Tehuantepec para cuidar su territorio y la misma forma de vida.<\/p>\n<p>\u201cLas mujeres ind\u00edgenas no somos victimas ni hero\u00ednas, tambi\u00e9n tenemos miedo\u201d explic\u00f3 la soci\u00f3loga Gladys Tzul Tzul qui\u00e9n resalt\u00f3 que en este encuentro de mujeres pudo conocer muchas voces que hablan de una misma necesidad, el ser escuchadas y valorizadas desde la comunalidad.<\/p>\n<p>\u201cLo que yo les digo es que hablen, opinen, asuman su rol de mujer en sus comunidades, s\u00ed les toca cuidar los tamales eso hagan, s\u00ed les toca hablar en una asamblea tambi\u00e9n h\u00e1ganlo, las voces de las mujeres deben estar presentes, porque solo as\u00ed construimos y nos reconstruimos\u201d.<\/p>\n<p>Adem\u00e1s de las charlas, las mujeres tambi\u00e9n tuvieron un espacio de sanaci\u00f3n del alma, de retrospectiva y de an\u00e1lisis a trav\u00e9s del arte.<\/p>\n<p><a href=\"https:\/\/pagina3.mx\/2020\/03\/ni-sumisas-ni-solas-sino-en-comunalidad-coinciden-mujeres-indigenas-del-istmo\/\" target=\"_blank\" rel=\"noopener noreferrer\">https:\/\/pagina3.mx\/2020\/03\/ni-sumisas-ni-solas-sino-en-comunalidad-coinciden-mujeres-indigenas-del-istmo\/<\/a><\/p>\n","protected":false},"excerpt":{"rendered":"<p>P\u00e1gina 3 \/ Diana Manzo. Ixtepec, Oax.- Las mujeres ind\u00edgenas del Istmo de Tehuantepec hicieron una retrospectiva de su vida y la defensa del territorio en el marco del encuentro- &hellip; <a href=\"https:\/\/www.grieta.org.mx\/index.php\/2020\/03\/15\/ni-sumisas-ni-solas-sino-en-comunalidad-coinciden-mujeres-indigenas-del-istmo-oaxaca\/\" class=\"more-link\">Leer m\u00e1s<\/a><\/p>\n","protected":false},"author":2,"featured_media":46279,"comment_status":"closed","ping_status":"closed","sticky":false,"template":"","format":"standard","meta":{"ngg_post_thumbnail":0,"_jetpack_newsletter_access":"","_jetpack_dont_email_post_to_subs":false,"_jetpack_newsletter_tier_id":0,"_jetpack_memberships_contains_paywalled_content":false,"_jetpack_memberships_contains_paid_content":false,"footnotes":""},"categories":[80,3163,2,25],"tags":[],"class_list":["post-46278","post","type-post","status-publish","format-standard","has-post-thumbnail","hentry","category-cintillo","category-la-lucha-de-las-mujeres-en-oaxaca","category-noticias-nacionales","category-oaxaca","entry"],"jetpack_featured_media_url":"https:\/\/www.grieta.org.mx\/wp-content\/uploads\/2020\/03\/istmo.jpg","jetpack_sharing_enabled":true,"jetpack_shortlink":"https:\/\/wp.me\/p7ZJR4-c2q","jetpack_likes_enabled":false,"jetpack-related-posts":[{"id":72174,"url":"https:\/\/www.grieta.org.mx\/index.php\/2025\/08\/11\/pueblos-indigenas-del-istmo-de-tehuantepec-refuerzan-su-lucha-contra-megaproyectos-extractivistas-oaxaca\/","url_meta":{"origin":46278,"position":0},"title":"Pueblos ind\u00edgenas del Istmo de Tehuantepec refuerzan su lucha contra megaproyectos extractivistas (Oaxaca)","author":"grieta","date":"11 agosto, 2025","format":false,"excerpt":"Imagen: Somos el Medio Comunidades chontales, zapotecas e ikoots denunciaron que megaproyectos como el Corredor Interoce\u00e1nico y la miner\u00eda violan sus derechos colectivos mientras anuncian nuevas estrategias de resistencia territorial. Redacci\u00f3n \/ @Somoselmedio Ciudad de M\u00e9xico, 11 de agosto 2025.- Con un llamado urgente a la unidad de los pueblos\u2026","rel":"","context":"En &quot;5. Istmo&quot;","block_context":{"text":"5. Istmo","link":"https:\/\/www.grieta.org.mx\/index.php\/category\/espejos-de-la-resistencia\/5-istmo\/"},"img":{"alt_text":"","src":"https:\/\/i0.wp.com\/www.grieta.org.mx\/wp-content\/uploads\/2025\/08\/529219594_1183510233813309_6588029443724338084_n.webp?resize=350%2C200&ssl=1","width":350,"height":200,"srcset":"https:\/\/i0.wp.com\/www.grieta.org.mx\/wp-content\/uploads\/2025\/08\/529219594_1183510233813309_6588029443724338084_n.webp?resize=350%2C200&ssl=1 1x, https:\/\/i0.wp.com\/www.grieta.org.mx\/wp-content\/uploads\/2025\/08\/529219594_1183510233813309_6588029443724338084_n.webp?resize=525%2C300&ssl=1 1.5x, https:\/\/i0.wp.com\/www.grieta.org.mx\/wp-content\/uploads\/2025\/08\/529219594_1183510233813309_6588029443724338084_n.webp?resize=700%2C400&ssl=1 2x, https:\/\/i0.wp.com\/www.grieta.org.mx\/wp-content\/uploads\/2025\/08\/529219594_1183510233813309_6588029443724338084_n.webp?resize=1050%2C600&ssl=1 3x, https:\/\/i0.wp.com\/www.grieta.org.mx\/wp-content\/uploads\/2025\/08\/529219594_1183510233813309_6588029443724338084_n.webp?resize=1400%2C800&ssl=1 4x"},"classes":[]},{"id":45853,"url":"https:\/\/www.grieta.org.mx\/index.php\/2020\/03\/08\/marchan-zapotecas-para-exigir-niunamas-en-juchitan-oaxaca\/","url_meta":{"origin":46278,"position":1},"title":"Marchan zapotecas para exigir #NiUnaMas en Juchit\u00e1n (Oaxaca)","author":"grieta","date":"8 marzo, 2020","format":false,"excerpt":"P\u00e1gina 3 \/ Diana Manzo. Aspecto de la marcha feminista. Imagen: Diana Manzo. Juchit\u00e1n, Oax.- Zapotecas, mixes e Ikoots as\u00ed como j\u00f3venes feministas del Istmo de Tehuantepec marcharon para exigir un alto a los feminicidios y violencia que viven las mujeres de esta regi\u00f3n de Oaxaca, considerada la m\u00e1s violenta\u2026","rel":"","context":"En &quot;CINTILLO&quot;","block_context":{"text":"CINTILLO","link":"https:\/\/www.grieta.org.mx\/index.php\/category\/cintillo\/"},"img":{"alt_text":"","src":"https:\/\/i0.wp.com\/www.grieta.org.mx\/wp-content\/uploads\/2020\/03\/Marcha-mujeres-Istmo-696x357.jpeg?resize=350%2C200&ssl=1","width":350,"height":200,"srcset":"https:\/\/i0.wp.com\/www.grieta.org.mx\/wp-content\/uploads\/2020\/03\/Marcha-mujeres-Istmo-696x357.jpeg?resize=350%2C200&ssl=1 1x, https:\/\/i0.wp.com\/www.grieta.org.mx\/wp-content\/uploads\/2020\/03\/Marcha-mujeres-Istmo-696x357.jpeg?resize=525%2C300&ssl=1 1.5x"},"classes":[]},{"id":30366,"url":"https:\/\/www.grieta.org.mx\/index.php\/2019\/03\/08\/cerrar-refugios-vulnera-tambien-a-las-mujeres-indigenas-defensoras-zapotecas-oaxaca\/","url_meta":{"origin":46278,"position":2},"title":"Cerrar refugios vulnera tambi\u00e9n a las mujeres ind\u00edgenas: defensoras zapotecas (Oaxaca)","author":"grieta","date":"8 marzo, 2019","format":false,"excerpt":"P\u00e1gina 3. Diana Manzo (Corresponsal), Juchit\u00e1n, Oax.- Defensoras zapotecas de la regi\u00f3n del Istmo de Tehuantepec hicieron un llamado al gobierno federal para que garantice los recursos para la operaci\u00f3n de los refugios y centros de atenci\u00f3n externa para mujeres que han sido iniciativa de la ciudadan\u00eda desde 1996, manifestaron\u2026","rel":"","context":"En &quot;CINTILLO&quot;","block_context":{"text":"CINTILLO","link":"https:\/\/www.grieta.org.mx\/index.php\/category\/cintillo\/"},"img":{"alt_text":"","src":"https:\/\/i0.wp.com\/www.grieta.org.mx\/wp-content\/uploads\/2019\/03\/Grupo-de-Mujeres-8-de-Marzo-A.-C..jpg?resize=350%2C200&ssl=1","width":350,"height":200,"srcset":"https:\/\/i0.wp.com\/www.grieta.org.mx\/wp-content\/uploads\/2019\/03\/Grupo-de-Mujeres-8-de-Marzo-A.-C..jpg?resize=350%2C200&ssl=1 1x, https:\/\/i0.wp.com\/www.grieta.org.mx\/wp-content\/uploads\/2019\/03\/Grupo-de-Mujeres-8-de-Marzo-A.-C..jpg?resize=525%2C300&ssl=1 1.5x"},"classes":[]},{"id":31559,"url":"https:\/\/www.grieta.org.mx\/index.php\/2019\/04\/01\/consulta-en-el-istmo-es-una-simulacion-acusa-ucizoni-oaxaca\/","url_meta":{"origin":46278,"position":3},"title":"Consulta en el Istmo es una &#8220;simulaci\u00f3n&#8221;, acusa Ucizoni (Oaxaca)","author":"grieta","date":"1 abril, 2019","format":false,"excerpt":"Noticias. Gerardo Valdivieso Parada, La consulta sobre el corredor trans\u00edstmico en San Pedro Huamelula. Juchit\u00e1n, Oaxaca.- L\u00edderes que se han opuesto a los megaproyectos en la regi\u00f3n del Istmo de Tehuantepec, en sus diversas denominaciones retomados por los diferentes gobiernos federales, cuestionan las Asambleas Regionales Consultivas sobre el Programa de\u2026","rel":"","context":"En &quot;CINTILLO&quot;","block_context":{"text":"CINTILLO","link":"https:\/\/www.grieta.org.mx\/index.php\/category\/cintillo\/"},"img":{"alt_text":"","src":"https:\/\/i0.wp.com\/www.grieta.org.mx\/wp-content\/uploads\/2019\/04\/image_22_360.jpg?resize=350%2C200&ssl=1","width":350,"height":200,"srcset":"https:\/\/i0.wp.com\/www.grieta.org.mx\/wp-content\/uploads\/2019\/04\/image_22_360.jpg?resize=350%2C200&ssl=1 1x, https:\/\/i0.wp.com\/www.grieta.org.mx\/wp-content\/uploads\/2019\/04\/image_22_360.jpg?resize=525%2C300&ssl=1 1.5x, https:\/\/i0.wp.com\/www.grieta.org.mx\/wp-content\/uploads\/2019\/04\/image_22_360.jpg?resize=700%2C400&ssl=1 2x, https:\/\/i0.wp.com\/www.grieta.org.mx\/wp-content\/uploads\/2019\/04\/image_22_360.jpg?resize=1050%2C600&ssl=1 3x"},"classes":[]},{"id":69270,"url":"https:\/\/www.grieta.org.mx\/index.php\/2024\/07\/04\/aumenta-letalidad-en-ataques-contra-defensoras-por-imposicion-del-interoceanico-oaxaca\/","url_meta":{"origin":46278,"position":4},"title":"Aumenta letalidad en ataques contra defensoras por imposici\u00f3n del Interoce\u00e1nico (Oaxaca)","author":"grieta","date":"4 julio, 2024","format":false,"excerpt":"Imagen: APIIDTT Un informe publicado por la Misi\u00f3n Civil de Observaci\u00f3n, que conforman 23 organizaciones nacionales e internacionales, registr\u00f3 el contexto de violencia sistem\u00e1tica y en aumento que est\u00e1n viviendo las mujeres que realizan la labor de defensa del territorio en el Istmo de Tehuantepec. Los ataques reportados tienen consecuencias\u2026","rel":"","context":"En &quot;5. Istmo&quot;","block_context":{"text":"5. Istmo","link":"https:\/\/www.grieta.org.mx\/index.php\/category\/espejos-de-la-resistencia\/5-istmo\/"},"img":{"alt_text":"","src":"https:\/\/i0.wp.com\/www.grieta.org.mx\/wp-content\/uploads\/2024\/07\/Defensoras-Istmo2_elMuro.jpg?resize=350%2C200&ssl=1","width":350,"height":200,"srcset":"https:\/\/i0.wp.com\/www.grieta.org.mx\/wp-content\/uploads\/2024\/07\/Defensoras-Istmo2_elMuro.jpg?resize=350%2C200&ssl=1 1x, https:\/\/i0.wp.com\/www.grieta.org.mx\/wp-content\/uploads\/2024\/07\/Defensoras-Istmo2_elMuro.jpg?resize=525%2C300&ssl=1 1.5x, https:\/\/i0.wp.com\/www.grieta.org.mx\/wp-content\/uploads\/2024\/07\/Defensoras-Istmo2_elMuro.jpg?resize=700%2C400&ssl=1 2x"},"classes":[]},{"id":66855,"url":"https:\/\/www.grieta.org.mx\/index.php\/2023\/04\/16\/demandan-justicia-por-muerte-de-defensor-felix-vicente-cruz-en-ixhuatan-oaxaca\/","url_meta":{"origin":46278,"position":5},"title":"Demandan justicia por muerte de defensor F\u00e9lix Vicente Cruz en Ixhuat\u00e1n, Oaxaca","author":"grieta","date":"16 abril, 2023","format":false,"excerpt":"Imagen: Cortes\u00eda Octavio V\u00e9lez Ascencio \/ Noticias NVI La Asamblea de los Pueblos Ind\u00edgenas del Istmo en Defensa de la Tierra y el Territorio (APIIDTT) demand\u00f3 a las autoridades justicia por el crimen del defensor y agente municipal de El Morro, Ixhuat\u00e1n, F\u00e9lix Vicente Aquino, sucedido en esa comunidad de\u2026","rel":"","context":"En &quot;5. Istmo&quot;","block_context":{"text":"5. Istmo","link":"https:\/\/www.grieta.org.mx\/index.php\/category\/espejos-de-la-resistencia\/5-istmo\/"},"img":{"alt_text":"","src":"https:\/\/i0.wp.com\/www.grieta.org.mx\/wp-content\/uploads\/2023\/04\/defensor-de-la-tierra-Felix-Vicente-Cruz-820x394-1.png?resize=350%2C200&ssl=1","width":350,"height":200,"srcset":"https:\/\/i0.wp.com\/www.grieta.org.mx\/wp-content\/uploads\/2023\/04\/defensor-de-la-tierra-Felix-Vicente-Cruz-820x394-1.png?resize=350%2C200&ssl=1 1x, https:\/\/i0.wp.com\/www.grieta.org.mx\/wp-content\/uploads\/2023\/04\/defensor-de-la-tierra-Felix-Vicente-Cruz-820x394-1.png?resize=525%2C300&ssl=1 1.5x, https:\/\/i0.wp.com\/www.grieta.org.mx\/wp-content\/uploads\/2023\/04\/defensor-de-la-tierra-Felix-Vicente-Cruz-820x394-1.png?resize=700%2C400&ssl=1 2x"},"classes":[]}],"_links":{"self":[{"href":"https:\/\/www.grieta.org.mx\/index.php\/wp-json\/wp\/v2\/posts\/46278","targetHints":{"allow":["GET"]}}],"collection":[{"href":"https:\/\/www.grieta.org.mx\/index.php\/wp-json\/wp\/v2\/posts"}],"about":[{"href":"https:\/\/www.grieta.org.mx\/index.php\/wp-json\/wp\/v2\/types\/post"}],"author":[{"embeddable":true,"href":"https:\/\/www.grieta.org.mx\/index.php\/wp-json\/wp\/v2\/users\/2"}],"replies":[{"embeddable":true,"href":"https:\/\/www.grieta.org.mx\/index.php\/wp-json\/wp\/v2\/comments?post=46278"}],"version-history":[{"count":1,"href":"https:\/\/www.grieta.org.mx\/index.php\/wp-json\/wp\/v2\/posts\/46278\/revisions"}],"predecessor-version":[{"id":46280,"href":"https:\/\/www.grieta.org.mx\/index.php\/wp-json\/wp\/v2\/posts\/46278\/revisions\/46280"}],"wp:featuredmedia":[{"embeddable":true,"href":"https:\/\/www.grieta.org.mx\/index.php\/wp-json\/wp\/v2\/media\/46279"}],"wp:attachment":[{"href":"https:\/\/www.grieta.org.mx\/index.php\/wp-json\/wp\/v2\/media?parent=46278"}],"wp:term":[{"taxonomy":"category","embeddable":true,"href":"https:\/\/www.grieta.org.mx\/index.php\/wp-json\/wp\/v2\/categories?post=46278"},{"taxonomy":"post_tag","embeddable":true,"href":"https:\/\/www.grieta.org.mx\/index.php\/wp-json\/wp\/v2\/tags?post=46278"}],"curies":[{"name":"wp","href":"https:\/\/api.w.org\/{rel}","templated":true}]}}