{"id":46238,"date":"2020-03-05T12:20:49","date_gmt":"2020-03-05T18:20:49","guid":{"rendered":"http:\/\/www.grieta.org.mx\/?p=46238"},"modified":"2020-03-17T12:39:28","modified_gmt":"2020-03-17T18:39:28","slug":"alumna-encara-a-profesor-por-presunto-acoso-en-tamaulipas","status":"publish","type":"post","link":"https:\/\/www.grieta.org.mx\/index.php\/2020\/03\/05\/alumna-encara-a-profesor-por-presunto-acoso-en-tamaulipas\/","title":{"rendered":"Alumna encara a profesor por acoso en Tamaulipas"},"content":{"rendered":"<p>Redacci\u00f3n\/El Universal<br \/>\n5 marzo 2020<\/p>\n<p><iframe loading=\"lazy\" src=\"https:\/\/www.youtube.com\/embed\/3s-6RZcDjTQ\" width=\"651\" height=\"350\" frameborder=\"0\" allowfullscreen=\"allowfullscreen\"><\/iframe><\/p>\n<blockquote><p>En las im\u00e1genes, el profesor argumenta que no ha hecho nada, mientras que una alumna lo encara y le grita<\/p><\/blockquote>\n<p>Tampico.- El video de una alumna encarando a un profesor que presuntamente acosa a las estudiantes se ha vuelto viral a trav\u00e9s de las redes sociales.<\/p>\n<p>La escena se registr\u00f3 en un plantel de la Universidad del Noreste en Tampico, ante decenas de alumnos como testigos.<\/p>\n<p>En las im\u00e1genes, el profesor argumenta que no ha hecho nada, mientras que una alumna lo encara y le grita que a ella la ha visto directamente a los pechos.<\/p>\n<p>\u201cA m\u00ed me has mirado, eso es lo que te tengo que decir, me has mirado directamente aqu\u00ed a los pechos\u201d, le dice la joven.<\/p>\n<p>Despu\u00e9s se difundieron otro par de videos de la misma escena en dicho plantel, donde se observa la gran presencia de los estudiantes.<\/p>\n<p>Sobre este tema, la Universidad del Noreste emiti\u00f3 un comunicado en el cual rechaza cualquier tipo de abuso, violencia u hostigamiento contra cualquier estudiante, docente o alguno de sus colaboradores.<\/p>\n<p>\u201cPor lo tanto, siempre contamos con canales de comunicaci\u00f3n institucional para informarnos de las situaciones inapropiadas cometidas por cualquier miembro de la comunidad universitaria y reiteramos nuestro compromiso de investigar y resolver para preservar el bienestar de la comunidad\u201d, indica el texto de la Universidad.<\/p>\n<p><a href=\"https:\/\/www.eluniversal.com.mx\/estados\/video-alumna-encara-profesor-por-acoso-en-tamaulipas\" target=\"_blank\" rel=\"noopener noreferrer\">https:\/\/www.eluniversal.com.mx\/estados\/video-alumna-encara-profesor-por-acoso-en-tamaulipas<\/a><\/p>\n","protected":false},"excerpt":{"rendered":"<p>Redacci\u00f3n\/El Universal 5 marzo 2020 En las im\u00e1genes, el profesor argumenta que no ha hecho nada, mientras que una alumna lo encara y le grita Tampico.- El video de una &hellip; <a href=\"https:\/\/www.grieta.org.mx\/index.php\/2020\/03\/05\/alumna-encara-a-profesor-por-presunto-acoso-en-tamaulipas\/\" class=\"more-link\">Leer m\u00e1s<\/a><\/p>\n","protected":false},"author":2,"featured_media":46239,"comment_status":"closed","ping_status":"closed","sticky":false,"template":"","format":"standard","meta":{"ngg_post_thumbnail":0,"_jetpack_newsletter_access":"","_jetpack_dont_email_post_to_subs":false,"_jetpack_newsletter_tier_id":0,"_jetpack_memberships_contains_paywalled_content":false,"_jetpack_memberships_contains_paid_content":false,"footnotes":""},"categories":[80,2844,2,33,1327],"tags":[3190,3191,2953,2816,1630],"class_list":["post-46238","post","type-post","status-publish","format-standard","has-post-thumbnail","hentry","category-cintillo","category-movilizacion-en-contra-de-violencia-contra-las-mujeres-en-tamaulipas","category-noticias-nacionales","category-tamaulipas","category-violencia-contra-mujeres-en-tamaulipas","tag-lucha-contra-el-acoso","tag-protestas-de-estudia","tag-protestas-de-estudiantes","tag-protestas-de-mujeres","tag-violencia-contra-las-mujeres","entry"],"jetpack_featured_media_url":"https:\/\/www.grieta.org.mx\/wp-content\/uploads\/2020\/03\/13.1-3.jpg","jetpack_sharing_enabled":true,"jetpack_shortlink":"https:\/\/wp.me\/p7ZJR4-c1M","jetpack_likes_enabled":false,"jetpack-related-posts":[{"id":46242,"url":"https:\/\/www.grieta.org.mx\/index.php\/2020\/03\/05\/exhiben-tendederos-de-denuncias-en-escuelas-de-tamaulipas\/","url_meta":{"origin":46238,"position":0},"title":"Exhiben tendederos de denuncias en escuelas de Tamaulipas","author":"grieta","date":"5 marzo, 2020","format":false,"excerpt":"Pablo Reyes y Jes\u00fas Alberto Garc\u00eda\/Milenio 5 marzo 2020 Est\u00e1 din\u00e1mica comenz\u00f3 en una universidad privada a la que se sumaron estudiantes de CETis y tecnol\u00f3gicos acusando de manera an\u00f3nima acoso y violencia de g\u00e9nero. Foto: redes sociales. Tomada de Milenio En los \u00faltimos d\u00edas los 'tendederos' cobraron fuerza entre\u2026","rel":"","context":"En &quot;CINTILLO&quot;","block_context":{"text":"CINTILLO","link":"https:\/\/www.grieta.org.mx\/index.php\/category\/cintillo\/"},"img":{"alt_text":"","src":"https:\/\/i0.wp.com\/www.grieta.org.mx\/wp-content\/uploads\/2020\/03\/tendederos-denuncia-estudiantes-zona-conurbada.jpg?resize=350%2C200&ssl=1","width":350,"height":200,"srcset":"https:\/\/i0.wp.com\/www.grieta.org.mx\/wp-content\/uploads\/2020\/03\/tendederos-denuncia-estudiantes-zona-conurbada.jpg?resize=350%2C200&ssl=1 1x, https:\/\/i0.wp.com\/www.grieta.org.mx\/wp-content\/uploads\/2020\/03\/tendederos-denuncia-estudiantes-zona-conurbada.jpg?resize=525%2C300&ssl=1 1.5x, https:\/\/i0.wp.com\/www.grieta.org.mx\/wp-content\/uploads\/2020\/03\/tendederos-denuncia-estudiantes-zona-conurbada.jpg?resize=700%2C400&ssl=1 2x"},"classes":[]},{"id":63684,"url":"https:\/\/www.grieta.org.mx\/index.php\/2022\/03\/08\/realizan-marcha-por-el-8m-en-tampico-partieron-al-grito-de-alerta-tamaulipas\/","url_meta":{"origin":46238,"position":1},"title":"Realizan marcha por el #8M en Tampico: partieron al grito de \u201c\u00a1Alerta!\u201d (Tamaulipas)","author":"grieta","date":"8 marzo, 2022","format":false,"excerpt":"Carmen Jim\u00e9nez\/El Sol de Tampico 8 marzo 2022 En punto de las 17:50 horas este martes 8 de marzo inici\u00f3 la marcha #8M en Tampico con la participaci\u00f3n de m\u00e1s de 300 mujeres que al unison\u00f3 grito de \u201c\u00a1Alerta!\u201d comenzaron el recorrido. El contingente conformado en su mayor\u00eda por mujeres\u2026","rel":"","context":"En &quot;CINTILLO&quot;","block_context":{"text":"CINTILLO","link":"https:\/\/www.grieta.org.mx\/index.php\/category\/cintillo\/"},"img":{"alt_text":"","src":"https:\/\/i0.wp.com\/www.grieta.org.mx\/wp-content\/uploads\/2022\/03\/Realizan-marcha-por-el-8M-en-Tampico.jpg?resize=350%2C200&ssl=1","width":350,"height":200,"srcset":"https:\/\/i0.wp.com\/www.grieta.org.mx\/wp-content\/uploads\/2022\/03\/Realizan-marcha-por-el-8M-en-Tampico.jpg?resize=350%2C200&ssl=1 1x, https:\/\/i0.wp.com\/www.grieta.org.mx\/wp-content\/uploads\/2022\/03\/Realizan-marcha-por-el-8M-en-Tampico.jpg?resize=525%2C300&ssl=1 1.5x, https:\/\/i0.wp.com\/www.grieta.org.mx\/wp-content\/uploads\/2022\/03\/Realizan-marcha-por-el-8M-en-Tampico.jpg?resize=700%2C400&ssl=1 2x"},"classes":[]},{"id":57549,"url":"https:\/\/www.grieta.org.mx\/index.php\/2021\/03\/09\/dia-de-la-mujer-en-tamaulipas\/","url_meta":{"origin":46238,"position":2},"title":"D\u00eda de la Mujer en Tamaulipas","author":"grieta","date":"9 marzo, 2021","format":false,"excerpt":"Marcha de mujeres en Tampico. (Leticia Guti\u00e9rrez) Sandra Sosa, Leticia Guti\u00e9rrez, Antonio Hern\u00e1ndez, Ricardo Hern\u00e1ndez\/Milenio 8 mafrzo 2021 En el marco del D\u00eda Internacional de la Mujer, se realizan movilizaciones en diversas ciudades de Tamaulipas para exigir se respeten los derechos, se elimine la violencia y el acoso, se busque\u2026","rel":"","context":"En &quot;CINTILLO&quot;","block_context":{"text":"CINTILLO","link":"https:\/\/www.grieta.org.mx\/index.php\/category\/cintillo\/"},"img":{"alt_text":"","src":"https:\/\/i0.wp.com\/www.grieta.org.mx\/wp-content\/uploads\/2021\/03\/8m.jpg?resize=350%2C200&ssl=1","width":350,"height":200,"srcset":"https:\/\/i0.wp.com\/www.grieta.org.mx\/wp-content\/uploads\/2021\/03\/8m.jpg?resize=350%2C200&ssl=1 1x, https:\/\/i0.wp.com\/www.grieta.org.mx\/wp-content\/uploads\/2021\/03\/8m.jpg?resize=525%2C300&ssl=1 1.5x, https:\/\/i0.wp.com\/www.grieta.org.mx\/wp-content\/uploads\/2021\/03\/8m.jpg?resize=700%2C400&ssl=1 2x"},"classes":[]},{"id":46543,"url":"https:\/\/www.grieta.org.mx\/index.php\/2020\/03\/13\/alcalde-de-tamaulipas-despide-a-mujeres-por-denunciar-acoso-sexual\/","url_meta":{"origin":46238,"position":3},"title":"Alcalde de Tamaulipas despide a mujeres por denunciar acoso sexual","author":"grieta","date":"13 marzo, 2020","format":false,"excerpt":"Redacci\u00f3n\/La Verdad 13 marzo 2020 Los casos de acoso sexual en el \u00e1mbito laboral van a la alza en Tamaulipas; el alcalde despidi\u00f3 a las v\u00edctimas por denunciar. El alcalde de Tamaulipas se vio envuelto en medio de una gran pol\u00e9mica, luego de presuntamente despedir a sus empleadas quienes alzaron\u2026","rel":"","context":"En &quot;CINTILLO&quot;","block_context":{"text":"CINTILLO","link":"https:\/\/www.grieta.org.mx\/index.php\/category\/cintillo\/"},"img":{"alt_text":"","src":"https:\/\/i0.wp.com\/www.grieta.org.mx\/wp-content\/uploads\/2020\/03\/alcalde_de_ciudad_victoria.jpg_793492074.jpg?resize=350%2C200&ssl=1","width":350,"height":200,"srcset":"https:\/\/i0.wp.com\/www.grieta.org.mx\/wp-content\/uploads\/2020\/03\/alcalde_de_ciudad_victoria.jpg_793492074.jpg?resize=350%2C200&ssl=1 1x, https:\/\/i0.wp.com\/www.grieta.org.mx\/wp-content\/uploads\/2020\/03\/alcalde_de_ciudad_victoria.jpg_793492074.jpg?resize=525%2C300&ssl=1 1.5x, https:\/\/i0.wp.com\/www.grieta.org.mx\/wp-content\/uploads\/2020\/03\/alcalde_de_ciudad_victoria.jpg_793492074.jpg?resize=700%2C400&ssl=1 2x"},"classes":[]},{"id":41099,"url":"https:\/\/www.grieta.org.mx\/index.php\/2019\/11\/08\/acoso-en-fes-cuautitlan-de-la-unam-ignorado-estado-de-mexico\/","url_meta":{"origin":46238,"position":4},"title":"ACOSO EN FES CUAUTITL\u00c1N DE LA UNAM IGNORADO (Estado de M\u00e9xico)","author":"grieta","date":"8 noviembre, 2019","format":false,"excerpt":"Montserrat S\u00e1nchez \/ Reporte \u00cdndigo Alumnas de diferentes planteles de la UNAM se manifestaron en contra del acoso que sufren por parte de maestros, alumnos y trabajadores. En la FES Cuautitl\u00e1n est\u00e1n por cumplirse dos semanas de paro de actividades por esta problem\u00e1tica Tomaron la escuela porque a ellas les\u2026","rel":"","context":"En &quot;CINTILLO&quot;","block_context":{"text":"CINTILLO","link":"https:\/\/www.grieta.org.mx\/index.php\/category\/cintillo\/"},"img":{"alt_text":"","src":"https:\/\/i0.wp.com\/www.grieta.org.mx\/wp-content\/uploads\/2019\/11\/ACOSO-EN-FES-CUAUTITL%C3%81N-DE-LA-UNAM-IGNORADO-edomex-nov.jpg?resize=350%2C200","width":350,"height":200},"classes":[]},{"id":41695,"url":"https:\/\/www.grieta.org.mx\/index.php\/2019\/11\/28\/alumnas-de-la-uaq-elevan-la-voz-contra-el-acoso-sexual-queretaro\/","url_meta":{"origin":46238,"position":5},"title":"Alumnas de la UAQ elevan la voz contra el acoso sexual (Quer\u00e9taro)","author":"grieta","date":"28 noviembre, 2019","format":false,"excerpt":"Foto: Mitzi Olvera Domingo Valdez \/ El Universal Quer\u00e9taro Colectivo Mujeres FCPyS abre el espacio a la denuncia para universitarias El tendedero de denuncias poco a poco se llena con hojas en las que se explica el acoso sufrido en las aulas e incluso m\u00e1s all\u00e1 de las mismas. Las\u2026","rel":"","context":"En &quot;CINTILLO&quot;","block_context":{"text":"CINTILLO","link":"https:\/\/www.grieta.org.mx\/index.php\/category\/cintillo\/"},"img":{"alt_text":"","src":"https:\/\/i0.wp.com\/www.grieta.org.mx\/wp-content\/uploads\/2019\/11\/Alumnas-de-la-UAQ-elevan-la-voz-contra-el-acoso-sexual-qro-nov.jpg?resize=350%2C200","width":350,"height":200},"classes":[]}],"_links":{"self":[{"href":"https:\/\/www.grieta.org.mx\/index.php\/wp-json\/wp\/v2\/posts\/46238","targetHints":{"allow":["GET"]}}],"collection":[{"href":"https:\/\/www.grieta.org.mx\/index.php\/wp-json\/wp\/v2\/posts"}],"about":[{"href":"https:\/\/www.grieta.org.mx\/index.php\/wp-json\/wp\/v2\/types\/post"}],"author":[{"embeddable":true,"href":"https:\/\/www.grieta.org.mx\/index.php\/wp-json\/wp\/v2\/users\/2"}],"replies":[{"embeddable":true,"href":"https:\/\/www.grieta.org.mx\/index.php\/wp-json\/wp\/v2\/comments?post=46238"}],"version-history":[{"count":1,"href":"https:\/\/www.grieta.org.mx\/index.php\/wp-json\/wp\/v2\/posts\/46238\/revisions"}],"predecessor-version":[{"id":46241,"href":"https:\/\/www.grieta.org.mx\/index.php\/wp-json\/wp\/v2\/posts\/46238\/revisions\/46241"}],"wp:featuredmedia":[{"embeddable":true,"href":"https:\/\/www.grieta.org.mx\/index.php\/wp-json\/wp\/v2\/media\/46239"}],"wp:attachment":[{"href":"https:\/\/www.grieta.org.mx\/index.php\/wp-json\/wp\/v2\/media?parent=46238"}],"wp:term":[{"taxonomy":"category","embeddable":true,"href":"https:\/\/www.grieta.org.mx\/index.php\/wp-json\/wp\/v2\/categories?post=46238"},{"taxonomy":"post_tag","embeddable":true,"href":"https:\/\/www.grieta.org.mx\/index.php\/wp-json\/wp\/v2\/tags?post=46238"}],"curies":[{"name":"wp","href":"https:\/\/api.w.org\/{rel}","templated":true}]}}